{"id":975,"date":"2024-04-08T01:06:00","date_gmt":"2024-04-08T01:06:00","guid":{"rendered":"http:\/\/odabrano.com\/?p=975"},"modified":"2024-04-07T19:56:45","modified_gmt":"2024-04-07T19:56:45","slug":"ai-ce-se-koristiti-i-za-zastitu-granica-i-borbu-protiv-terorizma","status":"publish","type":"post","link":"https:\/\/odabrano.com\/index.php\/2024\/04\/08\/ai-ce-se-koristiti-i-za-zastitu-granica-i-borbu-protiv-terorizma\/","title":{"rendered":"AI \u0107e se koristiti i za za\u0161titu granica i borbu protiv terorizma"},"content":{"rendered":"\n<p><strong>Akt o umjetnoj inteligenciji, kojeg je u sredinom o\u017eujka na plenarnoj sjednici u Strasbourgu usvojio Europski parlament, prvi je takav zakon u svijetu, a u Parlamentu ka\u017eu kako se njime ne ograni\u010davaju ljudska prava i slobode<\/strong><\/p>\n\n\n\n<p>Europski parlament usvojio je prvi zakon o umjetnoj inteligenciji u svijetu, s ciljem spre\u010davanja zloupotrebe novih tehnologija. Akt bi trebao stupiti na snagu 2026. godine, nakon \u0161to ga pregledaju jezikoslovci i usvoji Vije\u0107e EU. Postoje izuzeci od pravila, poput zabrane primjene umjetne inteligencije i pravila za visokorizi\u010dne sustave s odre\u0111enim vremenskim okvirima za njihovu primjenu.<\/p>\n\n\n\n<p>Europski parlament je istaknuo da je cilj zakona o umjetnoj inteligenciji za\u0161tita ljudskih prava, demokracije, vladavine prava i okoli\u0161ne odr\u017eivosti od potencijalno rizi\u010dne umjetne inteligencije, istovremeno poti\u010du\u0107i inovacije i postavljaju\u0107i Europu kao predvodnika u tom podru\u010dju. Zabranjena je primjena umjetne inteligencije u podru\u010djima koja bi mogla ugroziti prava gra\u0111ana, kao \u0161to su sustavi za biometrijsku kategorizaciju temeljeni na osjetljivim karakteristikama i nepo\u0161teno prikupljanje podataka s lica s interneta ili video nadzornih snimki.<\/p>\n\n\n\n<p>Isti\u010de se zabrana prepoznavanja emocija na radnom mjestu i u \u0161kolama, dru\u0161tvenog vrednovanja gra\u0111ana, prognosti\u010dkog rada policije temeljenog na izradi profila pojedinaca ili procjeni njihovih osobina te umjetne inteligencije koja utje\u010de na ljudsko pona\u0161anje ili iskori\u0161tava ranjivost pojedinaca. Tako\u0111er, u na\u010delu je zabranjena uporaba sustava za daljinsku biometrijsku identifikaciju u svrhu kaznenog progona, osim u precizno definiranim situacijama poput ciljane potrage za nestalom osobom ili spre\u010davanja teroristi\u010dkog napada, s naglaskom na potrebu sudskog odobrenja za naknadnu uporabu sustava.<\/p>\n\n\n\n<p>Nagla\u0161ava se va\u017enost posebnih obveza za visokorizi\u010dne sustave umjetne inteligencije koje imaju potencijal ugro\u017eavanja razli\u010ditih podru\u010dja. To uklju\u010duje procjenu i ubla\u017eavanje rizika, vo\u0111enje evidencije, transparentnost, ljudski nadzor te prava gra\u0111ana na podno\u0161enje tu\u017ebi i dobivanje obja\u0161njenja odluka. Tako\u0111er se isti\u010de potreba za transparentno\u0161\u0107u i po\u0161tivanjem autorskih prava te ozna\u010davanjem manipulativnih sadr\u017eaja poput deepfakeova. U skladu s tim, tvrtkama treba omogu\u0107iti razvoj inovativnih sustava umjetne inteligencije uz po\u0161tivanje propisanih zahtjeva prije njihovog uvo\u0111enja na tr\u017ei\u0161te.<\/p>\n\n\n\n<p>Brando Benifei, talijanski eurozastupnik iz redova Socijalista i demokrata, istaknuo je zna\u010daj novog svjetski obvezuju\u0107eg Zakona o umjetnoj inteligenciji koji \u0107e zabraniti neprihvatljive prakse u Europi, \u0161tititi prava radnika i gra\u0111ana te osigurati transparentnost. Isti\u010de se stvaranje Ureda za umjetnu inteligenciju koji \u0107e podr\u017eavati tvrtke u po\u0161tivanju propisa prije njihovog stupanja na snagu. Brando Benifei dodatno je istaknuo, prema priop\u0107enju Europskog parlamenta, da su eurozastupnici postigli da ljudska bi\u0107a i europske vrijednosti budu prioritet u razvoju umjetne inteligencije. Time se nagla\u0161ava va\u017enost fokusiranja na \u010dovjeka i vrijednosti u svim aspektima primjene te tehnologije.<\/p>\n\n\n\n<p>Tomislav Sokol, hrvatski eurozastupnik iz HDZ-a i EPP-a, naglasio je va\u017enost za\u0161tite privatnosti gra\u0111ana kroz novi zakon o umjetnoj inteligenciji. Istaknuo je prednosti umjetne inteligencije u podru\u010djima poput zdravstva, gdje omogu\u0107uje ranu dijagnostiku zlo\u0107udnih bolesti, ali je istovremeno upozorio na potencijalne ugroze za temeljna prava pojedinca ako se te tehnologije ne reguliraju adekvatno. Sokol je istaknuo cilj zakona kao sprje\u010davanje zloupotrebe umjetne inteligencije u \u0161tetu gra\u0111ana kroz sustavno upravljanje rizicima. Tomislav Sokol je istaknuo va\u017enost novog zakona koji omogu\u0107ava uporabu biometrijske identifikacije u stvarnom vremenu na javnim mjestima radi progona najte\u017eih kaznenih djela, spre\u010davanje teroristi\u010dkih napada te potrage za nestalima. Istaknuo je to kao veliku pobjedu, suprotstavljaju\u0107i se lijevim politi\u010dkim skupinama u Europskom parlamentu koje su \u017eeljele zabraniti kori\u0161tenje umjetne inteligencije u otkrivanju kaznenih djela, a \u0161to je EPP odlu\u010dno odbio.<\/p>\n\n\n\n<p>Hrvatski stru\u010dnjaci, poput Zorana Aralice iz zagreba\u010dkog Ekonomskog instituta, pozdravljaju usvajanje zakona o umjetnoj inteligenciji u Europskom parlamentu, isti\u010du\u0107i da je regulacija kori\u0161tenja umjetne inteligencije neophodna kako bi se sprije\u010dile zlouporabe te tehnologije. Upozoravaju da Hrvatska zaostaje za razvijenijim zemljama u primjeni umjetne inteligencije, ali da to ne zna\u010di da nema problema s zlouporabama poput prijevara, kra\u0111a identiteta ili nasilja koji su posljedica nedostatka jasnih pravila za kori\u0161tenje umjetne inteligencije. \u010cinjenica da se umjetna inteligencija u Hrvatskoj jo\u0161 uvijek koristi u relativno maloj mjeri i da regulativa na tu temu mo\u017ee biti opisana kao &#8220;okvir bez slike&#8221;, ne zna\u010di da ne treba uvo\u0111enja zakona o kori\u0161tenju umjetne inteligencije. Naprotiv, kako njenom primjenom sve vi\u0161e ulazimo u podru\u010dja kao \u0161to su zdravstvo, sigurnost, transport itd., va\u017eno je da se regulativom osigura njen adekvatan razvoj i kori\u0161tenje u skladu sa eti\u010dkim i sigurnosnim standardima.<\/p>\n\n\n\n<p>An\u0111elko Milardovi\u0107, politolog i sociolog, izra\u017eava zabrinutost zbog mogu\u0107e zloupotrebe umjetne inteligencije u politici, isti\u010du\u0107i da \u0107e se ona koristiti i na nadolaze\u0107im izborima za Sabor i Europski parlament. S obzirom na potencijalne rizike, smatra da je va\u017eno hitno regulirati kori\u0161tenje umjetne inteligencije kako bi se osigurala transparentnost i integritet politi\u010dkih procesa. <\/p>\n\n\n\n<p>Upozorenje Milardovi\u0107a o potencijalnoj zlouporabi umjetne inteligencije u politi\u010dkim kampanjama je opravdano. Potrebno je ubrzati dono\u0161enje zakona koji \u0107e regulirati kori\u0161tenje AI u politi\u010dkim processima kako bi se smanjila mogu\u0107nost manipulacija i osigurala transparentnost i odgovornost u politi\u010dkim kampanjama. Nadzor nad kori\u0161tenjem AI trebao bi se provoditi od strane nadle\u017enih institucija kako bi se osiguralo da se tehnologija koristi na eti\u010dan i po\u0161ten na\u010din.<\/p>\n\n\n\n<p>Upozorenje Milardovi\u0107a o potencijalnim prijetnjama umjetne inteligencije po demokraciju i ljudska prava je va\u017eno uzeti u obzir u razvoju te tehnologije. Nedostatak izravne odgovornosti kod AI postavlja izazove u osiguravanju odgovornog i eti\u010dkog kori\u0161tenja te tehnologije. Stoga je va\u017eno uspostaviti regulatorni okvir koji \u0107e osigurati nadzor i odgovornost autora i operatera AI sustava kako bi se sprije\u010dile mogu\u0107e zlouporabe i za\u0161titila demokracija.<\/p>\n","protected":false},"excerpt":{"rendered":"<p>Akt o umjetnoj inteligenciji, kojeg je u sredinom o\u017eujka na plenarnoj sjednici u Strasbourgu usvojio Europski parlament, prvi je takav zakon u svijetu, a u Parlamentu ka\u017eu kako se njime ne ograni\u010davaju ljudska prava i slobode Europski parlament usvojio je prvi zakon o umjetnoj inteligenciji u svijetu, s ciljem spre\u010davanja zloupotrebe novih tehnologija. Akt bi &hellip;<\/p>\n","protected":false},"author":1,"featured_media":976,"comment_status":"closed","ping_status":"open","sticky":false,"template":"","format":"standard","meta":{"_monsterinsights_skip_tracking":false,"_monsterinsights_sitenote_active":false,"_monsterinsights_sitenote_note":"","_monsterinsights_sitenote_category":0,"footnotes":""},"categories":[9],"tags":[269,229,271,270],"class_list":["post-975","post","type-post","status-publish","format-standard","has-post-thumbnail","","category-svijet","tag-ai","tag-eu","tag-europski-parlament","tag-zako"],"yoast_head":"<!-- This site is optimized with the Yoast SEO plugin v22.1 - https:\/\/yoast.com\/wordpress\/plugins\/seo\/ -->\n<title>AI \u0107e se koristiti i za za\u0161titu granica i borbu protiv terorizma - odabrano<\/title>\n<meta name=\"robots\" content=\"index, follow, max-snippet:-1, max-image-preview:large, max-video-preview:-1\" \/>\n<link rel=\"canonical\" href=\"https:\/\/odabrano.com\/index.php\/2024\/04\/08\/ai-ce-se-koristiti-i-za-zastitu-granica-i-borbu-protiv-terorizma\/\" \/>\n<meta property=\"og:locale\" content=\"en_US\" \/>\n<meta property=\"og:type\" content=\"article\" \/>\n<meta property=\"og:title\" content=\"AI \u0107e se koristiti i za za\u0161titu granica i borbu protiv terorizma - odabrano\" \/>\n<meta property=\"og:description\" content=\"Akt o umjetnoj inteligenciji, kojeg je u sredinom o\u017eujka na plenarnoj sjednici u Strasbourgu usvojio Europski parlament, prvi je takav zakon u svijetu, a u Parlamentu ka\u017eu kako se njime ne ograni\u010davaju ljudska prava i slobode Europski parlament usvojio je prvi zakon o umjetnoj inteligenciji u svijetu, s ciljem spre\u010davanja zloupotrebe novih tehnologija. Akt bi &hellip;\" \/>\n<meta property=\"og:url\" content=\"https:\/\/odabrano.com\/index.php\/2024\/04\/08\/ai-ce-se-koristiti-i-za-zastitu-granica-i-borbu-protiv-terorizma\/\" \/>\n<meta property=\"og:site_name\" content=\"odabrano\" \/>\n<meta property=\"article:published_time\" content=\"2024-04-08T01:06:00+00:00\" \/>\n<meta property=\"article:modified_time\" content=\"2024-04-07T19:56:45+00:00\" \/>\n<meta property=\"og:image\" content=\"https:\/\/odabrano.com\/wp-content\/uploads\/2024\/04\/dodir.jpeg\" \/>\n\t<meta property=\"og:image:width\" content=\"950\" \/>\n\t<meta property=\"og:image:height\" content=\"543\" \/>\n\t<meta property=\"og:image:type\" content=\"image\/jpeg\" \/>\n<meta name=\"author\" content=\"admin\" \/>\n<meta name=\"twitter:card\" content=\"summary_large_image\" \/>\n<meta name=\"twitter:label1\" content=\"Written by\" \/>\n\t<meta name=\"twitter:data1\" content=\"admin\" \/>\n\t<meta name=\"twitter:label2\" content=\"Est. reading time\" \/>\n\t<meta name=\"twitter:data2\" content=\"4 minutes\" \/>\n<script type=\"application\/ld+json\" class=\"yoast-schema-graph\">{\"@context\":\"https:\/\/schema.org\",\"@graph\":[{\"@type\":\"Article\",\"@id\":\"https:\/\/odabrano.com\/index.php\/2024\/04\/08\/ai-ce-se-koristiti-i-za-zastitu-granica-i-borbu-protiv-terorizma\/#article\",\"isPartOf\":{\"@id\":\"https:\/\/odabrano.com\/index.php\/2024\/04\/08\/ai-ce-se-koristiti-i-za-zastitu-granica-i-borbu-protiv-terorizma\/\"},\"author\":{\"name\":\"admin\",\"@id\":\"https:\/\/odabrano.com\/#\/schema\/person\/460f2b14657879743f23c4f6a7cd3236\"},\"headline\":\"AI \u0107e se koristiti i za za\u0161titu granica i borbu protiv terorizma\",\"datePublished\":\"2024-04-08T01:06:00+00:00\",\"dateModified\":\"2024-04-07T19:56:45+00:00\",\"mainEntityOfPage\":{\"@id\":\"https:\/\/odabrano.com\/index.php\/2024\/04\/08\/ai-ce-se-koristiti-i-za-zastitu-granica-i-borbu-protiv-terorizma\/\"},\"wordCount\":998,\"publisher\":{\"@id\":\"https:\/\/odabrano.com\/#\/schema\/person\/460f2b14657879743f23c4f6a7cd3236\"},\"keywords\":[\"ai\",\"eu\",\"europski parlament\",\"zako\"],\"articleSection\":[\"Svijet\"],\"inLanguage\":\"en-US\"},{\"@type\":\"WebPage\",\"@id\":\"https:\/\/odabrano.com\/index.php\/2024\/04\/08\/ai-ce-se-koristiti-i-za-zastitu-granica-i-borbu-protiv-terorizma\/\",\"url\":\"https:\/\/odabrano.com\/index.php\/2024\/04\/08\/ai-ce-se-koristiti-i-za-zastitu-granica-i-borbu-protiv-terorizma\/\",\"name\":\"AI \u0107e se koristiti i za za\u0161titu granica i borbu protiv terorizma - odabrano\",\"isPartOf\":{\"@id\":\"https:\/\/odabrano.com\/#website\"},\"datePublished\":\"2024-04-08T01:06:00+00:00\",\"dateModified\":\"2024-04-07T19:56:45+00:00\",\"breadcrumb\":{\"@id\":\"https:\/\/odabrano.com\/index.php\/2024\/04\/08\/ai-ce-se-koristiti-i-za-zastitu-granica-i-borbu-protiv-terorizma\/#breadcrumb\"},\"inLanguage\":\"en-US\",\"potentialAction\":[{\"@type\":\"ReadAction\",\"target\":[\"https:\/\/odabrano.com\/index.php\/2024\/04\/08\/ai-ce-se-koristiti-i-za-zastitu-granica-i-borbu-protiv-terorizma\/\"]}]},{\"@type\":\"BreadcrumbList\",\"@id\":\"https:\/\/odabrano.com\/index.php\/2024\/04\/08\/ai-ce-se-koristiti-i-za-zastitu-granica-i-borbu-protiv-terorizma\/#breadcrumb\",\"itemListElement\":[{\"@type\":\"ListItem\",\"position\":1,\"name\":\"Home\",\"item\":\"https:\/\/odabrano.com\/\"},{\"@type\":\"ListItem\",\"position\":2,\"name\":\"AI \u0107e se koristiti i za za\u0161titu granica i borbu protiv terorizma\"}]},{\"@type\":\"WebSite\",\"@id\":\"https:\/\/odabrano.com\/#website\",\"url\":\"https:\/\/odabrano.com\/\",\"name\":\"odabrano\",\"description\":\"news portal koji nudi odabrane vijesti i informacije\",\"publisher\":{\"@id\":\"https:\/\/odabrano.com\/#\/schema\/person\/460f2b14657879743f23c4f6a7cd3236\"},\"alternateName\":\"vijesti i informacije iz Hrvatske i svijeta\",\"potentialAction\":[{\"@type\":\"SearchAction\",\"target\":{\"@type\":\"EntryPoint\",\"urlTemplate\":\"https:\/\/odabrano.com\/?s={search_term_string}\"},\"query-input\":\"required name=search_term_string\"}],\"inLanguage\":\"en-US\"},{\"@type\":[\"Person\",\"Organization\"],\"@id\":\"https:\/\/odabrano.com\/#\/schema\/person\/460f2b14657879743f23c4f6a7cd3236\",\"name\":\"admin\",\"image\":{\"@type\":\"ImageObject\",\"inLanguage\":\"en-US\",\"@id\":\"https:\/\/odabrano.com\/#\/schema\/person\/image\/\",\"url\":\"https:\/\/odabrano.com\/wp-content\/uploads\/2024\/04\/dolar.jpg\",\"contentUrl\":\"https:\/\/odabrano.com\/wp-content\/uploads\/2024\/04\/dolar.jpg\",\"width\":1216,\"height\":519,\"caption\":\"admin\"},\"logo\":{\"@id\":\"https:\/\/odabrano.com\/#\/schema\/person\/image\/\"},\"sameAs\":[\"http:\/\/odabrano.com\"],\"url\":\"https:\/\/odabrano.com\/index.php\/author\/sokolneno_u3xb387h\/\"}]}<\/script>\n<!-- \/ Yoast SEO plugin. -->","yoast_head_json":{"title":"AI \u0107e se koristiti i za za\u0161titu granica i borbu protiv terorizma - odabrano","robots":{"index":"index","follow":"follow","max-snippet":"max-snippet:-1","max-image-preview":"max-image-preview:large","max-video-preview":"max-video-preview:-1"},"canonical":"https:\/\/odabrano.com\/index.php\/2024\/04\/08\/ai-ce-se-koristiti-i-za-zastitu-granica-i-borbu-protiv-terorizma\/","og_locale":"en_US","og_type":"article","og_title":"AI \u0107e se koristiti i za za\u0161titu granica i borbu protiv terorizma - odabrano","og_description":"Akt o umjetnoj inteligenciji, kojeg je u sredinom o\u017eujka na plenarnoj sjednici u Strasbourgu usvojio Europski parlament, prvi je takav zakon u svijetu, a u Parlamentu ka\u017eu kako se njime ne ograni\u010davaju ljudska prava i slobode Europski parlament usvojio je prvi zakon o umjetnoj inteligenciji u svijetu, s ciljem spre\u010davanja zloupotrebe novih tehnologija. Akt bi &hellip;","og_url":"https:\/\/odabrano.com\/index.php\/2024\/04\/08\/ai-ce-se-koristiti-i-za-zastitu-granica-i-borbu-protiv-terorizma\/","og_site_name":"odabrano","article_published_time":"2024-04-08T01:06:00+00:00","article_modified_time":"2024-04-07T19:56:45+00:00","og_image":[{"width":950,"height":543,"url":"https:\/\/odabrano.com\/wp-content\/uploads\/2024\/04\/dodir.jpeg","type":"image\/jpeg"}],"author":"admin","twitter_card":"summary_large_image","twitter_misc":{"Written by":"admin","Est. reading time":"4 minutes"},"schema":{"@context":"https:\/\/schema.org","@graph":[{"@type":"Article","@id":"https:\/\/odabrano.com\/index.php\/2024\/04\/08\/ai-ce-se-koristiti-i-za-zastitu-granica-i-borbu-protiv-terorizma\/#article","isPartOf":{"@id":"https:\/\/odabrano.com\/index.php\/2024\/04\/08\/ai-ce-se-koristiti-i-za-zastitu-granica-i-borbu-protiv-terorizma\/"},"author":{"name":"admin","@id":"https:\/\/odabrano.com\/#\/schema\/person\/460f2b14657879743f23c4f6a7cd3236"},"headline":"AI \u0107e se koristiti i za za\u0161titu granica i borbu protiv terorizma","datePublished":"2024-04-08T01:06:00+00:00","dateModified":"2024-04-07T19:56:45+00:00","mainEntityOfPage":{"@id":"https:\/\/odabrano.com\/index.php\/2024\/04\/08\/ai-ce-se-koristiti-i-za-zastitu-granica-i-borbu-protiv-terorizma\/"},"wordCount":998,"publisher":{"@id":"https:\/\/odabrano.com\/#\/schema\/person\/460f2b14657879743f23c4f6a7cd3236"},"keywords":["ai","eu","europski parlament","zako"],"articleSection":["Svijet"],"inLanguage":"en-US"},{"@type":"WebPage","@id":"https:\/\/odabrano.com\/index.php\/2024\/04\/08\/ai-ce-se-koristiti-i-za-zastitu-granica-i-borbu-protiv-terorizma\/","url":"https:\/\/odabrano.com\/index.php\/2024\/04\/08\/ai-ce-se-koristiti-i-za-zastitu-granica-i-borbu-protiv-terorizma\/","name":"AI \u0107e se koristiti i za za\u0161titu granica i borbu protiv terorizma - odabrano","isPartOf":{"@id":"https:\/\/odabrano.com\/#website"},"datePublished":"2024-04-08T01:06:00+00:00","dateModified":"2024-04-07T19:56:45+00:00","breadcrumb":{"@id":"https:\/\/odabrano.com\/index.php\/2024\/04\/08\/ai-ce-se-koristiti-i-za-zastitu-granica-i-borbu-protiv-terorizma\/#breadcrumb"},"inLanguage":"en-US","potentialAction":[{"@type":"ReadAction","target":["https:\/\/odabrano.com\/index.php\/2024\/04\/08\/ai-ce-se-koristiti-i-za-zastitu-granica-i-borbu-protiv-terorizma\/"]}]},{"@type":"BreadcrumbList","@id":"https:\/\/odabrano.com\/index.php\/2024\/04\/08\/ai-ce-se-koristiti-i-za-zastitu-granica-i-borbu-protiv-terorizma\/#breadcrumb","itemListElement":[{"@type":"ListItem","position":1,"name":"Home","item":"https:\/\/odabrano.com\/"},{"@type":"ListItem","position":2,"name":"AI \u0107e se koristiti i za za\u0161titu granica i borbu protiv terorizma"}]},{"@type":"WebSite","@id":"https:\/\/odabrano.com\/#website","url":"https:\/\/odabrano.com\/","name":"odabrano","description":"news portal koji nudi odabrane vijesti i informacije","publisher":{"@id":"https:\/\/odabrano.com\/#\/schema\/person\/460f2b14657879743f23c4f6a7cd3236"},"alternateName":"vijesti i informacije iz Hrvatske i svijeta","potentialAction":[{"@type":"SearchAction","target":{"@type":"EntryPoint","urlTemplate":"https:\/\/odabrano.com\/?s={search_term_string}"},"query-input":"required name=search_term_string"}],"inLanguage":"en-US"},{"@type":["Person","Organization"],"@id":"https:\/\/odabrano.com\/#\/schema\/person\/460f2b14657879743f23c4f6a7cd3236","name":"admin","image":{"@type":"ImageObject","inLanguage":"en-US","@id":"https:\/\/odabrano.com\/#\/schema\/person\/image\/","url":"https:\/\/odabrano.com\/wp-content\/uploads\/2024\/04\/dolar.jpg","contentUrl":"https:\/\/odabrano.com\/wp-content\/uploads\/2024\/04\/dolar.jpg","width":1216,"height":519,"caption":"admin"},"logo":{"@id":"https:\/\/odabrano.com\/#\/schema\/person\/image\/"},"sameAs":["http:\/\/odabrano.com"],"url":"https:\/\/odabrano.com\/index.php\/author\/sokolneno_u3xb387h\/"}]}},"_links":{"self":[{"href":"https:\/\/odabrano.com\/index.php\/wp-json\/wp\/v2\/posts\/975","targetHints":{"allow":["GET"]}}],"collection":[{"href":"https:\/\/odabrano.com\/index.php\/wp-json\/wp\/v2\/posts"}],"about":[{"href":"https:\/\/odabrano.com\/index.php\/wp-json\/wp\/v2\/types\/post"}],"author":[{"embeddable":true,"href":"https:\/\/odabrano.com\/index.php\/wp-json\/wp\/v2\/users\/1"}],"replies":[{"embeddable":true,"href":"https:\/\/odabrano.com\/index.php\/wp-json\/wp\/v2\/comments?post=975"}],"version-history":[{"count":2,"href":"https:\/\/odabrano.com\/index.php\/wp-json\/wp\/v2\/posts\/975\/revisions"}],"predecessor-version":[{"id":978,"href":"https:\/\/odabrano.com\/index.php\/wp-json\/wp\/v2\/posts\/975\/revisions\/978"}],"wp:featuredmedia":[{"embeddable":true,"href":"https:\/\/odabrano.com\/index.php\/wp-json\/wp\/v2\/media\/976"}],"wp:attachment":[{"href":"https:\/\/odabrano.com\/index.php\/wp-json\/wp\/v2\/media?parent=975"}],"wp:term":[{"taxonomy":"category","embeddable":true,"href":"https:\/\/odabrano.com\/index.php\/wp-json\/wp\/v2\/categories?post=975"},{"taxonomy":"post_tag","embeddable":true,"href":"https:\/\/odabrano.com\/index.php\/wp-json\/wp\/v2\/tags?post=975"}],"curies":[{"name":"wp","href":"https:\/\/api.w.org\/{rel}","templated":true}]}}