{"id":83,"date":"2024-02-22T11:18:31","date_gmt":"2024-02-22T11:18:31","guid":{"rendered":"http:\/\/odabrano.com\/?p=83"},"modified":"2024-02-22T13:01:25","modified_gmt":"2024-02-22T13:01:25","slug":"jedan-ubijen-11-ranjeno-u-teroristickom-napadu-u-blizini-jeruzalemske-kontrolne-tocke","status":"publish","type":"post","link":"https:\/\/odabrano.com\/index.php\/2024\/02\/22\/jedan-ubijen-11-ranjeno-u-teroristickom-napadu-u-blizini-jeruzalemske-kontrolne-tocke\/","title":{"rendered":"Jedan ubijen, 11 ranjeno u teroristi\u010dkom napadu u blizini jeruzalemske kontrolne to\u010dke"},"content":{"rendered":"\n<p>Izraelac je ubijen, a 11 ih je ranjeno u teroristi\u010dkom napadu koji su izvela tri palestinska naoru\u017eana napada\u010da u blizini kontrolne to\u010dke izme\u0111u Jeruzalema i naselja Ma&#8217;ale Adumim na Zapadnoj obali u \u010detvrtak ujutro, rekli su policija i lije\u010dnici.<\/p>\n\n\n\n<p>Prema policiji, trio je otvorio vatru iz automatskog oru\u017eja na Izraelce koji su \u010dekali u prometu dok su i\u0161li prema Jeruzalemu na autocesti Route 1, nekoliko stotina metara prije kontrolne to\u010dke az-Za&#8217;ayyem, u blizini istoimenog grada na Zapadnoj obali.<\/p>\n\n\n\n<p>Mu\u0161karac u svojim 20-ima je ubijen u pucnjavi, rekli su medicinski du\u017enosnici.\u00a0Nije odmah imenovan.<\/p>\n\n\n\n<p>Slu\u017eba hitne pomo\u0107i Magen David Adom rekla je da je zbrinula ukupno 12 osoba, uklju\u010duju\u0107i mladi\u0107a koji je progla\u0161en mrtvim na mjestu doga\u0111aja.<\/p>\n\n\n\n<p>Trudnica u dobi od 23 godine navedena je u te\u0161kom stanju, a jo\u0161 \u010detiri su u srednje te\u0161kom stanju, uklju\u010duju\u0107i \u017eenu u 30-ima, mu\u0161karca u dobi od 23 godine, mu\u0161karca u dobi od 51 godine i \u017eenu u dobi od 52 godine, priop\u0107io je MDA.<br><br>Dodalo je da je jo\u0161 pet osoba lije\u010deno zbog lak\u0161ih ozljeda i akutne tjeskobe.\u00a0Sve \u017ertve su preba\u010dene u bolnice u Jeruzalemu.<br><br>Trudnica je bila podvrgnuta &#8220;zna\u010dajnoj operaciji&#8221;, prema dr. Alonu Schwartzu, voditelju odjela za traumu u medicinskom centru Shaare Zedek.<\/p>\n\n\n\n<p>Schwartz je rekao da je \u017eena u stabilnom stanju i da trenutno nema opasnosti za \u017eivot.\u00a0Upitan o zdravlju fetusa, ka\u017ee da je bilo &#8220;prerano&#8221; da bi se znalo ho\u0107e li postojati neki dugoro\u010dni utjecaj na njegov razvoj ili trudno\u0107u, ali da tijekom po\u010detnog pregleda nisu prona\u0111eni nikakvi problemi.<\/p>\n\n\n\n<p>Slike koje je podijelila policija pokazuju da je trojac, stanovnici podru\u010dja Betlehema, bio naoru\u017ean juri\u0161nim pu\u0161kama, improviziranim pu\u0161komitraljezima i granatom.<\/p>\n\n\n\n<p>Dvojicu napada\u010da ustrijelile su sigurnosne snage i naoru\u017eani civili na mjestu doga\u0111aja.\u00a0Tre\u0107i naoru\u017eani napada\u010d je isprva pobjegao, prije nego \u0161to je nedugo zatim &#8220;neutraliziran&#8221; nakon policijske pretrage u tom podru\u010dju, rekli su slu\u017ebenici za provo\u0111enje zakona.\u00a0Njegovo stanje nije bilo odmah poznato.<\/p>\n\n\n\n<p>Sigurnosna agencija Shin Bet identificirala je teroriste kao Muhammada Zawahru, 26, i njegovog brata Kathema Zawahru, 31, obojica stanovnici sela Ta&#8217;amra, i Ahmeda Al-Wahsha, 31, stanovnika Za&#8217;atare.<\/p>\n\n\n\n<p>Kathem Zawahra je ranije bila u zatvoru zbog ilegalnog ulaska u Izrael, rekao je Shin Bet.<\/p>\n\n\n\n<p>O\u010devici su rekli da su teroristi tr\u010dali uz kolone automobila koji su \u010dekali u prometnoj gu\u017evi pucaju\u0107i u vozila.<br><br><\/p>\n\n\n\n<p>Video, koji je snimio putnik u autobusu koji je \u010dekao u gu\u017evi, prikazuje uspani\u010dene ljude kako napu\u0161taju svoje automobile i tr\u010de uz cestu kako bi pobjegli od pucnjave.<\/p>\n\n\n\n<p>Lije\u010dnik hitne slu\u017ebe Magen Davida Adoma Natav Tayib rekao je da se mjesto doga\u0111aja prostire na udaljenosti od 1,5 kilometara.<\/p>\n\n\n\n<p>Tayib je rekao da su timovi hitne pomo\u0107i prona\u0161li pet automobila s ozlije\u0111enim ljudima unutra, od kojih je u jednom bio mu\u0161karac u 20-ima koji je imao rane od vatrenog oru\u017eja na gornjem dijelu tijela i bio je u nesvijesti bez vitalnih znakova.&nbsp;Kasnije je progla\u0161en mrtvim.<\/p>\n\n\n\n<p>Amir Ararat, medicinar koji je i\u0161ao na posao u medicinski centar Hadassah Mount Scopus, rekao je medijima da je uspio spasiti jednog od ozlije\u0111enih jer je slu\u010dajno imao podvezu u automobilu.<\/p>\n\n\n\n<p>Dok se napad odvijao, vidio je \u017eenu koju su ustrijelili teroristi i koja je poku\u0161avala izbje\u0107i daljnje ozljede.<\/p>\n\n\n\n<p>Ararat je potr\u010dao pomo\u0107i \u017eeni.\u00a0\u201cImala je metak u podlaktici, pogodio je arteriju\u201d, rekao je.<\/p>\n\n\n\n<p>Sre\u0107om, Ararat je imao podvezu sa sobom, onakvu kakva se izdaje izraelskim vojnicima, i stavio ju je na \u017eeninu ruku \u201cusred pucnjave\u201d.<\/p>\n","protected":false},"excerpt":{"rendered":"<p>Izraelac je ubijen, a 11 ih je ranjeno u teroristi\u010dkom napadu koji su izvela tri palestinska naoru\u017eana napada\u010da u blizini kontrolne to\u010dke izme\u0111u Jeruzalema i naselja Ma&#8217;ale Adumim na Zapadnoj obali u \u010detvrtak ujutro, rekli su policija i lije\u010dnici. Prema policiji, trio je otvorio vatru iz automatskog oru\u017eja na Izraelce koji su \u010dekali u prometu &hellip;<\/p>\n","protected":false},"author":1,"featured_media":85,"comment_status":"closed","ping_status":"open","sticky":false,"template":"","format":"standard","meta":{"_monsterinsights_skip_tracking":false,"_monsterinsights_sitenote_active":false,"_monsterinsights_sitenote_note":"","_monsterinsights_sitenote_category":0,"footnotes":""},"categories":[9],"tags":[],"class_list":["post-83","post","type-post","status-publish","format-standard","has-post-thumbnail","","category-svijet"],"yoast_head":"<!-- This site is optimized with the Yoast SEO plugin v22.1 - https:\/\/yoast.com\/wordpress\/plugins\/seo\/ -->\n<title>Jedan ubijen, 11 ranjeno u teroristi\u010dkom napadu u blizini jeruzalemske kontrolne to\u010dke - odabrano<\/title>\n<meta name=\"robots\" content=\"index, follow, max-snippet:-1, max-image-preview:large, max-video-preview:-1\" \/>\n<link rel=\"canonical\" href=\"https:\/\/odabrano.com\/index.php\/2024\/02\/22\/jedan-ubijen-11-ranjeno-u-teroristickom-napadu-u-blizini-jeruzalemske-kontrolne-tocke\/\" \/>\n<meta property=\"og:locale\" content=\"en_US\" \/>\n<meta property=\"og:type\" content=\"article\" \/>\n<meta property=\"og:title\" content=\"Jedan ubijen, 11 ranjeno u teroristi\u010dkom napadu u blizini jeruzalemske kontrolne to\u010dke - odabrano\" \/>\n<meta property=\"og:description\" content=\"Izraelac je ubijen, a 11 ih je ranjeno u teroristi\u010dkom napadu koji su izvela tri palestinska naoru\u017eana napada\u010da u blizini kontrolne to\u010dke izme\u0111u Jeruzalema i naselja Ma&#8217;ale Adumim na Zapadnoj obali u \u010detvrtak ujutro, rekli su policija i lije\u010dnici. Prema policiji, trio je otvorio vatru iz automatskog oru\u017eja na Izraelce koji su \u010dekali u prometu &hellip;\" \/>\n<meta property=\"og:url\" content=\"https:\/\/odabrano.com\/index.php\/2024\/02\/22\/jedan-ubijen-11-ranjeno-u-teroristickom-napadu-u-blizini-jeruzalemske-kontrolne-tocke\/\" \/>\n<meta property=\"og:site_name\" content=\"odabrano\" \/>\n<meta property=\"article:published_time\" content=\"2024-02-22T11:18:31+00:00\" \/>\n<meta property=\"article:modified_time\" content=\"2024-02-22T13:01:25+00:00\" \/>\n<meta property=\"og:image\" content=\"https:\/\/odabrano.com\/wp-content\/uploads\/2024\/02\/izrael1.jpg\" \/>\n\t<meta property=\"og:image:width\" content=\"640\" \/>\n\t<meta property=\"og:image:height\" content=\"400\" \/>\n\t<meta property=\"og:image:type\" content=\"image\/jpeg\" \/>\n<meta name=\"author\" content=\"admin\" \/>\n<meta name=\"twitter:card\" content=\"summary_large_image\" \/>\n<meta name=\"twitter:label1\" content=\"Written by\" \/>\n\t<meta name=\"twitter:data1\" content=\"admin\" \/>\n\t<meta name=\"twitter:label2\" content=\"Est. reading time\" \/>\n\t<meta name=\"twitter:data2\" content=\"3 minutes\" \/>\n<script type=\"application\/ld+json\" class=\"yoast-schema-graph\">{\"@context\":\"https:\/\/schema.org\",\"@graph\":[{\"@type\":\"Article\",\"@id\":\"https:\/\/odabrano.com\/index.php\/2024\/02\/22\/jedan-ubijen-11-ranjeno-u-teroristickom-napadu-u-blizini-jeruzalemske-kontrolne-tocke\/#article\",\"isPartOf\":{\"@id\":\"https:\/\/odabrano.com\/index.php\/2024\/02\/22\/jedan-ubijen-11-ranjeno-u-teroristickom-napadu-u-blizini-jeruzalemske-kontrolne-tocke\/\"},\"author\":{\"name\":\"admin\",\"@id\":\"https:\/\/odabrano.com\/#\/schema\/person\/460f2b14657879743f23c4f6a7cd3236\"},\"headline\":\"Jedan ubijen, 11 ranjeno u teroristi\u010dkom napadu u blizini jeruzalemske kontrolne to\u010dke\",\"datePublished\":\"2024-02-22T11:18:31+00:00\",\"dateModified\":\"2024-02-22T13:01:25+00:00\",\"mainEntityOfPage\":{\"@id\":\"https:\/\/odabrano.com\/index.php\/2024\/02\/22\/jedan-ubijen-11-ranjeno-u-teroristickom-napadu-u-blizini-jeruzalemske-kontrolne-tocke\/\"},\"wordCount\":637,\"publisher\":{\"@id\":\"https:\/\/odabrano.com\/#\/schema\/person\/460f2b14657879743f23c4f6a7cd3236\"},\"articleSection\":[\"Svijet\"],\"inLanguage\":\"en-US\"},{\"@type\":\"WebPage\",\"@id\":\"https:\/\/odabrano.com\/index.php\/2024\/02\/22\/jedan-ubijen-11-ranjeno-u-teroristickom-napadu-u-blizini-jeruzalemske-kontrolne-tocke\/\",\"url\":\"https:\/\/odabrano.com\/index.php\/2024\/02\/22\/jedan-ubijen-11-ranjeno-u-teroristickom-napadu-u-blizini-jeruzalemske-kontrolne-tocke\/\",\"name\":\"Jedan ubijen, 11 ranjeno u teroristi\u010dkom napadu u blizini jeruzalemske kontrolne to\u010dke - odabrano\",\"isPartOf\":{\"@id\":\"https:\/\/odabrano.com\/#website\"},\"datePublished\":\"2024-02-22T11:18:31+00:00\",\"dateModified\":\"2024-02-22T13:01:25+00:00\",\"breadcrumb\":{\"@id\":\"https:\/\/odabrano.com\/index.php\/2024\/02\/22\/jedan-ubijen-11-ranjeno-u-teroristickom-napadu-u-blizini-jeruzalemske-kontrolne-tocke\/#breadcrumb\"},\"inLanguage\":\"en-US\",\"potentialAction\":[{\"@type\":\"ReadAction\",\"target\":[\"https:\/\/odabrano.com\/index.php\/2024\/02\/22\/jedan-ubijen-11-ranjeno-u-teroristickom-napadu-u-blizini-jeruzalemske-kontrolne-tocke\/\"]}]},{\"@type\":\"BreadcrumbList\",\"@id\":\"https:\/\/odabrano.com\/index.php\/2024\/02\/22\/jedan-ubijen-11-ranjeno-u-teroristickom-napadu-u-blizini-jeruzalemske-kontrolne-tocke\/#breadcrumb\",\"itemListElement\":[{\"@type\":\"ListItem\",\"position\":1,\"name\":\"Home\",\"item\":\"https:\/\/odabrano.com\/\"},{\"@type\":\"ListItem\",\"position\":2,\"name\":\"Jedan ubijen, 11 ranjeno u teroristi\u010dkom napadu u blizini jeruzalemske kontrolne to\u010dke\"}]},{\"@type\":\"WebSite\",\"@id\":\"https:\/\/odabrano.com\/#website\",\"url\":\"https:\/\/odabrano.com\/\",\"name\":\"odabrano\",\"description\":\"news portal koji nudi odabrane vijesti i informacije\",\"publisher\":{\"@id\":\"https:\/\/odabrano.com\/#\/schema\/person\/460f2b14657879743f23c4f6a7cd3236\"},\"alternateName\":\"vijesti i informacije iz Hrvatske i svijeta\",\"potentialAction\":[{\"@type\":\"SearchAction\",\"target\":{\"@type\":\"EntryPoint\",\"urlTemplate\":\"https:\/\/odabrano.com\/?s={search_term_string}\"},\"query-input\":\"required name=search_term_string\"}],\"inLanguage\":\"en-US\"},{\"@type\":[\"Person\",\"Organization\"],\"@id\":\"https:\/\/odabrano.com\/#\/schema\/person\/460f2b14657879743f23c4f6a7cd3236\",\"name\":\"admin\",\"image\":{\"@type\":\"ImageObject\",\"inLanguage\":\"en-US\",\"@id\":\"https:\/\/odabrano.com\/#\/schema\/person\/image\/\",\"url\":\"https:\/\/odabrano.com\/wp-content\/uploads\/2024\/04\/dolar.jpg\",\"contentUrl\":\"https:\/\/odabrano.com\/wp-content\/uploads\/2024\/04\/dolar.jpg\",\"width\":1216,\"height\":519,\"caption\":\"admin\"},\"logo\":{\"@id\":\"https:\/\/odabrano.com\/#\/schema\/person\/image\/\"},\"sameAs\":[\"http:\/\/odabrano.com\"],\"url\":\"https:\/\/odabrano.com\/index.php\/author\/sokolneno_u3xb387h\/\"}]}<\/script>\n<!-- \/ Yoast SEO plugin. -->","yoast_head_json":{"title":"Jedan ubijen, 11 ranjeno u teroristi\u010dkom napadu u blizini jeruzalemske kontrolne to\u010dke - odabrano","robots":{"index":"index","follow":"follow","max-snippet":"max-snippet:-1","max-image-preview":"max-image-preview:large","max-video-preview":"max-video-preview:-1"},"canonical":"https:\/\/odabrano.com\/index.php\/2024\/02\/22\/jedan-ubijen-11-ranjeno-u-teroristickom-napadu-u-blizini-jeruzalemske-kontrolne-tocke\/","og_locale":"en_US","og_type":"article","og_title":"Jedan ubijen, 11 ranjeno u teroristi\u010dkom napadu u blizini jeruzalemske kontrolne to\u010dke - odabrano","og_description":"Izraelac je ubijen, a 11 ih je ranjeno u teroristi\u010dkom napadu koji su izvela tri palestinska naoru\u017eana napada\u010da u blizini kontrolne to\u010dke izme\u0111u Jeruzalema i naselja Ma&#8217;ale Adumim na Zapadnoj obali u \u010detvrtak ujutro, rekli su policija i lije\u010dnici. Prema policiji, trio je otvorio vatru iz automatskog oru\u017eja na Izraelce koji su \u010dekali u prometu &hellip;","og_url":"https:\/\/odabrano.com\/index.php\/2024\/02\/22\/jedan-ubijen-11-ranjeno-u-teroristickom-napadu-u-blizini-jeruzalemske-kontrolne-tocke\/","og_site_name":"odabrano","article_published_time":"2024-02-22T11:18:31+00:00","article_modified_time":"2024-02-22T13:01:25+00:00","og_image":[{"width":640,"height":400,"url":"https:\/\/odabrano.com\/wp-content\/uploads\/2024\/02\/izrael1.jpg","type":"image\/jpeg"}],"author":"admin","twitter_card":"summary_large_image","twitter_misc":{"Written by":"admin","Est. reading time":"3 minutes"},"schema":{"@context":"https:\/\/schema.org","@graph":[{"@type":"Article","@id":"https:\/\/odabrano.com\/index.php\/2024\/02\/22\/jedan-ubijen-11-ranjeno-u-teroristickom-napadu-u-blizini-jeruzalemske-kontrolne-tocke\/#article","isPartOf":{"@id":"https:\/\/odabrano.com\/index.php\/2024\/02\/22\/jedan-ubijen-11-ranjeno-u-teroristickom-napadu-u-blizini-jeruzalemske-kontrolne-tocke\/"},"author":{"name":"admin","@id":"https:\/\/odabrano.com\/#\/schema\/person\/460f2b14657879743f23c4f6a7cd3236"},"headline":"Jedan ubijen, 11 ranjeno u teroristi\u010dkom napadu u blizini jeruzalemske kontrolne to\u010dke","datePublished":"2024-02-22T11:18:31+00:00","dateModified":"2024-02-22T13:01:25+00:00","mainEntityOfPage":{"@id":"https:\/\/odabrano.com\/index.php\/2024\/02\/22\/jedan-ubijen-11-ranjeno-u-teroristickom-napadu-u-blizini-jeruzalemske-kontrolne-tocke\/"},"wordCount":637,"publisher":{"@id":"https:\/\/odabrano.com\/#\/schema\/person\/460f2b14657879743f23c4f6a7cd3236"},"articleSection":["Svijet"],"inLanguage":"en-US"},{"@type":"WebPage","@id":"https:\/\/odabrano.com\/index.php\/2024\/02\/22\/jedan-ubijen-11-ranjeno-u-teroristickom-napadu-u-blizini-jeruzalemske-kontrolne-tocke\/","url":"https:\/\/odabrano.com\/index.php\/2024\/02\/22\/jedan-ubijen-11-ranjeno-u-teroristickom-napadu-u-blizini-jeruzalemske-kontrolne-tocke\/","name":"Jedan ubijen, 11 ranjeno u teroristi\u010dkom napadu u blizini jeruzalemske kontrolne to\u010dke - odabrano","isPartOf":{"@id":"https:\/\/odabrano.com\/#website"},"datePublished":"2024-02-22T11:18:31+00:00","dateModified":"2024-02-22T13:01:25+00:00","breadcrumb":{"@id":"https:\/\/odabrano.com\/index.php\/2024\/02\/22\/jedan-ubijen-11-ranjeno-u-teroristickom-napadu-u-blizini-jeruzalemske-kontrolne-tocke\/#breadcrumb"},"inLanguage":"en-US","potentialAction":[{"@type":"ReadAction","target":["https:\/\/odabrano.com\/index.php\/2024\/02\/22\/jedan-ubijen-11-ranjeno-u-teroristickom-napadu-u-blizini-jeruzalemske-kontrolne-tocke\/"]}]},{"@type":"BreadcrumbList","@id":"https:\/\/odabrano.com\/index.php\/2024\/02\/22\/jedan-ubijen-11-ranjeno-u-teroristickom-napadu-u-blizini-jeruzalemske-kontrolne-tocke\/#breadcrumb","itemListElement":[{"@type":"ListItem","position":1,"name":"Home","item":"https:\/\/odabrano.com\/"},{"@type":"ListItem","position":2,"name":"Jedan ubijen, 11 ranjeno u teroristi\u010dkom napadu u blizini jeruzalemske kontrolne to\u010dke"}]},{"@type":"WebSite","@id":"https:\/\/odabrano.com\/#website","url":"https:\/\/odabrano.com\/","name":"odabrano","description":"news portal koji nudi odabrane vijesti i informacije","publisher":{"@id":"https:\/\/odabrano.com\/#\/schema\/person\/460f2b14657879743f23c4f6a7cd3236"},"alternateName":"vijesti i informacije iz Hrvatske i svijeta","potentialAction":[{"@type":"SearchAction","target":{"@type":"EntryPoint","urlTemplate":"https:\/\/odabrano.com\/?s={search_term_string}"},"query-input":"required name=search_term_string"}],"inLanguage":"en-US"},{"@type":["Person","Organization"],"@id":"https:\/\/odabrano.com\/#\/schema\/person\/460f2b14657879743f23c4f6a7cd3236","name":"admin","image":{"@type":"ImageObject","inLanguage":"en-US","@id":"https:\/\/odabrano.com\/#\/schema\/person\/image\/","url":"https:\/\/odabrano.com\/wp-content\/uploads\/2024\/04\/dolar.jpg","contentUrl":"https:\/\/odabrano.com\/wp-content\/uploads\/2024\/04\/dolar.jpg","width":1216,"height":519,"caption":"admin"},"logo":{"@id":"https:\/\/odabrano.com\/#\/schema\/person\/image\/"},"sameAs":["http:\/\/odabrano.com"],"url":"https:\/\/odabrano.com\/index.php\/author\/sokolneno_u3xb387h\/"}]}},"_links":{"self":[{"href":"https:\/\/odabrano.com\/index.php\/wp-json\/wp\/v2\/posts\/83","targetHints":{"allow":["GET"]}}],"collection":[{"href":"https:\/\/odabrano.com\/index.php\/wp-json\/wp\/v2\/posts"}],"about":[{"href":"https:\/\/odabrano.com\/index.php\/wp-json\/wp\/v2\/types\/post"}],"author":[{"embeddable":true,"href":"https:\/\/odabrano.com\/index.php\/wp-json\/wp\/v2\/users\/1"}],"replies":[{"embeddable":true,"href":"https:\/\/odabrano.com\/index.php\/wp-json\/wp\/v2\/comments?post=83"}],"version-history":[{"count":1,"href":"https:\/\/odabrano.com\/index.php\/wp-json\/wp\/v2\/posts\/83\/revisions"}],"predecessor-version":[{"id":84,"href":"https:\/\/odabrano.com\/index.php\/wp-json\/wp\/v2\/posts\/83\/revisions\/84"}],"wp:featuredmedia":[{"embeddable":true,"href":"https:\/\/odabrano.com\/index.php\/wp-json\/wp\/v2\/media\/85"}],"wp:attachment":[{"href":"https:\/\/odabrano.com\/index.php\/wp-json\/wp\/v2\/media?parent=83"}],"wp:term":[{"taxonomy":"category","embeddable":true,"href":"https:\/\/odabrano.com\/index.php\/wp-json\/wp\/v2\/categories?post=83"},{"taxonomy":"post_tag","embeddable":true,"href":"https:\/\/odabrano.com\/index.php\/wp-json\/wp\/v2\/tags?post=83"}],"curies":[{"name":"wp","href":"https:\/\/api.w.org\/{rel}","templated":true}]}}