{"id":6425,"date":"2025-08-14T11:44:30","date_gmt":"2025-08-14T09:44:30","guid":{"rendered":"https:\/\/odabrano.com\/?p=6425"},"modified":"2025-08-14T11:44:31","modified_gmt":"2025-08-14T09:44:31","slug":"radikalni-islamist-u-policiji-najavljivao-klanjanje-u-sirokom-brijegu","status":"publish","type":"post","link":"https:\/\/odabrano.com\/index.php\/2025\/08\/14\/radikalni-islamist-u-policiji-najavljivao-klanjanje-u-sirokom-brijegu\/","title":{"rendered":"Radikalni islamist u policiji, najavljivao klanjanje u \u0160irokom Brijegu"},"content":{"rendered":"\n<p>Radikalni islamist Sanin Musa koji je najavljivao organizirano klanjanje muslimanskih vjernika u \u0160irokom Brijegu i time izazvao vi\u0161ednevne napetosti nalazi se na informativnome razgovoru u policiji u Sarajevu, potvrdili su za Hinu iz Federalne uprave policije.<\/p>\n\n\n\n<p><strong>Sanin Musa<\/strong>&nbsp;je pozvan na informativni razgovor i nalazi se u prostorijama Federalne uprave policije, rekli su iz te policijske agencije. Dodali su da o drugim detaljima ne mogu govoriti.<br><br>Na njegovu Faceboook profilu ranije prijepodne je netko objavio kako je Musa priveden u policiju. Trebao je predvoditi vjernike muslimane k \u0160irokom Brijegu, stoji u toj objavi.<br><br>On je ranije najavio kako \u0107e povesti 1000 muslimanskih vjernika na organizirano obavljanje islamskog vjerskog obreda u \u0160irokome Brijegu uo\u010di Velike Gospe koja je tamo najve\u0107a svetkovina i za koju tamo boravi vi\u0161e desetaka tisu\u0107a ljudi.<br><br>Policija je zabranila taj skup, no on je svejedno ju\u010der najavio kako ne odustaje od prosvjeda navode\u0107i da je u njemu proradio &#8216;bosanski inat&#8217;.&nbsp;<\/p>\n\n\n\n<p>Sanin Musa je \u010delnik Bosanske narodne stranke i islamski teolog, koji je ranije poku\u0161ao sprije\u010diti organiziranje Parade ponosa u Sarajevu.<br><br>Zajedno s njegovim objavama, jedan mu\u0161karac je pozvao muslimane da slijede Musu u \u0160iroki Brijeg i da se naoru\u017eaju.<br><br>Povod za okupljanje muslimana u \u0160irokom Brijegu uslijedio je nakon \u0161to je objavljen video zapis u kojemu je navodno u sredi\u0161tu toga grada jednoj muslimanki pokrivenoj nikabom mu\u0161karac zabranio obred klanjanja.<\/p>\n\n\n\n<h4 class=\"wp-block-heading\"><strong>\u0160iroki Brijeg: Nema razloga za zabrinutost<\/strong><\/h4>\n\n\n\n<p>Iz Policijske uprave \u0160iroki Brijeg pojasnili su ranije kako taj navodni incident njima uop\u0107e nije prijavljen, niti je utvr\u0111ena autenti\u010dnost video zapisa.<br><br>U \u010detvrtak su se oglasili i iz Gradske uprave u \u0160irokome Brijegu poru\u010duju\u0107i da nema razloga za zabrinutost oko najavljenih okupljanja.<br><br>Nadle\u017ene policijske slu\u017ebe upoznate su sa situacijom te poduzimaju sve potrebne mjere kako bi se osigurala sigurnost gra\u0111ana te o\u010duvali javni red i mir, navodi se u obavijesti. Pojasnili su da policija u suradnji s drugim sigurnosnim agencijama, provodi poja\u010dani nadzor prometa i legitimiranje sumnjivih osoba.<br><br>Pozvali su gra\u0111ane da ne nasjedaju na provokacije, te proslave svetkovinu Velike Gospe dostojanstveno &#8216;bez skretanja pozornosti na nebitne stvari&#8217;.<\/p>\n","protected":false},"excerpt":{"rendered":"<p>Radikalni islamist Sanin Musa koji je najavljivao organizirano klanjanje muslimanskih vjernika u \u0160irokom Brijegu i time izazvao vi\u0161ednevne napetosti nalazi se na informativnome razgovoru u policiji u Sarajevu, potvrdili su za Hinu iz Federalne uprave policije. Sanin Musa&nbsp;je pozvan na informativni razgovor i nalazi se u prostorijama Federalne uprave policije, rekli su iz te policijske &hellip;<\/p>\n","protected":false},"author":1,"featured_media":6426,"comment_status":"closed","ping_status":"open","sticky":false,"template":"","format":"standard","meta":{"_monsterinsights_skip_tracking":false,"_monsterinsights_sitenote_active":false,"_monsterinsights_sitenote_note":"","_monsterinsights_sitenote_category":0,"footnotes":""},"categories":[6],"tags":[1303,1302,1304,1305,1301],"class_list":["post-6425","post","type-post","status-publish","format-standard","has-post-thumbnail","","category-istok","tag-islamisti","tag-klanjanje","tag-provokacija","tag-sanin-musa","tag-siroki-brijeg"],"yoast_head":"<!-- This site is optimized with the Yoast SEO plugin v22.1 - https:\/\/yoast.com\/wordpress\/plugins\/seo\/ -->\n<title>Radikalni islamist u policiji, najavljivao klanjanje u \u0160irokom Brijegu - odabrano<\/title>\n<meta name=\"description\" content=\"Radikalni islamist Sanin Musa koji je najavljivao organizirano klanjanje muslimanskih vjernika u \u0160irokom Brijegu i time izazvao vi\u0161ednevne napetosti nalazi se na informativnome razgovoru u policiji u Sarajevu, potvrdili su za Hinu iz Federalne uprave policije.\" \/>\n<meta name=\"robots\" content=\"index, follow, max-snippet:-1, max-image-preview:large, max-video-preview:-1\" \/>\n<link rel=\"canonical\" href=\"https:\/\/odabrano.com\/index.php\/2025\/08\/14\/radikalni-islamist-u-policiji-najavljivao-klanjanje-u-sirokom-brijegu\/\" \/>\n<meta property=\"og:locale\" content=\"en_US\" \/>\n<meta property=\"og:type\" content=\"article\" \/>\n<meta property=\"og:title\" content=\"Radikalni islamist u policiji, najavljivao klanjanje u \u0160irokom Brijegu - odabrano\" \/>\n<meta property=\"og:description\" content=\"Radikalni islamist Sanin Musa koji je najavljivao organizirano klanjanje muslimanskih vjernika u \u0160irokom Brijegu i time izazvao vi\u0161ednevne napetosti nalazi se na informativnome razgovoru u policiji u Sarajevu, potvrdili su za Hinu iz Federalne uprave policije.\" \/>\n<meta property=\"og:url\" content=\"https:\/\/odabrano.com\/index.php\/2025\/08\/14\/radikalni-islamist-u-policiji-najavljivao-klanjanje-u-sirokom-brijegu\/\" \/>\n<meta property=\"og:site_name\" content=\"odabrano\" \/>\n<meta property=\"article:published_time\" content=\"2025-08-14T09:44:30+00:00\" \/>\n<meta property=\"article:modified_time\" content=\"2025-08-14T09:44:31+00:00\" \/>\n<meta property=\"og:image\" content=\"http:\/\/odabrano.com\/wp-content\/uploads\/2025\/08\/policija2.webp\" \/>\n\t<meta property=\"og:image:width\" content=\"740\" \/>\n\t<meta property=\"og:image:height\" content=\"438\" \/>\n\t<meta property=\"og:image:type\" content=\"image\/webp\" \/>\n<meta name=\"author\" content=\"admin\" \/>\n<meta name=\"twitter:card\" content=\"summary_large_image\" \/>\n<meta name=\"twitter:label1\" content=\"Written by\" \/>\n\t<meta name=\"twitter:data1\" content=\"admin\" \/>\n\t<meta name=\"twitter:label2\" content=\"Est. reading time\" \/>\n\t<meta name=\"twitter:data2\" content=\"2 minutes\" \/>\n<script type=\"application\/ld+json\" class=\"yoast-schema-graph\">{\"@context\":\"https:\/\/schema.org\",\"@graph\":[{\"@type\":\"Article\",\"@id\":\"https:\/\/odabrano.com\/index.php\/2025\/08\/14\/radikalni-islamist-u-policiji-najavljivao-klanjanje-u-sirokom-brijegu\/#article\",\"isPartOf\":{\"@id\":\"https:\/\/odabrano.com\/index.php\/2025\/08\/14\/radikalni-islamist-u-policiji-najavljivao-klanjanje-u-sirokom-brijegu\/\"},\"author\":{\"name\":\"admin\",\"@id\":\"https:\/\/odabrano.com\/#\/schema\/person\/460f2b14657879743f23c4f6a7cd3236\"},\"headline\":\"Radikalni islamist u policiji, najavljivao klanjanje u \u0160irokom Brijegu\",\"datePublished\":\"2025-08-14T09:44:30+00:00\",\"dateModified\":\"2025-08-14T09:44:31+00:00\",\"mainEntityOfPage\":{\"@id\":\"https:\/\/odabrano.com\/index.php\/2025\/08\/14\/radikalni-islamist-u-policiji-najavljivao-klanjanje-u-sirokom-brijegu\/\"},\"wordCount\":372,\"publisher\":{\"@id\":\"https:\/\/odabrano.com\/#\/schema\/person\/460f2b14657879743f23c4f6a7cd3236\"},\"keywords\":[\"islamisti\",\"klanjanje\",\"provokacija\",\"sanin musa\",\"\u0161iroki brijeg\"],\"articleSection\":[\"Istok\"],\"inLanguage\":\"en-US\"},{\"@type\":\"WebPage\",\"@id\":\"https:\/\/odabrano.com\/index.php\/2025\/08\/14\/radikalni-islamist-u-policiji-najavljivao-klanjanje-u-sirokom-brijegu\/\",\"url\":\"https:\/\/odabrano.com\/index.php\/2025\/08\/14\/radikalni-islamist-u-policiji-najavljivao-klanjanje-u-sirokom-brijegu\/\",\"name\":\"Radikalni islamist u policiji, najavljivao klanjanje u \u0160irokom Brijegu - odabrano\",\"isPartOf\":{\"@id\":\"https:\/\/odabrano.com\/#website\"},\"datePublished\":\"2025-08-14T09:44:30+00:00\",\"dateModified\":\"2025-08-14T09:44:31+00:00\",\"description\":\"Radikalni islamist Sanin Musa koji je najavljivao organizirano klanjanje muslimanskih vjernika u \u0160irokom Brijegu i time izazvao vi\u0161ednevne napetosti nalazi se na informativnome razgovoru u policiji u Sarajevu, potvrdili su za Hinu iz Federalne uprave policije.\",\"breadcrumb\":{\"@id\":\"https:\/\/odabrano.com\/index.php\/2025\/08\/14\/radikalni-islamist-u-policiji-najavljivao-klanjanje-u-sirokom-brijegu\/#breadcrumb\"},\"inLanguage\":\"en-US\",\"potentialAction\":[{\"@type\":\"ReadAction\",\"target\":[\"https:\/\/odabrano.com\/index.php\/2025\/08\/14\/radikalni-islamist-u-policiji-najavljivao-klanjanje-u-sirokom-brijegu\/\"]}]},{\"@type\":\"BreadcrumbList\",\"@id\":\"https:\/\/odabrano.com\/index.php\/2025\/08\/14\/radikalni-islamist-u-policiji-najavljivao-klanjanje-u-sirokom-brijegu\/#breadcrumb\",\"itemListElement\":[{\"@type\":\"ListItem\",\"position\":1,\"name\":\"Home\",\"item\":\"https:\/\/odabrano.com\/\"},{\"@type\":\"ListItem\",\"position\":2,\"name\":\"Radikalni islamist u policiji, najavljivao klanjanje u \u0160irokom Brijegu\"}]},{\"@type\":\"WebSite\",\"@id\":\"https:\/\/odabrano.com\/#website\",\"url\":\"https:\/\/odabrano.com\/\",\"name\":\"odabrano\",\"description\":\"news portal koji nudi odabrane vijesti i informacije\",\"publisher\":{\"@id\":\"https:\/\/odabrano.com\/#\/schema\/person\/460f2b14657879743f23c4f6a7cd3236\"},\"alternateName\":\"vijesti i informacije iz Hrvatske i svijeta\",\"potentialAction\":[{\"@type\":\"SearchAction\",\"target\":{\"@type\":\"EntryPoint\",\"urlTemplate\":\"https:\/\/odabrano.com\/?s={search_term_string}\"},\"query-input\":\"required name=search_term_string\"}],\"inLanguage\":\"en-US\"},{\"@type\":[\"Person\",\"Organization\"],\"@id\":\"https:\/\/odabrano.com\/#\/schema\/person\/460f2b14657879743f23c4f6a7cd3236\",\"name\":\"admin\",\"image\":{\"@type\":\"ImageObject\",\"inLanguage\":\"en-US\",\"@id\":\"https:\/\/odabrano.com\/#\/schema\/person\/image\/\",\"url\":\"https:\/\/odabrano.com\/wp-content\/uploads\/2024\/04\/dolar.jpg\",\"contentUrl\":\"https:\/\/odabrano.com\/wp-content\/uploads\/2024\/04\/dolar.jpg\",\"width\":1216,\"height\":519,\"caption\":\"admin\"},\"logo\":{\"@id\":\"https:\/\/odabrano.com\/#\/schema\/person\/image\/\"},\"sameAs\":[\"http:\/\/odabrano.com\"],\"url\":\"https:\/\/odabrano.com\/index.php\/author\/sokolneno_u3xb387h\/\"}]}<\/script>\n<!-- \/ Yoast SEO plugin. -->","yoast_head_json":{"title":"Radikalni islamist u policiji, najavljivao klanjanje u \u0160irokom Brijegu - odabrano","description":"Radikalni islamist Sanin Musa koji je najavljivao organizirano klanjanje muslimanskih vjernika u \u0160irokom Brijegu i time izazvao vi\u0161ednevne napetosti nalazi se na informativnome razgovoru u policiji u Sarajevu, potvrdili su za Hinu iz Federalne uprave policije.","robots":{"index":"index","follow":"follow","max-snippet":"max-snippet:-1","max-image-preview":"max-image-preview:large","max-video-preview":"max-video-preview:-1"},"canonical":"https:\/\/odabrano.com\/index.php\/2025\/08\/14\/radikalni-islamist-u-policiji-najavljivao-klanjanje-u-sirokom-brijegu\/","og_locale":"en_US","og_type":"article","og_title":"Radikalni islamist u policiji, najavljivao klanjanje u \u0160irokom Brijegu - odabrano","og_description":"Radikalni islamist Sanin Musa koji je najavljivao organizirano klanjanje muslimanskih vjernika u \u0160irokom Brijegu i time izazvao vi\u0161ednevne napetosti nalazi se na informativnome razgovoru u policiji u Sarajevu, potvrdili su za Hinu iz Federalne uprave policije.","og_url":"https:\/\/odabrano.com\/index.php\/2025\/08\/14\/radikalni-islamist-u-policiji-najavljivao-klanjanje-u-sirokom-brijegu\/","og_site_name":"odabrano","article_published_time":"2025-08-14T09:44:30+00:00","article_modified_time":"2025-08-14T09:44:31+00:00","og_image":[{"width":740,"height":438,"url":"http:\/\/odabrano.com\/wp-content\/uploads\/2025\/08\/policija2.webp","type":"image\/webp"}],"author":"admin","twitter_card":"summary_large_image","twitter_misc":{"Written by":"admin","Est. reading time":"2 minutes"},"schema":{"@context":"https:\/\/schema.org","@graph":[{"@type":"Article","@id":"https:\/\/odabrano.com\/index.php\/2025\/08\/14\/radikalni-islamist-u-policiji-najavljivao-klanjanje-u-sirokom-brijegu\/#article","isPartOf":{"@id":"https:\/\/odabrano.com\/index.php\/2025\/08\/14\/radikalni-islamist-u-policiji-najavljivao-klanjanje-u-sirokom-brijegu\/"},"author":{"name":"admin","@id":"https:\/\/odabrano.com\/#\/schema\/person\/460f2b14657879743f23c4f6a7cd3236"},"headline":"Radikalni islamist u policiji, najavljivao klanjanje u \u0160irokom Brijegu","datePublished":"2025-08-14T09:44:30+00:00","dateModified":"2025-08-14T09:44:31+00:00","mainEntityOfPage":{"@id":"https:\/\/odabrano.com\/index.php\/2025\/08\/14\/radikalni-islamist-u-policiji-najavljivao-klanjanje-u-sirokom-brijegu\/"},"wordCount":372,"publisher":{"@id":"https:\/\/odabrano.com\/#\/schema\/person\/460f2b14657879743f23c4f6a7cd3236"},"keywords":["islamisti","klanjanje","provokacija","sanin musa","\u0161iroki brijeg"],"articleSection":["Istok"],"inLanguage":"en-US"},{"@type":"WebPage","@id":"https:\/\/odabrano.com\/index.php\/2025\/08\/14\/radikalni-islamist-u-policiji-najavljivao-klanjanje-u-sirokom-brijegu\/","url":"https:\/\/odabrano.com\/index.php\/2025\/08\/14\/radikalni-islamist-u-policiji-najavljivao-klanjanje-u-sirokom-brijegu\/","name":"Radikalni islamist u policiji, najavljivao klanjanje u \u0160irokom Brijegu - odabrano","isPartOf":{"@id":"https:\/\/odabrano.com\/#website"},"datePublished":"2025-08-14T09:44:30+00:00","dateModified":"2025-08-14T09:44:31+00:00","description":"Radikalni islamist Sanin Musa koji je najavljivao organizirano klanjanje muslimanskih vjernika u \u0160irokom Brijegu i time izazvao vi\u0161ednevne napetosti nalazi se na informativnome razgovoru u policiji u Sarajevu, potvrdili su za Hinu iz Federalne uprave policije.","breadcrumb":{"@id":"https:\/\/odabrano.com\/index.php\/2025\/08\/14\/radikalni-islamist-u-policiji-najavljivao-klanjanje-u-sirokom-brijegu\/#breadcrumb"},"inLanguage":"en-US","potentialAction":[{"@type":"ReadAction","target":["https:\/\/odabrano.com\/index.php\/2025\/08\/14\/radikalni-islamist-u-policiji-najavljivao-klanjanje-u-sirokom-brijegu\/"]}]},{"@type":"BreadcrumbList","@id":"https:\/\/odabrano.com\/index.php\/2025\/08\/14\/radikalni-islamist-u-policiji-najavljivao-klanjanje-u-sirokom-brijegu\/#breadcrumb","itemListElement":[{"@type":"ListItem","position":1,"name":"Home","item":"https:\/\/odabrano.com\/"},{"@type":"ListItem","position":2,"name":"Radikalni islamist u policiji, najavljivao klanjanje u \u0160irokom Brijegu"}]},{"@type":"WebSite","@id":"https:\/\/odabrano.com\/#website","url":"https:\/\/odabrano.com\/","name":"odabrano","description":"news portal koji nudi odabrane vijesti i informacije","publisher":{"@id":"https:\/\/odabrano.com\/#\/schema\/person\/460f2b14657879743f23c4f6a7cd3236"},"alternateName":"vijesti i informacije iz Hrvatske i svijeta","potentialAction":[{"@type":"SearchAction","target":{"@type":"EntryPoint","urlTemplate":"https:\/\/odabrano.com\/?s={search_term_string}"},"query-input":"required name=search_term_string"}],"inLanguage":"en-US"},{"@type":["Person","Organization"],"@id":"https:\/\/odabrano.com\/#\/schema\/person\/460f2b14657879743f23c4f6a7cd3236","name":"admin","image":{"@type":"ImageObject","inLanguage":"en-US","@id":"https:\/\/odabrano.com\/#\/schema\/person\/image\/","url":"https:\/\/odabrano.com\/wp-content\/uploads\/2024\/04\/dolar.jpg","contentUrl":"https:\/\/odabrano.com\/wp-content\/uploads\/2024\/04\/dolar.jpg","width":1216,"height":519,"caption":"admin"},"logo":{"@id":"https:\/\/odabrano.com\/#\/schema\/person\/image\/"},"sameAs":["http:\/\/odabrano.com"],"url":"https:\/\/odabrano.com\/index.php\/author\/sokolneno_u3xb387h\/"}]}},"_links":{"self":[{"href":"https:\/\/odabrano.com\/index.php\/wp-json\/wp\/v2\/posts\/6425","targetHints":{"allow":["GET"]}}],"collection":[{"href":"https:\/\/odabrano.com\/index.php\/wp-json\/wp\/v2\/posts"}],"about":[{"href":"https:\/\/odabrano.com\/index.php\/wp-json\/wp\/v2\/types\/post"}],"author":[{"embeddable":true,"href":"https:\/\/odabrano.com\/index.php\/wp-json\/wp\/v2\/users\/1"}],"replies":[{"embeddable":true,"href":"https:\/\/odabrano.com\/index.php\/wp-json\/wp\/v2\/comments?post=6425"}],"version-history":[{"count":2,"href":"https:\/\/odabrano.com\/index.php\/wp-json\/wp\/v2\/posts\/6425\/revisions"}],"predecessor-version":[{"id":6428,"href":"https:\/\/odabrano.com\/index.php\/wp-json\/wp\/v2\/posts\/6425\/revisions\/6428"}],"wp:featuredmedia":[{"embeddable":true,"href":"https:\/\/odabrano.com\/index.php\/wp-json\/wp\/v2\/media\/6426"}],"wp:attachment":[{"href":"https:\/\/odabrano.com\/index.php\/wp-json\/wp\/v2\/media?parent=6425"}],"wp:term":[{"taxonomy":"category","embeddable":true,"href":"https:\/\/odabrano.com\/index.php\/wp-json\/wp\/v2\/categories?post=6425"},{"taxonomy":"post_tag","embeddable":true,"href":"https:\/\/odabrano.com\/index.php\/wp-json\/wp\/v2\/tags?post=6425"}],"curies":[{"name":"wp","href":"https:\/\/api.w.org\/{rel}","templated":true}]}}