{"id":6419,"date":"2025-08-13T15:44:22","date_gmt":"2025-08-13T13:44:22","guid":{"rendered":"https:\/\/odabrano.com\/?p=6419"},"modified":"2025-08-13T15:47:35","modified_gmt":"2025-08-13T13:47:35","slug":"crna-gora-pozari-nastavljaju-harati-pomoc-salju-madarska-i-austrija","status":"publish","type":"post","link":"https:\/\/odabrano.com\/index.php\/2025\/08\/13\/crna-gora-pozari-nastavljaju-harati-pomoc-salju-madarska-i-austrija\/","title":{"rendered":"Crna Gora: Po\u017eari nastavljaju harati, pomo\u0107 \u0161alju Ma\u0111arska i Austrija"},"content":{"rendered":"\n<p>Crna Gora u srijedu tre\u0107i dan zaredom nastavlja borbu s velikim po\u017earima, a pomo\u0107 toj zemlji, uz Hrvatsku, Italiju i Srbiju, poslale su Austrija i Ma\u0111arska.<\/p>\n\n\n\n<p>Iz crnogorskog Direktorata za za\u0161titu i spa\u0161avanje priop\u0107eno je da su u okolici Podgorice aktivni po\u017eari na najmanje pet lokacija. U ga\u0161enju po\u017eara u glavnom gradu Crne Gore sudjeluju i vatrogasci iz Berana, Cetinja, Nik\u0161i\u0107a, \u017dabljaka, Mojkovca i drugih op\u0107ina, dok logisti\u010dku podr\u0161ku vatrogascima i spasiocima pru\u017eaju gospodarski subjekti iz tog grada.<br><br>U ga\u0161enju velikih po\u017eara tijekom ju\u010dera\u0161njeg dana crnogorskim vatrogascima pomagali su kanaderi iz Hrvatske i Italije te helikopter iz Srbije, dok je danas u tu zemlju stigao tim austrijskih vatrogasaca.<br><br>Austrijski tim od 50 do 60 vatrogasaca, specijaliziranih za ga\u0161enje po\u017eara sa zemlje, ve\u0107 je stigao u Crnu Goru i od sutra \u0107e biti operativan. Ma\u0111arska \u0107e iz zraka pru\u017eiti pomo\u0107, a dolazak njihovih letjelica o\u010dekuje se danas oko 15 sati, priop\u0107io je Ljuban Tmu\u0161i\u0107 iz crnogorskog MUP-a.<\/p>\n\n\n\n<figure class=\"wp-block-image\"><img decoding=\"async\" src=\"https:\/\/vijesti.hrt.hr\/_next\/image?url=https%3A%2F%2Fapi.hrt.hr%2Fmedia%2F0f%2F03%2F240x135-pxl-110825-136634457-20250813062020.webp&amp;w=3840&amp;q=100\" alt=\"Ilustracija\"\/><\/figure>\n\n\n\n<p><\/p>\n\n\n\n<p>On je podsjetio da Crna Gora raspola\u017ee s oko 700 profesionalnih i 200 dobrovoljnih vatrogasaca te 170 vatrogasno-spasila\u010dkih vozila, ali je ustvrdio da nijedan sustav za\u0161tite u svijetu nema dovoljno vlastitih resursa za tako velike po\u017eare.<br><br>U \u0161umskim po\u017earima koji su izbili na nekoliko lokacija u okolici Podgorice izgorjelo je nekoliko objekata, a dio stanovni\u0161tva je evakuiran.<br><br>U akciju ga\u0161enja po\u017eara uklju\u010dena je i crnogorska vojska, \u010diji je jedan pripadnik ju\u010der stradao prilikom prevrtanja cisterne u kojoj se nalazio, dok je drugi te\u0161ko ozlije\u0111en.<br><br>Crnogorska vlada tim je povodom \u010detvrtak 14. kolovoza proglasila Danom \u017ealosti.<br><br>Premijer te zemlje ustvrdio je da crnogorska policija ima indicije kako je ve\u0107ina po\u017eara, koji su istodobno buknuli na razli\u010ditim lokacijama u Podgorici, podmetnuta.<br><br>Temperatura zraka u Crnoj Gori proteklih je dana svakodnevno prelazila 40 Celzijevih&nbsp;stupnjeva.<\/p>\n","protected":false},"excerpt":{"rendered":"<p>Crna Gora u srijedu tre\u0107i dan zaredom nastavlja borbu s velikim po\u017earima, a pomo\u0107 toj zemlji, uz Hrvatsku, Italiju i Srbiju, poslale su Austrija i Ma\u0111arska. Iz crnogorskog Direktorata za za\u0161titu i spa\u0161avanje priop\u0107eno je da su u okolici Podgorice aktivni po\u017eari na najmanje pet lokacija. U ga\u0161enju po\u017eara u glavnom gradu Crne Gore sudjeluju &hellip;<\/p>\n","protected":false},"author":1,"featured_media":6420,"comment_status":"closed","ping_status":"open","sticky":false,"template":"","format":"standard","meta":{"_monsterinsights_skip_tracking":false,"_monsterinsights_sitenote_active":false,"_monsterinsights_sitenote_note":"","_monsterinsights_sitenote_category":0,"footnotes":""},"categories":[6],"tags":[768,432],"class_list":["post-6419","post","type-post","status-publish","format-standard","has-post-thumbnail","","category-istok","tag-crna-gora","tag-pozar"],"yoast_head":"<!-- This site is optimized with the Yoast SEO plugin v22.1 - https:\/\/yoast.com\/wordpress\/plugins\/seo\/ -->\n<title>Crna Gora: Po\u017eari nastavljaju harati, pomo\u0107 \u0161alju Ma\u0111arska i Austrija - odabrano<\/title>\n<meta name=\"description\" content=\"Crna Gora u srijedu tre\u0107i dan zaredom nastavlja borbu s velikim po\u017earima, a pomo\u0107 toj zemlji, uz Hrvatsku, Italiju i Srbiju, poslale su Austrija i Ma\u0111arska.\" \/>\n<meta name=\"robots\" content=\"index, follow, max-snippet:-1, max-image-preview:large, max-video-preview:-1\" \/>\n<link rel=\"canonical\" href=\"https:\/\/odabrano.com\/index.php\/2025\/08\/13\/crna-gora-pozari-nastavljaju-harati-pomoc-salju-madarska-i-austrija\/\" \/>\n<meta property=\"og:locale\" content=\"en_US\" \/>\n<meta property=\"og:type\" content=\"article\" \/>\n<meta property=\"og:title\" content=\"Crna Gora: Po\u017eari nastavljaju harati, pomo\u0107 \u0161alju Ma\u0111arska i Austrija - odabrano\" \/>\n<meta property=\"og:description\" content=\"Crna Gora u srijedu tre\u0107i dan zaredom nastavlja borbu s velikim po\u017earima, a pomo\u0107 toj zemlji, uz Hrvatsku, Italiju i Srbiju, poslale su Austrija i Ma\u0111arska.\" \/>\n<meta property=\"og:url\" content=\"https:\/\/odabrano.com\/index.php\/2025\/08\/13\/crna-gora-pozari-nastavljaju-harati-pomoc-salju-madarska-i-austrija\/\" \/>\n<meta property=\"og:site_name\" content=\"odabrano\" \/>\n<meta property=\"article:published_time\" content=\"2025-08-13T13:44:22+00:00\" \/>\n<meta property=\"article:modified_time\" content=\"2025-08-13T13:47:35+00:00\" \/>\n<meta property=\"og:image\" content=\"http:\/\/odabrano.com\/wp-content\/uploads\/2025\/08\/pozar.webp\" \/>\n\t<meta property=\"og:image:width\" content=\"740\" \/>\n\t<meta property=\"og:image:height\" content=\"438\" \/>\n\t<meta property=\"og:image:type\" content=\"image\/webp\" \/>\n<meta name=\"author\" content=\"admin\" \/>\n<meta name=\"twitter:card\" content=\"summary_large_image\" \/>\n<meta name=\"twitter:label1\" content=\"Written by\" \/>\n\t<meta name=\"twitter:data1\" content=\"admin\" \/>\n\t<meta name=\"twitter:label2\" content=\"Est. reading time\" \/>\n\t<meta name=\"twitter:data2\" content=\"2 minutes\" \/>\n<script type=\"application\/ld+json\" class=\"yoast-schema-graph\">{\"@context\":\"https:\/\/schema.org\",\"@graph\":[{\"@type\":\"Article\",\"@id\":\"https:\/\/odabrano.com\/index.php\/2025\/08\/13\/crna-gora-pozari-nastavljaju-harati-pomoc-salju-madarska-i-austrija\/#article\",\"isPartOf\":{\"@id\":\"https:\/\/odabrano.com\/index.php\/2025\/08\/13\/crna-gora-pozari-nastavljaju-harati-pomoc-salju-madarska-i-austrija\/\"},\"author\":{\"name\":\"admin\",\"@id\":\"https:\/\/odabrano.com\/#\/schema\/person\/460f2b14657879743f23c4f6a7cd3236\"},\"headline\":\"Crna Gora: Po\u017eari nastavljaju harati, pomo\u0107 \u0161alju Ma\u0111arska i Austrija\",\"datePublished\":\"2025-08-13T13:44:22+00:00\",\"dateModified\":\"2025-08-13T13:47:35+00:00\",\"mainEntityOfPage\":{\"@id\":\"https:\/\/odabrano.com\/index.php\/2025\/08\/13\/crna-gora-pozari-nastavljaju-harati-pomoc-salju-madarska-i-austrija\/\"},\"wordCount\":334,\"publisher\":{\"@id\":\"https:\/\/odabrano.com\/#\/schema\/person\/460f2b14657879743f23c4f6a7cd3236\"},\"keywords\":[\"crna gora\",\"po\u017ear\"],\"articleSection\":[\"Istok\"],\"inLanguage\":\"en-US\"},{\"@type\":\"WebPage\",\"@id\":\"https:\/\/odabrano.com\/index.php\/2025\/08\/13\/crna-gora-pozari-nastavljaju-harati-pomoc-salju-madarska-i-austrija\/\",\"url\":\"https:\/\/odabrano.com\/index.php\/2025\/08\/13\/crna-gora-pozari-nastavljaju-harati-pomoc-salju-madarska-i-austrija\/\",\"name\":\"Crna Gora: Po\u017eari nastavljaju harati, pomo\u0107 \u0161alju Ma\u0111arska i Austrija - odabrano\",\"isPartOf\":{\"@id\":\"https:\/\/odabrano.com\/#website\"},\"datePublished\":\"2025-08-13T13:44:22+00:00\",\"dateModified\":\"2025-08-13T13:47:35+00:00\",\"description\":\"Crna Gora u srijedu tre\u0107i dan zaredom nastavlja borbu s velikim po\u017earima, a pomo\u0107 toj zemlji, uz Hrvatsku, Italiju i Srbiju, poslale su Austrija i Ma\u0111arska.\",\"breadcrumb\":{\"@id\":\"https:\/\/odabrano.com\/index.php\/2025\/08\/13\/crna-gora-pozari-nastavljaju-harati-pomoc-salju-madarska-i-austrija\/#breadcrumb\"},\"inLanguage\":\"en-US\",\"potentialAction\":[{\"@type\":\"ReadAction\",\"target\":[\"https:\/\/odabrano.com\/index.php\/2025\/08\/13\/crna-gora-pozari-nastavljaju-harati-pomoc-salju-madarska-i-austrija\/\"]}]},{\"@type\":\"BreadcrumbList\",\"@id\":\"https:\/\/odabrano.com\/index.php\/2025\/08\/13\/crna-gora-pozari-nastavljaju-harati-pomoc-salju-madarska-i-austrija\/#breadcrumb\",\"itemListElement\":[{\"@type\":\"ListItem\",\"position\":1,\"name\":\"Home\",\"item\":\"https:\/\/odabrano.com\/\"},{\"@type\":\"ListItem\",\"position\":2,\"name\":\"Crna Gora: Po\u017eari nastavljaju harati, pomo\u0107 \u0161alju Ma\u0111arska i Austrija\"}]},{\"@type\":\"WebSite\",\"@id\":\"https:\/\/odabrano.com\/#website\",\"url\":\"https:\/\/odabrano.com\/\",\"name\":\"odabrano\",\"description\":\"news portal koji nudi odabrane vijesti i informacije\",\"publisher\":{\"@id\":\"https:\/\/odabrano.com\/#\/schema\/person\/460f2b14657879743f23c4f6a7cd3236\"},\"alternateName\":\"vijesti i informacije iz Hrvatske i svijeta\",\"potentialAction\":[{\"@type\":\"SearchAction\",\"target\":{\"@type\":\"EntryPoint\",\"urlTemplate\":\"https:\/\/odabrano.com\/?s={search_term_string}\"},\"query-input\":\"required name=search_term_string\"}],\"inLanguage\":\"en-US\"},{\"@type\":[\"Person\",\"Organization\"],\"@id\":\"https:\/\/odabrano.com\/#\/schema\/person\/460f2b14657879743f23c4f6a7cd3236\",\"name\":\"admin\",\"image\":{\"@type\":\"ImageObject\",\"inLanguage\":\"en-US\",\"@id\":\"https:\/\/odabrano.com\/#\/schema\/person\/image\/\",\"url\":\"https:\/\/odabrano.com\/wp-content\/uploads\/2024\/04\/dolar.jpg\",\"contentUrl\":\"https:\/\/odabrano.com\/wp-content\/uploads\/2024\/04\/dolar.jpg\",\"width\":1216,\"height\":519,\"caption\":\"admin\"},\"logo\":{\"@id\":\"https:\/\/odabrano.com\/#\/schema\/person\/image\/\"},\"sameAs\":[\"http:\/\/odabrano.com\"],\"url\":\"https:\/\/odabrano.com\/index.php\/author\/sokolneno_u3xb387h\/\"}]}<\/script>\n<!-- \/ Yoast SEO plugin. -->","yoast_head_json":{"title":"Crna Gora: Po\u017eari nastavljaju harati, pomo\u0107 \u0161alju Ma\u0111arska i Austrija - odabrano","description":"Crna Gora u srijedu tre\u0107i dan zaredom nastavlja borbu s velikim po\u017earima, a pomo\u0107 toj zemlji, uz Hrvatsku, Italiju i Srbiju, poslale su Austrija i Ma\u0111arska.","robots":{"index":"index","follow":"follow","max-snippet":"max-snippet:-1","max-image-preview":"max-image-preview:large","max-video-preview":"max-video-preview:-1"},"canonical":"https:\/\/odabrano.com\/index.php\/2025\/08\/13\/crna-gora-pozari-nastavljaju-harati-pomoc-salju-madarska-i-austrija\/","og_locale":"en_US","og_type":"article","og_title":"Crna Gora: Po\u017eari nastavljaju harati, pomo\u0107 \u0161alju Ma\u0111arska i Austrija - odabrano","og_description":"Crna Gora u srijedu tre\u0107i dan zaredom nastavlja borbu s velikim po\u017earima, a pomo\u0107 toj zemlji, uz Hrvatsku, Italiju i Srbiju, poslale su Austrija i Ma\u0111arska.","og_url":"https:\/\/odabrano.com\/index.php\/2025\/08\/13\/crna-gora-pozari-nastavljaju-harati-pomoc-salju-madarska-i-austrija\/","og_site_name":"odabrano","article_published_time":"2025-08-13T13:44:22+00:00","article_modified_time":"2025-08-13T13:47:35+00:00","og_image":[{"width":740,"height":438,"url":"http:\/\/odabrano.com\/wp-content\/uploads\/2025\/08\/pozar.webp","type":"image\/webp"}],"author":"admin","twitter_card":"summary_large_image","twitter_misc":{"Written by":"admin","Est. reading time":"2 minutes"},"schema":{"@context":"https:\/\/schema.org","@graph":[{"@type":"Article","@id":"https:\/\/odabrano.com\/index.php\/2025\/08\/13\/crna-gora-pozari-nastavljaju-harati-pomoc-salju-madarska-i-austrija\/#article","isPartOf":{"@id":"https:\/\/odabrano.com\/index.php\/2025\/08\/13\/crna-gora-pozari-nastavljaju-harati-pomoc-salju-madarska-i-austrija\/"},"author":{"name":"admin","@id":"https:\/\/odabrano.com\/#\/schema\/person\/460f2b14657879743f23c4f6a7cd3236"},"headline":"Crna Gora: Po\u017eari nastavljaju harati, pomo\u0107 \u0161alju Ma\u0111arska i Austrija","datePublished":"2025-08-13T13:44:22+00:00","dateModified":"2025-08-13T13:47:35+00:00","mainEntityOfPage":{"@id":"https:\/\/odabrano.com\/index.php\/2025\/08\/13\/crna-gora-pozari-nastavljaju-harati-pomoc-salju-madarska-i-austrija\/"},"wordCount":334,"publisher":{"@id":"https:\/\/odabrano.com\/#\/schema\/person\/460f2b14657879743f23c4f6a7cd3236"},"keywords":["crna gora","po\u017ear"],"articleSection":["Istok"],"inLanguage":"en-US"},{"@type":"WebPage","@id":"https:\/\/odabrano.com\/index.php\/2025\/08\/13\/crna-gora-pozari-nastavljaju-harati-pomoc-salju-madarska-i-austrija\/","url":"https:\/\/odabrano.com\/index.php\/2025\/08\/13\/crna-gora-pozari-nastavljaju-harati-pomoc-salju-madarska-i-austrija\/","name":"Crna Gora: Po\u017eari nastavljaju harati, pomo\u0107 \u0161alju Ma\u0111arska i Austrija - odabrano","isPartOf":{"@id":"https:\/\/odabrano.com\/#website"},"datePublished":"2025-08-13T13:44:22+00:00","dateModified":"2025-08-13T13:47:35+00:00","description":"Crna Gora u srijedu tre\u0107i dan zaredom nastavlja borbu s velikim po\u017earima, a pomo\u0107 toj zemlji, uz Hrvatsku, Italiju i Srbiju, poslale su Austrija i Ma\u0111arska.","breadcrumb":{"@id":"https:\/\/odabrano.com\/index.php\/2025\/08\/13\/crna-gora-pozari-nastavljaju-harati-pomoc-salju-madarska-i-austrija\/#breadcrumb"},"inLanguage":"en-US","potentialAction":[{"@type":"ReadAction","target":["https:\/\/odabrano.com\/index.php\/2025\/08\/13\/crna-gora-pozari-nastavljaju-harati-pomoc-salju-madarska-i-austrija\/"]}]},{"@type":"BreadcrumbList","@id":"https:\/\/odabrano.com\/index.php\/2025\/08\/13\/crna-gora-pozari-nastavljaju-harati-pomoc-salju-madarska-i-austrija\/#breadcrumb","itemListElement":[{"@type":"ListItem","position":1,"name":"Home","item":"https:\/\/odabrano.com\/"},{"@type":"ListItem","position":2,"name":"Crna Gora: Po\u017eari nastavljaju harati, pomo\u0107 \u0161alju Ma\u0111arska i Austrija"}]},{"@type":"WebSite","@id":"https:\/\/odabrano.com\/#website","url":"https:\/\/odabrano.com\/","name":"odabrano","description":"news portal koji nudi odabrane vijesti i informacije","publisher":{"@id":"https:\/\/odabrano.com\/#\/schema\/person\/460f2b14657879743f23c4f6a7cd3236"},"alternateName":"vijesti i informacije iz Hrvatske i svijeta","potentialAction":[{"@type":"SearchAction","target":{"@type":"EntryPoint","urlTemplate":"https:\/\/odabrano.com\/?s={search_term_string}"},"query-input":"required name=search_term_string"}],"inLanguage":"en-US"},{"@type":["Person","Organization"],"@id":"https:\/\/odabrano.com\/#\/schema\/person\/460f2b14657879743f23c4f6a7cd3236","name":"admin","image":{"@type":"ImageObject","inLanguage":"en-US","@id":"https:\/\/odabrano.com\/#\/schema\/person\/image\/","url":"https:\/\/odabrano.com\/wp-content\/uploads\/2024\/04\/dolar.jpg","contentUrl":"https:\/\/odabrano.com\/wp-content\/uploads\/2024\/04\/dolar.jpg","width":1216,"height":519,"caption":"admin"},"logo":{"@id":"https:\/\/odabrano.com\/#\/schema\/person\/image\/"},"sameAs":["http:\/\/odabrano.com"],"url":"https:\/\/odabrano.com\/index.php\/author\/sokolneno_u3xb387h\/"}]}},"_links":{"self":[{"href":"https:\/\/odabrano.com\/index.php\/wp-json\/wp\/v2\/posts\/6419","targetHints":{"allow":["GET"]}}],"collection":[{"href":"https:\/\/odabrano.com\/index.php\/wp-json\/wp\/v2\/posts"}],"about":[{"href":"https:\/\/odabrano.com\/index.php\/wp-json\/wp\/v2\/types\/post"}],"author":[{"embeddable":true,"href":"https:\/\/odabrano.com\/index.php\/wp-json\/wp\/v2\/users\/1"}],"replies":[{"embeddable":true,"href":"https:\/\/odabrano.com\/index.php\/wp-json\/wp\/v2\/comments?post=6419"}],"version-history":[{"count":3,"href":"https:\/\/odabrano.com\/index.php\/wp-json\/wp\/v2\/posts\/6419\/revisions"}],"predecessor-version":[{"id":6424,"href":"https:\/\/odabrano.com\/index.php\/wp-json\/wp\/v2\/posts\/6419\/revisions\/6424"}],"wp:featuredmedia":[{"embeddable":true,"href":"https:\/\/odabrano.com\/index.php\/wp-json\/wp\/v2\/media\/6420"}],"wp:attachment":[{"href":"https:\/\/odabrano.com\/index.php\/wp-json\/wp\/v2\/media?parent=6419"}],"wp:term":[{"taxonomy":"category","embeddable":true,"href":"https:\/\/odabrano.com\/index.php\/wp-json\/wp\/v2\/categories?post=6419"},{"taxonomy":"post_tag","embeddable":true,"href":"https:\/\/odabrano.com\/index.php\/wp-json\/wp\/v2\/tags?post=6419"}],"curies":[{"name":"wp","href":"https:\/\/api.w.org\/{rel}","templated":true}]}}