{"id":6356,"date":"2025-08-02T20:59:12","date_gmt":"2025-08-02T18:59:12","guid":{"rendered":"https:\/\/odabrano.com\/?p=6356"},"modified":"2025-08-02T21:03:02","modified_gmt":"2025-08-02T19:03:02","slug":"hamas-odbija-razoruzanje-dok-se-ne-uspostavi-palestinska-drzava-s-jeruzalemom-kao-glavnim-gradom","status":"publish","type":"post","link":"https:\/\/odabrano.com\/index.php\/2025\/08\/02\/hamas-odbija-razoruzanje-dok-se-ne-uspostavi-palestinska-drzava-s-jeruzalemom-kao-glavnim-gradom\/","title":{"rendered":"Hamas odbija razoru\u017eanje dok se ne uspostavi palestinska dr\u017eava s Jeruzalemom kao glavnim gradom"},"content":{"rendered":"<p>Hamas je nedavno naglasio da ne\u0107e polo\u017eiti oru\u017eje dok se ne uspostavi nezavisna i suverena Palestina, s Jeruzalemom kao njenim glavnim gradom, \u010dime se protive klju\u010dnom izraelskom zahtjevu za okon\u010danje rata u Gazi. Posredni\u010dki napori Katara i Egipta usmjereni na dvomjese\u010dno primirje i razmjenu talaca zaustavili su se nakon \u0161to Hamas odbio odricanje oru\u017eane borbe. Hamas, koji kontrolira Gazu od 2007., kazao je da &#8220;naoru\u017eani otpor &#8230; ne mo\u017ee se odre\u0107i dok se ne ostvare sva na\u0161a nacionalna prava&#8221;, pri vrhu kojih je samostalna palestinska dr\u017eava s glavnim gradom u Jeruzalemu.<\/p>\n<p>U izjavi objavljenoj po\u010detkom kolovoza, pokrenutoj nakon propalih pregovora s Izraelom, Hamas je jasno poru\u010dio da ne\u0107e predati oru\u017eje niti se integrirati u sigurnosnu kontrolu koju zahtijeva Izrael, unato\u010d me\u0111unarodnoj zabrinutosti. Izrael inzistira da sigurnosna kontrola mora ostati pod izraelskom jurisdikcijom, smatraju\u0107i da bi palestinska dr\u017eava predstavljala prijetnju. Hamas, me\u0111utim, odbija predaju naoru\u017eanja bez me\u0111unarodno priznate dr\u017eave i podr\u0161ke narodne volje.<\/p>\n<p>Sukob iz listopada 2023., zapo\u010det Hamasovim upadom u ju\u017eni dio Izraela u kojem je poginulo oko 1.200 ljudi i oteto 251 talac, doveo je do izraelske vojne kampanje u Gazi koja je odnijela preko 60\u202f000 palestinskih \u017eivota i stvorila humanitarnu katastrofu. Sada\u0161nji napori za prekid vatre zaustavljeni su zbog neslaganja oko razoru\u017eanja Hamasovih snaga i prijenosa kontrole vlasti u ruke Palestinske vlasti pod me\u0111unarodnim okvirom dvodr\u017eavnog rje\u0161enja. Hamas tvrdi da se razorno oru\u017eje ne\u0107e predati dok se ne ostvari pravo naroda na samoodre\u0111enje, \u0161to uklju\u010duje granice iz 1967. s Jeruzalemom kao prijestolnicom Palestinske dr\u017eave.<\/p>\n<p>U socijalnim i diplomatskim okvirima, europski i arapski \u010delnici (Francuska, Saudijska Arabija) zagovaraju da Hamas polo\u017ei oru\u017eje i prepusti kontrolu Palestinskoj vlasti kao uvjet za mirovni sporazum. No, Hamas podupire nastavak otpora kao legitimno sredstvo borbe dok se nacionalna prava ne obnove putem me\u0111unarodne legitimnosti i priznanja suverene Palestine s Jeruzalemom kao glavnim gradom.<\/p>\n","protected":false},"excerpt":{"rendered":"<p>Hamas je nedavno naglasio da ne\u0107e polo\u017eiti oru\u017eje dok se ne uspostavi nezavisna i suverena Palestina, s Jeruzalemom kao njenim glavnim gradom, \u010dime se protive klju\u010dnom izraelskom zahtjevu za okon\u010danje rata u Gazi. Posredni\u010dki napori Katara i Egipta usmjereni na dvomjese\u010dno primirje i razmjenu talaca zaustavili su se nakon \u0161to Hamas odbio odricanje oru\u017eane borbe. &hellip;<\/p>\n","protected":false},"author":1,"featured_media":6357,"comment_status":"closed","ping_status":"open","sticky":false,"template":"","format":"standard","meta":{"_monsterinsights_skip_tracking":false,"_monsterinsights_sitenote_active":false,"_monsterinsights_sitenote_note":"","_monsterinsights_sitenote_category":0,"footnotes":""},"categories":[9],"tags":[21,292,75,342,1279],"class_list":["post-6356","post","type-post","status-publish","format-standard","has-post-thumbnail","","category-svijet","tag-gaza","tag-hamas","tag-izrael","tag-jeruzalem","tag-palestina-2"],"yoast_head":"<!-- This site is optimized with the Yoast SEO plugin v22.1 - https:\/\/yoast.com\/wordpress\/plugins\/seo\/ -->\n<title>Hamas odbija razoru\u017eanje dok se ne uspostavi palestinska dr\u017eava s Jeruzalemom kao glavnim gradom - odabrano<\/title>\n<meta name=\"description\" content=\"Hamas je nedavno naglasio da ne\u0107e polo\u017eiti oru\u017eje dok se ne uspostavi nezavisna i suverena Palestina, s Jeruzalemom kao njenim glavnim gradom %\" \/>\n<meta name=\"robots\" content=\"index, follow, max-snippet:-1, max-image-preview:large, max-video-preview:-1\" \/>\n<link rel=\"canonical\" href=\"https:\/\/odabrano.com\/index.php\/2025\/08\/02\/hamas-odbija-razoruzanje-dok-se-ne-uspostavi-palestinska-drzava-s-jeruzalemom-kao-glavnim-gradom\/\" \/>\n<meta property=\"og:locale\" content=\"en_US\" \/>\n<meta property=\"og:type\" content=\"article\" \/>\n<meta property=\"og:title\" content=\"Hamas odbija razoru\u017eanje dok se ne uspostavi palestinska dr\u017eava s Jeruzalemom kao glavnim gradom - odabrano\" \/>\n<meta property=\"og:description\" content=\"Hamas je nedavno naglasio da ne\u0107e polo\u017eiti oru\u017eje dok se ne uspostavi nezavisna i suverena Palestina, s Jeruzalemom kao njenim glavnim gradom %\" \/>\n<meta property=\"og:url\" content=\"https:\/\/odabrano.com\/index.php\/2025\/08\/02\/hamas-odbija-razoruzanje-dok-se-ne-uspostavi-palestinska-drzava-s-jeruzalemom-kao-glavnim-gradom\/\" \/>\n<meta property=\"og:site_name\" content=\"odabrano\" \/>\n<meta property=\"article:published_time\" content=\"2025-08-02T18:59:12+00:00\" \/>\n<meta property=\"article:modified_time\" content=\"2025-08-02T19:03:02+00:00\" \/>\n<meta property=\"og:image\" content=\"http:\/\/odabrano.com\/wp-content\/uploads\/2025\/08\/hamas.webp\" \/>\n\t<meta property=\"og:image:width\" content=\"740\" \/>\n\t<meta property=\"og:image:height\" content=\"438\" \/>\n\t<meta property=\"og:image:type\" content=\"image\/webp\" \/>\n<meta name=\"author\" content=\"admin\" \/>\n<meta name=\"twitter:card\" content=\"summary_large_image\" \/>\n<meta name=\"twitter:label1\" content=\"Written by\" \/>\n\t<meta name=\"twitter:data1\" content=\"admin\" \/>\n\t<meta name=\"twitter:label2\" content=\"Est. reading time\" \/>\n\t<meta name=\"twitter:data2\" content=\"2 minutes\" \/>\n<script type=\"application\/ld+json\" class=\"yoast-schema-graph\">{\"@context\":\"https:\/\/schema.org\",\"@graph\":[{\"@type\":\"Article\",\"@id\":\"https:\/\/odabrano.com\/index.php\/2025\/08\/02\/hamas-odbija-razoruzanje-dok-se-ne-uspostavi-palestinska-drzava-s-jeruzalemom-kao-glavnim-gradom\/#article\",\"isPartOf\":{\"@id\":\"https:\/\/odabrano.com\/index.php\/2025\/08\/02\/hamas-odbija-razoruzanje-dok-se-ne-uspostavi-palestinska-drzava-s-jeruzalemom-kao-glavnim-gradom\/\"},\"author\":{\"name\":\"admin\",\"@id\":\"https:\/\/odabrano.com\/#\/schema\/person\/460f2b14657879743f23c4f6a7cd3236\"},\"headline\":\"Hamas odbija razoru\u017eanje dok se ne uspostavi palestinska dr\u017eava s Jeruzalemom kao glavnim gradom\",\"datePublished\":\"2025-08-02T18:59:12+00:00\",\"dateModified\":\"2025-08-02T19:03:02+00:00\",\"mainEntityOfPage\":{\"@id\":\"https:\/\/odabrano.com\/index.php\/2025\/08\/02\/hamas-odbija-razoruzanje-dok-se-ne-uspostavi-palestinska-drzava-s-jeruzalemom-kao-glavnim-gradom\/\"},\"wordCount\":349,\"publisher\":{\"@id\":\"https:\/\/odabrano.com\/#\/schema\/person\/460f2b14657879743f23c4f6a7cd3236\"},\"keywords\":[\"gaza\",\"hamas\",\"izrael\",\"jeruzalem\",\"palestina.\"],\"articleSection\":[\"Svijet\"],\"inLanguage\":\"en-US\"},{\"@type\":\"WebPage\",\"@id\":\"https:\/\/odabrano.com\/index.php\/2025\/08\/02\/hamas-odbija-razoruzanje-dok-se-ne-uspostavi-palestinska-drzava-s-jeruzalemom-kao-glavnim-gradom\/\",\"url\":\"https:\/\/odabrano.com\/index.php\/2025\/08\/02\/hamas-odbija-razoruzanje-dok-se-ne-uspostavi-palestinska-drzava-s-jeruzalemom-kao-glavnim-gradom\/\",\"name\":\"Hamas odbija razoru\u017eanje dok se ne uspostavi palestinska dr\u017eava s Jeruzalemom kao glavnim gradom - odabrano\",\"isPartOf\":{\"@id\":\"https:\/\/odabrano.com\/#website\"},\"datePublished\":\"2025-08-02T18:59:12+00:00\",\"dateModified\":\"2025-08-02T19:03:02+00:00\",\"description\":\"Hamas je nedavno naglasio da ne\u0107e polo\u017eiti oru\u017eje dok se ne uspostavi nezavisna i suverena Palestina, s Jeruzalemom kao njenim glavnim gradom %\",\"breadcrumb\":{\"@id\":\"https:\/\/odabrano.com\/index.php\/2025\/08\/02\/hamas-odbija-razoruzanje-dok-se-ne-uspostavi-palestinska-drzava-s-jeruzalemom-kao-glavnim-gradom\/#breadcrumb\"},\"inLanguage\":\"en-US\",\"potentialAction\":[{\"@type\":\"ReadAction\",\"target\":[\"https:\/\/odabrano.com\/index.php\/2025\/08\/02\/hamas-odbija-razoruzanje-dok-se-ne-uspostavi-palestinska-drzava-s-jeruzalemom-kao-glavnim-gradom\/\"]}]},{\"@type\":\"BreadcrumbList\",\"@id\":\"https:\/\/odabrano.com\/index.php\/2025\/08\/02\/hamas-odbija-razoruzanje-dok-se-ne-uspostavi-palestinska-drzava-s-jeruzalemom-kao-glavnim-gradom\/#breadcrumb\",\"itemListElement\":[{\"@type\":\"ListItem\",\"position\":1,\"name\":\"Home\",\"item\":\"https:\/\/odabrano.com\/\"},{\"@type\":\"ListItem\",\"position\":2,\"name\":\"Hamas odbija razoru\u017eanje dok se ne uspostavi palestinska dr\u017eava s Jeruzalemom kao glavnim gradom\"}]},{\"@type\":\"WebSite\",\"@id\":\"https:\/\/odabrano.com\/#website\",\"url\":\"https:\/\/odabrano.com\/\",\"name\":\"odabrano\",\"description\":\"news portal koji nudi odabrane vijesti i informacije\",\"publisher\":{\"@id\":\"https:\/\/odabrano.com\/#\/schema\/person\/460f2b14657879743f23c4f6a7cd3236\"},\"alternateName\":\"vijesti i informacije iz Hrvatske i svijeta\",\"potentialAction\":[{\"@type\":\"SearchAction\",\"target\":{\"@type\":\"EntryPoint\",\"urlTemplate\":\"https:\/\/odabrano.com\/?s={search_term_string}\"},\"query-input\":\"required name=search_term_string\"}],\"inLanguage\":\"en-US\"},{\"@type\":[\"Person\",\"Organization\"],\"@id\":\"https:\/\/odabrano.com\/#\/schema\/person\/460f2b14657879743f23c4f6a7cd3236\",\"name\":\"admin\",\"image\":{\"@type\":\"ImageObject\",\"inLanguage\":\"en-US\",\"@id\":\"https:\/\/odabrano.com\/#\/schema\/person\/image\/\",\"url\":\"https:\/\/odabrano.com\/wp-content\/uploads\/2024\/04\/dolar.jpg\",\"contentUrl\":\"https:\/\/odabrano.com\/wp-content\/uploads\/2024\/04\/dolar.jpg\",\"width\":1216,\"height\":519,\"caption\":\"admin\"},\"logo\":{\"@id\":\"https:\/\/odabrano.com\/#\/schema\/person\/image\/\"},\"sameAs\":[\"http:\/\/odabrano.com\"],\"url\":\"https:\/\/odabrano.com\/index.php\/author\/sokolneno_u3xb387h\/\"}]}<\/script>\n<!-- \/ Yoast SEO plugin. -->","yoast_head_json":{"title":"Hamas odbija razoru\u017eanje dok se ne uspostavi palestinska dr\u017eava s Jeruzalemom kao glavnim gradom - odabrano","description":"Hamas je nedavno naglasio da ne\u0107e polo\u017eiti oru\u017eje dok se ne uspostavi nezavisna i suverena Palestina, s Jeruzalemom kao njenim glavnim gradom %","robots":{"index":"index","follow":"follow","max-snippet":"max-snippet:-1","max-image-preview":"max-image-preview:large","max-video-preview":"max-video-preview:-1"},"canonical":"https:\/\/odabrano.com\/index.php\/2025\/08\/02\/hamas-odbija-razoruzanje-dok-se-ne-uspostavi-palestinska-drzava-s-jeruzalemom-kao-glavnim-gradom\/","og_locale":"en_US","og_type":"article","og_title":"Hamas odbija razoru\u017eanje dok se ne uspostavi palestinska dr\u017eava s Jeruzalemom kao glavnim gradom - odabrano","og_description":"Hamas je nedavno naglasio da ne\u0107e polo\u017eiti oru\u017eje dok se ne uspostavi nezavisna i suverena Palestina, s Jeruzalemom kao njenim glavnim gradom %","og_url":"https:\/\/odabrano.com\/index.php\/2025\/08\/02\/hamas-odbija-razoruzanje-dok-se-ne-uspostavi-palestinska-drzava-s-jeruzalemom-kao-glavnim-gradom\/","og_site_name":"odabrano","article_published_time":"2025-08-02T18:59:12+00:00","article_modified_time":"2025-08-02T19:03:02+00:00","og_image":[{"width":740,"height":438,"url":"http:\/\/odabrano.com\/wp-content\/uploads\/2025\/08\/hamas.webp","type":"image\/webp"}],"author":"admin","twitter_card":"summary_large_image","twitter_misc":{"Written by":"admin","Est. reading time":"2 minutes"},"schema":{"@context":"https:\/\/schema.org","@graph":[{"@type":"Article","@id":"https:\/\/odabrano.com\/index.php\/2025\/08\/02\/hamas-odbija-razoruzanje-dok-se-ne-uspostavi-palestinska-drzava-s-jeruzalemom-kao-glavnim-gradom\/#article","isPartOf":{"@id":"https:\/\/odabrano.com\/index.php\/2025\/08\/02\/hamas-odbija-razoruzanje-dok-se-ne-uspostavi-palestinska-drzava-s-jeruzalemom-kao-glavnim-gradom\/"},"author":{"name":"admin","@id":"https:\/\/odabrano.com\/#\/schema\/person\/460f2b14657879743f23c4f6a7cd3236"},"headline":"Hamas odbija razoru\u017eanje dok se ne uspostavi palestinska dr\u017eava s Jeruzalemom kao glavnim gradom","datePublished":"2025-08-02T18:59:12+00:00","dateModified":"2025-08-02T19:03:02+00:00","mainEntityOfPage":{"@id":"https:\/\/odabrano.com\/index.php\/2025\/08\/02\/hamas-odbija-razoruzanje-dok-se-ne-uspostavi-palestinska-drzava-s-jeruzalemom-kao-glavnim-gradom\/"},"wordCount":349,"publisher":{"@id":"https:\/\/odabrano.com\/#\/schema\/person\/460f2b14657879743f23c4f6a7cd3236"},"keywords":["gaza","hamas","izrael","jeruzalem","palestina."],"articleSection":["Svijet"],"inLanguage":"en-US"},{"@type":"WebPage","@id":"https:\/\/odabrano.com\/index.php\/2025\/08\/02\/hamas-odbija-razoruzanje-dok-se-ne-uspostavi-palestinska-drzava-s-jeruzalemom-kao-glavnim-gradom\/","url":"https:\/\/odabrano.com\/index.php\/2025\/08\/02\/hamas-odbija-razoruzanje-dok-se-ne-uspostavi-palestinska-drzava-s-jeruzalemom-kao-glavnim-gradom\/","name":"Hamas odbija razoru\u017eanje dok se ne uspostavi palestinska dr\u017eava s Jeruzalemom kao glavnim gradom - odabrano","isPartOf":{"@id":"https:\/\/odabrano.com\/#website"},"datePublished":"2025-08-02T18:59:12+00:00","dateModified":"2025-08-02T19:03:02+00:00","description":"Hamas je nedavno naglasio da ne\u0107e polo\u017eiti oru\u017eje dok se ne uspostavi nezavisna i suverena Palestina, s Jeruzalemom kao njenim glavnim gradom %","breadcrumb":{"@id":"https:\/\/odabrano.com\/index.php\/2025\/08\/02\/hamas-odbija-razoruzanje-dok-se-ne-uspostavi-palestinska-drzava-s-jeruzalemom-kao-glavnim-gradom\/#breadcrumb"},"inLanguage":"en-US","potentialAction":[{"@type":"ReadAction","target":["https:\/\/odabrano.com\/index.php\/2025\/08\/02\/hamas-odbija-razoruzanje-dok-se-ne-uspostavi-palestinska-drzava-s-jeruzalemom-kao-glavnim-gradom\/"]}]},{"@type":"BreadcrumbList","@id":"https:\/\/odabrano.com\/index.php\/2025\/08\/02\/hamas-odbija-razoruzanje-dok-se-ne-uspostavi-palestinska-drzava-s-jeruzalemom-kao-glavnim-gradom\/#breadcrumb","itemListElement":[{"@type":"ListItem","position":1,"name":"Home","item":"https:\/\/odabrano.com\/"},{"@type":"ListItem","position":2,"name":"Hamas odbija razoru\u017eanje dok se ne uspostavi palestinska dr\u017eava s Jeruzalemom kao glavnim gradom"}]},{"@type":"WebSite","@id":"https:\/\/odabrano.com\/#website","url":"https:\/\/odabrano.com\/","name":"odabrano","description":"news portal koji nudi odabrane vijesti i informacije","publisher":{"@id":"https:\/\/odabrano.com\/#\/schema\/person\/460f2b14657879743f23c4f6a7cd3236"},"alternateName":"vijesti i informacije iz Hrvatske i svijeta","potentialAction":[{"@type":"SearchAction","target":{"@type":"EntryPoint","urlTemplate":"https:\/\/odabrano.com\/?s={search_term_string}"},"query-input":"required name=search_term_string"}],"inLanguage":"en-US"},{"@type":["Person","Organization"],"@id":"https:\/\/odabrano.com\/#\/schema\/person\/460f2b14657879743f23c4f6a7cd3236","name":"admin","image":{"@type":"ImageObject","inLanguage":"en-US","@id":"https:\/\/odabrano.com\/#\/schema\/person\/image\/","url":"https:\/\/odabrano.com\/wp-content\/uploads\/2024\/04\/dolar.jpg","contentUrl":"https:\/\/odabrano.com\/wp-content\/uploads\/2024\/04\/dolar.jpg","width":1216,"height":519,"caption":"admin"},"logo":{"@id":"https:\/\/odabrano.com\/#\/schema\/person\/image\/"},"sameAs":["http:\/\/odabrano.com"],"url":"https:\/\/odabrano.com\/index.php\/author\/sokolneno_u3xb387h\/"}]}},"_links":{"self":[{"href":"https:\/\/odabrano.com\/index.php\/wp-json\/wp\/v2\/posts\/6356","targetHints":{"allow":["GET"]}}],"collection":[{"href":"https:\/\/odabrano.com\/index.php\/wp-json\/wp\/v2\/posts"}],"about":[{"href":"https:\/\/odabrano.com\/index.php\/wp-json\/wp\/v2\/types\/post"}],"author":[{"embeddable":true,"href":"https:\/\/odabrano.com\/index.php\/wp-json\/wp\/v2\/users\/1"}],"replies":[{"embeddable":true,"href":"https:\/\/odabrano.com\/index.php\/wp-json\/wp\/v2\/comments?post=6356"}],"version-history":[{"count":4,"href":"https:\/\/odabrano.com\/index.php\/wp-json\/wp\/v2\/posts\/6356\/revisions"}],"predecessor-version":[{"id":6363,"href":"https:\/\/odabrano.com\/index.php\/wp-json\/wp\/v2\/posts\/6356\/revisions\/6363"}],"wp:featuredmedia":[{"embeddable":true,"href":"https:\/\/odabrano.com\/index.php\/wp-json\/wp\/v2\/media\/6357"}],"wp:attachment":[{"href":"https:\/\/odabrano.com\/index.php\/wp-json\/wp\/v2\/media?parent=6356"}],"wp:term":[{"taxonomy":"category","embeddable":true,"href":"https:\/\/odabrano.com\/index.php\/wp-json\/wp\/v2\/categories?post=6356"},{"taxonomy":"post_tag","embeddable":true,"href":"https:\/\/odabrano.com\/index.php\/wp-json\/wp\/v2\/tags?post=6356"}],"curies":[{"name":"wp","href":"https:\/\/api.w.org\/{rel}","templated":true}]}}