{"id":6323,"date":"2025-08-01T07:35:07","date_gmt":"2025-08-01T05:35:07","guid":{"rendered":"https:\/\/odabrano.com\/?p=6323"},"modified":"2025-08-01T07:35:44","modified_gmt":"2025-08-01T05:35:44","slug":"carine-kanadi-35-posto-visoke-carine-i-bih-i-srbiji","status":"publish","type":"post","link":"https:\/\/odabrano.com\/index.php\/2025\/08\/01\/carine-kanadi-35-posto-visoke-carine-i-bih-i-srbiji\/","title":{"rendered":"Carine Kanadi 35 posto, visoke carine i BiH i Srbiji"},"content":{"rendered":"\n<p>Ameri\u010dki predsjednik Donald Trump potpisao je u \u010detvrtak nave\u010der izvr\u0161nu uredbu kojom se uvode ve\u0107e carine desecima zemalja diljem svijeta kako bi se &#8220;globalna trgovina restrukturirala u korist ameri\u010dkih radnika&#8221;, objavila je Bijela ku\u0107a.<\/p>\n\n\n\n<p>Nove carine su u rasponu od 10 do 41 posto, s najvi\u0161om carinom za Siriju. Europska unija, Japan i Ju\u017ena Koreja podlijegat \u0107e carinama od 15 posto. Srbija \u0107e se suo\u010diti s carinama od 35 posto, a Bosna i Hercegovina od 30 posto.<br><br>Bijela ku\u0107a je u dokumentu navela da je cilj carina &#8220;restrukturiranje globalne trgovine u korist ameri\u010dkih radnika&#8221; te \u0107e stupiti na snagu 7. kolovoza, a ne 1. kolovoza kako se najavljivalo.<br><br>Carine na kanadsku robu pove\u0107avaju se s 25 na 35 posto, ali one \u0107e biti na snazi od petka.<\/p>\n\n\n\n<p>Kao odgovor na kontinuiranu neaktivnost i odmazdu Kanade, predsjednik Trump smatrao je potrebnim pove\u0107ati carinu na Kanadu s 25 na 35 posto kako bi u\u010dinkovito rije\u0161io postoje\u0107u izvanrednu situaciju, priop\u0107ila je Bijela ku\u0107a, poru\u010div\u0161i da Kanada nije sura\u0111ivala u suzbijanju fentanila i drugih ilegalnih droga.<br><br>Od carina su izuzeti kanadski proizvodi obuhva\u0107eni trgovinskim sporazumom izme\u0111u SAD-a, Meksika i Kanade.<br><br>Kanadski premijer&nbsp;<strong>Mark Carney<\/strong>&nbsp;rekao je u lipnju da \u0107e, u slu\u010daju nepostizanja sporazuma do po\u010detka kolovoza, Kanada vjerojatno uzvratiti dodatnim carinama na ameri\u010dki izvoz \u010delika i aluminija.<br><br>Vi\u0161e carine na kanadsku robu u o\u0161troj su suprotnosti s Trumpovom odlukom da Meksiku odgodi pove\u0107anje carina za 90 dana kako bi se osiguralo vi\u0161e vremena za pregovore o \u0161irem trgovinskom sporazumu.<br><br>Kina pak ima rok do 12. kolovoza za postizanje dugotrajnog sporazuma s Trumpovom administracijom, nakon \u0161to su Peking i Washington u svibnju i lipnju postigli prve dogovore o okon\u010danju rastu\u0107ih uzajamnih carina i ukidanju zabrane uvoza rijetkih zemnih metala.<\/p>\n\n\n\n<h4 class=\"wp-block-heading\"><strong>Trumpu najava Kanade o priznanju Palestine vi\u0161e nije prepreka za trgovinski sporazum<\/strong><\/h4>\n\n\n\n<p>Trump je rekao je da najavu Kanade o priznanju palestinske dr\u017eave ne smatra &#8220;preprekom&#8221; za postizanje trgovinskog sporazuma, ali je dodao da dvije zemlje nisu razgovarale uo\u010di roka za stupanje na snagu vi\u0161ih carina.<\/p>\n\n\n\n<p>Ameri\u010dki predsjednik rekao je da ga je kanadski premijer Carney kontaktirao, ali da nisu odr\u017eani razgovori izme\u0111u njih dvojice.<\/p>\n\n\n\n<p>Carney je ranije izjavio da su trgovinski pregovori s Washingtonom bili konstruktivni, ali da razgovori mo\u017eda ne\u0107e biti zaklju\u010deni do roka. Dodao je da je sporazum kojim bi se uklonile sve ameri\u010dke carine malo vjerojatan.<\/p>\n\n\n\n<p>Trump je ranije u \u010detvrtak rekao da \u0107e SAD-u i Kanadi biti &#8220;vrlo te\u0161ko&#8221; posti\u0107i dogovor nakon \u0161to je Ottawa najavila da \u0107e priznati Palestinu na Op\u0107oj skup\u0161tini Ujedinjenih naroda u rujnu. Me\u0111utim, ameri\u010dki predsjednik je nekoliko sati kasnije rekao da taj potez ne smatra &#8220;preprekom&#8221; za postizanje trgovinskog sporazuma.<\/p>\n\n\n\n<p>Pa, moraju platiti po\u0161tenu stopu &#8211; to je sve. Vrlo je jednostavno. Napla\u0107ivali su vrlo, vrlo visoke carine na\u0161im poljoprivrednicima, neke preko 200 posto i vrlo lo\u0161e su se pona\u0161ali prema na\u0161im poljoprivrednicima, rekao je Trump na pitanja novinara o Kanadi.<\/p>\n\n\n\n<p>Dodao je da voli Kanadu, ali da se ta zemlja godinama odnosila &#8220;vrlo lo\u0161e&#8221; prema Sjedinjenim Dr\u017eavama.<\/p>\n\n\n\n<p>Ameri\u010dki ministar trgovine&nbsp;<strong>Howard Lutnick<\/strong>&nbsp;rekao je da bi Kanada mogla izbje\u0107i carine od 35 posto ako Carney &#8220;po\u010dne koristiti svoj \u0161arm i prestane s odmazdom&#8221;.<\/p>\n\n\n\n<p>Washington je do sada dogovorio trgovinske sporazume s Ujedinjenim Kraljevstvom, Europskom unijom, Filipinima, Indonezijom, Vijetnamom, Japanom te s Ju\u017enom Korejom.<\/p>\n\n\n\n<p>Korejski, japanski i europski proizvodi podlijegat \u0107e carinama od 15 posto.<\/p>\n\n\n\n<p>Ministar Lutnick rekao je u \u010detvrtak da su postignuti sporazumi i s Kambod\u017eom i Tajlandom, dok je Tajvan objavio da je postigao &#8220;odre\u0111eni konsenzus&#8221; sa SAD-om.<\/p>\n\n\n\n<p>Meksiku, najve\u0107em ameri\u010dkom trgovinskom partneru, Trump je odgodio pove\u0107anje carina za 90 dana. Pregovori zemalja \u0107e se nastaviti, a carine od 25 posto na ve\u0107inu robe iz Meksika u me\u0111uvremenu \u0107e nastaviti vrijediti.<\/p>\n\n\n\n<p>Paralelno s pribli\u017eavanjem Trumpovog roka \u010deka se odluka saveznog \u017ealbenog suda u Washingtonu o tomu je li Trump prekora\u010dio svoje ustavne ovlasti nametanjem vi\u0161ih carina bez odobrenja Kongresa.<\/p>\n","protected":false},"excerpt":{"rendered":"<p>Ameri\u010dki predsjednik Donald Trump potpisao je u \u010detvrtak nave\u010der izvr\u0161nu uredbu kojom se uvode ve\u0107e carine desecima zemalja diljem svijeta kako bi se &#8220;globalna trgovina restrukturirala u korist ameri\u010dkih radnika&#8221;, objavila je Bijela ku\u0107a. Nove carine su u rasponu od 10 do 41 posto, s najvi\u0161om carinom za Siriju. Europska unija, Japan i Ju\u017ena Koreja &hellip;<\/p>\n","protected":false},"author":1,"featured_media":6324,"comment_status":"closed","ping_status":"open","sticky":false,"template":"","format":"standard","meta":{"_monsterinsights_skip_tracking":false,"_monsterinsights_sitenote_active":false,"_monsterinsights_sitenote_note":"","_monsterinsights_sitenote_category":0,"footnotes":""},"categories":[9],"tags":[462,1277,1276,33,143],"class_list":["post-6323","post","type-post","status-publish","format-standard","has-post-thumbnail","","category-svijet","tag-bih","tag-carine","tag-kanada","tag-srbija","tag-trump"],"yoast_head":"<!-- This site is optimized with the Yoast SEO plugin v22.1 - https:\/\/yoast.com\/wordpress\/plugins\/seo\/ -->\n<title>Carine Kanadi 35 posto, visoke carine i BiH i Srbiji - odabrano<\/title>\n<meta name=\"robots\" content=\"index, follow, max-snippet:-1, max-image-preview:large, max-video-preview:-1\" \/>\n<link rel=\"canonical\" href=\"https:\/\/odabrano.com\/index.php\/2025\/08\/01\/carine-kanadi-35-posto-visoke-carine-i-bih-i-srbiji\/\" \/>\n<meta property=\"og:locale\" content=\"en_US\" \/>\n<meta property=\"og:type\" content=\"article\" \/>\n<meta property=\"og:title\" content=\"Carine Kanadi 35 posto, visoke carine i BiH i Srbiji - odabrano\" \/>\n<meta property=\"og:description\" content=\"Ameri\u010dki predsjednik Donald Trump potpisao je u \u010detvrtak nave\u010der izvr\u0161nu uredbu kojom se uvode ve\u0107e carine desecima zemalja diljem svijeta kako bi se &#8220;globalna trgovina restrukturirala u korist ameri\u010dkih radnika&#8221;, objavila je Bijela ku\u0107a. Nove carine su u rasponu od 10 do 41 posto, s najvi\u0161om carinom za Siriju. Europska unija, Japan i Ju\u017ena Koreja &hellip;\" \/>\n<meta property=\"og:url\" content=\"https:\/\/odabrano.com\/index.php\/2025\/08\/01\/carine-kanadi-35-posto-visoke-carine-i-bih-i-srbiji\/\" \/>\n<meta property=\"og:site_name\" content=\"odabrano\" \/>\n<meta property=\"article:published_time\" content=\"2025-08-01T05:35:07+00:00\" \/>\n<meta property=\"article:modified_time\" content=\"2025-08-01T05:35:44+00:00\" \/>\n<meta property=\"og:image\" content=\"http:\/\/odabrano.com\/wp-content\/uploads\/2025\/08\/kontejneri.webp\" \/>\n\t<meta property=\"og:image:width\" content=\"740\" \/>\n\t<meta property=\"og:image:height\" content=\"438\" \/>\n\t<meta property=\"og:image:type\" content=\"image\/webp\" \/>\n<meta name=\"author\" content=\"admin\" \/>\n<meta name=\"twitter:card\" content=\"summary_large_image\" \/>\n<meta name=\"twitter:label1\" content=\"Written by\" \/>\n\t<meta name=\"twitter:data1\" content=\"admin\" \/>\n\t<meta name=\"twitter:label2\" content=\"Est. reading time\" \/>\n\t<meta name=\"twitter:data2\" content=\"3 minutes\" \/>\n<script type=\"application\/ld+json\" class=\"yoast-schema-graph\">{\"@context\":\"https:\/\/schema.org\",\"@graph\":[{\"@type\":\"Article\",\"@id\":\"https:\/\/odabrano.com\/index.php\/2025\/08\/01\/carine-kanadi-35-posto-visoke-carine-i-bih-i-srbiji\/#article\",\"isPartOf\":{\"@id\":\"https:\/\/odabrano.com\/index.php\/2025\/08\/01\/carine-kanadi-35-posto-visoke-carine-i-bih-i-srbiji\/\"},\"author\":{\"name\":\"admin\",\"@id\":\"https:\/\/odabrano.com\/#\/schema\/person\/460f2b14657879743f23c4f6a7cd3236\"},\"headline\":\"Carine Kanadi 35 posto, visoke carine i BiH i Srbiji\",\"datePublished\":\"2025-08-01T05:35:07+00:00\",\"dateModified\":\"2025-08-01T05:35:44+00:00\",\"mainEntityOfPage\":{\"@id\":\"https:\/\/odabrano.com\/index.php\/2025\/08\/01\/carine-kanadi-35-posto-visoke-carine-i-bih-i-srbiji\/\"},\"wordCount\":703,\"publisher\":{\"@id\":\"https:\/\/odabrano.com\/#\/schema\/person\/460f2b14657879743f23c4f6a7cd3236\"},\"keywords\":[\"bih\",\"carine\",\"kanada\",\"srbija\",\"trump\"],\"articleSection\":[\"Svijet\"],\"inLanguage\":\"en-US\"},{\"@type\":\"WebPage\",\"@id\":\"https:\/\/odabrano.com\/index.php\/2025\/08\/01\/carine-kanadi-35-posto-visoke-carine-i-bih-i-srbiji\/\",\"url\":\"https:\/\/odabrano.com\/index.php\/2025\/08\/01\/carine-kanadi-35-posto-visoke-carine-i-bih-i-srbiji\/\",\"name\":\"Carine Kanadi 35 posto, visoke carine i BiH i Srbiji - odabrano\",\"isPartOf\":{\"@id\":\"https:\/\/odabrano.com\/#website\"},\"datePublished\":\"2025-08-01T05:35:07+00:00\",\"dateModified\":\"2025-08-01T05:35:44+00:00\",\"breadcrumb\":{\"@id\":\"https:\/\/odabrano.com\/index.php\/2025\/08\/01\/carine-kanadi-35-posto-visoke-carine-i-bih-i-srbiji\/#breadcrumb\"},\"inLanguage\":\"en-US\",\"potentialAction\":[{\"@type\":\"ReadAction\",\"target\":[\"https:\/\/odabrano.com\/index.php\/2025\/08\/01\/carine-kanadi-35-posto-visoke-carine-i-bih-i-srbiji\/\"]}]},{\"@type\":\"BreadcrumbList\",\"@id\":\"https:\/\/odabrano.com\/index.php\/2025\/08\/01\/carine-kanadi-35-posto-visoke-carine-i-bih-i-srbiji\/#breadcrumb\",\"itemListElement\":[{\"@type\":\"ListItem\",\"position\":1,\"name\":\"Home\",\"item\":\"https:\/\/odabrano.com\/\"},{\"@type\":\"ListItem\",\"position\":2,\"name\":\"Carine Kanadi 35 posto, visoke carine i BiH i Srbiji\"}]},{\"@type\":\"WebSite\",\"@id\":\"https:\/\/odabrano.com\/#website\",\"url\":\"https:\/\/odabrano.com\/\",\"name\":\"odabrano\",\"description\":\"news portal koji nudi odabrane vijesti i informacije\",\"publisher\":{\"@id\":\"https:\/\/odabrano.com\/#\/schema\/person\/460f2b14657879743f23c4f6a7cd3236\"},\"alternateName\":\"vijesti i informacije iz Hrvatske i svijeta\",\"potentialAction\":[{\"@type\":\"SearchAction\",\"target\":{\"@type\":\"EntryPoint\",\"urlTemplate\":\"https:\/\/odabrano.com\/?s={search_term_string}\"},\"query-input\":\"required name=search_term_string\"}],\"inLanguage\":\"en-US\"},{\"@type\":[\"Person\",\"Organization\"],\"@id\":\"https:\/\/odabrano.com\/#\/schema\/person\/460f2b14657879743f23c4f6a7cd3236\",\"name\":\"admin\",\"image\":{\"@type\":\"ImageObject\",\"inLanguage\":\"en-US\",\"@id\":\"https:\/\/odabrano.com\/#\/schema\/person\/image\/\",\"url\":\"https:\/\/odabrano.com\/wp-content\/uploads\/2024\/04\/dolar.jpg\",\"contentUrl\":\"https:\/\/odabrano.com\/wp-content\/uploads\/2024\/04\/dolar.jpg\",\"width\":1216,\"height\":519,\"caption\":\"admin\"},\"logo\":{\"@id\":\"https:\/\/odabrano.com\/#\/schema\/person\/image\/\"},\"sameAs\":[\"http:\/\/odabrano.com\"],\"url\":\"https:\/\/odabrano.com\/index.php\/author\/sokolneno_u3xb387h\/\"}]}<\/script>\n<!-- \/ Yoast SEO plugin. -->","yoast_head_json":{"title":"Carine Kanadi 35 posto, visoke carine i BiH i Srbiji - odabrano","robots":{"index":"index","follow":"follow","max-snippet":"max-snippet:-1","max-image-preview":"max-image-preview:large","max-video-preview":"max-video-preview:-1"},"canonical":"https:\/\/odabrano.com\/index.php\/2025\/08\/01\/carine-kanadi-35-posto-visoke-carine-i-bih-i-srbiji\/","og_locale":"en_US","og_type":"article","og_title":"Carine Kanadi 35 posto, visoke carine i BiH i Srbiji - odabrano","og_description":"Ameri\u010dki predsjednik Donald Trump potpisao je u \u010detvrtak nave\u010der izvr\u0161nu uredbu kojom se uvode ve\u0107e carine desecima zemalja diljem svijeta kako bi se &#8220;globalna trgovina restrukturirala u korist ameri\u010dkih radnika&#8221;, objavila je Bijela ku\u0107a. Nove carine su u rasponu od 10 do 41 posto, s najvi\u0161om carinom za Siriju. Europska unija, Japan i Ju\u017ena Koreja &hellip;","og_url":"https:\/\/odabrano.com\/index.php\/2025\/08\/01\/carine-kanadi-35-posto-visoke-carine-i-bih-i-srbiji\/","og_site_name":"odabrano","article_published_time":"2025-08-01T05:35:07+00:00","article_modified_time":"2025-08-01T05:35:44+00:00","og_image":[{"width":740,"height":438,"url":"http:\/\/odabrano.com\/wp-content\/uploads\/2025\/08\/kontejneri.webp","type":"image\/webp"}],"author":"admin","twitter_card":"summary_large_image","twitter_misc":{"Written by":"admin","Est. reading time":"3 minutes"},"schema":{"@context":"https:\/\/schema.org","@graph":[{"@type":"Article","@id":"https:\/\/odabrano.com\/index.php\/2025\/08\/01\/carine-kanadi-35-posto-visoke-carine-i-bih-i-srbiji\/#article","isPartOf":{"@id":"https:\/\/odabrano.com\/index.php\/2025\/08\/01\/carine-kanadi-35-posto-visoke-carine-i-bih-i-srbiji\/"},"author":{"name":"admin","@id":"https:\/\/odabrano.com\/#\/schema\/person\/460f2b14657879743f23c4f6a7cd3236"},"headline":"Carine Kanadi 35 posto, visoke carine i BiH i Srbiji","datePublished":"2025-08-01T05:35:07+00:00","dateModified":"2025-08-01T05:35:44+00:00","mainEntityOfPage":{"@id":"https:\/\/odabrano.com\/index.php\/2025\/08\/01\/carine-kanadi-35-posto-visoke-carine-i-bih-i-srbiji\/"},"wordCount":703,"publisher":{"@id":"https:\/\/odabrano.com\/#\/schema\/person\/460f2b14657879743f23c4f6a7cd3236"},"keywords":["bih","carine","kanada","srbija","trump"],"articleSection":["Svijet"],"inLanguage":"en-US"},{"@type":"WebPage","@id":"https:\/\/odabrano.com\/index.php\/2025\/08\/01\/carine-kanadi-35-posto-visoke-carine-i-bih-i-srbiji\/","url":"https:\/\/odabrano.com\/index.php\/2025\/08\/01\/carine-kanadi-35-posto-visoke-carine-i-bih-i-srbiji\/","name":"Carine Kanadi 35 posto, visoke carine i BiH i Srbiji - odabrano","isPartOf":{"@id":"https:\/\/odabrano.com\/#website"},"datePublished":"2025-08-01T05:35:07+00:00","dateModified":"2025-08-01T05:35:44+00:00","breadcrumb":{"@id":"https:\/\/odabrano.com\/index.php\/2025\/08\/01\/carine-kanadi-35-posto-visoke-carine-i-bih-i-srbiji\/#breadcrumb"},"inLanguage":"en-US","potentialAction":[{"@type":"ReadAction","target":["https:\/\/odabrano.com\/index.php\/2025\/08\/01\/carine-kanadi-35-posto-visoke-carine-i-bih-i-srbiji\/"]}]},{"@type":"BreadcrumbList","@id":"https:\/\/odabrano.com\/index.php\/2025\/08\/01\/carine-kanadi-35-posto-visoke-carine-i-bih-i-srbiji\/#breadcrumb","itemListElement":[{"@type":"ListItem","position":1,"name":"Home","item":"https:\/\/odabrano.com\/"},{"@type":"ListItem","position":2,"name":"Carine Kanadi 35 posto, visoke carine i BiH i Srbiji"}]},{"@type":"WebSite","@id":"https:\/\/odabrano.com\/#website","url":"https:\/\/odabrano.com\/","name":"odabrano","description":"news portal koji nudi odabrane vijesti i informacije","publisher":{"@id":"https:\/\/odabrano.com\/#\/schema\/person\/460f2b14657879743f23c4f6a7cd3236"},"alternateName":"vijesti i informacije iz Hrvatske i svijeta","potentialAction":[{"@type":"SearchAction","target":{"@type":"EntryPoint","urlTemplate":"https:\/\/odabrano.com\/?s={search_term_string}"},"query-input":"required name=search_term_string"}],"inLanguage":"en-US"},{"@type":["Person","Organization"],"@id":"https:\/\/odabrano.com\/#\/schema\/person\/460f2b14657879743f23c4f6a7cd3236","name":"admin","image":{"@type":"ImageObject","inLanguage":"en-US","@id":"https:\/\/odabrano.com\/#\/schema\/person\/image\/","url":"https:\/\/odabrano.com\/wp-content\/uploads\/2024\/04\/dolar.jpg","contentUrl":"https:\/\/odabrano.com\/wp-content\/uploads\/2024\/04\/dolar.jpg","width":1216,"height":519,"caption":"admin"},"logo":{"@id":"https:\/\/odabrano.com\/#\/schema\/person\/image\/"},"sameAs":["http:\/\/odabrano.com"],"url":"https:\/\/odabrano.com\/index.php\/author\/sokolneno_u3xb387h\/"}]}},"_links":{"self":[{"href":"https:\/\/odabrano.com\/index.php\/wp-json\/wp\/v2\/posts\/6323","targetHints":{"allow":["GET"]}}],"collection":[{"href":"https:\/\/odabrano.com\/index.php\/wp-json\/wp\/v2\/posts"}],"about":[{"href":"https:\/\/odabrano.com\/index.php\/wp-json\/wp\/v2\/types\/post"}],"author":[{"embeddable":true,"href":"https:\/\/odabrano.com\/index.php\/wp-json\/wp\/v2\/users\/1"}],"replies":[{"embeddable":true,"href":"https:\/\/odabrano.com\/index.php\/wp-json\/wp\/v2\/comments?post=6323"}],"version-history":[{"count":3,"href":"https:\/\/odabrano.com\/index.php\/wp-json\/wp\/v2\/posts\/6323\/revisions"}],"predecessor-version":[{"id":6328,"href":"https:\/\/odabrano.com\/index.php\/wp-json\/wp\/v2\/posts\/6323\/revisions\/6328"}],"wp:featuredmedia":[{"embeddable":true,"href":"https:\/\/odabrano.com\/index.php\/wp-json\/wp\/v2\/media\/6324"}],"wp:attachment":[{"href":"https:\/\/odabrano.com\/index.php\/wp-json\/wp\/v2\/media?parent=6323"}],"wp:term":[{"taxonomy":"category","embeddable":true,"href":"https:\/\/odabrano.com\/index.php\/wp-json\/wp\/v2\/categories?post=6323"},{"taxonomy":"post_tag","embeddable":true,"href":"https:\/\/odabrano.com\/index.php\/wp-json\/wp\/v2\/tags?post=6323"}],"curies":[{"name":"wp","href":"https:\/\/api.w.org\/{rel}","templated":true}]}}