{"id":6315,"date":"2025-07-31T14:14:32","date_gmt":"2025-07-31T12:14:32","guid":{"rendered":"https:\/\/odabrano.com\/?p=6315"},"modified":"2025-07-31T14:14:33","modified_gmt":"2025-07-31T12:14:33","slug":"brod-s-azbestom-moby-drea-ipak-uplovio-u-splitski-skver","status":"publish","type":"post","link":"https:\/\/odabrano.com\/index.php\/2025\/07\/31\/brod-s-azbestom-moby-drea-ipak-uplovio-u-splitski-skver\/","title":{"rendered":"Brod s azbestom &#8220;Moby Drea&#8221; ipak uplovio u splitski \u0161kver"},"content":{"rendered":"<p>Talijanski putni\u010dki brod &#8220;Moby Drea&#8221;, koji je natovaren panelima s azbestom, u \u010detvrtak je uplovio u splitski \u0161kver.<\/p>\n<p>&#8220;Moby Drea&#8221; je u ponedjeljak dotegljen do Splitskih vrata, gdje je \u010dekao na uplovljavanje u \u0161kver, kako bi mu tamo obavili remont i skinuli panele s azbestom.<\/p>\n<p>Brod je dug 183 metra, a \u0161irok 26,88 metara. <\/p>\n<p>Prema planu u \u0161kveru je predvi\u0111eno uklanjanje pregradnih panela koji sadr\u017ee azbest &#8211; materijal koji se, u skladu s tada\u0161njim standardima, koristio za izradu protupo\u017earnih klasa A60 u vrijeme gradnje broda, sredinom 1970-ih godina.<\/p>\n<p>Splitska javnost bunila se protekla dva dana protiv remonta tog 50 godina starog broda u splitskom \u0161kveru, u utorak su prosvjedovali pred Brodosplitom, a pridru\u017eili su im se i lokalni politi\u010dari. <\/p>\n<p>Tek osnovana Gra\u0111anska inicijativa Zdravi Split najavila je novi prosvjed u petak u 10 sati ispred Banovine i pozvala gra\u0111ane da svojim brodicama stopiraju uplov spornog broda u \u0161kver.<\/p>\n<p>Zabrana kori\u0161tenja azbesta u Hrvatskoj na snazi je od 2006. godine, samo godinu dana nakon \u0161to je istu odluku donijela EU.<\/p>\n","protected":false},"excerpt":{"rendered":"<p>Talijanski putni\u010dki brod &#8220;Moby Drea&#8221;, koji je natovaren panelima s azbestom, u \u010detvrtak je uplovio u splitski \u0161kver. &#8220;Moby Drea&#8221; je u ponedjeljak dotegljen do Splitskih vrata, gdje je \u010dekao na uplovljavanje u \u0161kver, kako bi mu tamo obavili remont i skinuli panele s azbestom. Brod je dug 183 metra, a \u0161irok 26,88 metara. Prema &hellip;<\/p>\n","protected":false},"author":1,"featured_media":6316,"comment_status":"closed","ping_status":"open","sticky":false,"template":"","format":"standard","meta":{"_monsterinsights_skip_tracking":false,"_monsterinsights_sitenote_active":false,"_monsterinsights_sitenote_note":"","_monsterinsights_sitenote_category":0,"footnotes":""},"categories":[25],"tags":[1261,1270,1271,10],"class_list":["post-6315","post","type-post","status-publish","format-standard","has-post-thumbnail","","category-hrvatska","tag-azbest","tag-moby-drea","tag-skver","tag-split"],"yoast_head":"<!-- This site is optimized with the Yoast SEO plugin v22.1 - https:\/\/yoast.com\/wordpress\/plugins\/seo\/ -->\n<title>Brod s azbestom &quot;Moby Drea&quot; ipak uplovio u splitski \u0161kver - odabrano<\/title>\n<meta name=\"robots\" content=\"index, follow, max-snippet:-1, max-image-preview:large, max-video-preview:-1\" \/>\n<link rel=\"canonical\" href=\"https:\/\/odabrano.com\/index.php\/2025\/07\/31\/brod-s-azbestom-moby-drea-ipak-uplovio-u-splitski-skver\/\" \/>\n<meta property=\"og:locale\" content=\"en_US\" \/>\n<meta property=\"og:type\" content=\"article\" \/>\n<meta property=\"og:title\" content=\"Brod s azbestom &quot;Moby Drea&quot; ipak uplovio u splitski \u0161kver - odabrano\" \/>\n<meta property=\"og:description\" content=\"Talijanski putni\u010dki brod &#8220;Moby Drea&#8221;, koji je natovaren panelima s azbestom, u \u010detvrtak je uplovio u splitski \u0161kver. &#8220;Moby Drea&#8221; je u ponedjeljak dotegljen do Splitskih vrata, gdje je \u010dekao na uplovljavanje u \u0161kver, kako bi mu tamo obavili remont i skinuli panele s azbestom. Brod je dug 183 metra, a \u0161irok 26,88 metara. Prema &hellip;\" \/>\n<meta property=\"og:url\" content=\"https:\/\/odabrano.com\/index.php\/2025\/07\/31\/brod-s-azbestom-moby-drea-ipak-uplovio-u-splitski-skver\/\" \/>\n<meta property=\"og:site_name\" content=\"odabrano\" \/>\n<meta property=\"article:published_time\" content=\"2025-07-31T12:14:32+00:00\" \/>\n<meta property=\"article:modified_time\" content=\"2025-07-31T12:14:33+00:00\" \/>\n<meta property=\"og:image\" content=\"http:\/\/odabrano.com\/wp-content\/uploads\/2025\/07\/brod2.webp\" \/>\n\t<meta property=\"og:image:width\" content=\"740\" \/>\n\t<meta property=\"og:image:height\" content=\"438\" \/>\n\t<meta property=\"og:image:type\" content=\"image\/webp\" \/>\n<meta name=\"author\" content=\"admin\" \/>\n<meta name=\"twitter:card\" content=\"summary_large_image\" \/>\n<meta name=\"twitter:label1\" content=\"Written by\" \/>\n\t<meta name=\"twitter:data1\" content=\"admin\" \/>\n\t<meta name=\"twitter:label2\" content=\"Est. reading time\" \/>\n\t<meta name=\"twitter:data2\" content=\"1 minute\" \/>\n<script type=\"application\/ld+json\" class=\"yoast-schema-graph\">{\"@context\":\"https:\/\/schema.org\",\"@graph\":[{\"@type\":\"Article\",\"@id\":\"https:\/\/odabrano.com\/index.php\/2025\/07\/31\/brod-s-azbestom-moby-drea-ipak-uplovio-u-splitski-skver\/#article\",\"isPartOf\":{\"@id\":\"https:\/\/odabrano.com\/index.php\/2025\/07\/31\/brod-s-azbestom-moby-drea-ipak-uplovio-u-splitski-skver\/\"},\"author\":{\"name\":\"admin\",\"@id\":\"https:\/\/odabrano.com\/#\/schema\/person\/460f2b14657879743f23c4f6a7cd3236\"},\"headline\":\"Brod s azbestom &#8220;Moby Drea&#8221; ipak uplovio u splitski \u0161kver\",\"datePublished\":\"2025-07-31T12:14:32+00:00\",\"dateModified\":\"2025-07-31T12:14:33+00:00\",\"mainEntityOfPage\":{\"@id\":\"https:\/\/odabrano.com\/index.php\/2025\/07\/31\/brod-s-azbestom-moby-drea-ipak-uplovio-u-splitski-skver\/\"},\"wordCount\":184,\"publisher\":{\"@id\":\"https:\/\/odabrano.com\/#\/schema\/person\/460f2b14657879743f23c4f6a7cd3236\"},\"keywords\":[\"azbest\",\"Moby Drea\",\"\u0161kver\",\"split\"],\"articleSection\":[\"Hrvatska\"],\"inLanguage\":\"en-US\"},{\"@type\":\"WebPage\",\"@id\":\"https:\/\/odabrano.com\/index.php\/2025\/07\/31\/brod-s-azbestom-moby-drea-ipak-uplovio-u-splitski-skver\/\",\"url\":\"https:\/\/odabrano.com\/index.php\/2025\/07\/31\/brod-s-azbestom-moby-drea-ipak-uplovio-u-splitski-skver\/\",\"name\":\"Brod s azbestom \\\"Moby Drea\\\" ipak uplovio u splitski \u0161kver - odabrano\",\"isPartOf\":{\"@id\":\"https:\/\/odabrano.com\/#website\"},\"datePublished\":\"2025-07-31T12:14:32+00:00\",\"dateModified\":\"2025-07-31T12:14:33+00:00\",\"breadcrumb\":{\"@id\":\"https:\/\/odabrano.com\/index.php\/2025\/07\/31\/brod-s-azbestom-moby-drea-ipak-uplovio-u-splitski-skver\/#breadcrumb\"},\"inLanguage\":\"en-US\",\"potentialAction\":[{\"@type\":\"ReadAction\",\"target\":[\"https:\/\/odabrano.com\/index.php\/2025\/07\/31\/brod-s-azbestom-moby-drea-ipak-uplovio-u-splitski-skver\/\"]}]},{\"@type\":\"BreadcrumbList\",\"@id\":\"https:\/\/odabrano.com\/index.php\/2025\/07\/31\/brod-s-azbestom-moby-drea-ipak-uplovio-u-splitski-skver\/#breadcrumb\",\"itemListElement\":[{\"@type\":\"ListItem\",\"position\":1,\"name\":\"Home\",\"item\":\"https:\/\/odabrano.com\/\"},{\"@type\":\"ListItem\",\"position\":2,\"name\":\"Brod s azbestom &#8220;Moby Drea&#8221; ipak uplovio u splitski \u0161kver\"}]},{\"@type\":\"WebSite\",\"@id\":\"https:\/\/odabrano.com\/#website\",\"url\":\"https:\/\/odabrano.com\/\",\"name\":\"odabrano\",\"description\":\"news portal koji nudi odabrane vijesti i informacije\",\"publisher\":{\"@id\":\"https:\/\/odabrano.com\/#\/schema\/person\/460f2b14657879743f23c4f6a7cd3236\"},\"alternateName\":\"vijesti i informacije iz Hrvatske i svijeta\",\"potentialAction\":[{\"@type\":\"SearchAction\",\"target\":{\"@type\":\"EntryPoint\",\"urlTemplate\":\"https:\/\/odabrano.com\/?s={search_term_string}\"},\"query-input\":\"required name=search_term_string\"}],\"inLanguage\":\"en-US\"},{\"@type\":[\"Person\",\"Organization\"],\"@id\":\"https:\/\/odabrano.com\/#\/schema\/person\/460f2b14657879743f23c4f6a7cd3236\",\"name\":\"admin\",\"image\":{\"@type\":\"ImageObject\",\"inLanguage\":\"en-US\",\"@id\":\"https:\/\/odabrano.com\/#\/schema\/person\/image\/\",\"url\":\"https:\/\/odabrano.com\/wp-content\/uploads\/2024\/04\/dolar.jpg\",\"contentUrl\":\"https:\/\/odabrano.com\/wp-content\/uploads\/2024\/04\/dolar.jpg\",\"width\":1216,\"height\":519,\"caption\":\"admin\"},\"logo\":{\"@id\":\"https:\/\/odabrano.com\/#\/schema\/person\/image\/\"},\"sameAs\":[\"http:\/\/odabrano.com\"],\"url\":\"https:\/\/odabrano.com\/index.php\/author\/sokolneno_u3xb387h\/\"}]}<\/script>\n<!-- \/ Yoast SEO plugin. -->","yoast_head_json":{"title":"Brod s azbestom \"Moby Drea\" ipak uplovio u splitski \u0161kver - odabrano","robots":{"index":"index","follow":"follow","max-snippet":"max-snippet:-1","max-image-preview":"max-image-preview:large","max-video-preview":"max-video-preview:-1"},"canonical":"https:\/\/odabrano.com\/index.php\/2025\/07\/31\/brod-s-azbestom-moby-drea-ipak-uplovio-u-splitski-skver\/","og_locale":"en_US","og_type":"article","og_title":"Brod s azbestom \"Moby Drea\" ipak uplovio u splitski \u0161kver - odabrano","og_description":"Talijanski putni\u010dki brod &#8220;Moby Drea&#8221;, koji je natovaren panelima s azbestom, u \u010detvrtak je uplovio u splitski \u0161kver. &#8220;Moby Drea&#8221; je u ponedjeljak dotegljen do Splitskih vrata, gdje je \u010dekao na uplovljavanje u \u0161kver, kako bi mu tamo obavili remont i skinuli panele s azbestom. Brod je dug 183 metra, a \u0161irok 26,88 metara. Prema &hellip;","og_url":"https:\/\/odabrano.com\/index.php\/2025\/07\/31\/brod-s-azbestom-moby-drea-ipak-uplovio-u-splitski-skver\/","og_site_name":"odabrano","article_published_time":"2025-07-31T12:14:32+00:00","article_modified_time":"2025-07-31T12:14:33+00:00","og_image":[{"width":740,"height":438,"url":"http:\/\/odabrano.com\/wp-content\/uploads\/2025\/07\/brod2.webp","type":"image\/webp"}],"author":"admin","twitter_card":"summary_large_image","twitter_misc":{"Written by":"admin","Est. reading time":"1 minute"},"schema":{"@context":"https:\/\/schema.org","@graph":[{"@type":"Article","@id":"https:\/\/odabrano.com\/index.php\/2025\/07\/31\/brod-s-azbestom-moby-drea-ipak-uplovio-u-splitski-skver\/#article","isPartOf":{"@id":"https:\/\/odabrano.com\/index.php\/2025\/07\/31\/brod-s-azbestom-moby-drea-ipak-uplovio-u-splitski-skver\/"},"author":{"name":"admin","@id":"https:\/\/odabrano.com\/#\/schema\/person\/460f2b14657879743f23c4f6a7cd3236"},"headline":"Brod s azbestom &#8220;Moby Drea&#8221; ipak uplovio u splitski \u0161kver","datePublished":"2025-07-31T12:14:32+00:00","dateModified":"2025-07-31T12:14:33+00:00","mainEntityOfPage":{"@id":"https:\/\/odabrano.com\/index.php\/2025\/07\/31\/brod-s-azbestom-moby-drea-ipak-uplovio-u-splitski-skver\/"},"wordCount":184,"publisher":{"@id":"https:\/\/odabrano.com\/#\/schema\/person\/460f2b14657879743f23c4f6a7cd3236"},"keywords":["azbest","Moby Drea","\u0161kver","split"],"articleSection":["Hrvatska"],"inLanguage":"en-US"},{"@type":"WebPage","@id":"https:\/\/odabrano.com\/index.php\/2025\/07\/31\/brod-s-azbestom-moby-drea-ipak-uplovio-u-splitski-skver\/","url":"https:\/\/odabrano.com\/index.php\/2025\/07\/31\/brod-s-azbestom-moby-drea-ipak-uplovio-u-splitski-skver\/","name":"Brod s azbestom \"Moby Drea\" ipak uplovio u splitski \u0161kver - odabrano","isPartOf":{"@id":"https:\/\/odabrano.com\/#website"},"datePublished":"2025-07-31T12:14:32+00:00","dateModified":"2025-07-31T12:14:33+00:00","breadcrumb":{"@id":"https:\/\/odabrano.com\/index.php\/2025\/07\/31\/brod-s-azbestom-moby-drea-ipak-uplovio-u-splitski-skver\/#breadcrumb"},"inLanguage":"en-US","potentialAction":[{"@type":"ReadAction","target":["https:\/\/odabrano.com\/index.php\/2025\/07\/31\/brod-s-azbestom-moby-drea-ipak-uplovio-u-splitski-skver\/"]}]},{"@type":"BreadcrumbList","@id":"https:\/\/odabrano.com\/index.php\/2025\/07\/31\/brod-s-azbestom-moby-drea-ipak-uplovio-u-splitski-skver\/#breadcrumb","itemListElement":[{"@type":"ListItem","position":1,"name":"Home","item":"https:\/\/odabrano.com\/"},{"@type":"ListItem","position":2,"name":"Brod s azbestom &#8220;Moby Drea&#8221; ipak uplovio u splitski \u0161kver"}]},{"@type":"WebSite","@id":"https:\/\/odabrano.com\/#website","url":"https:\/\/odabrano.com\/","name":"odabrano","description":"news portal koji nudi odabrane vijesti i informacije","publisher":{"@id":"https:\/\/odabrano.com\/#\/schema\/person\/460f2b14657879743f23c4f6a7cd3236"},"alternateName":"vijesti i informacije iz Hrvatske i svijeta","potentialAction":[{"@type":"SearchAction","target":{"@type":"EntryPoint","urlTemplate":"https:\/\/odabrano.com\/?s={search_term_string}"},"query-input":"required name=search_term_string"}],"inLanguage":"en-US"},{"@type":["Person","Organization"],"@id":"https:\/\/odabrano.com\/#\/schema\/person\/460f2b14657879743f23c4f6a7cd3236","name":"admin","image":{"@type":"ImageObject","inLanguage":"en-US","@id":"https:\/\/odabrano.com\/#\/schema\/person\/image\/","url":"https:\/\/odabrano.com\/wp-content\/uploads\/2024\/04\/dolar.jpg","contentUrl":"https:\/\/odabrano.com\/wp-content\/uploads\/2024\/04\/dolar.jpg","width":1216,"height":519,"caption":"admin"},"logo":{"@id":"https:\/\/odabrano.com\/#\/schema\/person\/image\/"},"sameAs":["http:\/\/odabrano.com"],"url":"https:\/\/odabrano.com\/index.php\/author\/sokolneno_u3xb387h\/"}]}},"_links":{"self":[{"href":"https:\/\/odabrano.com\/index.php\/wp-json\/wp\/v2\/posts\/6315","targetHints":{"allow":["GET"]}}],"collection":[{"href":"https:\/\/odabrano.com\/index.php\/wp-json\/wp\/v2\/posts"}],"about":[{"href":"https:\/\/odabrano.com\/index.php\/wp-json\/wp\/v2\/types\/post"}],"author":[{"embeddable":true,"href":"https:\/\/odabrano.com\/index.php\/wp-json\/wp\/v2\/users\/1"}],"replies":[{"embeddable":true,"href":"https:\/\/odabrano.com\/index.php\/wp-json\/wp\/v2\/comments?post=6315"}],"version-history":[{"count":2,"href":"https:\/\/odabrano.com\/index.php\/wp-json\/wp\/v2\/posts\/6315\/revisions"}],"predecessor-version":[{"id":6318,"href":"https:\/\/odabrano.com\/index.php\/wp-json\/wp\/v2\/posts\/6315\/revisions\/6318"}],"wp:featuredmedia":[{"embeddable":true,"href":"https:\/\/odabrano.com\/index.php\/wp-json\/wp\/v2\/media\/6316"}],"wp:attachment":[{"href":"https:\/\/odabrano.com\/index.php\/wp-json\/wp\/v2\/media?parent=6315"}],"wp:term":[{"taxonomy":"category","embeddable":true,"href":"https:\/\/odabrano.com\/index.php\/wp-json\/wp\/v2\/categories?post=6315"},{"taxonomy":"post_tag","embeddable":true,"href":"https:\/\/odabrano.com\/index.php\/wp-json\/wp\/v2\/tags?post=6315"}],"curies":[{"name":"wp","href":"https:\/\/api.w.org\/{rel}","templated":true}]}}