{"id":6307,"date":"2025-07-30T14:28:43","date_gmt":"2025-07-30T12:28:43","guid":{"rendered":"https:\/\/odabrano.com\/?p=6307"},"modified":"2025-07-30T14:32:25","modified_gmt":"2025-07-30T12:32:25","slug":"brod-s-azbestom-ipak-nece-na-remont-u-splitski-skver","status":"publish","type":"post","link":"https:\/\/odabrano.com\/index.php\/2025\/07\/30\/brod-s-azbestom-ipak-nece-na-remont-u-splitski-skver\/","title":{"rendered":"Brod s azbestom ipak ne\u0107e na remont u splitski \u0161kver?"},"content":{"rendered":"\n<p>Talijanski brod &#8220;Moby Drea&#8221;, koji je dotegljen do Splitskih vrata kako bi mogao i\u0107i na remont i skidanja panela s azbestom u splitski \u0161kver, prema neslu\u017ebenim informacijama ipak ne\u0107e ostati na remontu u Brodsplitu zbog opasnog tereta koji nosi.<\/p>\n\n\n\n<p>Kako Hina doznaje iz pouzdanih izvora, nakon \u0161to brod uplovi u \u0161kversku luku obi\u0107i \u0107e ga slu\u017ebenici Dr\u017eavnog inspektorata i carine, koji bi kapetanu broda trebali zabraniti ostanak u luci zbog opasnog tereta, odnosno panela s azbestom.<br><br>Brod je u srijedu ujutro otplovio do \u0160olte pa se nakon nekog vremena vratio u Splitska vrata. Neslu\u017ebeno se doznaje da je za to vrijeme u \u0161kveru trajalo premje\u0161tanje jedrenjaka &#8220;Golden Horizon&#8221;, koji je bio vezan na najdubljem dijelu \u0161kverske luke te je preba\u010den u drugi dio kako bi na njegovo mjesto uplovio &#8220;Moby Drea&#8221;, koji ima problem s predubokim gazom.<br><br>Spli\u0107ani su se protekla dva dana uznemirili i pobunili zbog uplovljavanja 50 godina starog putni\u010dkog broda natovarenog panelima s azbestom, u utorak su prosvjedovali pred Brodosplitom, pridru\u017eili su im se lokalni politi\u010dari, a reagirao je i gradona\u010delnik&nbsp;<strong>Tomislav \u0160uta<\/strong>.<\/p>\n\n\n\n<h4 class=\"wp-block-heading\"><strong>Nije bila obavije\u0161tena Lu\u010dka uprava<\/strong><\/h4>\n\n\n\n<p>Ju\u010der je osnovana Gra\u0111anska inicijativa Zdravi Split koja je u samo jedan dan prikupila vi\u0161e od tisu\u0107u potpisa Spli\u0107ana i \u017eitelja okolnih mjesta za zahtjevom da sporni brod isplovi iz Splita, jer se protive bilo kakvoj obradi azbesta.<\/p>\n\n\n\n<p>Brod je dug 183 metra, a \u0161irok 26,88 metara. Prema planu, na njemu je bilo predvi\u0111eno uklanjanje pregradnih panela koji sadr\u017ee azbest &#8211; materijal koji se, u skladu s tada\u0161njim standardima, koristio za izradu protupo\u017earnih klasa A60 u vrijeme gradnje broda, sredinom 1970-ih godina.<\/p>\n\n\n\n<p>Iz splitskog \u0161kvera ju\u010der su javnost uvjeravali kako \u0107e nadzor nad izvo\u0111enjem radova provoditi neovisna ovla\u0161tena stru\u010dna tvrtka, dok \u0107e zbrinjavanje otpada obaviti koncesionar specijaliziran za prikupljanje i obradu opasnog otpada no, nisu rekli na koju \u0107e lokaciju biti skladi\u0161ten azbest.<\/p>\n\n\n\n<p>Jo\u0161 ve\u0107u sumnju izazvala je informacija da o dolasku talijanskog broda nije bila obavije\u0161tena Lu\u010dka uprava, koja potom nije dozvolila sidrenje broda. Spli\u0107ane je najvi\u0161e zabrinulo to \u0161to se posao s azbestom \u017eeli obaviti u gradu koji je ve\u0107 imao dovoljno problema s tvornicom Salonit u Vranjicu, i to nakon \u0161to je kori\u0161tenje azbesta u Hrvatskoj zabranjeno od 2006. godine.<\/p>\n","protected":false},"excerpt":{"rendered":"<p>Talijanski brod &#8220;Moby Drea&#8221;, koji je dotegljen do Splitskih vrata kako bi mogao i\u0107i na remont i skidanja panela s azbestom u splitski \u0161kver, prema neslu\u017ebenim informacijama ipak ne\u0107e ostati na remontu u Brodsplitu zbog opasnog tereta koji nosi. Kako Hina doznaje iz pouzdanih izvora, nakon \u0161to brod uplovi u \u0161kversku luku obi\u0107i \u0107e ga &hellip;<\/p>\n","protected":false},"author":1,"featured_media":6308,"comment_status":"closed","ping_status":"open","sticky":false,"template":"","format":"standard","meta":{"_monsterinsights_skip_tracking":false,"_monsterinsights_sitenote_active":false,"_monsterinsights_sitenote_note":"","_monsterinsights_sitenote_category":0,"footnotes":""},"categories":[25],"tags":[1261,85,1269,10],"class_list":["post-6307","post","type-post","status-publish","format-standard","has-post-thumbnail","","category-hrvatska","tag-azbest","tag-brod","tag-brodogradiliste","tag-split"],"yoast_head":"<!-- This site is optimized with the Yoast SEO plugin v22.1 - https:\/\/yoast.com\/wordpress\/plugins\/seo\/ -->\n<title>Brod s azbestom ipak ne\u0107e na remont u splitski \u0161kver? - odabrano<\/title>\n<meta name=\"robots\" content=\"index, follow, max-snippet:-1, max-image-preview:large, max-video-preview:-1\" \/>\n<link rel=\"canonical\" href=\"https:\/\/odabrano.com\/index.php\/2025\/07\/30\/brod-s-azbestom-ipak-nece-na-remont-u-splitski-skver\/\" \/>\n<meta property=\"og:locale\" content=\"en_US\" \/>\n<meta property=\"og:type\" content=\"article\" \/>\n<meta property=\"og:title\" content=\"Brod s azbestom ipak ne\u0107e na remont u splitski \u0161kver? - odabrano\" \/>\n<meta property=\"og:description\" content=\"Talijanski brod &#8220;Moby Drea&#8221;, koji je dotegljen do Splitskih vrata kako bi mogao i\u0107i na remont i skidanja panela s azbestom u splitski \u0161kver, prema neslu\u017ebenim informacijama ipak ne\u0107e ostati na remontu u Brodsplitu zbog opasnog tereta koji nosi. Kako Hina doznaje iz pouzdanih izvora, nakon \u0161to brod uplovi u \u0161kversku luku obi\u0107i \u0107e ga &hellip;\" \/>\n<meta property=\"og:url\" content=\"https:\/\/odabrano.com\/index.php\/2025\/07\/30\/brod-s-azbestom-ipak-nece-na-remont-u-splitski-skver\/\" \/>\n<meta property=\"og:site_name\" content=\"odabrano\" \/>\n<meta property=\"article:published_time\" content=\"2025-07-30T12:28:43+00:00\" \/>\n<meta property=\"article:modified_time\" content=\"2025-07-30T12:32:25+00:00\" \/>\n<meta property=\"og:image\" content=\"http:\/\/odabrano.com\/wp-content\/uploads\/2025\/07\/brod.webp\" \/>\n\t<meta property=\"og:image:width\" content=\"740\" \/>\n\t<meta property=\"og:image:height\" content=\"438\" \/>\n\t<meta property=\"og:image:type\" content=\"image\/webp\" \/>\n<meta name=\"author\" content=\"admin\" \/>\n<meta name=\"twitter:card\" content=\"summary_large_image\" \/>\n<meta name=\"twitter:label1\" content=\"Written by\" \/>\n\t<meta name=\"twitter:data1\" content=\"admin\" \/>\n\t<meta name=\"twitter:label2\" content=\"Est. reading time\" \/>\n\t<meta name=\"twitter:data2\" content=\"2 minutes\" \/>\n<script type=\"application\/ld+json\" class=\"yoast-schema-graph\">{\"@context\":\"https:\/\/schema.org\",\"@graph\":[{\"@type\":\"Article\",\"@id\":\"https:\/\/odabrano.com\/index.php\/2025\/07\/30\/brod-s-azbestom-ipak-nece-na-remont-u-splitski-skver\/#article\",\"isPartOf\":{\"@id\":\"https:\/\/odabrano.com\/index.php\/2025\/07\/30\/brod-s-azbestom-ipak-nece-na-remont-u-splitski-skver\/\"},\"author\":{\"name\":\"admin\",\"@id\":\"https:\/\/odabrano.com\/#\/schema\/person\/460f2b14657879743f23c4f6a7cd3236\"},\"headline\":\"Brod s azbestom ipak ne\u0107e na remont u splitski \u0161kver?\",\"datePublished\":\"2025-07-30T12:28:43+00:00\",\"dateModified\":\"2025-07-30T12:32:25+00:00\",\"mainEntityOfPage\":{\"@id\":\"https:\/\/odabrano.com\/index.php\/2025\/07\/30\/brod-s-azbestom-ipak-nece-na-remont-u-splitski-skver\/\"},\"wordCount\":408,\"publisher\":{\"@id\":\"https:\/\/odabrano.com\/#\/schema\/person\/460f2b14657879743f23c4f6a7cd3236\"},\"keywords\":[\"azbest\",\"brod\",\"brodogradili\u0161te\",\"split\"],\"articleSection\":[\"Hrvatska\"],\"inLanguage\":\"en-US\"},{\"@type\":\"WebPage\",\"@id\":\"https:\/\/odabrano.com\/index.php\/2025\/07\/30\/brod-s-azbestom-ipak-nece-na-remont-u-splitski-skver\/\",\"url\":\"https:\/\/odabrano.com\/index.php\/2025\/07\/30\/brod-s-azbestom-ipak-nece-na-remont-u-splitski-skver\/\",\"name\":\"Brod s azbestom ipak ne\u0107e na remont u splitski \u0161kver? - odabrano\",\"isPartOf\":{\"@id\":\"https:\/\/odabrano.com\/#website\"},\"datePublished\":\"2025-07-30T12:28:43+00:00\",\"dateModified\":\"2025-07-30T12:32:25+00:00\",\"breadcrumb\":{\"@id\":\"https:\/\/odabrano.com\/index.php\/2025\/07\/30\/brod-s-azbestom-ipak-nece-na-remont-u-splitski-skver\/#breadcrumb\"},\"inLanguage\":\"en-US\",\"potentialAction\":[{\"@type\":\"ReadAction\",\"target\":[\"https:\/\/odabrano.com\/index.php\/2025\/07\/30\/brod-s-azbestom-ipak-nece-na-remont-u-splitski-skver\/\"]}]},{\"@type\":\"BreadcrumbList\",\"@id\":\"https:\/\/odabrano.com\/index.php\/2025\/07\/30\/brod-s-azbestom-ipak-nece-na-remont-u-splitski-skver\/#breadcrumb\",\"itemListElement\":[{\"@type\":\"ListItem\",\"position\":1,\"name\":\"Home\",\"item\":\"https:\/\/odabrano.com\/\"},{\"@type\":\"ListItem\",\"position\":2,\"name\":\"Brod s azbestom ipak ne\u0107e na remont u splitski \u0161kver?\"}]},{\"@type\":\"WebSite\",\"@id\":\"https:\/\/odabrano.com\/#website\",\"url\":\"https:\/\/odabrano.com\/\",\"name\":\"odabrano\",\"description\":\"news portal koji nudi odabrane vijesti i informacije\",\"publisher\":{\"@id\":\"https:\/\/odabrano.com\/#\/schema\/person\/460f2b14657879743f23c4f6a7cd3236\"},\"alternateName\":\"vijesti i informacije iz Hrvatske i svijeta\",\"potentialAction\":[{\"@type\":\"SearchAction\",\"target\":{\"@type\":\"EntryPoint\",\"urlTemplate\":\"https:\/\/odabrano.com\/?s={search_term_string}\"},\"query-input\":\"required name=search_term_string\"}],\"inLanguage\":\"en-US\"},{\"@type\":[\"Person\",\"Organization\"],\"@id\":\"https:\/\/odabrano.com\/#\/schema\/person\/460f2b14657879743f23c4f6a7cd3236\",\"name\":\"admin\",\"image\":{\"@type\":\"ImageObject\",\"inLanguage\":\"en-US\",\"@id\":\"https:\/\/odabrano.com\/#\/schema\/person\/image\/\",\"url\":\"https:\/\/odabrano.com\/wp-content\/uploads\/2024\/04\/dolar.jpg\",\"contentUrl\":\"https:\/\/odabrano.com\/wp-content\/uploads\/2024\/04\/dolar.jpg\",\"width\":1216,\"height\":519,\"caption\":\"admin\"},\"logo\":{\"@id\":\"https:\/\/odabrano.com\/#\/schema\/person\/image\/\"},\"sameAs\":[\"http:\/\/odabrano.com\"],\"url\":\"https:\/\/odabrano.com\/index.php\/author\/sokolneno_u3xb387h\/\"}]}<\/script>\n<!-- \/ Yoast SEO plugin. -->","yoast_head_json":{"title":"Brod s azbestom ipak ne\u0107e na remont u splitski \u0161kver? - odabrano","robots":{"index":"index","follow":"follow","max-snippet":"max-snippet:-1","max-image-preview":"max-image-preview:large","max-video-preview":"max-video-preview:-1"},"canonical":"https:\/\/odabrano.com\/index.php\/2025\/07\/30\/brod-s-azbestom-ipak-nece-na-remont-u-splitski-skver\/","og_locale":"en_US","og_type":"article","og_title":"Brod s azbestom ipak ne\u0107e na remont u splitski \u0161kver? - odabrano","og_description":"Talijanski brod &#8220;Moby Drea&#8221;, koji je dotegljen do Splitskih vrata kako bi mogao i\u0107i na remont i skidanja panela s azbestom u splitski \u0161kver, prema neslu\u017ebenim informacijama ipak ne\u0107e ostati na remontu u Brodsplitu zbog opasnog tereta koji nosi. Kako Hina doznaje iz pouzdanih izvora, nakon \u0161to brod uplovi u \u0161kversku luku obi\u0107i \u0107e ga &hellip;","og_url":"https:\/\/odabrano.com\/index.php\/2025\/07\/30\/brod-s-azbestom-ipak-nece-na-remont-u-splitski-skver\/","og_site_name":"odabrano","article_published_time":"2025-07-30T12:28:43+00:00","article_modified_time":"2025-07-30T12:32:25+00:00","og_image":[{"width":740,"height":438,"url":"http:\/\/odabrano.com\/wp-content\/uploads\/2025\/07\/brod.webp","type":"image\/webp"}],"author":"admin","twitter_card":"summary_large_image","twitter_misc":{"Written by":"admin","Est. reading time":"2 minutes"},"schema":{"@context":"https:\/\/schema.org","@graph":[{"@type":"Article","@id":"https:\/\/odabrano.com\/index.php\/2025\/07\/30\/brod-s-azbestom-ipak-nece-na-remont-u-splitski-skver\/#article","isPartOf":{"@id":"https:\/\/odabrano.com\/index.php\/2025\/07\/30\/brod-s-azbestom-ipak-nece-na-remont-u-splitski-skver\/"},"author":{"name":"admin","@id":"https:\/\/odabrano.com\/#\/schema\/person\/460f2b14657879743f23c4f6a7cd3236"},"headline":"Brod s azbestom ipak ne\u0107e na remont u splitski \u0161kver?","datePublished":"2025-07-30T12:28:43+00:00","dateModified":"2025-07-30T12:32:25+00:00","mainEntityOfPage":{"@id":"https:\/\/odabrano.com\/index.php\/2025\/07\/30\/brod-s-azbestom-ipak-nece-na-remont-u-splitski-skver\/"},"wordCount":408,"publisher":{"@id":"https:\/\/odabrano.com\/#\/schema\/person\/460f2b14657879743f23c4f6a7cd3236"},"keywords":["azbest","brod","brodogradili\u0161te","split"],"articleSection":["Hrvatska"],"inLanguage":"en-US"},{"@type":"WebPage","@id":"https:\/\/odabrano.com\/index.php\/2025\/07\/30\/brod-s-azbestom-ipak-nece-na-remont-u-splitski-skver\/","url":"https:\/\/odabrano.com\/index.php\/2025\/07\/30\/brod-s-azbestom-ipak-nece-na-remont-u-splitski-skver\/","name":"Brod s azbestom ipak ne\u0107e na remont u splitski \u0161kver? - odabrano","isPartOf":{"@id":"https:\/\/odabrano.com\/#website"},"datePublished":"2025-07-30T12:28:43+00:00","dateModified":"2025-07-30T12:32:25+00:00","breadcrumb":{"@id":"https:\/\/odabrano.com\/index.php\/2025\/07\/30\/brod-s-azbestom-ipak-nece-na-remont-u-splitski-skver\/#breadcrumb"},"inLanguage":"en-US","potentialAction":[{"@type":"ReadAction","target":["https:\/\/odabrano.com\/index.php\/2025\/07\/30\/brod-s-azbestom-ipak-nece-na-remont-u-splitski-skver\/"]}]},{"@type":"BreadcrumbList","@id":"https:\/\/odabrano.com\/index.php\/2025\/07\/30\/brod-s-azbestom-ipak-nece-na-remont-u-splitski-skver\/#breadcrumb","itemListElement":[{"@type":"ListItem","position":1,"name":"Home","item":"https:\/\/odabrano.com\/"},{"@type":"ListItem","position":2,"name":"Brod s azbestom ipak ne\u0107e na remont u splitski \u0161kver?"}]},{"@type":"WebSite","@id":"https:\/\/odabrano.com\/#website","url":"https:\/\/odabrano.com\/","name":"odabrano","description":"news portal koji nudi odabrane vijesti i informacije","publisher":{"@id":"https:\/\/odabrano.com\/#\/schema\/person\/460f2b14657879743f23c4f6a7cd3236"},"alternateName":"vijesti i informacije iz Hrvatske i svijeta","potentialAction":[{"@type":"SearchAction","target":{"@type":"EntryPoint","urlTemplate":"https:\/\/odabrano.com\/?s={search_term_string}"},"query-input":"required name=search_term_string"}],"inLanguage":"en-US"},{"@type":["Person","Organization"],"@id":"https:\/\/odabrano.com\/#\/schema\/person\/460f2b14657879743f23c4f6a7cd3236","name":"admin","image":{"@type":"ImageObject","inLanguage":"en-US","@id":"https:\/\/odabrano.com\/#\/schema\/person\/image\/","url":"https:\/\/odabrano.com\/wp-content\/uploads\/2024\/04\/dolar.jpg","contentUrl":"https:\/\/odabrano.com\/wp-content\/uploads\/2024\/04\/dolar.jpg","width":1216,"height":519,"caption":"admin"},"logo":{"@id":"https:\/\/odabrano.com\/#\/schema\/person\/image\/"},"sameAs":["http:\/\/odabrano.com"],"url":"https:\/\/odabrano.com\/index.php\/author\/sokolneno_u3xb387h\/"}]}},"_links":{"self":[{"href":"https:\/\/odabrano.com\/index.php\/wp-json\/wp\/v2\/posts\/6307","targetHints":{"allow":["GET"]}}],"collection":[{"href":"https:\/\/odabrano.com\/index.php\/wp-json\/wp\/v2\/posts"}],"about":[{"href":"https:\/\/odabrano.com\/index.php\/wp-json\/wp\/v2\/types\/post"}],"author":[{"embeddable":true,"href":"https:\/\/odabrano.com\/index.php\/wp-json\/wp\/v2\/users\/1"}],"replies":[{"embeddable":true,"href":"https:\/\/odabrano.com\/index.php\/wp-json\/wp\/v2\/comments?post=6307"}],"version-history":[{"count":4,"href":"https:\/\/odabrano.com\/index.php\/wp-json\/wp\/v2\/posts\/6307\/revisions"}],"predecessor-version":[{"id":6313,"href":"https:\/\/odabrano.com\/index.php\/wp-json\/wp\/v2\/posts\/6307\/revisions\/6313"}],"wp:featuredmedia":[{"embeddable":true,"href":"https:\/\/odabrano.com\/index.php\/wp-json\/wp\/v2\/media\/6308"}],"wp:attachment":[{"href":"https:\/\/odabrano.com\/index.php\/wp-json\/wp\/v2\/media?parent=6307"}],"wp:term":[{"taxonomy":"category","embeddable":true,"href":"https:\/\/odabrano.com\/index.php\/wp-json\/wp\/v2\/categories?post=6307"},{"taxonomy":"post_tag","embeddable":true,"href":"https:\/\/odabrano.com\/index.php\/wp-json\/wp\/v2\/tags?post=6307"}],"curies":[{"name":"wp","href":"https:\/\/api.w.org\/{rel}","templated":true}]}}