{"id":6293,"date":"2025-07-29T18:25:45","date_gmt":"2025-07-29T16:25:45","guid":{"rendered":"https:\/\/odabrano.com\/?p=6293"},"modified":"2025-07-30T11:18:03","modified_gmt":"2025-07-30T09:18:03","slug":"nesad-alikadic-arhitekt-i-zagovornik-unitarne-bosne-i-hercegovine","status":"publish","type":"post","link":"https:\/\/odabrano.com\/index.php\/2025\/07\/29\/nesad-alikadic-arhitekt-i-zagovornik-unitarne-bosne-i-hercegovine\/","title":{"rendered":"Ne\u0161ad Alikadi\u0107 \u2013 arhitekt i zagovornik unitarne Bosne i Hercegovine"},"content":{"rendered":"\n<p>Ne\u0161ad Alikadi\u0107 je arhitekt porijeklom iz Bosne i Hercegovine, poznat ne samo po svom profesionalnom radu nego i po istupima u javnom prostoru, gdje promovira viziju jedinstvene Bosne i Hercegovine. Njegovi javni nastupi i stavovi \u010desto izazivaju rasprave jer se zala\u017ee za koncept \u201ebosanske nacije\u201c \u2013 ideju da bi svi gra\u0111ani Bosne i Hercegovine trebali prvenstveno imati identitet Bosanaca, umjesto sada\u0161njih etni\u010dkih podjela na Bo\u0161njake, Hrvate i Srbe. Smatra da takav pristup ja\u010da dr\u017eavnu cjelovitost i smanjuje etni\u010dke tenzije, no u isto vrijeme mnogi u njegovim stavovima vide osporavanje prava naroda zajam\u010denih Daytonskim mirovnim sporazumom.<\/p>\n\n\n\n<p><iframe loading=\"lazy\" width=\"560\" height=\"315\" src=\"https:\/\/www.youtube.com\/embed\/9EONllMJz2U?si=_r6yaZtIO1ENxS1S\" title=\"YouTube video player\" frameborder=\"0\" allow=\"accelerometer; autoplay; clipboard-write; encrypted-media; gyroscope; picture-in-picture; web-share\" referrerpolicy=\"strict-origin-when-cross-origin\" allowfullscreen=\"\"><\/iframe><\/p>\n\n\n\n<p>Njegov javni anga\u017eman posebno je vidljiv u pitanjima vezanim za pomorski status Bosne i Hercegovine. Alikadi\u0107 ve\u0107 godinama zagovara ideju da BiH treba iskoristiti svaki pravni i prostorni potencijal kako bi osigurala slobodan i neometan pristup otvorenom moru. Smatra da su more i pomorska luka klju\u010dni za gospodarski razvoj dr\u017eave te da bi pomorski koridor preko Neuma mogao imati va\u017enu strate\u0161ku ulogu. U tom kontekstu o\u0161tro se protivio izgradnji Pelje\u0161kog mosta, tvrde\u0107i da takav projekt trajno mijenja pomorski re\u017eim i mo\u017ee ograni\u010diti dugoro\u010dne interese BiH.<\/p>\n\n\n\n<p>Me\u0111utim, Pelje\u0161ki most je izgra\u0111en i od 2022. godine u punom je prometu, povezuju\u0107i hrvatski kopneni teritorij i zaobilaze\u0107i bosanskohercegova\u010dki Neum. Taj projekt, koji Hrvatska vidi kao veliki infrastrukturni uspjeh, simboli\u010dno je zatvorio poglavlje u kojem su ideje poput Alikadi\u0107evih imale ve\u0107u politi\u010dku te\u017einu. Ipak, on i dalje isti\u010de da Bosna i Hercegovina mora zadr\u017eati pomorska prava zajam\u010dena me\u0111unarodnim konvencijama te da pitanje izlaza na more ne smije biti marginalizirano.<\/p>\n\n\n\n<p>U svojim nastupima Alikadi\u0107 ide i korak dalje kada je rije\u010d o nacionalnom identitetu unutar BiH. Umjesto sada\u0161njeg ustavnog ure\u0111enja s tri konstitutivna naroda, on se zala\u017ee za unitarni model u kojem bi svi gra\u0111ani dijelili jedan, zajedni\u010dki bosanski identitet. Iako ne postoje potvr\u0111eni javni zapisi da koristi izraze poput \u201ebosanski pravoslavci\u201c ili \u201ebosanski katolici\u201c, njegova ideja zapravo podrazumijeva identitet zasnovan na dr\u017eavljanstvu, a ne na etni\u010dkoj ili vjerskoj pripadnosti. Takvi stavovi posebno su osjetljivi u zemlji u kojoj Daytonski sporazum garantira posebna prava Hrvatima, Srbima i Bo\u0161njacima te gdje politi\u010dka stvarnost po\u010diva upravo na tim etni\u010dkim kategorijama.<\/p>\n\n\n\n<p>Njegovo ime pojavljuje se i u kontekstu mjesta boravka, budu\u0107i da se u jednoj bosanskoj televizijskoj emisiji spominjalo da je u Sarajevo doputovao iz Orebi\u0107a, \u0161to sugerira da ondje \u017eivi ili barem privremeno boravi. Detalji njegova boravi\u0161nog ili radnog statusa u Orebi\u0107u nisu javno poznati i spadaju u njegovu privatnu sferu. Interesantno je kako se na internet stranicama <strong>Hrvatske<\/strong> gospodarske komore njegovo ime spominje na listi ovla\u0161tenih arhitekata.<\/p>\n\n\n\n<p>Ne\u0161ad Alikadi\u0107 tako ostaje zanimljiva i kontroverzna li\u010dnost, koja kroz arhitektonski i javni anga\u017eman promovira ideje o Bosni i Hercegovini kao jedinstvenoj dr\u017eavi i pomorskoj sili. Dok mnogi njegove ideje vide kao poziv na gra\u0111ansku dr\u017eavu oslobo\u0111enu etni\u010dkih podjela, drugi ih do\u017eivljavaju kao osporavanje prava naroda utvr\u0111enih Daytonskim sporazumom. Njegov rad i istupi pokazuju koliko su pitanja identiteta i dr\u017eavnog ustroja u BiH i dalje otvorena i osjetljiva, \u010dak i gotovo tri desetlje\u0107a nakon zavr\u0161etka rata i potpisivanja mira.<\/p>\n\n\n\n<p>Njegovi politi\u010dki stavovi i zalaganja za unitarni model Bosne i Hercegovine, koji bi ukinuo postoje\u0107e konstitutivne narode i ustavne aran\u017emane, izravno se protive Ustavu Bosne i Hercegovine, koji je sastavni dio Daytonskog mirovnog sporazuma. Budu\u0107i da je Hrvatska jedna od supotpisnica tog sporazuma i jamac njegova provo\u0111enja, otvara se pitanje trebaju li hrvatske institucije provjeriti okolnosti njegova boravka u Orebi\u0107u te preispitati pravne osnove na temelju kojih mu je omogu\u0107eno boraviti u Hrvatskoj, s obzirom na to da njegovi javni istupi zagovaraju politi\u010dki model koji je u suprotnosti s me\u0111unarodno priznanim ustavnim poretkom susjedne dr\u017eave.<\/p>\n\n\n\n<p>Zbilja, za\u0161to Hrvatska \u010duva zmiju u njedrima ?<\/p>\n","protected":false},"excerpt":{"rendered":"<p>Ne\u0161ad Alikadi\u0107 je arhitekt porijeklom iz Bosne i Hercegovine, poznat ne samo po svom profesionalnom radu nego i po istupima u javnom prostoru, gdje promovira viziju jedinstvene Bosne i Hercegovine. Njegovi javni nastupi i stavovi \u010desto izazivaju rasprave jer se zala\u017ee za koncept \u201ebosanske nacije\u201c \u2013 ideju da bi svi gra\u0111ani Bosne i Hercegovine trebali &hellip;<\/p>\n","protected":false},"author":1,"featured_media":6294,"comment_status":"closed","ping_status":"open","sticky":false,"template":"","format":"standard","meta":{"_monsterinsights_skip_tracking":false,"_monsterinsights_sitenote_active":false,"_monsterinsights_sitenote_note":"","_monsterinsights_sitenote_category":0,"footnotes":""},"categories":[25],"tags":[169,1266,1264,1265],"class_list":["post-6293","post","type-post","status-publish","format-standard","has-post-thumbnail","","category-hrvatska","tag-bosna","tag-dejton","tag-nesad-alikadic","tag-neum"],"yoast_head":"<!-- This site is optimized with the Yoast SEO plugin v22.1 - https:\/\/yoast.com\/wordpress\/plugins\/seo\/ -->\n<title>Ne\u0161ad Alikadi\u0107 \u2013 arhitekt i zagovornik unitarne Bosne i Hercegovine - odabrano<\/title>\n<meta name=\"robots\" content=\"index, follow, max-snippet:-1, max-image-preview:large, max-video-preview:-1\" \/>\n<link rel=\"canonical\" href=\"https:\/\/odabrano.com\/index.php\/2025\/07\/29\/nesad-alikadic-arhitekt-i-zagovornik-unitarne-bosne-i-hercegovine\/\" \/>\n<meta property=\"og:locale\" content=\"en_US\" \/>\n<meta property=\"og:type\" content=\"article\" \/>\n<meta property=\"og:title\" content=\"Ne\u0161ad Alikadi\u0107 \u2013 arhitekt i zagovornik unitarne Bosne i Hercegovine - odabrano\" \/>\n<meta property=\"og:description\" content=\"Ne\u0161ad Alikadi\u0107 je arhitekt porijeklom iz Bosne i Hercegovine, poznat ne samo po svom profesionalnom radu nego i po istupima u javnom prostoru, gdje promovira viziju jedinstvene Bosne i Hercegovine. Njegovi javni nastupi i stavovi \u010desto izazivaju rasprave jer se zala\u017ee za koncept \u201ebosanske nacije\u201c \u2013 ideju da bi svi gra\u0111ani Bosne i Hercegovine trebali &hellip;\" \/>\n<meta property=\"og:url\" content=\"https:\/\/odabrano.com\/index.php\/2025\/07\/29\/nesad-alikadic-arhitekt-i-zagovornik-unitarne-bosne-i-hercegovine\/\" \/>\n<meta property=\"og:site_name\" content=\"odabrano\" \/>\n<meta property=\"article:published_time\" content=\"2025-07-29T16:25:45+00:00\" \/>\n<meta property=\"article:modified_time\" content=\"2025-07-30T09:18:03+00:00\" \/>\n<meta property=\"og:image\" content=\"http:\/\/odabrano.com\/wp-content\/uploads\/2025\/07\/nesad.jpg\" \/>\n\t<meta property=\"og:image:width\" content=\"640\" \/>\n\t<meta property=\"og:image:height\" content=\"426\" \/>\n\t<meta property=\"og:image:type\" content=\"image\/jpeg\" \/>\n<meta name=\"author\" content=\"admin\" \/>\n<meta name=\"twitter:card\" content=\"summary_large_image\" \/>\n<meta name=\"twitter:label1\" content=\"Written by\" \/>\n\t<meta name=\"twitter:data1\" content=\"admin\" \/>\n\t<meta name=\"twitter:label2\" content=\"Est. reading time\" \/>\n\t<meta name=\"twitter:data2\" content=\"3 minutes\" \/>\n<script type=\"application\/ld+json\" class=\"yoast-schema-graph\">{\"@context\":\"https:\/\/schema.org\",\"@graph\":[{\"@type\":\"Article\",\"@id\":\"https:\/\/odabrano.com\/index.php\/2025\/07\/29\/nesad-alikadic-arhitekt-i-zagovornik-unitarne-bosne-i-hercegovine\/#article\",\"isPartOf\":{\"@id\":\"https:\/\/odabrano.com\/index.php\/2025\/07\/29\/nesad-alikadic-arhitekt-i-zagovornik-unitarne-bosne-i-hercegovine\/\"},\"author\":{\"name\":\"admin\",\"@id\":\"https:\/\/odabrano.com\/#\/schema\/person\/460f2b14657879743f23c4f6a7cd3236\"},\"headline\":\"Ne\u0161ad Alikadi\u0107 \u2013 arhitekt i zagovornik unitarne Bosne i Hercegovine\",\"datePublished\":\"2025-07-29T16:25:45+00:00\",\"dateModified\":\"2025-07-30T09:18:03+00:00\",\"mainEntityOfPage\":{\"@id\":\"https:\/\/odabrano.com\/index.php\/2025\/07\/29\/nesad-alikadic-arhitekt-i-zagovornik-unitarne-bosne-i-hercegovine\/\"},\"wordCount\":683,\"publisher\":{\"@id\":\"https:\/\/odabrano.com\/#\/schema\/person\/460f2b14657879743f23c4f6a7cd3236\"},\"keywords\":[\"bosna\",\"dejton\",\"ne\u0161ad alikadi\u0107\",\"neum\"],\"articleSection\":[\"Hrvatska\"],\"inLanguage\":\"en-US\"},{\"@type\":\"WebPage\",\"@id\":\"https:\/\/odabrano.com\/index.php\/2025\/07\/29\/nesad-alikadic-arhitekt-i-zagovornik-unitarne-bosne-i-hercegovine\/\",\"url\":\"https:\/\/odabrano.com\/index.php\/2025\/07\/29\/nesad-alikadic-arhitekt-i-zagovornik-unitarne-bosne-i-hercegovine\/\",\"name\":\"Ne\u0161ad Alikadi\u0107 \u2013 arhitekt i zagovornik unitarne Bosne i Hercegovine - odabrano\",\"isPartOf\":{\"@id\":\"https:\/\/odabrano.com\/#website\"},\"datePublished\":\"2025-07-29T16:25:45+00:00\",\"dateModified\":\"2025-07-30T09:18:03+00:00\",\"breadcrumb\":{\"@id\":\"https:\/\/odabrano.com\/index.php\/2025\/07\/29\/nesad-alikadic-arhitekt-i-zagovornik-unitarne-bosne-i-hercegovine\/#breadcrumb\"},\"inLanguage\":\"en-US\",\"potentialAction\":[{\"@type\":\"ReadAction\",\"target\":[\"https:\/\/odabrano.com\/index.php\/2025\/07\/29\/nesad-alikadic-arhitekt-i-zagovornik-unitarne-bosne-i-hercegovine\/\"]}]},{\"@type\":\"BreadcrumbList\",\"@id\":\"https:\/\/odabrano.com\/index.php\/2025\/07\/29\/nesad-alikadic-arhitekt-i-zagovornik-unitarne-bosne-i-hercegovine\/#breadcrumb\",\"itemListElement\":[{\"@type\":\"ListItem\",\"position\":1,\"name\":\"Home\",\"item\":\"https:\/\/odabrano.com\/\"},{\"@type\":\"ListItem\",\"position\":2,\"name\":\"Ne\u0161ad Alikadi\u0107 \u2013 arhitekt i zagovornik unitarne Bosne i Hercegovine\"}]},{\"@type\":\"WebSite\",\"@id\":\"https:\/\/odabrano.com\/#website\",\"url\":\"https:\/\/odabrano.com\/\",\"name\":\"odabrano\",\"description\":\"news portal koji nudi odabrane vijesti i informacije\",\"publisher\":{\"@id\":\"https:\/\/odabrano.com\/#\/schema\/person\/460f2b14657879743f23c4f6a7cd3236\"},\"alternateName\":\"vijesti i informacije iz Hrvatske i svijeta\",\"potentialAction\":[{\"@type\":\"SearchAction\",\"target\":{\"@type\":\"EntryPoint\",\"urlTemplate\":\"https:\/\/odabrano.com\/?s={search_term_string}\"},\"query-input\":\"required name=search_term_string\"}],\"inLanguage\":\"en-US\"},{\"@type\":[\"Person\",\"Organization\"],\"@id\":\"https:\/\/odabrano.com\/#\/schema\/person\/460f2b14657879743f23c4f6a7cd3236\",\"name\":\"admin\",\"image\":{\"@type\":\"ImageObject\",\"inLanguage\":\"en-US\",\"@id\":\"https:\/\/odabrano.com\/#\/schema\/person\/image\/\",\"url\":\"https:\/\/odabrano.com\/wp-content\/uploads\/2024\/04\/dolar.jpg\",\"contentUrl\":\"https:\/\/odabrano.com\/wp-content\/uploads\/2024\/04\/dolar.jpg\",\"width\":1216,\"height\":519,\"caption\":\"admin\"},\"logo\":{\"@id\":\"https:\/\/odabrano.com\/#\/schema\/person\/image\/\"},\"sameAs\":[\"http:\/\/odabrano.com\"],\"url\":\"https:\/\/odabrano.com\/index.php\/author\/sokolneno_u3xb387h\/\"}]}<\/script>\n<!-- \/ Yoast SEO plugin. -->","yoast_head_json":{"title":"Ne\u0161ad Alikadi\u0107 \u2013 arhitekt i zagovornik unitarne Bosne i Hercegovine - odabrano","robots":{"index":"index","follow":"follow","max-snippet":"max-snippet:-1","max-image-preview":"max-image-preview:large","max-video-preview":"max-video-preview:-1"},"canonical":"https:\/\/odabrano.com\/index.php\/2025\/07\/29\/nesad-alikadic-arhitekt-i-zagovornik-unitarne-bosne-i-hercegovine\/","og_locale":"en_US","og_type":"article","og_title":"Ne\u0161ad Alikadi\u0107 \u2013 arhitekt i zagovornik unitarne Bosne i Hercegovine - odabrano","og_description":"Ne\u0161ad Alikadi\u0107 je arhitekt porijeklom iz Bosne i Hercegovine, poznat ne samo po svom profesionalnom radu nego i po istupima u javnom prostoru, gdje promovira viziju jedinstvene Bosne i Hercegovine. Njegovi javni nastupi i stavovi \u010desto izazivaju rasprave jer se zala\u017ee za koncept \u201ebosanske nacije\u201c \u2013 ideju da bi svi gra\u0111ani Bosne i Hercegovine trebali &hellip;","og_url":"https:\/\/odabrano.com\/index.php\/2025\/07\/29\/nesad-alikadic-arhitekt-i-zagovornik-unitarne-bosne-i-hercegovine\/","og_site_name":"odabrano","article_published_time":"2025-07-29T16:25:45+00:00","article_modified_time":"2025-07-30T09:18:03+00:00","og_image":[{"width":640,"height":426,"url":"http:\/\/odabrano.com\/wp-content\/uploads\/2025\/07\/nesad.jpg","type":"image\/jpeg"}],"author":"admin","twitter_card":"summary_large_image","twitter_misc":{"Written by":"admin","Est. reading time":"3 minutes"},"schema":{"@context":"https:\/\/schema.org","@graph":[{"@type":"Article","@id":"https:\/\/odabrano.com\/index.php\/2025\/07\/29\/nesad-alikadic-arhitekt-i-zagovornik-unitarne-bosne-i-hercegovine\/#article","isPartOf":{"@id":"https:\/\/odabrano.com\/index.php\/2025\/07\/29\/nesad-alikadic-arhitekt-i-zagovornik-unitarne-bosne-i-hercegovine\/"},"author":{"name":"admin","@id":"https:\/\/odabrano.com\/#\/schema\/person\/460f2b14657879743f23c4f6a7cd3236"},"headline":"Ne\u0161ad Alikadi\u0107 \u2013 arhitekt i zagovornik unitarne Bosne i Hercegovine","datePublished":"2025-07-29T16:25:45+00:00","dateModified":"2025-07-30T09:18:03+00:00","mainEntityOfPage":{"@id":"https:\/\/odabrano.com\/index.php\/2025\/07\/29\/nesad-alikadic-arhitekt-i-zagovornik-unitarne-bosne-i-hercegovine\/"},"wordCount":683,"publisher":{"@id":"https:\/\/odabrano.com\/#\/schema\/person\/460f2b14657879743f23c4f6a7cd3236"},"keywords":["bosna","dejton","ne\u0161ad alikadi\u0107","neum"],"articleSection":["Hrvatska"],"inLanguage":"en-US"},{"@type":"WebPage","@id":"https:\/\/odabrano.com\/index.php\/2025\/07\/29\/nesad-alikadic-arhitekt-i-zagovornik-unitarne-bosne-i-hercegovine\/","url":"https:\/\/odabrano.com\/index.php\/2025\/07\/29\/nesad-alikadic-arhitekt-i-zagovornik-unitarne-bosne-i-hercegovine\/","name":"Ne\u0161ad Alikadi\u0107 \u2013 arhitekt i zagovornik unitarne Bosne i Hercegovine - odabrano","isPartOf":{"@id":"https:\/\/odabrano.com\/#website"},"datePublished":"2025-07-29T16:25:45+00:00","dateModified":"2025-07-30T09:18:03+00:00","breadcrumb":{"@id":"https:\/\/odabrano.com\/index.php\/2025\/07\/29\/nesad-alikadic-arhitekt-i-zagovornik-unitarne-bosne-i-hercegovine\/#breadcrumb"},"inLanguage":"en-US","potentialAction":[{"@type":"ReadAction","target":["https:\/\/odabrano.com\/index.php\/2025\/07\/29\/nesad-alikadic-arhitekt-i-zagovornik-unitarne-bosne-i-hercegovine\/"]}]},{"@type":"BreadcrumbList","@id":"https:\/\/odabrano.com\/index.php\/2025\/07\/29\/nesad-alikadic-arhitekt-i-zagovornik-unitarne-bosne-i-hercegovine\/#breadcrumb","itemListElement":[{"@type":"ListItem","position":1,"name":"Home","item":"https:\/\/odabrano.com\/"},{"@type":"ListItem","position":2,"name":"Ne\u0161ad Alikadi\u0107 \u2013 arhitekt i zagovornik unitarne Bosne i Hercegovine"}]},{"@type":"WebSite","@id":"https:\/\/odabrano.com\/#website","url":"https:\/\/odabrano.com\/","name":"odabrano","description":"news portal koji nudi odabrane vijesti i informacije","publisher":{"@id":"https:\/\/odabrano.com\/#\/schema\/person\/460f2b14657879743f23c4f6a7cd3236"},"alternateName":"vijesti i informacije iz Hrvatske i svijeta","potentialAction":[{"@type":"SearchAction","target":{"@type":"EntryPoint","urlTemplate":"https:\/\/odabrano.com\/?s={search_term_string}"},"query-input":"required name=search_term_string"}],"inLanguage":"en-US"},{"@type":["Person","Organization"],"@id":"https:\/\/odabrano.com\/#\/schema\/person\/460f2b14657879743f23c4f6a7cd3236","name":"admin","image":{"@type":"ImageObject","inLanguage":"en-US","@id":"https:\/\/odabrano.com\/#\/schema\/person\/image\/","url":"https:\/\/odabrano.com\/wp-content\/uploads\/2024\/04\/dolar.jpg","contentUrl":"https:\/\/odabrano.com\/wp-content\/uploads\/2024\/04\/dolar.jpg","width":1216,"height":519,"caption":"admin"},"logo":{"@id":"https:\/\/odabrano.com\/#\/schema\/person\/image\/"},"sameAs":["http:\/\/odabrano.com"],"url":"https:\/\/odabrano.com\/index.php\/author\/sokolneno_u3xb387h\/"}]}},"_links":{"self":[{"href":"https:\/\/odabrano.com\/index.php\/wp-json\/wp\/v2\/posts\/6293","targetHints":{"allow":["GET"]}}],"collection":[{"href":"https:\/\/odabrano.com\/index.php\/wp-json\/wp\/v2\/posts"}],"about":[{"href":"https:\/\/odabrano.com\/index.php\/wp-json\/wp\/v2\/types\/post"}],"author":[{"embeddable":true,"href":"https:\/\/odabrano.com\/index.php\/wp-json\/wp\/v2\/users\/1"}],"replies":[{"embeddable":true,"href":"https:\/\/odabrano.com\/index.php\/wp-json\/wp\/v2\/comments?post=6293"}],"version-history":[{"count":5,"href":"https:\/\/odabrano.com\/index.php\/wp-json\/wp\/v2\/posts\/6293\/revisions"}],"predecessor-version":[{"id":6306,"href":"https:\/\/odabrano.com\/index.php\/wp-json\/wp\/v2\/posts\/6293\/revisions\/6306"}],"wp:featuredmedia":[{"embeddable":true,"href":"https:\/\/odabrano.com\/index.php\/wp-json\/wp\/v2\/media\/6294"}],"wp:attachment":[{"href":"https:\/\/odabrano.com\/index.php\/wp-json\/wp\/v2\/media?parent=6293"}],"wp:term":[{"taxonomy":"category","embeddable":true,"href":"https:\/\/odabrano.com\/index.php\/wp-json\/wp\/v2\/categories?post=6293"},{"taxonomy":"post_tag","embeddable":true,"href":"https:\/\/odabrano.com\/index.php\/wp-json\/wp\/v2\/tags?post=6293"}],"curies":[{"name":"wp","href":"https:\/\/api.w.org\/{rel}","templated":true}]}}