{"id":6287,"date":"2025-07-29T11:53:44","date_gmt":"2025-07-29T09:53:44","guid":{"rendered":"https:\/\/odabrano.com\/?p=6287"},"modified":"2025-07-29T11:54:20","modified_gmt":"2025-07-29T09:54:20","slug":"gradani-splita-zabrinuti-zbog-dolaska-broda-s-azbestom-i-izostanka-reakcije-gradske-vlasti","status":"publish","type":"post","link":"https:\/\/odabrano.com\/index.php\/2025\/07\/29\/gradani-splita-zabrinuti-zbog-dolaska-broda-s-azbestom-i-izostanka-reakcije-gradske-vlasti\/","title":{"rendered":"Gra\u0111ani Splita zabrinuti zbog dolaska broda s azbestom i izostanka reakcije gradske vlasti"},"content":{"rendered":"\n<p>Split je posljednjih dana suo\u010den s ozbiljnom ekolo\u0161kom i dru\u0161tvenom situacijom koja je izazvala sna\u017enu reakciju gra\u0111ana. Naime, u gradsku luku stigao je brod koji prevozi \u010dak 250 tona azbesta, materijala koji je poznat po svojoj toksi\u010dnosti i opasnosti po zdravlje ljudi i okoli\u0161. Vijest o dolasku ovog broda izazvala je val negodovanja me\u0111u stanovnicima Splita, osobito zato \u0161to je cijela situacija pro\u0161la gotovo neprimije\u0107eno od strane lokalnih vlasti, a sam gradona\u010delnik Tomislav \u0160uta u trenutku doga\u0111anja nije bio prisutan niti se o\u010ditovao o slu\u010daju na na\u010din na koji su to gra\u0111ani o\u010dekivali.<\/p>\n\n\n\n<p>Gra\u0111ani su organizirali prosvjede kako bi izrazili nezadovoljstvo zbog onoga \u0161to smatraju neodgovornim pona\u0161anjem i neinformiranjem javnosti. Prema njihovim rije\u010dima, informacija o brodu koji prevozi toliku koli\u010dinu azbesta trebala je biti javno dostupna na vrijeme, kako bi se stanovnici mogli pripremiti i procijeniti potencijalne rizike za svoje zdravlje i okoli\u0161. Azbest je kancerogeni materijal koji se u pro\u0161losti \u010desto koristio u gra\u0111evini i industriji, no ve\u0107 desetlje\u0107ima se zna da je udisanje njegovih \u010destica povezano s razvojem te\u0161kih bolesti, uklju\u010duju\u0107i karcinom plu\u0107a i azbestozu. Upravo iz tog razloga mnoge zemlje, pa tako i Hrvatska, zabranjuju njegovu upotrebu i strogo reguliraju rukovanje njime.<\/p>\n\n\n\n<figure class=\"wp-block-image size-full\"><img loading=\"lazy\" decoding=\"async\" width=\"987\" height=\"660\" src=\"https:\/\/odabrano.com\/wp-content\/uploads\/2025\/07\/azbest.jpeg\" alt=\"\" class=\"wp-image-6289\" srcset=\"https:\/\/odabrano.com\/wp-content\/uploads\/2025\/07\/azbest.jpeg 987w, https:\/\/odabrano.com\/wp-content\/uploads\/2025\/07\/azbest-300x201.jpeg 300w, https:\/\/odabrano.com\/wp-content\/uploads\/2025\/07\/azbest-768x514.jpeg 768w, https:\/\/odabrano.com\/wp-content\/uploads\/2025\/07\/azbest-500x334.jpeg 500w, https:\/\/odabrano.com\/wp-content\/uploads\/2025\/07\/azbest-800x535.jpeg 800w, https:\/\/odabrano.com\/wp-content\/uploads\/2025\/07\/azbest-110x75.jpeg 110w\" sizes=\"auto, (max-width: 987px) 100vw, 987px\" \/><\/figure>\n\n\n\n<p><\/p>\n\n\n\n<p>Problem u ovom slu\u010daju le\u017ei u \u010dinjenici da je Split, grad koji se di\u010di turizmom, prirodnim ljepotama i \u010distim morem, postao privremeno odredi\u0161te za brod s potencijalno opasnim teretom. Brod s 250 tona azbesta izaziva opravdanu zabrinutost, a gra\u0111ani tvrde da se osje\u0107aju iznevjereno jer vlasti nisu transparentno komunicirale o dolasku broda niti su objasnile na koji \u0107e se na\u010din osigurati da se materijal sigurno skladi\u0161ti, prera\u0111uje ili otprema dalje. Prosvjednici su istaknuli da im je najve\u0107i problem nedostatak informacija i to \u0161to nisu dobili odgovore na klju\u010dna pitanja: gdje \u0107e azbest zavr\u0161iti, tko je odgovoran za njegov transport i skladi\u0161tenje te koliko su gra\u0111ani i okoli\u0161 za\u0161ti\u0107eni u cijelom procesu.<\/p>\n\n\n\n<p>Posebno ih je razljutila \u010dinjenica da gradona\u010delnik u vrijeme dolaska broda nije bio prisutan u Splitu, niti je pravovremeno reagirao kako bi smirio javnost. Na prosvjedima su se mogli \u010duti i zahtjevi da se gradona\u010delnik o\u010dituje o ovom problemu te da grad ubudu\u0107e uspostavi u\u010dinkovit sustav informiranja gra\u0111ana o pitanjima koja se ti\u010du javnog zdravlja i sigurnosti. Gra\u0111ani su isticali da razumiju kako je transport opasnih tvari ponekad nu\u017ean, no smatraju da Split ne bi smio biti odredi\u0161te za materijale poput azbesta, posebno bez javne rasprave i adekvatnih sigurnosnih mjera.<\/p>\n\n\n\n<p>Ova situacija otvorila je i \u0161iru raspravu o tome kako se u Hrvatskoj postupa s opasnim otpadom i materijalima. Azbest je u pro\u0161losti \u0161iroko kori\u0161ten, a uklanjanje i zbrinjavanje takvog otpada danas je slo\u017een proces koji zahtijeva posebne procedure. Gra\u0111ani Splita upozoravaju da ovakvi slu\u010dajevi naru\u0161avaju ugled grada, posebno u o\u010dima turista koji o\u010dekuju sigurno i \u010disto okru\u017eenje. Turizam je klju\u010dna gospodarska grana Splita i cijele Dalmacije, pa je razumljivo da lokalno stanovni\u0161tvo \u017eeli izbje\u0107i bilo kakve situacije koje bi mogle kompromitirati imid\u017e destinacije.<\/p>\n\n\n\n<p>Ekolo\u0161ke udruge pridru\u017eile su se prosvjedima i upozorile da azbest nije samo problem za zdravlje ljudi ve\u0107 i za okoli\u0161. Ako se takav materijal ne skladi\u0161ti i ne prera\u0111uje u strogo kontroliranim uvjetima, postoji opasnost od kontaminacije zraka, tla i vode. U tom kontekstu, zahtjevi gra\u0111ana da se odmah objasni kamo \u0107e azbest biti preba\u010den i kako \u0107e se njime rukovati dobivaju dodatnu te\u017einu. Udruge su pozvale na ve\u0107u transparentnost i odgovornost svih uklju\u010denih, od gradske vlasti do dr\u017eavnih institucija koje nadziru takve aktivnosti.<\/p>\n\n\n\n<p>Ono \u0161to dodatno zabrinjava jest \u010dinjenica da je dio gra\u0111ana saznao za dolazak broda putem neslu\u017ebenih izvora i dru\u0161tvenih mre\u017ea, \u0161to je dodatno poja\u010dalo nepovjerenje prema institucijama. Gra\u0111ani smatraju da ovakve informacije moraju dolaziti slu\u017ebenim kanalima, kako bi javnost bila sigurna da je netko zadu\u017een za pra\u0107enje i kontrolu potencijalno opasnih situacija. U suprotnom se stvara osje\u0107aj da se stvari odvijaju iza zatvorenih vrata, bez ikakvog uklju\u010divanja javnosti.<\/p>\n\n\n\n<p>Situacija s brodom koji prevozi azbest postala je simbol \u0161ireg problema odnosa vlasti prema gra\u0111anima i va\u017enim ekolo\u0161kim pitanjima. Iako nije poznato da je do\u0161lo do ikakvog izravnog ugro\u017eavanja zdravlja ili okoli\u0161a, sama percepcija da se tako osjetljiva tema tretira bez dovoljno informacija i komunikacije dovoljna je da izazove sna\u017enu reakciju javnosti. Prosvjedi koji su se odr\u017eali u Splitu ukazuju na to da gra\u0111ani \u017eele imati glas u pitanjima koja izravno utje\u010du na njihov \u017eivot i sigurnost. Oni tra\u017ee jasne protokole, pravovremene obavijesti i otvorenu komunikaciju s onima koji donose odluke.<\/p>\n\n\n\n<p>Ovaj slu\u010daj trebao bi poslu\u017eiti kao upozorenje svim razinama vlasti da transparentnost i komunikacija nisu samo formalnost, nego klju\u010dni elementi povjerenja izme\u0111u gra\u0111ana i institucija. Gra\u0111ani Splita poru\u010dili su kako ne\u0107e odustati od zahtjeva za ve\u0107om kontrolom nad procesima koji uklju\u010duju potencijalno opasne tvari, a cijela situacija potaknula je i rasprave o potrebi dono\u0161enja novih regulativa koje bi jasno definirale tko i na koji na\u010din mo\u017ee odlu\u010divati o tome gdje \u0107e se takvi materijali skladi\u0161titi ili prevoziti.<\/p>\n\n\n\n<p>Kako \u0107e se ova situacija dalje razvijati ostaje za vidjeti, no ve\u0107 sada je jasno da su gra\u0111ani pokazali spremnost da reagiraju kada smatraju da su njihovo zdravlje, sigurnost i okoli\u0161 ugro\u017eeni. Brod s 250 tona azbesta mo\u017eda ne\u0107e ostaviti trajne posljedice na Split, ali svakako je ostavio dojam na svijest gra\u0111ana o va\u017enosti uklju\u010divanja javnosti u dono\u0161enje odluka koje se ti\u010du svih.<\/p>\n","protected":false},"excerpt":{"rendered":"<p>Split je posljednjih dana suo\u010den s ozbiljnom ekolo\u0161kom i dru\u0161tvenom situacijom koja je izazvala sna\u017enu reakciju gra\u0111ana. Naime, u gradsku luku stigao je brod koji prevozi \u010dak 250 tona azbesta, materijala koji je poznat po svojoj toksi\u010dnosti i opasnosti po zdravlje ljudi i okoli\u0161. Vijest o dolasku ovog broda izazvala je val negodovanja me\u0111u stanovnicima &hellip;<\/p>\n","protected":false},"author":1,"featured_media":6288,"comment_status":"closed","ping_status":"open","sticky":false,"template":"","format":"standard","meta":{"_monsterinsights_skip_tracking":false,"_monsterinsights_sitenote_active":false,"_monsterinsights_sitenote_note":"","_monsterinsights_sitenote_category":0,"footnotes":""},"categories":[25],"tags":[1261,85,1262,1263,471,10],"class_list":["post-6287","post","type-post","status-publish","format-standard","has-post-thumbnail","","category-hrvatska","tag-azbest","tag-brod","tag-brodogradilicte","tag-gradonaccelnik","tag-prosvjed","tag-split"],"yoast_head":"<!-- This site is optimized with the Yoast SEO plugin v22.1 - https:\/\/yoast.com\/wordpress\/plugins\/seo\/ -->\n<title>Gra\u0111ani Splita zabrinuti zbog dolaska broda s azbestom i izostanka reakcije gradske vlasti - odabrano<\/title>\n<meta name=\"robots\" content=\"index, follow, max-snippet:-1, max-image-preview:large, max-video-preview:-1\" \/>\n<link rel=\"canonical\" href=\"https:\/\/odabrano.com\/index.php\/2025\/07\/29\/gradani-splita-zabrinuti-zbog-dolaska-broda-s-azbestom-i-izostanka-reakcije-gradske-vlasti\/\" \/>\n<meta property=\"og:locale\" content=\"en_US\" \/>\n<meta property=\"og:type\" content=\"article\" \/>\n<meta property=\"og:title\" content=\"Gra\u0111ani Splita zabrinuti zbog dolaska broda s azbestom i izostanka reakcije gradske vlasti - odabrano\" \/>\n<meta property=\"og:description\" content=\"Split je posljednjih dana suo\u010den s ozbiljnom ekolo\u0161kom i dru\u0161tvenom situacijom koja je izazvala sna\u017enu reakciju gra\u0111ana. Naime, u gradsku luku stigao je brod koji prevozi \u010dak 250 tona azbesta, materijala koji je poznat po svojoj toksi\u010dnosti i opasnosti po zdravlje ljudi i okoli\u0161. Vijest o dolasku ovog broda izazvala je val negodovanja me\u0111u stanovnicima &hellip;\" \/>\n<meta property=\"og:url\" content=\"https:\/\/odabrano.com\/index.php\/2025\/07\/29\/gradani-splita-zabrinuti-zbog-dolaska-broda-s-azbestom-i-izostanka-reakcije-gradske-vlasti\/\" \/>\n<meta property=\"og:site_name\" content=\"odabrano\" \/>\n<meta property=\"article:published_time\" content=\"2025-07-29T09:53:44+00:00\" \/>\n<meta property=\"article:modified_time\" content=\"2025-07-29T09:54:20+00:00\" \/>\n<meta property=\"og:image\" content=\"http:\/\/odabrano.com\/wp-content\/uploads\/2025\/07\/azbest1.jpeg\" \/>\n\t<meta property=\"og:image:width\" content=\"987\" \/>\n\t<meta property=\"og:image:height\" content=\"660\" \/>\n\t<meta property=\"og:image:type\" content=\"image\/jpeg\" \/>\n<meta name=\"author\" content=\"admin\" \/>\n<meta name=\"twitter:card\" content=\"summary_large_image\" \/>\n<meta name=\"twitter:label1\" content=\"Written by\" \/>\n\t<meta name=\"twitter:data1\" content=\"admin\" \/>\n\t<meta name=\"twitter:label2\" content=\"Est. reading time\" \/>\n\t<meta name=\"twitter:data2\" content=\"5 minutes\" \/>\n<script type=\"application\/ld+json\" class=\"yoast-schema-graph\">{\"@context\":\"https:\/\/schema.org\",\"@graph\":[{\"@type\":\"Article\",\"@id\":\"https:\/\/odabrano.com\/index.php\/2025\/07\/29\/gradani-splita-zabrinuti-zbog-dolaska-broda-s-azbestom-i-izostanka-reakcije-gradske-vlasti\/#article\",\"isPartOf\":{\"@id\":\"https:\/\/odabrano.com\/index.php\/2025\/07\/29\/gradani-splita-zabrinuti-zbog-dolaska-broda-s-azbestom-i-izostanka-reakcije-gradske-vlasti\/\"},\"author\":{\"name\":\"admin\",\"@id\":\"https:\/\/odabrano.com\/#\/schema\/person\/460f2b14657879743f23c4f6a7cd3236\"},\"headline\":\"Gra\u0111ani Splita zabrinuti zbog dolaska broda s azbestom i izostanka reakcije gradske vlasti\",\"datePublished\":\"2025-07-29T09:53:44+00:00\",\"dateModified\":\"2025-07-29T09:54:20+00:00\",\"mainEntityOfPage\":{\"@id\":\"https:\/\/odabrano.com\/index.php\/2025\/07\/29\/gradani-splita-zabrinuti-zbog-dolaska-broda-s-azbestom-i-izostanka-reakcije-gradske-vlasti\/\"},\"wordCount\":995,\"publisher\":{\"@id\":\"https:\/\/odabrano.com\/#\/schema\/person\/460f2b14657879743f23c4f6a7cd3236\"},\"keywords\":[\"azbest\",\"brod\",\"brodogradili\u010dte\",\"gradona\u010d\u010delnik\",\"prosvjed\",\"split\"],\"articleSection\":[\"Hrvatska\"],\"inLanguage\":\"en-US\"},{\"@type\":\"WebPage\",\"@id\":\"https:\/\/odabrano.com\/index.php\/2025\/07\/29\/gradani-splita-zabrinuti-zbog-dolaska-broda-s-azbestom-i-izostanka-reakcije-gradske-vlasti\/\",\"url\":\"https:\/\/odabrano.com\/index.php\/2025\/07\/29\/gradani-splita-zabrinuti-zbog-dolaska-broda-s-azbestom-i-izostanka-reakcije-gradske-vlasti\/\",\"name\":\"Gra\u0111ani Splita zabrinuti zbog dolaska broda s azbestom i izostanka reakcije gradske vlasti - odabrano\",\"isPartOf\":{\"@id\":\"https:\/\/odabrano.com\/#website\"},\"datePublished\":\"2025-07-29T09:53:44+00:00\",\"dateModified\":\"2025-07-29T09:54:20+00:00\",\"breadcrumb\":{\"@id\":\"https:\/\/odabrano.com\/index.php\/2025\/07\/29\/gradani-splita-zabrinuti-zbog-dolaska-broda-s-azbestom-i-izostanka-reakcije-gradske-vlasti\/#breadcrumb\"},\"inLanguage\":\"en-US\",\"potentialAction\":[{\"@type\":\"ReadAction\",\"target\":[\"https:\/\/odabrano.com\/index.php\/2025\/07\/29\/gradani-splita-zabrinuti-zbog-dolaska-broda-s-azbestom-i-izostanka-reakcije-gradske-vlasti\/\"]}]},{\"@type\":\"BreadcrumbList\",\"@id\":\"https:\/\/odabrano.com\/index.php\/2025\/07\/29\/gradani-splita-zabrinuti-zbog-dolaska-broda-s-azbestom-i-izostanka-reakcije-gradske-vlasti\/#breadcrumb\",\"itemListElement\":[{\"@type\":\"ListItem\",\"position\":1,\"name\":\"Home\",\"item\":\"https:\/\/odabrano.com\/\"},{\"@type\":\"ListItem\",\"position\":2,\"name\":\"Gra\u0111ani Splita zabrinuti zbog dolaska broda s azbestom i izostanka reakcije gradske vlasti\"}]},{\"@type\":\"WebSite\",\"@id\":\"https:\/\/odabrano.com\/#website\",\"url\":\"https:\/\/odabrano.com\/\",\"name\":\"odabrano\",\"description\":\"news portal koji nudi odabrane vijesti i informacije\",\"publisher\":{\"@id\":\"https:\/\/odabrano.com\/#\/schema\/person\/460f2b14657879743f23c4f6a7cd3236\"},\"alternateName\":\"vijesti i informacije iz Hrvatske i svijeta\",\"potentialAction\":[{\"@type\":\"SearchAction\",\"target\":{\"@type\":\"EntryPoint\",\"urlTemplate\":\"https:\/\/odabrano.com\/?s={search_term_string}\"},\"query-input\":\"required name=search_term_string\"}],\"inLanguage\":\"en-US\"},{\"@type\":[\"Person\",\"Organization\"],\"@id\":\"https:\/\/odabrano.com\/#\/schema\/person\/460f2b14657879743f23c4f6a7cd3236\",\"name\":\"admin\",\"image\":{\"@type\":\"ImageObject\",\"inLanguage\":\"en-US\",\"@id\":\"https:\/\/odabrano.com\/#\/schema\/person\/image\/\",\"url\":\"https:\/\/odabrano.com\/wp-content\/uploads\/2024\/04\/dolar.jpg\",\"contentUrl\":\"https:\/\/odabrano.com\/wp-content\/uploads\/2024\/04\/dolar.jpg\",\"width\":1216,\"height\":519,\"caption\":\"admin\"},\"logo\":{\"@id\":\"https:\/\/odabrano.com\/#\/schema\/person\/image\/\"},\"sameAs\":[\"http:\/\/odabrano.com\"],\"url\":\"https:\/\/odabrano.com\/index.php\/author\/sokolneno_u3xb387h\/\"}]}<\/script>\n<!-- \/ Yoast SEO plugin. -->","yoast_head_json":{"title":"Gra\u0111ani Splita zabrinuti zbog dolaska broda s azbestom i izostanka reakcije gradske vlasti - odabrano","robots":{"index":"index","follow":"follow","max-snippet":"max-snippet:-1","max-image-preview":"max-image-preview:large","max-video-preview":"max-video-preview:-1"},"canonical":"https:\/\/odabrano.com\/index.php\/2025\/07\/29\/gradani-splita-zabrinuti-zbog-dolaska-broda-s-azbestom-i-izostanka-reakcije-gradske-vlasti\/","og_locale":"en_US","og_type":"article","og_title":"Gra\u0111ani Splita zabrinuti zbog dolaska broda s azbestom i izostanka reakcije gradske vlasti - odabrano","og_description":"Split je posljednjih dana suo\u010den s ozbiljnom ekolo\u0161kom i dru\u0161tvenom situacijom koja je izazvala sna\u017enu reakciju gra\u0111ana. Naime, u gradsku luku stigao je brod koji prevozi \u010dak 250 tona azbesta, materijala koji je poznat po svojoj toksi\u010dnosti i opasnosti po zdravlje ljudi i okoli\u0161. Vijest o dolasku ovog broda izazvala je val negodovanja me\u0111u stanovnicima &hellip;","og_url":"https:\/\/odabrano.com\/index.php\/2025\/07\/29\/gradani-splita-zabrinuti-zbog-dolaska-broda-s-azbestom-i-izostanka-reakcije-gradske-vlasti\/","og_site_name":"odabrano","article_published_time":"2025-07-29T09:53:44+00:00","article_modified_time":"2025-07-29T09:54:20+00:00","og_image":[{"width":987,"height":660,"url":"http:\/\/odabrano.com\/wp-content\/uploads\/2025\/07\/azbest1.jpeg","type":"image\/jpeg"}],"author":"admin","twitter_card":"summary_large_image","twitter_misc":{"Written by":"admin","Est. reading time":"5 minutes"},"schema":{"@context":"https:\/\/schema.org","@graph":[{"@type":"Article","@id":"https:\/\/odabrano.com\/index.php\/2025\/07\/29\/gradani-splita-zabrinuti-zbog-dolaska-broda-s-azbestom-i-izostanka-reakcije-gradske-vlasti\/#article","isPartOf":{"@id":"https:\/\/odabrano.com\/index.php\/2025\/07\/29\/gradani-splita-zabrinuti-zbog-dolaska-broda-s-azbestom-i-izostanka-reakcije-gradske-vlasti\/"},"author":{"name":"admin","@id":"https:\/\/odabrano.com\/#\/schema\/person\/460f2b14657879743f23c4f6a7cd3236"},"headline":"Gra\u0111ani Splita zabrinuti zbog dolaska broda s azbestom i izostanka reakcije gradske vlasti","datePublished":"2025-07-29T09:53:44+00:00","dateModified":"2025-07-29T09:54:20+00:00","mainEntityOfPage":{"@id":"https:\/\/odabrano.com\/index.php\/2025\/07\/29\/gradani-splita-zabrinuti-zbog-dolaska-broda-s-azbestom-i-izostanka-reakcije-gradske-vlasti\/"},"wordCount":995,"publisher":{"@id":"https:\/\/odabrano.com\/#\/schema\/person\/460f2b14657879743f23c4f6a7cd3236"},"keywords":["azbest","brod","brodogradili\u010dte","gradona\u010d\u010delnik","prosvjed","split"],"articleSection":["Hrvatska"],"inLanguage":"en-US"},{"@type":"WebPage","@id":"https:\/\/odabrano.com\/index.php\/2025\/07\/29\/gradani-splita-zabrinuti-zbog-dolaska-broda-s-azbestom-i-izostanka-reakcije-gradske-vlasti\/","url":"https:\/\/odabrano.com\/index.php\/2025\/07\/29\/gradani-splita-zabrinuti-zbog-dolaska-broda-s-azbestom-i-izostanka-reakcije-gradske-vlasti\/","name":"Gra\u0111ani Splita zabrinuti zbog dolaska broda s azbestom i izostanka reakcije gradske vlasti - odabrano","isPartOf":{"@id":"https:\/\/odabrano.com\/#website"},"datePublished":"2025-07-29T09:53:44+00:00","dateModified":"2025-07-29T09:54:20+00:00","breadcrumb":{"@id":"https:\/\/odabrano.com\/index.php\/2025\/07\/29\/gradani-splita-zabrinuti-zbog-dolaska-broda-s-azbestom-i-izostanka-reakcije-gradske-vlasti\/#breadcrumb"},"inLanguage":"en-US","potentialAction":[{"@type":"ReadAction","target":["https:\/\/odabrano.com\/index.php\/2025\/07\/29\/gradani-splita-zabrinuti-zbog-dolaska-broda-s-azbestom-i-izostanka-reakcije-gradske-vlasti\/"]}]},{"@type":"BreadcrumbList","@id":"https:\/\/odabrano.com\/index.php\/2025\/07\/29\/gradani-splita-zabrinuti-zbog-dolaska-broda-s-azbestom-i-izostanka-reakcije-gradske-vlasti\/#breadcrumb","itemListElement":[{"@type":"ListItem","position":1,"name":"Home","item":"https:\/\/odabrano.com\/"},{"@type":"ListItem","position":2,"name":"Gra\u0111ani Splita zabrinuti zbog dolaska broda s azbestom i izostanka reakcije gradske vlasti"}]},{"@type":"WebSite","@id":"https:\/\/odabrano.com\/#website","url":"https:\/\/odabrano.com\/","name":"odabrano","description":"news portal koji nudi odabrane vijesti i informacije","publisher":{"@id":"https:\/\/odabrano.com\/#\/schema\/person\/460f2b14657879743f23c4f6a7cd3236"},"alternateName":"vijesti i informacije iz Hrvatske i svijeta","potentialAction":[{"@type":"SearchAction","target":{"@type":"EntryPoint","urlTemplate":"https:\/\/odabrano.com\/?s={search_term_string}"},"query-input":"required name=search_term_string"}],"inLanguage":"en-US"},{"@type":["Person","Organization"],"@id":"https:\/\/odabrano.com\/#\/schema\/person\/460f2b14657879743f23c4f6a7cd3236","name":"admin","image":{"@type":"ImageObject","inLanguage":"en-US","@id":"https:\/\/odabrano.com\/#\/schema\/person\/image\/","url":"https:\/\/odabrano.com\/wp-content\/uploads\/2024\/04\/dolar.jpg","contentUrl":"https:\/\/odabrano.com\/wp-content\/uploads\/2024\/04\/dolar.jpg","width":1216,"height":519,"caption":"admin"},"logo":{"@id":"https:\/\/odabrano.com\/#\/schema\/person\/image\/"},"sameAs":["http:\/\/odabrano.com"],"url":"https:\/\/odabrano.com\/index.php\/author\/sokolneno_u3xb387h\/"}]}},"_links":{"self":[{"href":"https:\/\/odabrano.com\/index.php\/wp-json\/wp\/v2\/posts\/6287","targetHints":{"allow":["GET"]}}],"collection":[{"href":"https:\/\/odabrano.com\/index.php\/wp-json\/wp\/v2\/posts"}],"about":[{"href":"https:\/\/odabrano.com\/index.php\/wp-json\/wp\/v2\/types\/post"}],"author":[{"embeddable":true,"href":"https:\/\/odabrano.com\/index.php\/wp-json\/wp\/v2\/users\/1"}],"replies":[{"embeddable":true,"href":"https:\/\/odabrano.com\/index.php\/wp-json\/wp\/v2\/comments?post=6287"}],"version-history":[{"count":3,"href":"https:\/\/odabrano.com\/index.php\/wp-json\/wp\/v2\/posts\/6287\/revisions"}],"predecessor-version":[{"id":6292,"href":"https:\/\/odabrano.com\/index.php\/wp-json\/wp\/v2\/posts\/6287\/revisions\/6292"}],"wp:featuredmedia":[{"embeddable":true,"href":"https:\/\/odabrano.com\/index.php\/wp-json\/wp\/v2\/media\/6288"}],"wp:attachment":[{"href":"https:\/\/odabrano.com\/index.php\/wp-json\/wp\/v2\/media?parent=6287"}],"wp:term":[{"taxonomy":"category","embeddable":true,"href":"https:\/\/odabrano.com\/index.php\/wp-json\/wp\/v2\/categories?post=6287"},{"taxonomy":"post_tag","embeddable":true,"href":"https:\/\/odabrano.com\/index.php\/wp-json\/wp\/v2\/tags?post=6287"}],"curies":[{"name":"wp","href":"https:\/\/api.w.org\/{rel}","templated":true}]}}