{"id":6273,"date":"2025-07-27T16:29:53","date_gmt":"2025-07-27T14:29:53","guid":{"rendered":"https:\/\/odabrano.com\/?p=6273"},"modified":"2025-07-27T16:29:53","modified_gmt":"2025-07-27T14:29:53","slug":"humanitarna-pomoc-pocela-stizati-u-pojas-gaze","status":"publish","type":"post","link":"https:\/\/odabrano.com\/index.php\/2025\/07\/27\/humanitarna-pomoc-pocela-stizati-u-pojas-gaze\/","title":{"rendered":"Humanitarna pomo\u0107 po\u010dela stizati u Pojas Gaze"},"content":{"rendered":"\n<p>Humanitarna pomo\u0107 iz zraka, humanitarne pauze i koridori u Gazi. Francuska i Saudijska Arabija pokre\u0107u inicijativu za rje\u0161enje o dvije dr\u017eave dok prosvjednici u Tel Avivu tra\u017ee sporazum o osloba\u0111anju talaca.<\/p>\n\n\n\n<p>Izrael reagira na\u00a0<a href=\"https:\/\/www.dw.com\/hr\/netanyahu-se-suo%C4%8Dava-sa-sve-ve%C4%87om-me%C4%91unarodnom-kritikom\/a-72693582\">me\u0111unarodne kritike<\/a>\u00a0zbog humanitarne situacije u\u00a0<a href=\"https:\/\/www.dw.com\/hr\/pojas-gaze\/t-69013902\">Pojasu Gaze<\/a>\u00a0bacanjem pomo\u0107i iz zraka. Tijekom no\u0107i, vojska je priop\u0107ila da je ba\u010deno sedam paleta s humanitarnom pomo\u0107i poput bra\u0161na, \u0161e\u0107era i konzervirane hrane, koje su osigurale me\u0111unarodne organizacije.Osim isporuka iz zraka, izraelska vojska najavila je takozvane \u201ehumanitarne stanke\u201c u odre\u0111enim regijama. Cilj je omogu\u0107iti konvojima UN-a sigurnu isporuku hrane i lijekova.<\/p>\n\n\n\n<figure class=\"wp-block-image size-large\"><img loading=\"lazy\" decoding=\"async\" width=\"1024\" height=\"576\" src=\"https:\/\/odabrano.com\/wp-content\/uploads\/2025\/07\/gaza-kamioni-1024x576.jpg\" alt=\"\" class=\"wp-image-6275\" srcset=\"https:\/\/odabrano.com\/wp-content\/uploads\/2025\/07\/gaza-kamioni-1024x576.jpg 1024w, https:\/\/odabrano.com\/wp-content\/uploads\/2025\/07\/gaza-kamioni-300x169.jpg 300w, https:\/\/odabrano.com\/wp-content\/uploads\/2025\/07\/gaza-kamioni-768x432.jpg 768w, https:\/\/odabrano.com\/wp-content\/uploads\/2025\/07\/gaza-kamioni-500x281.jpg 500w, https:\/\/odabrano.com\/wp-content\/uploads\/2025\/07\/gaza-kamioni-800x450.jpg 800w, https:\/\/odabrano.com\/wp-content\/uploads\/2025\/07\/gaza-kamioni.jpg 1110w\" sizes=\"auto, (max-width: 1024px) 100vw, 1024px\" \/><\/figure>\n\n\n\n<p><br>Po\u010dev\u0161i od danas, vojska \u0107e \u201esvakog dana do daljnjega\u201c od 10 do 20 sati po lokalnom vremenu uvoditi \u201etakti\u010dku stanku vojnih aktivnosti u humanitarne svrhe\u201c, priop\u0107ila je izraelska vojska.Pauza \u0107e vrijediti u podru\u010djima u kojima vojska ne provodi operacije: Al-Mawasi na jugozapadu blokiranog priobalnog pojasa, u Deir al-Balahu u sredi\u0161njem dijelu, kao i u gradu Gazi na sjeveru. Kako je navedeno, to je usugla\u0161eno nakon odgovaraju\u0107ih razgovora s UN-om i me\u0111unarodnim organizacijama.<br>Dalje je priop\u0107eno da \u0107e od 6 do 23 sata po lokalnom vremenu biti uspostavljeni koridori kako bi se omogu\u0107io siguran\u00a0<a href=\"https:\/\/www.dw.com\/hr\/raste-me%C4%91unarodni-pritisak-na-izrael-situacija-u-pojasu-gaze-sve-lo%C5%A1ija\/a-73363594\">prolazak konvojima UN-a<\/a>\u00a0i drugih humanitarnih organizacija koje dostavljaju i distribuiraju hranu i lijekove stanovni\u0161tvu \u0161irom Pojasa Gaze.<br>Ministarstvo vanjskih poslova Izraela najavilo je prvi prekid vatre za nedjeljno jutro. Istovremeno, vojska je naglasila da \u0107e nastaviti svoje operacije protiv \u201eterorista\u201c u drugim podru\u010djima.<br>A kako izvje\u0161tavaju dr\u017eavni mediji Egipta \u2013 kamioni natovareni humanitarnom pomo\u0107i po\u010deli su ulaziti u Pojas Gaze preko prijelaza Kerem \u0160alom, prenosi Times of Israel.<\/p>\n\n\n\n<p><strong>Prvi put Izrael sam provodi isporuke pomo\u0107i iz zraka<\/strong><\/p>\n\n\n\n<p>Od prekida primirja u o\u017eujku, u blokirani Pojas Gaze stiglo je vrlo malo humanitarne pomo\u0107i. Izrael i Ujedinjeni narodi me\u0111usobno se optu\u017euju za ometanje distribucije pomo\u0107i. Prema pisanju lista Times of Israel, ovo je prvi put od po\u010detka rata da je Izrael sam proveo isporuke pomo\u0107i iz zraka, nakon \u0161to je ranije dopu\u0161tao samo drugim dr\u017eavama da to \u010dine.<br>Ministar vanjskih poslova Ujedinjenih Arapskih Emirata najavio je na mre\u017ei X da \u0107e i oni \u201eodmah nastaviti\u201c s isporukama iz zraka.<br>Me\u0111utim, humanitarni radnici ovu metodu smatraju neu\u010dinkovitom zbog ograni\u010denih koli\u010dina hrane koje se mogu isporu\u010diti, a postoji i rizik da ljudi na terenu budu ozlije\u0111eni paletama koje padaju iz zraka.<br>Svjetska zdravstvena organizacija (SZO) nedavno je uputila ozbiljno upozorenje na&nbsp;<a href=\"https:\/\/www.dw.com\/hr\/patnja-djece-u-pojasu-gaze\/a-73271987\">smrtonosnu krizu gladi<\/a>&nbsp;me\u0111u oko dva milijuna stanovnika Gaze.<br>Izrael to pori\u010de i za te\u0161ku situaciju optu\u017euje Hamas, tvrde\u0107i da ta teroristi\u010dka organizacija zapljenjuje humanitarnu pomo\u0107 i preprodaje je radi profita.<\/p>\n\n\n\n<p><strong>Macron inzistira na rje\u0161enju o dvije dr\u017eave<\/strong><\/p>\n\n\n\n<p>Predsjednik Francuske Emmanuel Macron napisao je na mre\u017ei X, nakon razgovora s egipatskim predsjednikom Abdelom Fatahom al-Sisijem, da blokada humanitarne pomo\u0107i i \u0161irenje izraelske&nbsp;<a href=\"https:\/\/www.dw.com\/hr\/rat-na-bliskom-istoku\/t-69013541\">vojne operacije u Gazi<\/a>&nbsp;predstavljaju neprihvatljiv rizik od gladi i prisilnog raseljavanja stanovni\u0161tva. \u201eNe mo\u017eemo prihvatiti da stanovni\u0161tvo, me\u0111u njima i mnogo djece, umire od gladi\u201c, napisao je Macron i ponovno pozvao na prekid vatre i osloba\u0111anje talaca.<br>Me\u0111unarodna konferencija o rje\u0161enju o dvije dr\u017eave, koju su za ponedjeljak u New Yorku planirale Francuska i Saudijska Arabija, treba stvoriti novu dinamiku u pravcu pravednog i trajnog rje\u0161enja izraelsko-palestinskog sukoba, utemeljenog na modelu dviju dr\u017eava, naveo je Macron.<br>Rad na tome nastavit \u0107e se na Op\u0107oj skup\u0161tini UN-a u rujnu u New Yorku. Macron je ranije najavio da \u0107e tada objaviti priznanje Palestine kao dr\u017eave. Zbog toga je nai\u0161ao na o\u0161tre kritike Izraela i njegovog saveznika, Sjedinjenih Ameri\u010dkih Dr\u017eava.&nbsp;<a href=\"https:\/\/www.dw.com\/hr\/njema%C4%8Dka\/t-49517544\">Njema\u010dka<\/a>&nbsp;vlada je objasnila da je jo\u0161 prerano za priznavanje palestinske dr\u017eave ali je rekla kako je u&nbsp;<a href=\"https:\/\/www.dw.com\/hr\/njema%C4%8Dki-kancelar-merz-u-kriznom-modusu\/a-73267707\">\u201eintenzivnom kontaktu&#8221; o rje\u0161avanju krize<\/a>sa svojim partnerima, prije svega Francuskom i Velikom Britanijom.<\/p>\n\n\n\n<p><strong>Neizvjesnost oko pregovora o osloba\u0111anju talaca<\/strong><\/p>\n\n\n\n<p>U Izraelu su u subotu tisu\u0107e ljudi iza\u0161le na ulice zahtijevaju\u0107i primirje u Gazi i osloba\u0111anje talaca koje Hamas i dalje dr\u017ei. Na prosvjedu u Tel Avivu, jedna \u017eena koja je bila me\u0111u taocima uputila je apel ameri\u010dkom predsjedniku&nbsp;<a href=\"https:\/\/www.dw.com\/hr\/donald-trump\/t-49519152\">Donaldu Trumpu<\/a>: \u201eMolim vas hitno: iskoristite sva sredstva, sav utjecaj koji imate, da ih sve vratite ku\u0107i. Sveobuhvatan sporazum jedini je put naprijed, i samo vi to mo\u017eete omogu\u0107iti.\u201c<br>U \u010detvrtak su SAD i Izrael povukli svoje pregovara\u010dke timove iz Katara, gdje su se vodili neizravni razgovori o prekidu vatre. Kako \u0107e se dalje odvijati napori za postizanje primirja, ostaje neizvjesno. Prema izraelskim podacima, u Gazi se jo\u0161 uvijek nalazi oko 50 talaca, od kojih je najmanje 20 navodno \u017eivo.<br>Podsjetimo, pripadnici Hamasa i drugih islamisti\u010dkih skupina su 7. listopada 2023. izvr\u0161ili napad na Izrael, pri \u010demu su oteli vi\u0161e od 250 ljudi i odveli ih u Gazu. U tom napadu je ubijeno i vi\u0161e od 1200 osoba, \u0161to je bio neposredni povod za izbijanje rata. Od tada je, prema podacima zdravstvenih vlasti pod kontrolom Hamasa, u Gazi ubijeno desetke tisu\u0107a ljudi. Ti podaci me\u0111utim nisu neovisno potvr\u0111eni i pritom ne rade razliku izme\u0111u civila i boraca.<\/p>\n\n\n\n<p><\/p>\n","protected":false},"excerpt":{"rendered":"<p>Humanitarna pomo\u0107 iz zraka, humanitarne pauze i koridori u Gazi. Francuska i Saudijska Arabija pokre\u0107u inicijativu za rje\u0161enje o dvije dr\u017eave dok prosvjednici u Tel Avivu tra\u017ee sporazum o osloba\u0111anju talaca. Izrael reagira na\u00a0me\u0111unarodne kritike\u00a0zbog humanitarne situacije u\u00a0Pojasu Gaze\u00a0bacanjem pomo\u0107i iz zraka. Tijekom no\u0107i, vojska je priop\u0107ila da je ba\u010deno sedam paleta s humanitarnom pomo\u0107i &hellip;<\/p>\n","protected":false},"author":1,"featured_media":6274,"comment_status":"closed","ping_status":"open","sticky":false,"template":"","format":"standard","meta":{"_monsterinsights_skip_tracking":false,"_monsterinsights_sitenote_active":false,"_monsterinsights_sitenote_note":"","_monsterinsights_sitenote_category":0,"footnotes":""},"categories":[9],"tags":[21,150,75,1254,86],"class_list":["post-6273","post","type-post","status-publish","format-standard","has-post-thumbnail","","category-svijet","tag-gaza","tag-hrana","tag-izrael","tag-konvoji","tag-pomoc"],"yoast_head":"<!-- This site is optimized with the Yoast SEO plugin v22.1 - https:\/\/yoast.com\/wordpress\/plugins\/seo\/ -->\n<title>Humanitarna pomo\u0107 po\u010dela stizati u Pojas Gaze - odabrano<\/title>\n<meta name=\"robots\" content=\"index, follow, max-snippet:-1, max-image-preview:large, max-video-preview:-1\" \/>\n<link rel=\"canonical\" href=\"https:\/\/odabrano.com\/index.php\/2025\/07\/27\/humanitarna-pomoc-pocela-stizati-u-pojas-gaze\/\" \/>\n<meta property=\"og:locale\" content=\"en_US\" \/>\n<meta property=\"og:type\" content=\"article\" \/>\n<meta property=\"og:title\" content=\"Humanitarna pomo\u0107 po\u010dela stizati u Pojas Gaze - odabrano\" \/>\n<meta property=\"og:description\" content=\"Humanitarna pomo\u0107 iz zraka, humanitarne pauze i koridori u Gazi. Francuska i Saudijska Arabija pokre\u0107u inicijativu za rje\u0161enje o dvije dr\u017eave dok prosvjednici u Tel Avivu tra\u017ee sporazum o osloba\u0111anju talaca. Izrael reagira na\u00a0me\u0111unarodne kritike\u00a0zbog humanitarne situacije u\u00a0Pojasu Gaze\u00a0bacanjem pomo\u0107i iz zraka. Tijekom no\u0107i, vojska je priop\u0107ila da je ba\u010deno sedam paleta s humanitarnom pomo\u0107i &hellip;\" \/>\n<meta property=\"og:url\" content=\"https:\/\/odabrano.com\/index.php\/2025\/07\/27\/humanitarna-pomoc-pocela-stizati-u-pojas-gaze\/\" \/>\n<meta property=\"og:site_name\" content=\"odabrano\" \/>\n<meta property=\"article:published_time\" content=\"2025-07-27T14:29:53+00:00\" \/>\n<meta property=\"og:image\" content=\"http:\/\/odabrano.com\/wp-content\/uploads\/2025\/07\/gaza-hrana.webp\" \/>\n\t<meta property=\"og:image:width\" content=\"1200\" \/>\n\t<meta property=\"og:image:height\" content=\"525\" \/>\n\t<meta property=\"og:image:type\" content=\"image\/webp\" \/>\n<meta name=\"author\" content=\"admin\" \/>\n<meta name=\"twitter:card\" content=\"summary_large_image\" \/>\n<meta name=\"twitter:label1\" content=\"Written by\" \/>\n\t<meta name=\"twitter:data1\" content=\"admin\" \/>\n\t<meta name=\"twitter:label2\" content=\"Est. reading time\" \/>\n\t<meta name=\"twitter:data2\" content=\"4 minutes\" \/>\n<script type=\"application\/ld+json\" class=\"yoast-schema-graph\">{\"@context\":\"https:\/\/schema.org\",\"@graph\":[{\"@type\":\"Article\",\"@id\":\"https:\/\/odabrano.com\/index.php\/2025\/07\/27\/humanitarna-pomoc-pocela-stizati-u-pojas-gaze\/#article\",\"isPartOf\":{\"@id\":\"https:\/\/odabrano.com\/index.php\/2025\/07\/27\/humanitarna-pomoc-pocela-stizati-u-pojas-gaze\/\"},\"author\":{\"name\":\"admin\",\"@id\":\"https:\/\/odabrano.com\/#\/schema\/person\/460f2b14657879743f23c4f6a7cd3236\"},\"headline\":\"Humanitarna pomo\u0107 po\u010dela stizati u Pojas Gaze\",\"datePublished\":\"2025-07-27T14:29:53+00:00\",\"dateModified\":\"2025-07-27T14:29:53+00:00\",\"mainEntityOfPage\":{\"@id\":\"https:\/\/odabrano.com\/index.php\/2025\/07\/27\/humanitarna-pomoc-pocela-stizati-u-pojas-gaze\/\"},\"wordCount\":904,\"publisher\":{\"@id\":\"https:\/\/odabrano.com\/#\/schema\/person\/460f2b14657879743f23c4f6a7cd3236\"},\"keywords\":[\"gaza\",\"hrana\",\"izrael\",\"konvoji\",\"pomo\u0107\"],\"articleSection\":[\"Svijet\"],\"inLanguage\":\"en-US\"},{\"@type\":\"WebPage\",\"@id\":\"https:\/\/odabrano.com\/index.php\/2025\/07\/27\/humanitarna-pomoc-pocela-stizati-u-pojas-gaze\/\",\"url\":\"https:\/\/odabrano.com\/index.php\/2025\/07\/27\/humanitarna-pomoc-pocela-stizati-u-pojas-gaze\/\",\"name\":\"Humanitarna pomo\u0107 po\u010dela stizati u Pojas Gaze - odabrano\",\"isPartOf\":{\"@id\":\"https:\/\/odabrano.com\/#website\"},\"datePublished\":\"2025-07-27T14:29:53+00:00\",\"dateModified\":\"2025-07-27T14:29:53+00:00\",\"breadcrumb\":{\"@id\":\"https:\/\/odabrano.com\/index.php\/2025\/07\/27\/humanitarna-pomoc-pocela-stizati-u-pojas-gaze\/#breadcrumb\"},\"inLanguage\":\"en-US\",\"potentialAction\":[{\"@type\":\"ReadAction\",\"target\":[\"https:\/\/odabrano.com\/index.php\/2025\/07\/27\/humanitarna-pomoc-pocela-stizati-u-pojas-gaze\/\"]}]},{\"@type\":\"BreadcrumbList\",\"@id\":\"https:\/\/odabrano.com\/index.php\/2025\/07\/27\/humanitarna-pomoc-pocela-stizati-u-pojas-gaze\/#breadcrumb\",\"itemListElement\":[{\"@type\":\"ListItem\",\"position\":1,\"name\":\"Home\",\"item\":\"https:\/\/odabrano.com\/\"},{\"@type\":\"ListItem\",\"position\":2,\"name\":\"Humanitarna pomo\u0107 po\u010dela stizati u Pojas Gaze\"}]},{\"@type\":\"WebSite\",\"@id\":\"https:\/\/odabrano.com\/#website\",\"url\":\"https:\/\/odabrano.com\/\",\"name\":\"odabrano\",\"description\":\"news portal koji nudi odabrane vijesti i informacije\",\"publisher\":{\"@id\":\"https:\/\/odabrano.com\/#\/schema\/person\/460f2b14657879743f23c4f6a7cd3236\"},\"alternateName\":\"vijesti i informacije iz Hrvatske i svijeta\",\"potentialAction\":[{\"@type\":\"SearchAction\",\"target\":{\"@type\":\"EntryPoint\",\"urlTemplate\":\"https:\/\/odabrano.com\/?s={search_term_string}\"},\"query-input\":\"required name=search_term_string\"}],\"inLanguage\":\"en-US\"},{\"@type\":[\"Person\",\"Organization\"],\"@id\":\"https:\/\/odabrano.com\/#\/schema\/person\/460f2b14657879743f23c4f6a7cd3236\",\"name\":\"admin\",\"image\":{\"@type\":\"ImageObject\",\"inLanguage\":\"en-US\",\"@id\":\"https:\/\/odabrano.com\/#\/schema\/person\/image\/\",\"url\":\"https:\/\/odabrano.com\/wp-content\/uploads\/2024\/04\/dolar.jpg\",\"contentUrl\":\"https:\/\/odabrano.com\/wp-content\/uploads\/2024\/04\/dolar.jpg\",\"width\":1216,\"height\":519,\"caption\":\"admin\"},\"logo\":{\"@id\":\"https:\/\/odabrano.com\/#\/schema\/person\/image\/\"},\"sameAs\":[\"http:\/\/odabrano.com\"],\"url\":\"https:\/\/odabrano.com\/index.php\/author\/sokolneno_u3xb387h\/\"}]}<\/script>\n<!-- \/ Yoast SEO plugin. -->","yoast_head_json":{"title":"Humanitarna pomo\u0107 po\u010dela stizati u Pojas Gaze - odabrano","robots":{"index":"index","follow":"follow","max-snippet":"max-snippet:-1","max-image-preview":"max-image-preview:large","max-video-preview":"max-video-preview:-1"},"canonical":"https:\/\/odabrano.com\/index.php\/2025\/07\/27\/humanitarna-pomoc-pocela-stizati-u-pojas-gaze\/","og_locale":"en_US","og_type":"article","og_title":"Humanitarna pomo\u0107 po\u010dela stizati u Pojas Gaze - odabrano","og_description":"Humanitarna pomo\u0107 iz zraka, humanitarne pauze i koridori u Gazi. Francuska i Saudijska Arabija pokre\u0107u inicijativu za rje\u0161enje o dvije dr\u017eave dok prosvjednici u Tel Avivu tra\u017ee sporazum o osloba\u0111anju talaca. Izrael reagira na\u00a0me\u0111unarodne kritike\u00a0zbog humanitarne situacije u\u00a0Pojasu Gaze\u00a0bacanjem pomo\u0107i iz zraka. Tijekom no\u0107i, vojska je priop\u0107ila da je ba\u010deno sedam paleta s humanitarnom pomo\u0107i &hellip;","og_url":"https:\/\/odabrano.com\/index.php\/2025\/07\/27\/humanitarna-pomoc-pocela-stizati-u-pojas-gaze\/","og_site_name":"odabrano","article_published_time":"2025-07-27T14:29:53+00:00","og_image":[{"width":1200,"height":525,"url":"http:\/\/odabrano.com\/wp-content\/uploads\/2025\/07\/gaza-hrana.webp","type":"image\/webp"}],"author":"admin","twitter_card":"summary_large_image","twitter_misc":{"Written by":"admin","Est. reading time":"4 minutes"},"schema":{"@context":"https:\/\/schema.org","@graph":[{"@type":"Article","@id":"https:\/\/odabrano.com\/index.php\/2025\/07\/27\/humanitarna-pomoc-pocela-stizati-u-pojas-gaze\/#article","isPartOf":{"@id":"https:\/\/odabrano.com\/index.php\/2025\/07\/27\/humanitarna-pomoc-pocela-stizati-u-pojas-gaze\/"},"author":{"name":"admin","@id":"https:\/\/odabrano.com\/#\/schema\/person\/460f2b14657879743f23c4f6a7cd3236"},"headline":"Humanitarna pomo\u0107 po\u010dela stizati u Pojas Gaze","datePublished":"2025-07-27T14:29:53+00:00","dateModified":"2025-07-27T14:29:53+00:00","mainEntityOfPage":{"@id":"https:\/\/odabrano.com\/index.php\/2025\/07\/27\/humanitarna-pomoc-pocela-stizati-u-pojas-gaze\/"},"wordCount":904,"publisher":{"@id":"https:\/\/odabrano.com\/#\/schema\/person\/460f2b14657879743f23c4f6a7cd3236"},"keywords":["gaza","hrana","izrael","konvoji","pomo\u0107"],"articleSection":["Svijet"],"inLanguage":"en-US"},{"@type":"WebPage","@id":"https:\/\/odabrano.com\/index.php\/2025\/07\/27\/humanitarna-pomoc-pocela-stizati-u-pojas-gaze\/","url":"https:\/\/odabrano.com\/index.php\/2025\/07\/27\/humanitarna-pomoc-pocela-stizati-u-pojas-gaze\/","name":"Humanitarna pomo\u0107 po\u010dela stizati u Pojas Gaze - odabrano","isPartOf":{"@id":"https:\/\/odabrano.com\/#website"},"datePublished":"2025-07-27T14:29:53+00:00","dateModified":"2025-07-27T14:29:53+00:00","breadcrumb":{"@id":"https:\/\/odabrano.com\/index.php\/2025\/07\/27\/humanitarna-pomoc-pocela-stizati-u-pojas-gaze\/#breadcrumb"},"inLanguage":"en-US","potentialAction":[{"@type":"ReadAction","target":["https:\/\/odabrano.com\/index.php\/2025\/07\/27\/humanitarna-pomoc-pocela-stizati-u-pojas-gaze\/"]}]},{"@type":"BreadcrumbList","@id":"https:\/\/odabrano.com\/index.php\/2025\/07\/27\/humanitarna-pomoc-pocela-stizati-u-pojas-gaze\/#breadcrumb","itemListElement":[{"@type":"ListItem","position":1,"name":"Home","item":"https:\/\/odabrano.com\/"},{"@type":"ListItem","position":2,"name":"Humanitarna pomo\u0107 po\u010dela stizati u Pojas Gaze"}]},{"@type":"WebSite","@id":"https:\/\/odabrano.com\/#website","url":"https:\/\/odabrano.com\/","name":"odabrano","description":"news portal koji nudi odabrane vijesti i informacije","publisher":{"@id":"https:\/\/odabrano.com\/#\/schema\/person\/460f2b14657879743f23c4f6a7cd3236"},"alternateName":"vijesti i informacije iz Hrvatske i svijeta","potentialAction":[{"@type":"SearchAction","target":{"@type":"EntryPoint","urlTemplate":"https:\/\/odabrano.com\/?s={search_term_string}"},"query-input":"required name=search_term_string"}],"inLanguage":"en-US"},{"@type":["Person","Organization"],"@id":"https:\/\/odabrano.com\/#\/schema\/person\/460f2b14657879743f23c4f6a7cd3236","name":"admin","image":{"@type":"ImageObject","inLanguage":"en-US","@id":"https:\/\/odabrano.com\/#\/schema\/person\/image\/","url":"https:\/\/odabrano.com\/wp-content\/uploads\/2024\/04\/dolar.jpg","contentUrl":"https:\/\/odabrano.com\/wp-content\/uploads\/2024\/04\/dolar.jpg","width":1216,"height":519,"caption":"admin"},"logo":{"@id":"https:\/\/odabrano.com\/#\/schema\/person\/image\/"},"sameAs":["http:\/\/odabrano.com"],"url":"https:\/\/odabrano.com\/index.php\/author\/sokolneno_u3xb387h\/"}]}},"_links":{"self":[{"href":"https:\/\/odabrano.com\/index.php\/wp-json\/wp\/v2\/posts\/6273","targetHints":{"allow":["GET"]}}],"collection":[{"href":"https:\/\/odabrano.com\/index.php\/wp-json\/wp\/v2\/posts"}],"about":[{"href":"https:\/\/odabrano.com\/index.php\/wp-json\/wp\/v2\/types\/post"}],"author":[{"embeddable":true,"href":"https:\/\/odabrano.com\/index.php\/wp-json\/wp\/v2\/users\/1"}],"replies":[{"embeddable":true,"href":"https:\/\/odabrano.com\/index.php\/wp-json\/wp\/v2\/comments?post=6273"}],"version-history":[{"count":2,"href":"https:\/\/odabrano.com\/index.php\/wp-json\/wp\/v2\/posts\/6273\/revisions"}],"predecessor-version":[{"id":6277,"href":"https:\/\/odabrano.com\/index.php\/wp-json\/wp\/v2\/posts\/6273\/revisions\/6277"}],"wp:featuredmedia":[{"embeddable":true,"href":"https:\/\/odabrano.com\/index.php\/wp-json\/wp\/v2\/media\/6274"}],"wp:attachment":[{"href":"https:\/\/odabrano.com\/index.php\/wp-json\/wp\/v2\/media?parent=6273"}],"wp:term":[{"taxonomy":"category","embeddable":true,"href":"https:\/\/odabrano.com\/index.php\/wp-json\/wp\/v2\/categories?post=6273"},{"taxonomy":"post_tag","embeddable":true,"href":"https:\/\/odabrano.com\/index.php\/wp-json\/wp\/v2\/tags?post=6273"}],"curies":[{"name":"wp","href":"https:\/\/api.w.org\/{rel}","templated":true}]}}