{"id":6181,"date":"2025-07-18T18:01:57","date_gmt":"2025-07-18T16:01:57","guid":{"rendered":"https:\/\/odabrano.com\/?p=6181"},"modified":"2025-07-18T18:16:58","modified_gmt":"2025-07-18T16:16:58","slug":"naselje-na-kili","status":"publish","type":"post","link":"https:\/\/odabrano.com\/index.php\/2025\/07\/18\/naselje-na-kili\/","title":{"rendered":"Naselje na Kili"},"content":{"rendered":"<p>Kila je kvart u isto\u010dnom dijelu Splita, smje\u0161ten izme\u0111u Meja\u0161a i Sirobuje. Pripada gradskoj \u010detvrti Meja\u0161i i nalazi se u blizini trgova\u010dkih centara kao \u0161to su Mall of Split i City Center One. Kvart se posljednjih godina intenzivno razvija, s puno novih stambenih zgrada i obiteljskih ku\u0107a. Infrastruktura se postupno pobolj\u0161ava, uklju\u010duju\u0107i prometnice, javnu rasvjetu i kanalizaciju. Kila ima mirniji karakter u odnosu na centar grada, a istovremeno nudi dobru povezanost i pristup svim va\u017enim sadr\u017eajima poput trgovina, \u0161kola, vrti\u0107a i javnog prijevoza. Zbog povoljnijih cijena nekretnina i blizine urbanih zona, postaje sve popularnija za stanovanje, posebno me\u0111u mladim obiteljima.<br \/>\nZahvaljujemo @splitwayu na videu.<\/p>\n<blockquote class=\"tiktok-embed\" cite=\"https:\/\/www.tiktok.com\/@splitway\/video\/7521373097371471126\" data-video-id=\"7521373097371471126\" style=\"max-width: 605px;min-width: 325px;\" >\n<section> <a target=\"_blank\" title=\"@splitway\" href=\"https:\/\/www.tiktok.com\/@splitway?refer=embed\">@splitway<\/a> Kila (Meja\u0161i) Split, Croatia (description in Croatian &#38; English) <a title=\"split\" target=\"_blank\" href=\"https:\/\/www.tiktok.com\/tag\/split?refer=embed\">#split<\/a> <a title=\"croatia\" target=\"_blank\" href=\"https:\/\/www.tiktok.com\/tag\/croatia?refer=embed\">#croatia<\/a> <a title=\"bestplaceincroatia\" target=\"_blank\" href=\"https:\/\/www.tiktok.com\/tag\/bestplaceincroatia?refer=embed\">#bestplaceincroatia<\/a> <a title=\"europeantravel\" target=\"_blank\" href=\"https:\/\/www.tiktok.com\/tag\/europeantravel?refer=embed\">#europeantravel<\/a> <a title=\"traveltips\" target=\"_blank\" href=\"https:\/\/www.tiktok.com\/tag\/traveltips?refer=embed\">#traveltips<\/a> <a title=\"kila\" target=\"_blank\" href=\"https:\/\/www.tiktok.com\/tag\/kila?refer=embed\">#kila<\/a> <a title=\"mejasi\" target=\"_blank\" href=\"https:\/\/www.tiktok.com\/tag\/mejasi?refer=embed\">#mejasi<\/a> <a target=\"_blank\" title=\"\u266c Mirador - Album Mix - Cosmic Gate\" href=\"https:\/\/www.tiktok.com\/music\/Mirador-Album-Mix-7210568468523911169?refer=embed\">\u266c Mirador &#8211; Album Mix &#8211; Cosmic Gate<\/a> <\/section>\n<\/blockquote>\n<p> <script async src=\"https:\/\/www.tiktok.com\/embed.js\"><\/script><\/p>\n","protected":false},"excerpt":{"rendered":"<p>Kila je kvart u isto\u010dnom dijelu Splita, smje\u0161ten izme\u0111u Meja\u0161a i Sirobuje. Pripada gradskoj \u010detvrti Meja\u0161i i nalazi se u blizini trgova\u010dkih centara kao \u0161to su Mall of Split i City Center One. Kvart se posljednjih godina intenzivno razvija, s puno novih stambenih zgrada i obiteljskih ku\u0107a. Infrastruktura se postupno pobolj\u0161ava, uklju\u010duju\u0107i prometnice, javnu rasvjetu &hellip;<\/p>\n","protected":false},"author":1,"featured_media":6186,"comment_status":"closed","ping_status":"open","sticky":false,"template":"","format":"standard","meta":{"_monsterinsights_skip_tracking":false,"_monsterinsights_sitenote_active":false,"_monsterinsights_sitenote_note":"","_monsterinsights_sitenote_category":0,"footnotes":""},"categories":[25],"tags":[1234,10],"class_list":["post-6181","post","type-post","status-publish","format-standard","has-post-thumbnail","","category-hrvatska","tag-kila","tag-split"],"yoast_head":"<!-- This site is optimized with the Yoast SEO plugin v22.1 - https:\/\/yoast.com\/wordpress\/plugins\/seo\/ -->\n<title>Naselje na Kili - odabrano<\/title>\n<meta name=\"robots\" content=\"index, follow, max-snippet:-1, max-image-preview:large, max-video-preview:-1\" \/>\n<link rel=\"canonical\" href=\"https:\/\/odabrano.com\/index.php\/2025\/07\/18\/naselje-na-kili\/\" \/>\n<meta property=\"og:locale\" content=\"en_US\" \/>\n<meta property=\"og:type\" content=\"article\" \/>\n<meta property=\"og:title\" content=\"Naselje na Kili - odabrano\" \/>\n<meta property=\"og:description\" content=\"Kila je kvart u isto\u010dnom dijelu Splita, smje\u0161ten izme\u0111u Meja\u0161a i Sirobuje. Pripada gradskoj \u010detvrti Meja\u0161i i nalazi se u blizini trgova\u010dkih centara kao \u0161to su Mall of Split i City Center One. Kvart se posljednjih godina intenzivno razvija, s puno novih stambenih zgrada i obiteljskih ku\u0107a. Infrastruktura se postupno pobolj\u0161ava, uklju\u010duju\u0107i prometnice, javnu rasvjetu &hellip;\" \/>\n<meta property=\"og:url\" content=\"https:\/\/odabrano.com\/index.php\/2025\/07\/18\/naselje-na-kili\/\" \/>\n<meta property=\"og:site_name\" content=\"odabrano\" \/>\n<meta property=\"article:published_time\" content=\"2025-07-18T16:01:57+00:00\" \/>\n<meta property=\"article:modified_time\" content=\"2025-07-18T16:16:58+00:00\" \/>\n<meta property=\"og:image\" content=\"http:\/\/odabrano.com\/wp-content\/uploads\/2025\/07\/kila.jpg\" \/>\n\t<meta property=\"og:image:width\" content=\"699\" \/>\n\t<meta property=\"og:image:height\" content=\"449\" \/>\n\t<meta property=\"og:image:type\" content=\"image\/jpeg\" \/>\n<meta name=\"author\" content=\"admin\" \/>\n<meta name=\"twitter:card\" content=\"summary_large_image\" \/>\n<meta name=\"twitter:label1\" content=\"Written by\" \/>\n\t<meta name=\"twitter:data1\" content=\"admin\" \/>\n\t<meta name=\"twitter:label2\" content=\"Est. reading time\" \/>\n\t<meta name=\"twitter:data2\" content=\"1 minute\" \/>\n<script type=\"application\/ld+json\" class=\"yoast-schema-graph\">{\"@context\":\"https:\/\/schema.org\",\"@graph\":[{\"@type\":\"Article\",\"@id\":\"https:\/\/odabrano.com\/index.php\/2025\/07\/18\/naselje-na-kili\/#article\",\"isPartOf\":{\"@id\":\"https:\/\/odabrano.com\/index.php\/2025\/07\/18\/naselje-na-kili\/\"},\"author\":{\"name\":\"admin\",\"@id\":\"https:\/\/odabrano.com\/#\/schema\/person\/460f2b14657879743f23c4f6a7cd3236\"},\"headline\":\"Naselje na Kili\",\"datePublished\":\"2025-07-18T16:01:57+00:00\",\"dateModified\":\"2025-07-18T16:16:58+00:00\",\"mainEntityOfPage\":{\"@id\":\"https:\/\/odabrano.com\/index.php\/2025\/07\/18\/naselje-na-kili\/\"},\"wordCount\":145,\"publisher\":{\"@id\":\"https:\/\/odabrano.com\/#\/schema\/person\/460f2b14657879743f23c4f6a7cd3236\"},\"keywords\":[\"kila\",\"split\"],\"articleSection\":[\"Hrvatska\"],\"inLanguage\":\"en-US\"},{\"@type\":\"WebPage\",\"@id\":\"https:\/\/odabrano.com\/index.php\/2025\/07\/18\/naselje-na-kili\/\",\"url\":\"https:\/\/odabrano.com\/index.php\/2025\/07\/18\/naselje-na-kili\/\",\"name\":\"Naselje na Kili - odabrano\",\"isPartOf\":{\"@id\":\"https:\/\/odabrano.com\/#website\"},\"datePublished\":\"2025-07-18T16:01:57+00:00\",\"dateModified\":\"2025-07-18T16:16:58+00:00\",\"breadcrumb\":{\"@id\":\"https:\/\/odabrano.com\/index.php\/2025\/07\/18\/naselje-na-kili\/#breadcrumb\"},\"inLanguage\":\"en-US\",\"potentialAction\":[{\"@type\":\"ReadAction\",\"target\":[\"https:\/\/odabrano.com\/index.php\/2025\/07\/18\/naselje-na-kili\/\"]}]},{\"@type\":\"BreadcrumbList\",\"@id\":\"https:\/\/odabrano.com\/index.php\/2025\/07\/18\/naselje-na-kili\/#breadcrumb\",\"itemListElement\":[{\"@type\":\"ListItem\",\"position\":1,\"name\":\"Home\",\"item\":\"https:\/\/odabrano.com\/\"},{\"@type\":\"ListItem\",\"position\":2,\"name\":\"Naselje na Kili\"}]},{\"@type\":\"WebSite\",\"@id\":\"https:\/\/odabrano.com\/#website\",\"url\":\"https:\/\/odabrano.com\/\",\"name\":\"odabrano\",\"description\":\"news portal koji nudi odabrane vijesti i informacije\",\"publisher\":{\"@id\":\"https:\/\/odabrano.com\/#\/schema\/person\/460f2b14657879743f23c4f6a7cd3236\"},\"alternateName\":\"vijesti i informacije iz Hrvatske i svijeta\",\"potentialAction\":[{\"@type\":\"SearchAction\",\"target\":{\"@type\":\"EntryPoint\",\"urlTemplate\":\"https:\/\/odabrano.com\/?s={search_term_string}\"},\"query-input\":\"required name=search_term_string\"}],\"inLanguage\":\"en-US\"},{\"@type\":[\"Person\",\"Organization\"],\"@id\":\"https:\/\/odabrano.com\/#\/schema\/person\/460f2b14657879743f23c4f6a7cd3236\",\"name\":\"admin\",\"image\":{\"@type\":\"ImageObject\",\"inLanguage\":\"en-US\",\"@id\":\"https:\/\/odabrano.com\/#\/schema\/person\/image\/\",\"url\":\"https:\/\/odabrano.com\/wp-content\/uploads\/2024\/04\/dolar.jpg\",\"contentUrl\":\"https:\/\/odabrano.com\/wp-content\/uploads\/2024\/04\/dolar.jpg\",\"width\":1216,\"height\":519,\"caption\":\"admin\"},\"logo\":{\"@id\":\"https:\/\/odabrano.com\/#\/schema\/person\/image\/\"},\"sameAs\":[\"http:\/\/odabrano.com\"],\"url\":\"https:\/\/odabrano.com\/index.php\/author\/sokolneno_u3xb387h\/\"}]}<\/script>\n<!-- \/ Yoast SEO plugin. -->","yoast_head_json":{"title":"Naselje na Kili - odabrano","robots":{"index":"index","follow":"follow","max-snippet":"max-snippet:-1","max-image-preview":"max-image-preview:large","max-video-preview":"max-video-preview:-1"},"canonical":"https:\/\/odabrano.com\/index.php\/2025\/07\/18\/naselje-na-kili\/","og_locale":"en_US","og_type":"article","og_title":"Naselje na Kili - odabrano","og_description":"Kila je kvart u isto\u010dnom dijelu Splita, smje\u0161ten izme\u0111u Meja\u0161a i Sirobuje. Pripada gradskoj \u010detvrti Meja\u0161i i nalazi se u blizini trgova\u010dkih centara kao \u0161to su Mall of Split i City Center One. Kvart se posljednjih godina intenzivno razvija, s puno novih stambenih zgrada i obiteljskih ku\u0107a. Infrastruktura se postupno pobolj\u0161ava, uklju\u010duju\u0107i prometnice, javnu rasvjetu &hellip;","og_url":"https:\/\/odabrano.com\/index.php\/2025\/07\/18\/naselje-na-kili\/","og_site_name":"odabrano","article_published_time":"2025-07-18T16:01:57+00:00","article_modified_time":"2025-07-18T16:16:58+00:00","og_image":[{"width":699,"height":449,"url":"http:\/\/odabrano.com\/wp-content\/uploads\/2025\/07\/kila.jpg","type":"image\/jpeg"}],"author":"admin","twitter_card":"summary_large_image","twitter_misc":{"Written by":"admin","Est. reading time":"1 minute"},"schema":{"@context":"https:\/\/schema.org","@graph":[{"@type":"Article","@id":"https:\/\/odabrano.com\/index.php\/2025\/07\/18\/naselje-na-kili\/#article","isPartOf":{"@id":"https:\/\/odabrano.com\/index.php\/2025\/07\/18\/naselje-na-kili\/"},"author":{"name":"admin","@id":"https:\/\/odabrano.com\/#\/schema\/person\/460f2b14657879743f23c4f6a7cd3236"},"headline":"Naselje na Kili","datePublished":"2025-07-18T16:01:57+00:00","dateModified":"2025-07-18T16:16:58+00:00","mainEntityOfPage":{"@id":"https:\/\/odabrano.com\/index.php\/2025\/07\/18\/naselje-na-kili\/"},"wordCount":145,"publisher":{"@id":"https:\/\/odabrano.com\/#\/schema\/person\/460f2b14657879743f23c4f6a7cd3236"},"keywords":["kila","split"],"articleSection":["Hrvatska"],"inLanguage":"en-US"},{"@type":"WebPage","@id":"https:\/\/odabrano.com\/index.php\/2025\/07\/18\/naselje-na-kili\/","url":"https:\/\/odabrano.com\/index.php\/2025\/07\/18\/naselje-na-kili\/","name":"Naselje na Kili - odabrano","isPartOf":{"@id":"https:\/\/odabrano.com\/#website"},"datePublished":"2025-07-18T16:01:57+00:00","dateModified":"2025-07-18T16:16:58+00:00","breadcrumb":{"@id":"https:\/\/odabrano.com\/index.php\/2025\/07\/18\/naselje-na-kili\/#breadcrumb"},"inLanguage":"en-US","potentialAction":[{"@type":"ReadAction","target":["https:\/\/odabrano.com\/index.php\/2025\/07\/18\/naselje-na-kili\/"]}]},{"@type":"BreadcrumbList","@id":"https:\/\/odabrano.com\/index.php\/2025\/07\/18\/naselje-na-kili\/#breadcrumb","itemListElement":[{"@type":"ListItem","position":1,"name":"Home","item":"https:\/\/odabrano.com\/"},{"@type":"ListItem","position":2,"name":"Naselje na Kili"}]},{"@type":"WebSite","@id":"https:\/\/odabrano.com\/#website","url":"https:\/\/odabrano.com\/","name":"odabrano","description":"news portal koji nudi odabrane vijesti i informacije","publisher":{"@id":"https:\/\/odabrano.com\/#\/schema\/person\/460f2b14657879743f23c4f6a7cd3236"},"alternateName":"vijesti i informacije iz Hrvatske i svijeta","potentialAction":[{"@type":"SearchAction","target":{"@type":"EntryPoint","urlTemplate":"https:\/\/odabrano.com\/?s={search_term_string}"},"query-input":"required name=search_term_string"}],"inLanguage":"en-US"},{"@type":["Person","Organization"],"@id":"https:\/\/odabrano.com\/#\/schema\/person\/460f2b14657879743f23c4f6a7cd3236","name":"admin","image":{"@type":"ImageObject","inLanguage":"en-US","@id":"https:\/\/odabrano.com\/#\/schema\/person\/image\/","url":"https:\/\/odabrano.com\/wp-content\/uploads\/2024\/04\/dolar.jpg","contentUrl":"https:\/\/odabrano.com\/wp-content\/uploads\/2024\/04\/dolar.jpg","width":1216,"height":519,"caption":"admin"},"logo":{"@id":"https:\/\/odabrano.com\/#\/schema\/person\/image\/"},"sameAs":["http:\/\/odabrano.com"],"url":"https:\/\/odabrano.com\/index.php\/author\/sokolneno_u3xb387h\/"}]}},"_links":{"self":[{"href":"https:\/\/odabrano.com\/index.php\/wp-json\/wp\/v2\/posts\/6181","targetHints":{"allow":["GET"]}}],"collection":[{"href":"https:\/\/odabrano.com\/index.php\/wp-json\/wp\/v2\/posts"}],"about":[{"href":"https:\/\/odabrano.com\/index.php\/wp-json\/wp\/v2\/types\/post"}],"author":[{"embeddable":true,"href":"https:\/\/odabrano.com\/index.php\/wp-json\/wp\/v2\/users\/1"}],"replies":[{"embeddable":true,"href":"https:\/\/odabrano.com\/index.php\/wp-json\/wp\/v2\/comments?post=6181"}],"version-history":[{"count":4,"href":"https:\/\/odabrano.com\/index.php\/wp-json\/wp\/v2\/posts\/6181\/revisions"}],"predecessor-version":[{"id":6190,"href":"https:\/\/odabrano.com\/index.php\/wp-json\/wp\/v2\/posts\/6181\/revisions\/6190"}],"wp:featuredmedia":[{"embeddable":true,"href":"https:\/\/odabrano.com\/index.php\/wp-json\/wp\/v2\/media\/6186"}],"wp:attachment":[{"href":"https:\/\/odabrano.com\/index.php\/wp-json\/wp\/v2\/media?parent=6181"}],"wp:term":[{"taxonomy":"category","embeddable":true,"href":"https:\/\/odabrano.com\/index.php\/wp-json\/wp\/v2\/categories?post=6181"},{"taxonomy":"post_tag","embeddable":true,"href":"https:\/\/odabrano.com\/index.php\/wp-json\/wp\/v2\/tags?post=6181"}],"curies":[{"name":"wp","href":"https:\/\/api.w.org\/{rel}","templated":true}]}}