{"id":6168,"date":"2025-07-17T07:48:27","date_gmt":"2025-07-17T05:48:27","guid":{"rendered":"https:\/\/odabrano.com\/?p=6168"},"modified":"2025-07-17T07:48:29","modified_gmt":"2025-07-17T05:48:29","slug":"izrael-pokrenuo-zestoke-napade-na-siriju-sve-vise-zrtava","status":"publish","type":"post","link":"https:\/\/odabrano.com\/index.php\/2025\/07\/17\/izrael-pokrenuo-zestoke-napade-na-siriju-sve-vise-zrtava\/","title":{"rendered":"Izrael pokrenuo \u017eestoke napade na Siriju, sve vi\u0161e \u017ertava"},"content":{"rendered":"\n<p>Izraelska vojska je priop\u0107ila da je u srijedu pogodila ulaz sirijskog ministarstva obrane u Damasku, poja\u010dav\u0161i napade na islamisti\u010dke vlasti u cilju obe\u0107ane za\u0161tite sirijske manjine Druza.<\/p>\n\n\n\n<p>Ovo je tre\u0107i dan zaredom kako Izrael izvodi operacije u Siriji gdje su se sukobile vladine snage i borci lokalne zajednice Druza u gradu Sweida na jugu zemlje.<\/p>\n\n\n\n<p>Trupe sirijske vlade su u ponedjeljak prvotno bile upu\u0107ene u podru\u010dje Sweide kako bi smirili sukobe izme\u0111u boraca Druza i naoru\u017eanih beduina, ali su se na kraju sami sukobili s Druzima.<br><br>Sigurnosni izvori u sirijskom ministarstvu obrane su rekli Reutersu da su najmanje dva drona pogodila zgradu te su se \u010dasnici sklonili u podrum.&nbsp;<br><br>Prva izvje\u0161\u0107a govore o najmanje troje poginulih i vi\u0161e od 30 ranjenih u ovim napadima.<br><br>&#8211; Dogodio se izraelski zra\u010dni napad na Ministarstvo obrane &#8211; imamo nekoliko mrtvih i ozlije\u0111enih. Naravno, bilo je ozlije\u0111enih i me\u0111u civilima jer je zgrada ministarstva u potpunosti okru\u017eena civilnim zgradama, rekao je&nbsp;<strong>Nabil al-Khalidi<\/strong>, du\u017enosnik sirijskog ministarstva unutarnjih poslova.<br><br>Izraelska vojska ubrzo je potvrdila kako su udari bili namijenjeni zapovjedni\u0161tvu sirijske vojske, ali i predsjedni\u010dkoj pala\u010di. Izrael je to potkrijepio i snimkama.<br><br>Prema sirijskim medijima, prekid vatre objavljen ve\u010der ranije u Sweidi, ve\u0107inski naseljenom Druzima, je zbog nastavka sukoba brzo propao. Sirijsko ministarstvo obrane prst krivnje za prekr\u0161eno primirje upire u zabranjene skupine, prenosi dr\u017eavna novinska agencija SANA.<br><br>Ministarstvo obrane pozvalo je stanovnike grada da ostanu u svojim domovima.<br><br>Ovime je kulminirao vi\u0161ednevni sukob uz granicu Izraela i Sirije, na Golanskoj visoravni.&nbsp;<br><br>Druzi s teritorija koje kontrolira Izrael pohrlili su prema granici kako bi pru\u017eili potporu svojim sunarodnjacima s druge strane ograde.&nbsp; &nbsp;<br><br>&#8211; Pozivamo svijet da nam pomogne i pozove vladu, ako ovo mo\u017eemo nazvati vladom, da zaustavi te teroristi\u010dke napade na na\u0161 narod. I zato smo ovdje na granici kako bismo pro\u0161irili svoj glas diljem svijeta i zaustavili ovo ubijanje na\u0161eg naroda u Siriji, rekao je&nbsp;<strong>Yosef Dabous,<\/strong>&nbsp;Majdal Shams, Golanska visoravan.<br><br>&#8211; Osje\u0107amo se vrlo slabi jer vidimo kako se ubijaju na\u0161a bra\u0107a, obitelji, na\u0161i domovi uni\u0161tavaju bez razloga, samo zato \u0161to su Druzi, samo zato \u0161to \u017eele sa\u010duvati svoje dostojanstvo, \u010dast i zemlju. Zato smo povrije\u0111eni, moja obitelj je u Siriji &#8211; moja supruga, stri\u010devi, svi su u Sveidi. Ne \u017eelim da ih ubiju, izbacili su ih iz njihovih domova, oplja\u010dkali i spalili im ku\u0107e. Ja ne mogu ni\u0161ta u\u010diniti, jako mi je te\u0161ko, rekao je&nbsp;<strong>Faez Skheir,&nbsp;<\/strong>Majdal Shams, Golanska visoravan.<br><br>Druzi su arapski narod i ujedno zasebna religijska skupina. Potje\u010du od \u0161iijtskog islama u Egiptu, no na njihovu su religiju utjecale mnoge druge tradicije, pa i kr\u0161\u0107anstvo, i zoroastrizam. Druzi u Izraelu lojalni su gra\u0111ani i vrlo uspje\u0161ni u izraelskoj vojsci.<br><br>Procjene o njihovu broju kre\u0107u se od milijun do dva milijuna, a na Golanskoj visoravni, koju je okupirao Izrael, \u017eivi oko 20 tisu\u0107a Druza, koji se, me\u0111utim, smatraju dr\u017eavljanima Sirije.<\/p>\n\n\n\n<h2 class=\"wp-block-heading\">Rubio: Dogovoreni konkretni koraci kako bi nasilje u Siriji prestalo<\/h2>\n\n\n\n<p><br><br>Ameri\u010dki dr\u017eavni tajnik&nbsp;<strong>Marco Rubio<\/strong>&nbsp;kazao je da je do\u0161lo do napretka u rje\u0161avanju borbi na jugu Sirije koje su izbile tijekom vikenda i u kojima je navodno stradalo vi\u0161e od 300 ljudi.<br><br>&#8211; Razgovaramo sa svim stranama sukoba u Siriji, napisao je na X-u.<br><br>&#8211; Dogovorili smo konkretne korake kojima \u0107e se ve\u010deras okon\u010dati zbrinjavaju\u0107a i stravi\u010dna situacija.&nbsp;To \u0107e zahtijevati da se sve strane dr\u017ee dogovorenih obaveza, \u0161to od njih u cijelosti o\u010dekujemo, rekao je ne navode\u0107i pojedinosti.<\/p>\n","protected":false},"excerpt":{"rendered":"<p>Izraelska vojska je priop\u0107ila da je u srijedu pogodila ulaz sirijskog ministarstva obrane u Damasku, poja\u010dav\u0161i napade na islamisti\u010dke vlasti u cilju obe\u0107ane za\u0161tite sirijske manjine Druza. Ovo je tre\u0107i dan zaredom kako Izrael izvodi operacije u Siriji gdje su se sukobile vladine snage i borci lokalne zajednice Druza u gradu Sweida na jugu zemlje. &hellip;<\/p>\n","protected":false},"author":1,"featured_media":6169,"comment_status":"closed","ping_status":"open","sticky":false,"template":"","format":"standard","meta":{"_monsterinsights_skip_tracking":false,"_monsterinsights_sitenote_active":false,"_monsterinsights_sitenote_note":"","_monsterinsights_sitenote_category":0,"footnotes":""},"categories":[9],"tags":[1232,129,1149],"class_list":["post-6168","post","type-post","status-publish","format-standard","has-post-thumbnail","","category-svijet","tag-izrel","tag-napad","tag-sirija"],"yoast_head":"<!-- This site is optimized with the Yoast SEO plugin v22.1 - https:\/\/yoast.com\/wordpress\/plugins\/seo\/ -->\n<title>Izrael pokrenuo \u017eestoke napade na Siriju, sve vi\u0161e \u017ertava - odabrano<\/title>\n<meta name=\"robots\" content=\"index, follow, max-snippet:-1, max-image-preview:large, max-video-preview:-1\" \/>\n<link rel=\"canonical\" href=\"https:\/\/odabrano.com\/index.php\/2025\/07\/17\/izrael-pokrenuo-zestoke-napade-na-siriju-sve-vise-zrtava\/\" \/>\n<meta property=\"og:locale\" content=\"en_US\" \/>\n<meta property=\"og:type\" content=\"article\" \/>\n<meta property=\"og:title\" content=\"Izrael pokrenuo \u017eestoke napade na Siriju, sve vi\u0161e \u017ertava - odabrano\" \/>\n<meta property=\"og:description\" content=\"Izraelska vojska je priop\u0107ila da je u srijedu pogodila ulaz sirijskog ministarstva obrane u Damasku, poja\u010dav\u0161i napade na islamisti\u010dke vlasti u cilju obe\u0107ane za\u0161tite sirijske manjine Druza. Ovo je tre\u0107i dan zaredom kako Izrael izvodi operacije u Siriji gdje su se sukobile vladine snage i borci lokalne zajednice Druza u gradu Sweida na jugu zemlje. &hellip;\" \/>\n<meta property=\"og:url\" content=\"https:\/\/odabrano.com\/index.php\/2025\/07\/17\/izrael-pokrenuo-zestoke-napade-na-siriju-sve-vise-zrtava\/\" \/>\n<meta property=\"og:site_name\" content=\"odabrano\" \/>\n<meta property=\"article:published_time\" content=\"2025-07-17T05:48:27+00:00\" \/>\n<meta property=\"article:modified_time\" content=\"2025-07-17T05:48:29+00:00\" \/>\n<meta property=\"og:image\" content=\"http:\/\/odabrano.com\/wp-content\/uploads\/2025\/07\/sirija.jpg\" \/>\n\t<meta property=\"og:image:width\" content=\"990\" \/>\n\t<meta property=\"og:image:height\" content=\"660\" \/>\n\t<meta property=\"og:image:type\" content=\"image\/jpeg\" \/>\n<meta name=\"author\" content=\"admin\" \/>\n<meta name=\"twitter:card\" content=\"summary_large_image\" \/>\n<meta name=\"twitter:label1\" content=\"Written by\" \/>\n\t<meta name=\"twitter:data1\" content=\"admin\" \/>\n\t<meta name=\"twitter:label2\" content=\"Est. reading time\" \/>\n\t<meta name=\"twitter:data2\" content=\"3 minutes\" \/>\n<script type=\"application\/ld+json\" class=\"yoast-schema-graph\">{\"@context\":\"https:\/\/schema.org\",\"@graph\":[{\"@type\":\"Article\",\"@id\":\"https:\/\/odabrano.com\/index.php\/2025\/07\/17\/izrael-pokrenuo-zestoke-napade-na-siriju-sve-vise-zrtava\/#article\",\"isPartOf\":{\"@id\":\"https:\/\/odabrano.com\/index.php\/2025\/07\/17\/izrael-pokrenuo-zestoke-napade-na-siriju-sve-vise-zrtava\/\"},\"author\":{\"name\":\"admin\",\"@id\":\"https:\/\/odabrano.com\/#\/schema\/person\/460f2b14657879743f23c4f6a7cd3236\"},\"headline\":\"Izrael pokrenuo \u017eestoke napade na Siriju, sve vi\u0161e \u017ertava\",\"datePublished\":\"2025-07-17T05:48:27+00:00\",\"dateModified\":\"2025-07-17T05:48:29+00:00\",\"mainEntityOfPage\":{\"@id\":\"https:\/\/odabrano.com\/index.php\/2025\/07\/17\/izrael-pokrenuo-zestoke-napade-na-siriju-sve-vise-zrtava\/\"},\"wordCount\":645,\"publisher\":{\"@id\":\"https:\/\/odabrano.com\/#\/schema\/person\/460f2b14657879743f23c4f6a7cd3236\"},\"keywords\":[\"izrel\",\"napad\",\"sirija\"],\"articleSection\":[\"Svijet\"],\"inLanguage\":\"en-US\"},{\"@type\":\"WebPage\",\"@id\":\"https:\/\/odabrano.com\/index.php\/2025\/07\/17\/izrael-pokrenuo-zestoke-napade-na-siriju-sve-vise-zrtava\/\",\"url\":\"https:\/\/odabrano.com\/index.php\/2025\/07\/17\/izrael-pokrenuo-zestoke-napade-na-siriju-sve-vise-zrtava\/\",\"name\":\"Izrael pokrenuo \u017eestoke napade na Siriju, sve vi\u0161e \u017ertava - odabrano\",\"isPartOf\":{\"@id\":\"https:\/\/odabrano.com\/#website\"},\"datePublished\":\"2025-07-17T05:48:27+00:00\",\"dateModified\":\"2025-07-17T05:48:29+00:00\",\"breadcrumb\":{\"@id\":\"https:\/\/odabrano.com\/index.php\/2025\/07\/17\/izrael-pokrenuo-zestoke-napade-na-siriju-sve-vise-zrtava\/#breadcrumb\"},\"inLanguage\":\"en-US\",\"potentialAction\":[{\"@type\":\"ReadAction\",\"target\":[\"https:\/\/odabrano.com\/index.php\/2025\/07\/17\/izrael-pokrenuo-zestoke-napade-na-siriju-sve-vise-zrtava\/\"]}]},{\"@type\":\"BreadcrumbList\",\"@id\":\"https:\/\/odabrano.com\/index.php\/2025\/07\/17\/izrael-pokrenuo-zestoke-napade-na-siriju-sve-vise-zrtava\/#breadcrumb\",\"itemListElement\":[{\"@type\":\"ListItem\",\"position\":1,\"name\":\"Home\",\"item\":\"https:\/\/odabrano.com\/\"},{\"@type\":\"ListItem\",\"position\":2,\"name\":\"Izrael pokrenuo \u017eestoke napade na Siriju, sve vi\u0161e \u017ertava\"}]},{\"@type\":\"WebSite\",\"@id\":\"https:\/\/odabrano.com\/#website\",\"url\":\"https:\/\/odabrano.com\/\",\"name\":\"odabrano\",\"description\":\"news portal koji nudi odabrane vijesti i informacije\",\"publisher\":{\"@id\":\"https:\/\/odabrano.com\/#\/schema\/person\/460f2b14657879743f23c4f6a7cd3236\"},\"alternateName\":\"vijesti i informacije iz Hrvatske i svijeta\",\"potentialAction\":[{\"@type\":\"SearchAction\",\"target\":{\"@type\":\"EntryPoint\",\"urlTemplate\":\"https:\/\/odabrano.com\/?s={search_term_string}\"},\"query-input\":\"required name=search_term_string\"}],\"inLanguage\":\"en-US\"},{\"@type\":[\"Person\",\"Organization\"],\"@id\":\"https:\/\/odabrano.com\/#\/schema\/person\/460f2b14657879743f23c4f6a7cd3236\",\"name\":\"admin\",\"image\":{\"@type\":\"ImageObject\",\"inLanguage\":\"en-US\",\"@id\":\"https:\/\/odabrano.com\/#\/schema\/person\/image\/\",\"url\":\"https:\/\/odabrano.com\/wp-content\/uploads\/2024\/04\/dolar.jpg\",\"contentUrl\":\"https:\/\/odabrano.com\/wp-content\/uploads\/2024\/04\/dolar.jpg\",\"width\":1216,\"height\":519,\"caption\":\"admin\"},\"logo\":{\"@id\":\"https:\/\/odabrano.com\/#\/schema\/person\/image\/\"},\"sameAs\":[\"http:\/\/odabrano.com\"],\"url\":\"https:\/\/odabrano.com\/index.php\/author\/sokolneno_u3xb387h\/\"}]}<\/script>\n<!-- \/ Yoast SEO plugin. -->","yoast_head_json":{"title":"Izrael pokrenuo \u017eestoke napade na Siriju, sve vi\u0161e \u017ertava - odabrano","robots":{"index":"index","follow":"follow","max-snippet":"max-snippet:-1","max-image-preview":"max-image-preview:large","max-video-preview":"max-video-preview:-1"},"canonical":"https:\/\/odabrano.com\/index.php\/2025\/07\/17\/izrael-pokrenuo-zestoke-napade-na-siriju-sve-vise-zrtava\/","og_locale":"en_US","og_type":"article","og_title":"Izrael pokrenuo \u017eestoke napade na Siriju, sve vi\u0161e \u017ertava - odabrano","og_description":"Izraelska vojska je priop\u0107ila da je u srijedu pogodila ulaz sirijskog ministarstva obrane u Damasku, poja\u010dav\u0161i napade na islamisti\u010dke vlasti u cilju obe\u0107ane za\u0161tite sirijske manjine Druza. Ovo je tre\u0107i dan zaredom kako Izrael izvodi operacije u Siriji gdje su se sukobile vladine snage i borci lokalne zajednice Druza u gradu Sweida na jugu zemlje. &hellip;","og_url":"https:\/\/odabrano.com\/index.php\/2025\/07\/17\/izrael-pokrenuo-zestoke-napade-na-siriju-sve-vise-zrtava\/","og_site_name":"odabrano","article_published_time":"2025-07-17T05:48:27+00:00","article_modified_time":"2025-07-17T05:48:29+00:00","og_image":[{"width":990,"height":660,"url":"http:\/\/odabrano.com\/wp-content\/uploads\/2025\/07\/sirija.jpg","type":"image\/jpeg"}],"author":"admin","twitter_card":"summary_large_image","twitter_misc":{"Written by":"admin","Est. reading time":"3 minutes"},"schema":{"@context":"https:\/\/schema.org","@graph":[{"@type":"Article","@id":"https:\/\/odabrano.com\/index.php\/2025\/07\/17\/izrael-pokrenuo-zestoke-napade-na-siriju-sve-vise-zrtava\/#article","isPartOf":{"@id":"https:\/\/odabrano.com\/index.php\/2025\/07\/17\/izrael-pokrenuo-zestoke-napade-na-siriju-sve-vise-zrtava\/"},"author":{"name":"admin","@id":"https:\/\/odabrano.com\/#\/schema\/person\/460f2b14657879743f23c4f6a7cd3236"},"headline":"Izrael pokrenuo \u017eestoke napade na Siriju, sve vi\u0161e \u017ertava","datePublished":"2025-07-17T05:48:27+00:00","dateModified":"2025-07-17T05:48:29+00:00","mainEntityOfPage":{"@id":"https:\/\/odabrano.com\/index.php\/2025\/07\/17\/izrael-pokrenuo-zestoke-napade-na-siriju-sve-vise-zrtava\/"},"wordCount":645,"publisher":{"@id":"https:\/\/odabrano.com\/#\/schema\/person\/460f2b14657879743f23c4f6a7cd3236"},"keywords":["izrel","napad","sirija"],"articleSection":["Svijet"],"inLanguage":"en-US"},{"@type":"WebPage","@id":"https:\/\/odabrano.com\/index.php\/2025\/07\/17\/izrael-pokrenuo-zestoke-napade-na-siriju-sve-vise-zrtava\/","url":"https:\/\/odabrano.com\/index.php\/2025\/07\/17\/izrael-pokrenuo-zestoke-napade-na-siriju-sve-vise-zrtava\/","name":"Izrael pokrenuo \u017eestoke napade na Siriju, sve vi\u0161e \u017ertava - odabrano","isPartOf":{"@id":"https:\/\/odabrano.com\/#website"},"datePublished":"2025-07-17T05:48:27+00:00","dateModified":"2025-07-17T05:48:29+00:00","breadcrumb":{"@id":"https:\/\/odabrano.com\/index.php\/2025\/07\/17\/izrael-pokrenuo-zestoke-napade-na-siriju-sve-vise-zrtava\/#breadcrumb"},"inLanguage":"en-US","potentialAction":[{"@type":"ReadAction","target":["https:\/\/odabrano.com\/index.php\/2025\/07\/17\/izrael-pokrenuo-zestoke-napade-na-siriju-sve-vise-zrtava\/"]}]},{"@type":"BreadcrumbList","@id":"https:\/\/odabrano.com\/index.php\/2025\/07\/17\/izrael-pokrenuo-zestoke-napade-na-siriju-sve-vise-zrtava\/#breadcrumb","itemListElement":[{"@type":"ListItem","position":1,"name":"Home","item":"https:\/\/odabrano.com\/"},{"@type":"ListItem","position":2,"name":"Izrael pokrenuo \u017eestoke napade na Siriju, sve vi\u0161e \u017ertava"}]},{"@type":"WebSite","@id":"https:\/\/odabrano.com\/#website","url":"https:\/\/odabrano.com\/","name":"odabrano","description":"news portal koji nudi odabrane vijesti i informacije","publisher":{"@id":"https:\/\/odabrano.com\/#\/schema\/person\/460f2b14657879743f23c4f6a7cd3236"},"alternateName":"vijesti i informacije iz Hrvatske i svijeta","potentialAction":[{"@type":"SearchAction","target":{"@type":"EntryPoint","urlTemplate":"https:\/\/odabrano.com\/?s={search_term_string}"},"query-input":"required name=search_term_string"}],"inLanguage":"en-US"},{"@type":["Person","Organization"],"@id":"https:\/\/odabrano.com\/#\/schema\/person\/460f2b14657879743f23c4f6a7cd3236","name":"admin","image":{"@type":"ImageObject","inLanguage":"en-US","@id":"https:\/\/odabrano.com\/#\/schema\/person\/image\/","url":"https:\/\/odabrano.com\/wp-content\/uploads\/2024\/04\/dolar.jpg","contentUrl":"https:\/\/odabrano.com\/wp-content\/uploads\/2024\/04\/dolar.jpg","width":1216,"height":519,"caption":"admin"},"logo":{"@id":"https:\/\/odabrano.com\/#\/schema\/person\/image\/"},"sameAs":["http:\/\/odabrano.com"],"url":"https:\/\/odabrano.com\/index.php\/author\/sokolneno_u3xb387h\/"}]}},"_links":{"self":[{"href":"https:\/\/odabrano.com\/index.php\/wp-json\/wp\/v2\/posts\/6168","targetHints":{"allow":["GET"]}}],"collection":[{"href":"https:\/\/odabrano.com\/index.php\/wp-json\/wp\/v2\/posts"}],"about":[{"href":"https:\/\/odabrano.com\/index.php\/wp-json\/wp\/v2\/types\/post"}],"author":[{"embeddable":true,"href":"https:\/\/odabrano.com\/index.php\/wp-json\/wp\/v2\/users\/1"}],"replies":[{"embeddable":true,"href":"https:\/\/odabrano.com\/index.php\/wp-json\/wp\/v2\/comments?post=6168"}],"version-history":[{"count":2,"href":"https:\/\/odabrano.com\/index.php\/wp-json\/wp\/v2\/posts\/6168\/revisions"}],"predecessor-version":[{"id":6171,"href":"https:\/\/odabrano.com\/index.php\/wp-json\/wp\/v2\/posts\/6168\/revisions\/6171"}],"wp:featuredmedia":[{"embeddable":true,"href":"https:\/\/odabrano.com\/index.php\/wp-json\/wp\/v2\/media\/6169"}],"wp:attachment":[{"href":"https:\/\/odabrano.com\/index.php\/wp-json\/wp\/v2\/media?parent=6168"}],"wp:term":[{"taxonomy":"category","embeddable":true,"href":"https:\/\/odabrano.com\/index.php\/wp-json\/wp\/v2\/categories?post=6168"},{"taxonomy":"post_tag","embeddable":true,"href":"https:\/\/odabrano.com\/index.php\/wp-json\/wp\/v2\/tags?post=6168"}],"curies":[{"name":"wp","href":"https:\/\/api.w.org\/{rel}","templated":true}]}}