{"id":6156,"date":"2025-06-20T21:31:23","date_gmt":"2025-06-20T19:31:23","guid":{"rendered":"https:\/\/odabrano.com\/?p=6156"},"modified":"2025-06-20T21:31:36","modified_gmt":"2025-06-20T19:31:36","slug":"novak-dokovic-napusta-srbiju-i-seli-u-grcku-nakon-sukoba-s-vlastima-zbog-podrske-studentima","status":"publish","type":"post","link":"https:\/\/odabrano.com\/index.php\/2025\/06\/20\/novak-dokovic-napusta-srbiju-i-seli-u-grcku-nakon-sukoba-s-vlastima-zbog-podrske-studentima\/","title":{"rendered":"Novak \u0110okovi\u0107 napu\u0161ta Srbiju i seli u Gr\u010dku nakon sukoba s vlastima zbog podr\u0161ke studentima"},"content":{"rendered":"\n<p>U neobi\u010dnom preokretu koji je uzdrmao javnost u Srbiji i \u0161ire, teniska legenda Novak \u0110okovi\u0107 odlu\u010dio je napustiti domovinu i trajno se preseliti u Gr\u010dku, navodno zbog sve ve\u0107eg neslaganja s trenutnim vlastima u Beogradu. Odluka dolazi nakon \u0161to je javno izrazio podr\u0161ku studentima koji ve\u0107 tjednima blokiraju prometnice i fakultete diljem Srbije, zahtijevaju\u0107i ve\u0107u transparentnost u obrazovnom sustavu, slobodu medija i borbu protiv korupcije.<\/p>\n\n\n\n<figure class=\"wp-block-image size-large\"><img loading=\"lazy\" decoding=\"async\" width=\"1024\" height=\"683\" src=\"https:\/\/odabrano.com\/wp-content\/uploads\/2025\/06\/novak2-1024x683.png\" alt=\"\" class=\"wp-image-6158\" srcset=\"https:\/\/odabrano.com\/wp-content\/uploads\/2025\/06\/novak2-1024x683.png 1024w, https:\/\/odabrano.com\/wp-content\/uploads\/2025\/06\/novak2-300x200.png 300w, https:\/\/odabrano.com\/wp-content\/uploads\/2025\/06\/novak2-768x512.png 768w, https:\/\/odabrano.com\/wp-content\/uploads\/2025\/06\/novak2-500x333.png 500w, https:\/\/odabrano.com\/wp-content\/uploads\/2025\/06\/novak2-800x533.png 800w, https:\/\/odabrano.com\/wp-content\/uploads\/2025\/06\/novak2-1280x853.png 1280w, https:\/\/odabrano.com\/wp-content\/uploads\/2025\/06\/novak2.png 1536w\" sizes=\"auto, (max-width: 1024px) 100vw, 1024px\" \/><\/figure>\n\n\n\n<p>\u0110okovi\u0107 je poznat po svom humanitarnom radu, ali i po tome \u0161to se rijetko otvoreno izja\u0161njava o politi\u010dkim pitanjima. No, ovoga puta, situacija je, kako sam ka\u017ee, &#8220;pre\u0161la granicu \u0161utnje&#8221;. U objavi na dru\u0161tvenim mre\u017eama napisao je: &#8220;Mladi su budu\u0107nost ove zemlje. Ako im ne damo glas, ne\u0107emo imati ni budu\u0107nost. Ponosan sam na njihovu hrabrost i odlu\u010dnost.&#8221;<\/p>\n\n\n\n<p>Njegova izjava nai\u0161la je na \u017eestoke reakcije iz redova vlasti, ali i iz pojedinih medija bliskih re\u017eimu, koji su ga optu\u017eili da se mije\u0161a u politi\u010dki \u017eivot bez razumijevanja konteksta. Uslijedile su kampanje na dru\u0161tvenim mre\u017eama, anonimni napadi i, kako tvrde izvori bliski sporta\u0161u, pritisci da povu\u010de svoje rije\u010di. Ipak, \u0110okovi\u0107 nije pokleknuo. Umjesto toga, donio je odluku da se s obitelji preseli u Gr\u010dku, zemlju koju ve\u0107 godinama redovito posje\u0107uje i u kojoj, kako ka\u017ee, osje\u0107a mir i slobodu.<\/p>\n\n\n\n<p>Njegov tim potvrdio je da se radi o &#8220;osobnoj i dugoro\u010dnoj odluci&#8221;, dodaju\u0107i da \u0107e se \u0110okovi\u0107 nastaviti baviti sportom, ali i uklju nastaviti baviti sportom, ali i uklju\\u010ivati u projekte vezane uz obrazovanje i mlade u regiji. Prema neslu\u017ebenim informacijama, \u0110okovi\u0107 je kupio imanje na jednom od gr\u010dkih otoka gdje planira izgraditi sportski i edukacijski centar za mlade.<\/p>\n\n\n\n<p>Reakcije javnosti su podijeljene. Dok ga jedni hvale zbog hrabrosti i dosljednosti, drugi ga optu\u017euju za izdaju i politi\u010dku pristranost. Me\u0111utim, ve\u0107ina se sla\u017ee da je njegov potez bez presedana i da \u0107e imati dugoro\u010dan utjecaj na \u0161iru dru\u0161tvenu scenu u Srbiji.<\/p>\n\n\n\n<p>Analiti\u010dari smatraju da je ovaj potez svojevrsni signal da ni najpoznatiji i najuspje\u0161niji gra\u0111ani Srbije vi\u0161e ne osje\u0107aju sigurnost ni slobodu izra\u017eavanja u vlastitoj zemlji. &#8220;Kad \u0110okovi\u0107 ode, to nije samo odlazak sporta\u0161a. To je simbol ne\u010dega dubljeg i ozbiljnijeg&#8221;, izjavio je jedan politolog za beogradski dnevni list.<\/p>\n\n\n\n<figure class=\"wp-block-image size-large\"><img loading=\"lazy\" decoding=\"async\" width=\"683\" height=\"1024\" src=\"https:\/\/odabrano.com\/wp-content\/uploads\/2025\/06\/novak1-683x1024.png\" alt=\"\" class=\"wp-image-6159\" srcset=\"https:\/\/odabrano.com\/wp-content\/uploads\/2025\/06\/novak1-683x1024.png 683w, https:\/\/odabrano.com\/wp-content\/uploads\/2025\/06\/novak1-200x300.png 200w, https:\/\/odabrano.com\/wp-content\/uploads\/2025\/06\/novak1-768x1152.png 768w, https:\/\/odabrano.com\/wp-content\/uploads\/2025\/06\/novak1-500x750.png 500w, https:\/\/odabrano.com\/wp-content\/uploads\/2025\/06\/novak1-800x1200.png 800w, https:\/\/odabrano.com\/wp-content\/uploads\/2025\/06\/novak1.png 1024w\" sizes=\"auto, (max-width: 683px) 100vw, 683px\" \/><\/figure>\n\n\n\n<p>U me\u0111uvremenu, studenti i dalje ustraju u svojim zahtjevima, a odlazak \u0110okovi\u0107a mnogi od njih vide kao moralnu podr\u0161ku i dodatnu motivaciju. &#8220;Ako je on imao hrabrosti stati uz nas, onda ne smijemo odustati&#8221;, rekao je jedan od studenata ispred Filozofskog fakulteta u Beogradu.<\/p>\n\n\n\n<p>Vrijeme \u0107e pokazati ho\u0107e li se \u0110okovi\u0107ev potez pokazati kao poticaj za \u0161iru dru\u0161tvenu promjenu ili \u0107e vlasti nastaviti s dosada\u0161njom politikom negiranja i pritisaka. No jedno je sigurno: ime Novaka \u0110okovi\u0107a vi\u0161e se ne\u0107e spominjati samo u sportskim okvirima, ve\u0107 i kao simbol osobne hrabrosti i dru\u0161tvene savjesti.<\/p>\n","protected":false},"excerpt":{"rendered":"<p>U neobi\u010dnom preokretu koji je uzdrmao javnost u Srbiji i \u0161ire, teniska legenda Novak \u0110okovi\u0107 odlu\u010dio je napustiti domovinu i trajno se preseliti u Gr\u010dku, navodno zbog sve ve\u0107eg neslaganja s trenutnim vlastima u Beogradu. Odluka dolazi nakon \u0161to je javno izrazio podr\u0161ku studentima koji ve\u0107 tjednima blokiraju prometnice i fakultete diljem Srbije, zahtijevaju\u0107i ve\u0107u &hellip;<\/p>\n","protected":false},"author":1,"featured_media":6157,"comment_status":"closed","ping_status":"open","sticky":false,"template":"","format":"standard","meta":{"_monsterinsights_skip_tracking":false,"_monsterinsights_sitenote_active":false,"_monsterinsights_sitenote_note":"","_monsterinsights_sitenote_category":0,"footnotes":""},"categories":[6],"tags":[398,1230,33],"class_list":["post-6156","post","type-post","status-publish","format-standard","has-post-thumbnail","","category-istok","tag-grcka","tag-novak-dokovic","tag-srbija"],"yoast_head":"<!-- This site is optimized with the Yoast SEO plugin v22.1 - https:\/\/yoast.com\/wordpress\/plugins\/seo\/ -->\n<title>Novak \u0110okovi\u0107 napu\u0161ta Srbiju i seli u Gr\u010dku nakon sukoba s vlastima zbog podr\u0161ke studentima - odabrano<\/title>\n<meta name=\"robots\" content=\"index, follow, max-snippet:-1, max-image-preview:large, max-video-preview:-1\" \/>\n<link rel=\"canonical\" href=\"https:\/\/odabrano.com\/index.php\/2025\/06\/20\/novak-dokovic-napusta-srbiju-i-seli-u-grcku-nakon-sukoba-s-vlastima-zbog-podrske-studentima\/\" \/>\n<meta property=\"og:locale\" content=\"en_US\" \/>\n<meta property=\"og:type\" content=\"article\" \/>\n<meta property=\"og:title\" content=\"Novak \u0110okovi\u0107 napu\u0161ta Srbiju i seli u Gr\u010dku nakon sukoba s vlastima zbog podr\u0161ke studentima - odabrano\" \/>\n<meta property=\"og:description\" content=\"U neobi\u010dnom preokretu koji je uzdrmao javnost u Srbiji i \u0161ire, teniska legenda Novak \u0110okovi\u0107 odlu\u010dio je napustiti domovinu i trajno se preseliti u Gr\u010dku, navodno zbog sve ve\u0107eg neslaganja s trenutnim vlastima u Beogradu. Odluka dolazi nakon \u0161to je javno izrazio podr\u0161ku studentima koji ve\u0107 tjednima blokiraju prometnice i fakultete diljem Srbije, zahtijevaju\u0107i ve\u0107u &hellip;\" \/>\n<meta property=\"og:url\" content=\"https:\/\/odabrano.com\/index.php\/2025\/06\/20\/novak-dokovic-napusta-srbiju-i-seli-u-grcku-nakon-sukoba-s-vlastima-zbog-podrske-studentima\/\" \/>\n<meta property=\"og:site_name\" content=\"odabrano\" \/>\n<meta property=\"article:published_time\" content=\"2025-06-20T19:31:23+00:00\" \/>\n<meta property=\"article:modified_time\" content=\"2025-06-20T19:31:36+00:00\" \/>\n<meta property=\"og:image\" content=\"http:\/\/odabrano.com\/wp-content\/uploads\/2025\/06\/novak3-1024x683.png\" \/>\n\t<meta property=\"og:image:width\" content=\"1024\" \/>\n\t<meta property=\"og:image:height\" content=\"683\" \/>\n\t<meta property=\"og:image:type\" content=\"image\/png\" \/>\n<meta name=\"author\" content=\"admin\" \/>\n<meta name=\"twitter:card\" content=\"summary_large_image\" \/>\n<meta name=\"twitter:label1\" content=\"Written by\" \/>\n\t<meta name=\"twitter:data1\" content=\"admin\" \/>\n\t<meta name=\"twitter:label2\" content=\"Est. reading time\" \/>\n\t<meta name=\"twitter:data2\" content=\"3 minutes\" \/>\n<script type=\"application\/ld+json\" class=\"yoast-schema-graph\">{\"@context\":\"https:\/\/schema.org\",\"@graph\":[{\"@type\":\"Article\",\"@id\":\"https:\/\/odabrano.com\/index.php\/2025\/06\/20\/novak-dokovic-napusta-srbiju-i-seli-u-grcku-nakon-sukoba-s-vlastima-zbog-podrske-studentima\/#article\",\"isPartOf\":{\"@id\":\"https:\/\/odabrano.com\/index.php\/2025\/06\/20\/novak-dokovic-napusta-srbiju-i-seli-u-grcku-nakon-sukoba-s-vlastima-zbog-podrske-studentima\/\"},\"author\":{\"name\":\"admin\",\"@id\":\"https:\/\/odabrano.com\/#\/schema\/person\/460f2b14657879743f23c4f6a7cd3236\"},\"headline\":\"Novak \u0110okovi\u0107 napu\u0161ta Srbiju i seli u Gr\u010dku nakon sukoba s vlastima zbog podr\u0161ke studentima\",\"datePublished\":\"2025-06-20T19:31:23+00:00\",\"dateModified\":\"2025-06-20T19:31:36+00:00\",\"mainEntityOfPage\":{\"@id\":\"https:\/\/odabrano.com\/index.php\/2025\/06\/20\/novak-dokovic-napusta-srbiju-i-seli-u-grcku-nakon-sukoba-s-vlastima-zbog-podrske-studentima\/\"},\"wordCount\":526,\"publisher\":{\"@id\":\"https:\/\/odabrano.com\/#\/schema\/person\/460f2b14657879743f23c4f6a7cd3236\"},\"keywords\":[\"gr\u010dka\",\"novak \u0111okovi\u0107\",\"srbija\"],\"articleSection\":[\"Istok\"],\"inLanguage\":\"en-US\"},{\"@type\":\"WebPage\",\"@id\":\"https:\/\/odabrano.com\/index.php\/2025\/06\/20\/novak-dokovic-napusta-srbiju-i-seli-u-grcku-nakon-sukoba-s-vlastima-zbog-podrske-studentima\/\",\"url\":\"https:\/\/odabrano.com\/index.php\/2025\/06\/20\/novak-dokovic-napusta-srbiju-i-seli-u-grcku-nakon-sukoba-s-vlastima-zbog-podrske-studentima\/\",\"name\":\"Novak \u0110okovi\u0107 napu\u0161ta Srbiju i seli u Gr\u010dku nakon sukoba s vlastima zbog podr\u0161ke studentima - odabrano\",\"isPartOf\":{\"@id\":\"https:\/\/odabrano.com\/#website\"},\"datePublished\":\"2025-06-20T19:31:23+00:00\",\"dateModified\":\"2025-06-20T19:31:36+00:00\",\"breadcrumb\":{\"@id\":\"https:\/\/odabrano.com\/index.php\/2025\/06\/20\/novak-dokovic-napusta-srbiju-i-seli-u-grcku-nakon-sukoba-s-vlastima-zbog-podrske-studentima\/#breadcrumb\"},\"inLanguage\":\"en-US\",\"potentialAction\":[{\"@type\":\"ReadAction\",\"target\":[\"https:\/\/odabrano.com\/index.php\/2025\/06\/20\/novak-dokovic-napusta-srbiju-i-seli-u-grcku-nakon-sukoba-s-vlastima-zbog-podrske-studentima\/\"]}]},{\"@type\":\"BreadcrumbList\",\"@id\":\"https:\/\/odabrano.com\/index.php\/2025\/06\/20\/novak-dokovic-napusta-srbiju-i-seli-u-grcku-nakon-sukoba-s-vlastima-zbog-podrske-studentima\/#breadcrumb\",\"itemListElement\":[{\"@type\":\"ListItem\",\"position\":1,\"name\":\"Home\",\"item\":\"https:\/\/odabrano.com\/\"},{\"@type\":\"ListItem\",\"position\":2,\"name\":\"Novak \u0110okovi\u0107 napu\u0161ta Srbiju i seli u Gr\u010dku nakon sukoba s vlastima zbog podr\u0161ke studentima\"}]},{\"@type\":\"WebSite\",\"@id\":\"https:\/\/odabrano.com\/#website\",\"url\":\"https:\/\/odabrano.com\/\",\"name\":\"odabrano\",\"description\":\"news portal koji nudi odabrane vijesti i informacije\",\"publisher\":{\"@id\":\"https:\/\/odabrano.com\/#\/schema\/person\/460f2b14657879743f23c4f6a7cd3236\"},\"alternateName\":\"vijesti i informacije iz Hrvatske i svijeta\",\"potentialAction\":[{\"@type\":\"SearchAction\",\"target\":{\"@type\":\"EntryPoint\",\"urlTemplate\":\"https:\/\/odabrano.com\/?s={search_term_string}\"},\"query-input\":\"required name=search_term_string\"}],\"inLanguage\":\"en-US\"},{\"@type\":[\"Person\",\"Organization\"],\"@id\":\"https:\/\/odabrano.com\/#\/schema\/person\/460f2b14657879743f23c4f6a7cd3236\",\"name\":\"admin\",\"image\":{\"@type\":\"ImageObject\",\"inLanguage\":\"en-US\",\"@id\":\"https:\/\/odabrano.com\/#\/schema\/person\/image\/\",\"url\":\"https:\/\/odabrano.com\/wp-content\/uploads\/2024\/04\/dolar.jpg\",\"contentUrl\":\"https:\/\/odabrano.com\/wp-content\/uploads\/2024\/04\/dolar.jpg\",\"width\":1216,\"height\":519,\"caption\":\"admin\"},\"logo\":{\"@id\":\"https:\/\/odabrano.com\/#\/schema\/person\/image\/\"},\"sameAs\":[\"http:\/\/odabrano.com\"],\"url\":\"https:\/\/odabrano.com\/index.php\/author\/sokolneno_u3xb387h\/\"}]}<\/script>\n<!-- \/ Yoast SEO plugin. -->","yoast_head_json":{"title":"Novak \u0110okovi\u0107 napu\u0161ta Srbiju i seli u Gr\u010dku nakon sukoba s vlastima zbog podr\u0161ke studentima - odabrano","robots":{"index":"index","follow":"follow","max-snippet":"max-snippet:-1","max-image-preview":"max-image-preview:large","max-video-preview":"max-video-preview:-1"},"canonical":"https:\/\/odabrano.com\/index.php\/2025\/06\/20\/novak-dokovic-napusta-srbiju-i-seli-u-grcku-nakon-sukoba-s-vlastima-zbog-podrske-studentima\/","og_locale":"en_US","og_type":"article","og_title":"Novak \u0110okovi\u0107 napu\u0161ta Srbiju i seli u Gr\u010dku nakon sukoba s vlastima zbog podr\u0161ke studentima - odabrano","og_description":"U neobi\u010dnom preokretu koji je uzdrmao javnost u Srbiji i \u0161ire, teniska legenda Novak \u0110okovi\u0107 odlu\u010dio je napustiti domovinu i trajno se preseliti u Gr\u010dku, navodno zbog sve ve\u0107eg neslaganja s trenutnim vlastima u Beogradu. Odluka dolazi nakon \u0161to je javno izrazio podr\u0161ku studentima koji ve\u0107 tjednima blokiraju prometnice i fakultete diljem Srbije, zahtijevaju\u0107i ve\u0107u &hellip;","og_url":"https:\/\/odabrano.com\/index.php\/2025\/06\/20\/novak-dokovic-napusta-srbiju-i-seli-u-grcku-nakon-sukoba-s-vlastima-zbog-podrske-studentima\/","og_site_name":"odabrano","article_published_time":"2025-06-20T19:31:23+00:00","article_modified_time":"2025-06-20T19:31:36+00:00","og_image":[{"width":1024,"height":683,"url":"http:\/\/odabrano.com\/wp-content\/uploads\/2025\/06\/novak3-1024x683.png","type":"image\/png"}],"author":"admin","twitter_card":"summary_large_image","twitter_misc":{"Written by":"admin","Est. reading time":"3 minutes"},"schema":{"@context":"https:\/\/schema.org","@graph":[{"@type":"Article","@id":"https:\/\/odabrano.com\/index.php\/2025\/06\/20\/novak-dokovic-napusta-srbiju-i-seli-u-grcku-nakon-sukoba-s-vlastima-zbog-podrske-studentima\/#article","isPartOf":{"@id":"https:\/\/odabrano.com\/index.php\/2025\/06\/20\/novak-dokovic-napusta-srbiju-i-seli-u-grcku-nakon-sukoba-s-vlastima-zbog-podrske-studentima\/"},"author":{"name":"admin","@id":"https:\/\/odabrano.com\/#\/schema\/person\/460f2b14657879743f23c4f6a7cd3236"},"headline":"Novak \u0110okovi\u0107 napu\u0161ta Srbiju i seli u Gr\u010dku nakon sukoba s vlastima zbog podr\u0161ke studentima","datePublished":"2025-06-20T19:31:23+00:00","dateModified":"2025-06-20T19:31:36+00:00","mainEntityOfPage":{"@id":"https:\/\/odabrano.com\/index.php\/2025\/06\/20\/novak-dokovic-napusta-srbiju-i-seli-u-grcku-nakon-sukoba-s-vlastima-zbog-podrske-studentima\/"},"wordCount":526,"publisher":{"@id":"https:\/\/odabrano.com\/#\/schema\/person\/460f2b14657879743f23c4f6a7cd3236"},"keywords":["gr\u010dka","novak \u0111okovi\u0107","srbija"],"articleSection":["Istok"],"inLanguage":"en-US"},{"@type":"WebPage","@id":"https:\/\/odabrano.com\/index.php\/2025\/06\/20\/novak-dokovic-napusta-srbiju-i-seli-u-grcku-nakon-sukoba-s-vlastima-zbog-podrske-studentima\/","url":"https:\/\/odabrano.com\/index.php\/2025\/06\/20\/novak-dokovic-napusta-srbiju-i-seli-u-grcku-nakon-sukoba-s-vlastima-zbog-podrske-studentima\/","name":"Novak \u0110okovi\u0107 napu\u0161ta Srbiju i seli u Gr\u010dku nakon sukoba s vlastima zbog podr\u0161ke studentima - odabrano","isPartOf":{"@id":"https:\/\/odabrano.com\/#website"},"datePublished":"2025-06-20T19:31:23+00:00","dateModified":"2025-06-20T19:31:36+00:00","breadcrumb":{"@id":"https:\/\/odabrano.com\/index.php\/2025\/06\/20\/novak-dokovic-napusta-srbiju-i-seli-u-grcku-nakon-sukoba-s-vlastima-zbog-podrske-studentima\/#breadcrumb"},"inLanguage":"en-US","potentialAction":[{"@type":"ReadAction","target":["https:\/\/odabrano.com\/index.php\/2025\/06\/20\/novak-dokovic-napusta-srbiju-i-seli-u-grcku-nakon-sukoba-s-vlastima-zbog-podrske-studentima\/"]}]},{"@type":"BreadcrumbList","@id":"https:\/\/odabrano.com\/index.php\/2025\/06\/20\/novak-dokovic-napusta-srbiju-i-seli-u-grcku-nakon-sukoba-s-vlastima-zbog-podrske-studentima\/#breadcrumb","itemListElement":[{"@type":"ListItem","position":1,"name":"Home","item":"https:\/\/odabrano.com\/"},{"@type":"ListItem","position":2,"name":"Novak \u0110okovi\u0107 napu\u0161ta Srbiju i seli u Gr\u010dku nakon sukoba s vlastima zbog podr\u0161ke studentima"}]},{"@type":"WebSite","@id":"https:\/\/odabrano.com\/#website","url":"https:\/\/odabrano.com\/","name":"odabrano","description":"news portal koji nudi odabrane vijesti i informacije","publisher":{"@id":"https:\/\/odabrano.com\/#\/schema\/person\/460f2b14657879743f23c4f6a7cd3236"},"alternateName":"vijesti i informacije iz Hrvatske i svijeta","potentialAction":[{"@type":"SearchAction","target":{"@type":"EntryPoint","urlTemplate":"https:\/\/odabrano.com\/?s={search_term_string}"},"query-input":"required name=search_term_string"}],"inLanguage":"en-US"},{"@type":["Person","Organization"],"@id":"https:\/\/odabrano.com\/#\/schema\/person\/460f2b14657879743f23c4f6a7cd3236","name":"admin","image":{"@type":"ImageObject","inLanguage":"en-US","@id":"https:\/\/odabrano.com\/#\/schema\/person\/image\/","url":"https:\/\/odabrano.com\/wp-content\/uploads\/2024\/04\/dolar.jpg","contentUrl":"https:\/\/odabrano.com\/wp-content\/uploads\/2024\/04\/dolar.jpg","width":1216,"height":519,"caption":"admin"},"logo":{"@id":"https:\/\/odabrano.com\/#\/schema\/person\/image\/"},"sameAs":["http:\/\/odabrano.com"],"url":"https:\/\/odabrano.com\/index.php\/author\/sokolneno_u3xb387h\/"}]}},"_links":{"self":[{"href":"https:\/\/odabrano.com\/index.php\/wp-json\/wp\/v2\/posts\/6156","targetHints":{"allow":["GET"]}}],"collection":[{"href":"https:\/\/odabrano.com\/index.php\/wp-json\/wp\/v2\/posts"}],"about":[{"href":"https:\/\/odabrano.com\/index.php\/wp-json\/wp\/v2\/types\/post"}],"author":[{"embeddable":true,"href":"https:\/\/odabrano.com\/index.php\/wp-json\/wp\/v2\/users\/1"}],"replies":[{"embeddable":true,"href":"https:\/\/odabrano.com\/index.php\/wp-json\/wp\/v2\/comments?post=6156"}],"version-history":[{"count":2,"href":"https:\/\/odabrano.com\/index.php\/wp-json\/wp\/v2\/posts\/6156\/revisions"}],"predecessor-version":[{"id":6162,"href":"https:\/\/odabrano.com\/index.php\/wp-json\/wp\/v2\/posts\/6156\/revisions\/6162"}],"wp:featuredmedia":[{"embeddable":true,"href":"https:\/\/odabrano.com\/index.php\/wp-json\/wp\/v2\/media\/6157"}],"wp:attachment":[{"href":"https:\/\/odabrano.com\/index.php\/wp-json\/wp\/v2\/media?parent=6156"}],"wp:term":[{"taxonomy":"category","embeddable":true,"href":"https:\/\/odabrano.com\/index.php\/wp-json\/wp\/v2\/categories?post=6156"},{"taxonomy":"post_tag","embeddable":true,"href":"https:\/\/odabrano.com\/index.php\/wp-json\/wp\/v2\/tags?post=6156"}],"curies":[{"name":"wp","href":"https:\/\/api.w.org\/{rel}","templated":true}]}}