{"id":6146,"date":"2025-06-13T18:11:15","date_gmt":"2025-06-13T16:11:15","guid":{"rendered":"https:\/\/odabrano.com\/?p=6146"},"modified":"2025-06-13T18:11:16","modified_gmt":"2025-06-13T16:11:16","slug":"izrael-napao-iran-teheran-prijeti-osvetom","status":"publish","type":"post","link":"https:\/\/odabrano.com\/index.php\/2025\/06\/13\/izrael-napao-iran-teheran-prijeti-osvetom\/","title":{"rendered":"Izrael napao Iran, Teheran prijeti osvetom"},"content":{"rendered":"\n<p>Izrael je u no\u0107i na petak izveo opse\u017ean zra\u010dni napad na Iran, ga\u0111aju\u0107i nuklearna postrojenja, vojne zapovjednike i znanstvenike. Teheran je odgovorio lansiranjem stotinu dronova, koje je izraelska vojska navodno sve oborila. Iran demantira napad dronovima, ali najavljuje osvetu.<\/p>\n\n\n\n<p>Iranski vrhovni vo\u0111a&nbsp;<strong>Hamenei<\/strong>&nbsp;i Revolucionarna garda poru\u010duju da \u0107e Izrael biti \u017eestoko ka\u017enjen. Izraelski premijer&nbsp;<strong>Netanyahu<\/strong>&nbsp;poru\u010duje da je cilj operacije oslabiti iransku nuklearnu infrastrukturu. Aerodrom Ben Gurion zatvoren je do daljnjeg, a izraelske zra\u010dne snage evakuiraju flotu. Zra\u010dni prostori iznad vi\u0161e zemalja su zatvoreni.<br><br>SAD tvrdi da nije sudjelovao u napadima i poziva Iran da ne cilja ameri\u010dke interese. Predsjednik<strong>&nbsp;Trump&nbsp;<\/strong>pozvao je Teheran da postigne nuklearni dogovor kako bi se sprije\u010dile nove \u017ertve.<br><br>Istodobno, cijene nafte i zlata naglo rastu, a burze padaju zbog straha od poreme\u0107aja u opskrbi. IEA poru\u010duje da je spremna intervenirati pu\u0161tanjem nafte iz kriznih zaliha. MVEP potvr\u0111uje da su osoblje hrvatskih veleposlanstava u Teheranu i Tel Avivu na sigurnom.<\/p>\n","protected":false},"excerpt":{"rendered":"<p>Izrael je u no\u0107i na petak izveo opse\u017ean zra\u010dni napad na Iran, ga\u0111aju\u0107i nuklearna postrojenja, vojne zapovjednike i znanstvenike. Teheran je odgovorio lansiranjem stotinu dronova, koje je izraelska vojska navodno sve oborila. Iran demantira napad dronovima, ali najavljuje osvetu. Iranski vrhovni vo\u0111a&nbsp;Hamenei&nbsp;i Revolucionarna garda poru\u010duju da \u0107e Izrael biti \u017eestoko ka\u017enjen. Izraelski premijer&nbsp;Netanyahu&nbsp;poru\u010duje da je &hellip;<\/p>\n","protected":false},"author":1,"featured_media":6147,"comment_status":"closed","ping_status":"open","sticky":false,"template":"","format":"standard","meta":{"_monsterinsights_skip_tracking":false,"_monsterinsights_sitenote_active":false,"_monsterinsights_sitenote_note":"","_monsterinsights_sitenote_category":0,"footnotes":""},"categories":[9],"tags":[332,75,129],"class_list":["post-6146","post","type-post","status-publish","format-standard","has-post-thumbnail","","category-svijet","tag-iran","tag-izrael","tag-napad"],"yoast_head":"<!-- This site is optimized with the Yoast SEO plugin v22.1 - https:\/\/yoast.com\/wordpress\/plugins\/seo\/ -->\n<title>Izrael napao Iran, Teheran prijeti osvetom - odabrano<\/title>\n<meta name=\"robots\" content=\"index, follow, max-snippet:-1, max-image-preview:large, max-video-preview:-1\" \/>\n<link rel=\"canonical\" href=\"https:\/\/odabrano.com\/index.php\/2025\/06\/13\/izrael-napao-iran-teheran-prijeti-osvetom\/\" \/>\n<meta property=\"og:locale\" content=\"en_US\" \/>\n<meta property=\"og:type\" content=\"article\" \/>\n<meta property=\"og:title\" content=\"Izrael napao Iran, Teheran prijeti osvetom - odabrano\" \/>\n<meta property=\"og:description\" content=\"Izrael je u no\u0107i na petak izveo opse\u017ean zra\u010dni napad na Iran, ga\u0111aju\u0107i nuklearna postrojenja, vojne zapovjednike i znanstvenike. Teheran je odgovorio lansiranjem stotinu dronova, koje je izraelska vojska navodno sve oborila. Iran demantira napad dronovima, ali najavljuje osvetu. Iranski vrhovni vo\u0111a&nbsp;Hamenei&nbsp;i Revolucionarna garda poru\u010duju da \u0107e Izrael biti \u017eestoko ka\u017enjen. Izraelski premijer&nbsp;Netanyahu&nbsp;poru\u010duje da je &hellip;\" \/>\n<meta property=\"og:url\" content=\"https:\/\/odabrano.com\/index.php\/2025\/06\/13\/izrael-napao-iran-teheran-prijeti-osvetom\/\" \/>\n<meta property=\"og:site_name\" content=\"odabrano\" \/>\n<meta property=\"article:published_time\" content=\"2025-06-13T16:11:15+00:00\" \/>\n<meta property=\"article:modified_time\" content=\"2025-06-13T16:11:16+00:00\" \/>\n<meta property=\"og:image\" content=\"http:\/\/odabrano.com\/wp-content\/uploads\/2025\/06\/iran.webp\" \/>\n\t<meta property=\"og:image:width\" content=\"2000\" \/>\n\t<meta property=\"og:image:height\" content=\"1125\" \/>\n\t<meta property=\"og:image:type\" content=\"image\/webp\" \/>\n<meta name=\"author\" content=\"admin\" \/>\n<meta name=\"twitter:card\" content=\"summary_large_image\" \/>\n<meta name=\"twitter:label1\" content=\"Written by\" \/>\n\t<meta name=\"twitter:data1\" content=\"admin\" \/>\n\t<meta name=\"twitter:label2\" content=\"Est. reading time\" \/>\n\t<meta name=\"twitter:data2\" content=\"1 minute\" \/>\n<script type=\"application\/ld+json\" class=\"yoast-schema-graph\">{\"@context\":\"https:\/\/schema.org\",\"@graph\":[{\"@type\":\"Article\",\"@id\":\"https:\/\/odabrano.com\/index.php\/2025\/06\/13\/izrael-napao-iran-teheran-prijeti-osvetom\/#article\",\"isPartOf\":{\"@id\":\"https:\/\/odabrano.com\/index.php\/2025\/06\/13\/izrael-napao-iran-teheran-prijeti-osvetom\/\"},\"author\":{\"name\":\"admin\",\"@id\":\"https:\/\/odabrano.com\/#\/schema\/person\/460f2b14657879743f23c4f6a7cd3236\"},\"headline\":\"Izrael napao Iran, Teheran prijeti osvetom\",\"datePublished\":\"2025-06-13T16:11:15+00:00\",\"dateModified\":\"2025-06-13T16:11:16+00:00\",\"mainEntityOfPage\":{\"@id\":\"https:\/\/odabrano.com\/index.php\/2025\/06\/13\/izrael-napao-iran-teheran-prijeti-osvetom\/\"},\"wordCount\":186,\"publisher\":{\"@id\":\"https:\/\/odabrano.com\/#\/schema\/person\/460f2b14657879743f23c4f6a7cd3236\"},\"keywords\":[\"iran\",\"izrael\",\"napad\"],\"articleSection\":[\"Svijet\"],\"inLanguage\":\"en-US\"},{\"@type\":\"WebPage\",\"@id\":\"https:\/\/odabrano.com\/index.php\/2025\/06\/13\/izrael-napao-iran-teheran-prijeti-osvetom\/\",\"url\":\"https:\/\/odabrano.com\/index.php\/2025\/06\/13\/izrael-napao-iran-teheran-prijeti-osvetom\/\",\"name\":\"Izrael napao Iran, Teheran prijeti osvetom - odabrano\",\"isPartOf\":{\"@id\":\"https:\/\/odabrano.com\/#website\"},\"datePublished\":\"2025-06-13T16:11:15+00:00\",\"dateModified\":\"2025-06-13T16:11:16+00:00\",\"breadcrumb\":{\"@id\":\"https:\/\/odabrano.com\/index.php\/2025\/06\/13\/izrael-napao-iran-teheran-prijeti-osvetom\/#breadcrumb\"},\"inLanguage\":\"en-US\",\"potentialAction\":[{\"@type\":\"ReadAction\",\"target\":[\"https:\/\/odabrano.com\/index.php\/2025\/06\/13\/izrael-napao-iran-teheran-prijeti-osvetom\/\"]}]},{\"@type\":\"BreadcrumbList\",\"@id\":\"https:\/\/odabrano.com\/index.php\/2025\/06\/13\/izrael-napao-iran-teheran-prijeti-osvetom\/#breadcrumb\",\"itemListElement\":[{\"@type\":\"ListItem\",\"position\":1,\"name\":\"Home\",\"item\":\"https:\/\/odabrano.com\/\"},{\"@type\":\"ListItem\",\"position\":2,\"name\":\"Izrael napao Iran, Teheran prijeti osvetom\"}]},{\"@type\":\"WebSite\",\"@id\":\"https:\/\/odabrano.com\/#website\",\"url\":\"https:\/\/odabrano.com\/\",\"name\":\"odabrano\",\"description\":\"news portal koji nudi odabrane vijesti i informacije\",\"publisher\":{\"@id\":\"https:\/\/odabrano.com\/#\/schema\/person\/460f2b14657879743f23c4f6a7cd3236\"},\"alternateName\":\"vijesti i informacije iz Hrvatske i svijeta\",\"potentialAction\":[{\"@type\":\"SearchAction\",\"target\":{\"@type\":\"EntryPoint\",\"urlTemplate\":\"https:\/\/odabrano.com\/?s={search_term_string}\"},\"query-input\":\"required name=search_term_string\"}],\"inLanguage\":\"en-US\"},{\"@type\":[\"Person\",\"Organization\"],\"@id\":\"https:\/\/odabrano.com\/#\/schema\/person\/460f2b14657879743f23c4f6a7cd3236\",\"name\":\"admin\",\"image\":{\"@type\":\"ImageObject\",\"inLanguage\":\"en-US\",\"@id\":\"https:\/\/odabrano.com\/#\/schema\/person\/image\/\",\"url\":\"https:\/\/odabrano.com\/wp-content\/uploads\/2024\/04\/dolar.jpg\",\"contentUrl\":\"https:\/\/odabrano.com\/wp-content\/uploads\/2024\/04\/dolar.jpg\",\"width\":1216,\"height\":519,\"caption\":\"admin\"},\"logo\":{\"@id\":\"https:\/\/odabrano.com\/#\/schema\/person\/image\/\"},\"sameAs\":[\"http:\/\/odabrano.com\"],\"url\":\"https:\/\/odabrano.com\/index.php\/author\/sokolneno_u3xb387h\/\"}]}<\/script>\n<!-- \/ Yoast SEO plugin. -->","yoast_head_json":{"title":"Izrael napao Iran, Teheran prijeti osvetom - odabrano","robots":{"index":"index","follow":"follow","max-snippet":"max-snippet:-1","max-image-preview":"max-image-preview:large","max-video-preview":"max-video-preview:-1"},"canonical":"https:\/\/odabrano.com\/index.php\/2025\/06\/13\/izrael-napao-iran-teheran-prijeti-osvetom\/","og_locale":"en_US","og_type":"article","og_title":"Izrael napao Iran, Teheran prijeti osvetom - odabrano","og_description":"Izrael je u no\u0107i na petak izveo opse\u017ean zra\u010dni napad na Iran, ga\u0111aju\u0107i nuklearna postrojenja, vojne zapovjednike i znanstvenike. Teheran je odgovorio lansiranjem stotinu dronova, koje je izraelska vojska navodno sve oborila. Iran demantira napad dronovima, ali najavljuje osvetu. Iranski vrhovni vo\u0111a&nbsp;Hamenei&nbsp;i Revolucionarna garda poru\u010duju da \u0107e Izrael biti \u017eestoko ka\u017enjen. Izraelski premijer&nbsp;Netanyahu&nbsp;poru\u010duje da je &hellip;","og_url":"https:\/\/odabrano.com\/index.php\/2025\/06\/13\/izrael-napao-iran-teheran-prijeti-osvetom\/","og_site_name":"odabrano","article_published_time":"2025-06-13T16:11:15+00:00","article_modified_time":"2025-06-13T16:11:16+00:00","og_image":[{"width":2000,"height":1125,"url":"http:\/\/odabrano.com\/wp-content\/uploads\/2025\/06\/iran.webp","type":"image\/webp"}],"author":"admin","twitter_card":"summary_large_image","twitter_misc":{"Written by":"admin","Est. reading time":"1 minute"},"schema":{"@context":"https:\/\/schema.org","@graph":[{"@type":"Article","@id":"https:\/\/odabrano.com\/index.php\/2025\/06\/13\/izrael-napao-iran-teheran-prijeti-osvetom\/#article","isPartOf":{"@id":"https:\/\/odabrano.com\/index.php\/2025\/06\/13\/izrael-napao-iran-teheran-prijeti-osvetom\/"},"author":{"name":"admin","@id":"https:\/\/odabrano.com\/#\/schema\/person\/460f2b14657879743f23c4f6a7cd3236"},"headline":"Izrael napao Iran, Teheran prijeti osvetom","datePublished":"2025-06-13T16:11:15+00:00","dateModified":"2025-06-13T16:11:16+00:00","mainEntityOfPage":{"@id":"https:\/\/odabrano.com\/index.php\/2025\/06\/13\/izrael-napao-iran-teheran-prijeti-osvetom\/"},"wordCount":186,"publisher":{"@id":"https:\/\/odabrano.com\/#\/schema\/person\/460f2b14657879743f23c4f6a7cd3236"},"keywords":["iran","izrael","napad"],"articleSection":["Svijet"],"inLanguage":"en-US"},{"@type":"WebPage","@id":"https:\/\/odabrano.com\/index.php\/2025\/06\/13\/izrael-napao-iran-teheran-prijeti-osvetom\/","url":"https:\/\/odabrano.com\/index.php\/2025\/06\/13\/izrael-napao-iran-teheran-prijeti-osvetom\/","name":"Izrael napao Iran, Teheran prijeti osvetom - odabrano","isPartOf":{"@id":"https:\/\/odabrano.com\/#website"},"datePublished":"2025-06-13T16:11:15+00:00","dateModified":"2025-06-13T16:11:16+00:00","breadcrumb":{"@id":"https:\/\/odabrano.com\/index.php\/2025\/06\/13\/izrael-napao-iran-teheran-prijeti-osvetom\/#breadcrumb"},"inLanguage":"en-US","potentialAction":[{"@type":"ReadAction","target":["https:\/\/odabrano.com\/index.php\/2025\/06\/13\/izrael-napao-iran-teheran-prijeti-osvetom\/"]}]},{"@type":"BreadcrumbList","@id":"https:\/\/odabrano.com\/index.php\/2025\/06\/13\/izrael-napao-iran-teheran-prijeti-osvetom\/#breadcrumb","itemListElement":[{"@type":"ListItem","position":1,"name":"Home","item":"https:\/\/odabrano.com\/"},{"@type":"ListItem","position":2,"name":"Izrael napao Iran, Teheran prijeti osvetom"}]},{"@type":"WebSite","@id":"https:\/\/odabrano.com\/#website","url":"https:\/\/odabrano.com\/","name":"odabrano","description":"news portal koji nudi odabrane vijesti i informacije","publisher":{"@id":"https:\/\/odabrano.com\/#\/schema\/person\/460f2b14657879743f23c4f6a7cd3236"},"alternateName":"vijesti i informacije iz Hrvatske i svijeta","potentialAction":[{"@type":"SearchAction","target":{"@type":"EntryPoint","urlTemplate":"https:\/\/odabrano.com\/?s={search_term_string}"},"query-input":"required name=search_term_string"}],"inLanguage":"en-US"},{"@type":["Person","Organization"],"@id":"https:\/\/odabrano.com\/#\/schema\/person\/460f2b14657879743f23c4f6a7cd3236","name":"admin","image":{"@type":"ImageObject","inLanguage":"en-US","@id":"https:\/\/odabrano.com\/#\/schema\/person\/image\/","url":"https:\/\/odabrano.com\/wp-content\/uploads\/2024\/04\/dolar.jpg","contentUrl":"https:\/\/odabrano.com\/wp-content\/uploads\/2024\/04\/dolar.jpg","width":1216,"height":519,"caption":"admin"},"logo":{"@id":"https:\/\/odabrano.com\/#\/schema\/person\/image\/"},"sameAs":["http:\/\/odabrano.com"],"url":"https:\/\/odabrano.com\/index.php\/author\/sokolneno_u3xb387h\/"}]}},"_links":{"self":[{"href":"https:\/\/odabrano.com\/index.php\/wp-json\/wp\/v2\/posts\/6146","targetHints":{"allow":["GET"]}}],"collection":[{"href":"https:\/\/odabrano.com\/index.php\/wp-json\/wp\/v2\/posts"}],"about":[{"href":"https:\/\/odabrano.com\/index.php\/wp-json\/wp\/v2\/types\/post"}],"author":[{"embeddable":true,"href":"https:\/\/odabrano.com\/index.php\/wp-json\/wp\/v2\/users\/1"}],"replies":[{"embeddable":true,"href":"https:\/\/odabrano.com\/index.php\/wp-json\/wp\/v2\/comments?post=6146"}],"version-history":[{"count":2,"href":"https:\/\/odabrano.com\/index.php\/wp-json\/wp\/v2\/posts\/6146\/revisions"}],"predecessor-version":[{"id":6149,"href":"https:\/\/odabrano.com\/index.php\/wp-json\/wp\/v2\/posts\/6146\/revisions\/6149"}],"wp:featuredmedia":[{"embeddable":true,"href":"https:\/\/odabrano.com\/index.php\/wp-json\/wp\/v2\/media\/6147"}],"wp:attachment":[{"href":"https:\/\/odabrano.com\/index.php\/wp-json\/wp\/v2\/media?parent=6146"}],"wp:term":[{"taxonomy":"category","embeddable":true,"href":"https:\/\/odabrano.com\/index.php\/wp-json\/wp\/v2\/categories?post=6146"},{"taxonomy":"post_tag","embeddable":true,"href":"https:\/\/odabrano.com\/index.php\/wp-json\/wp\/v2\/tags?post=6146"}],"curies":[{"name":"wp","href":"https:\/\/api.w.org\/{rel}","templated":true}]}}