{"id":6091,"date":"2025-05-04T16:34:13","date_gmt":"2025-05-04T14:34:13","guid":{"rendered":"https:\/\/odabrano.com\/?p=6091"},"modified":"2025-05-04T16:34:13","modified_gmt":"2025-05-04T14:34:13","slug":"mir-za-odricanje-od-teritorija-za-mnoge-ukrajince-to-je-bolna-tema","status":"publish","type":"post","link":"https:\/\/odabrano.com\/index.php\/2025\/05\/04\/mir-za-odricanje-od-teritorija-za-mnoge-ukrajince-to-je-bolna-tema\/","title":{"rendered":"Mir za odricanje od teritorija? Za mnoge Ukrajince to je bolna tema"},"content":{"rendered":"\n<p><strong>Vitalij Kli\u010dko, biv\u0161i boksa\u010d te\u0161ke kategorije, a danas gradona\u010delnik Kijeva, pro\u0161li je mjesec u\u0161ao na neistra\u017een politi\u010dki teritorij: u intervjuu je natuknuo da bi se Ukrajina mo\u017eda mogla odre\u0107i teritorija kako bi zavr\u0161ila rat s Rusijom.\u00a0<\/strong><\/p>\n\n\n\n<p>Nakon lavine negativnih komentara Kli\u010dko je odustao od te tvrdnje, objaviv\u0161i na Facebooku da su teritorijalni ustupci u suprotnosti s nacionalnim interesima te da se Kijev do zadnjeg trena treba boriti protiv njihove implementacije.<br><br>Ameri\u010dki predsjednik&nbsp;<strong>Donald Trump<\/strong>&nbsp;i njegovi pregovara\u010di s druge strane vjeruju da je jedini put prema dovr\u0161etku rata u Ukrajini to da Kijev prizna da ne\u0107e dobiti dio teritorija koje su ruske trupe osvojile od po\u010detka svoje invazije.<br><br>Kli\u010dkova izjava, pa njezino povla\u010denje, uz nekoliko anketa provedenih nakon tri godine rata pokazuju da ve\u0107ina Ukrajinaca ne \u017eeli ustupiti Rusiji teritorij u zamjenu za prekid vatre.<br><br>Ta istra\u017eivanja obja\u0161njavaju za\u0161to ukrajinski predsjednik&nbsp;<strong>Volodimir Zelenski<\/strong>, za kojeg se o\u010dekuje da \u0107e se ponovno kandidirati za tu funkciju, odbija Trumpov pritisak da ustupi teritorij u pregovorima o prekidu vatre.&nbsp;<\/p>\n\n\n\n<p>Anketa agencije Gradus Research u ekskluzivnom posjedu Reutersa pokazuje da gotovo tri \u010detvrtine Ukrajinaca ne smatra odricanje od teritorija na\u010dinom za dovr\u0161etak rata.<br><br>Ve\u0107ina ispitanika vjeruje da je glavni ratni cilj Rusije uspostaviti punu kontrolu nad njihovom zemljom, stoji u bilje\u0161kama Gradusa.<br><br>Ukrajinski teritorijalni ustupci ne smatraju se kompromisom i garancijom mira ba\u0161 suprotno, tvrdi se da \u0107e samo osna\u017eiti agresora.<br><br>Rusija odbacuje da \u017eeli kontrolu nad Ukrajinom, no njezine snage su na po\u010detku invazije stigle do ulaza u Kijev, prije no \u0161to su ih ukrajinske snage odbacile do trenuta\u010dnih polo\u017eaja na jugu i istoku.<br><br>Ukrajinske ankete provedene ovaj tjedan pokazuju da 40 posto ispitanika vjeruje da bi \u010dak i u slu\u010daju ustupaka mir bio privremen i neodr\u017eiv.<br><br>Dodatnih 31 posto vjeruje da ustupci ne bi uop\u0107e doveli do mira.&nbsp;<\/p>\n\n\n\n<h2 class=\"wp-block-heading\">Rusija kontrolira oko 20 posto ukrajinskog teritorija<\/h2>\n\n\n\n<p>Rusija odbacuje da \u017eeli kontrolu nad Ukrajinom, no njezine snage su na po\u010detku invazije stigle do ulaza u Kijev, prije no \u0161to su ih ukrajinske snage odbacile do trenuta\u010dnih polo\u017eaja na jugu i istoku.<br><br>Ukrajinske ankete provedene ovaj tjedan pokazuju da 40 posto ispitanika vjeruje da bi \u010dak i u slu\u010daju ustupaka mir bio privremen i neodr\u017eiv.<br><br>Dodatnih 31 posto vjeruje da ustupci ne bi uop\u0107e doveli do mira.<br><br>Rusija u ovom trenutku kontrolira oko 20 posto ukrajinskog teritorija, uklju\u010duju\u0107i poluotok Krim kojeg je anektirala 2014., kao i velike dijelove \u010detiri druge regije isto\u010dne i jugoisto\u010dne Ukrajine.<br><br>Prema ameri\u010dkim pregovara\u010dima, mnogi europski saveznici Kijeva, te \u010dak i dio Ukrajinaca u privatnim razgovorima priznaje da \u0107e Ukrajina morati prihvatiti odricanje od dijela teritorija.<br><br>Ukrajinci su iscrpljeni i suo\u010deni s ve\u0107im i ja\u010dim neprijateljem. Njihovi poku\u0161aji da Rusiju potisnu na bojnom polju propali su, a njihovi zapadni partneri nisu im dali dovoljno vojne pomo\u0107i da bi postigli odlu\u010duju\u0107u pobjedu.<br><br>Zelenskii tako\u0111er priznaje da Ukrajina nema snage vojno vratiti teritorije u borbi protiv mnogo sna\u017enijeg neprijatelja, no nagla\u0161ava da bi prepu\u0161tanje teritorija bilo suprotno ustavu.<\/p>\n\n\n\n<p>Podaci Kijevskog me\u0111unarodnog instituta za sociologiju (KIIS) pokazali su da je u o\u017eujku 39 posto podr\u017eavalo teritorijalne ustupke, u usporedbi sa samo 10 posto u svibnju 2022.<\/p>\n\n\n\n<p>Me\u0111utim, utvr\u0111eno je i da je u o\u017eujku 50 posto Ukrajinaca odbacilo ideju da se Rusiji ikada predaju teritoriji, \u0161to je jedan posto manje u odnosu na prosinac.<\/p>\n\n\n\n<p>Podaci drugog instituta &#8211; Centra Razumkov iz ankete provedene u velja\u010di i o\u017eujku pokazali su da je gotovo 82 posto ispitanika bilo protiv bilo kakvog formalnog prihva\u0107anja da su teritoriji okupirani.<\/p>\n\n\n\n<p>&#8211; Definicija teritorijalnih ustupaka koju bi vi\u0161e od polovice stanovni\u0161tva te\u0161ka srca prihvatilo je de facto priznanje okupacije bez de jure priznanja, rekao je&nbsp;<strong>Anton Hru\u0161etskij<\/strong>&nbsp;iz KIIS-a, dodaju\u0107i da bi zemlja zauzvrat morala dobiti sigurnosna jamstva.<\/p>\n\n\n\n<p>Osim Kli\u010dkova kratkotrajnog &#8216;izleta&#8217;, nijedna istaknuta osoba u ukrajinskoj politici ili javnom \u017eivotu ne poku\u0161ava potaknuti nacionalni razgovor o potrebi priznavanja gubitka teritorija.<br><strong><br>Evhen Mahda<\/strong>, politi\u010dki analiti\u010dar u Kijevu, rekao je da je potreban dijalog izme\u0111u vodstva zemlje i dru\u0161tva o odricanju od teritorija kako bi se osiguralo \u0161iroko prihva\u0107anje potencijalnog sporazuma.<\/p>\n\n\n\n<p>&#8211; Na\u017ealost, moramo biti realni, rekao je Mahda o uvjetima sporazuma o okon\u010danju rata, napominju\u0107i da mnogi Ukrajinci jo\u0161 uvijek do\u017eivljavaju razgovore o kompromisu oko teritorija kao izdaju.<\/p>\n","protected":false},"excerpt":{"rendered":"<p>Vitalij Kli\u010dko, biv\u0161i boksa\u010d te\u0161ke kategorije, a danas gradona\u010delnik Kijeva, pro\u0161li je mjesec u\u0161ao na neistra\u017een politi\u010dki teritorij: u intervjuu je natuknuo da bi se Ukrajina mo\u017eda mogla odre\u0107i teritorija kako bi zavr\u0161ila rat s Rusijom.\u00a0 Nakon lavine negativnih komentara Kli\u010dko je odustao od te tvrdnje, objaviv\u0161i na Facebooku da su teritorijalni ustupci u suprotnosti &hellip;<\/p>\n","protected":false},"author":1,"featured_media":6092,"comment_status":"closed","ping_status":"open","sticky":false,"template":"","format":"standard","meta":{"_monsterinsights_skip_tracking":false,"_monsterinsights_sitenote_active":false,"_monsterinsights_sitenote_note":"","_monsterinsights_sitenote_category":0,"footnotes":""},"categories":[9],"tags":[1227,1226],"class_list":["post-6091","post","type-post","status-publish","format-standard","has-post-thumbnail","","category-svijet","tag-teritorij","tag-ukkrajina"],"yoast_head":"<!-- This site is optimized with the Yoast SEO plugin v22.1 - https:\/\/yoast.com\/wordpress\/plugins\/seo\/ -->\n<title>Mir za odricanje od teritorija? Za mnoge Ukrajince to je bolna tema - odabrano<\/title>\n<meta name=\"robots\" content=\"index, follow, max-snippet:-1, max-image-preview:large, max-video-preview:-1\" \/>\n<link rel=\"canonical\" href=\"https:\/\/odabrano.com\/index.php\/2025\/05\/04\/mir-za-odricanje-od-teritorija-za-mnoge-ukrajince-to-je-bolna-tema\/\" \/>\n<meta property=\"og:locale\" content=\"en_US\" \/>\n<meta property=\"og:type\" content=\"article\" \/>\n<meta property=\"og:title\" content=\"Mir za odricanje od teritorija? Za mnoge Ukrajince to je bolna tema - odabrano\" \/>\n<meta property=\"og:description\" content=\"Vitalij Kli\u010dko, biv\u0161i boksa\u010d te\u0161ke kategorije, a danas gradona\u010delnik Kijeva, pro\u0161li je mjesec u\u0161ao na neistra\u017een politi\u010dki teritorij: u intervjuu je natuknuo da bi se Ukrajina mo\u017eda mogla odre\u0107i teritorija kako bi zavr\u0161ila rat s Rusijom.\u00a0 Nakon lavine negativnih komentara Kli\u010dko je odustao od te tvrdnje, objaviv\u0161i na Facebooku da su teritorijalni ustupci u suprotnosti &hellip;\" \/>\n<meta property=\"og:url\" content=\"https:\/\/odabrano.com\/index.php\/2025\/05\/04\/mir-za-odricanje-od-teritorija-za-mnoge-ukrajince-to-je-bolna-tema\/\" \/>\n<meta property=\"og:site_name\" content=\"odabrano\" \/>\n<meta property=\"article:published_time\" content=\"2025-05-04T14:34:13+00:00\" \/>\n<meta property=\"og:image\" content=\"http:\/\/odabrano.com\/wp-content\/uploads\/2025\/05\/ukraina.webp\" \/>\n\t<meta property=\"og:image:width\" content=\"740\" \/>\n\t<meta property=\"og:image:height\" content=\"438\" \/>\n\t<meta property=\"og:image:type\" content=\"image\/webp\" \/>\n<meta name=\"author\" content=\"admin\" \/>\n<meta name=\"twitter:card\" content=\"summary_large_image\" \/>\n<meta name=\"twitter:label1\" content=\"Written by\" \/>\n\t<meta name=\"twitter:data1\" content=\"admin\" \/>\n\t<meta name=\"twitter:label2\" content=\"Est. reading time\" \/>\n\t<meta name=\"twitter:data2\" content=\"4 minutes\" \/>\n<script type=\"application\/ld+json\" class=\"yoast-schema-graph\">{\"@context\":\"https:\/\/schema.org\",\"@graph\":[{\"@type\":\"Article\",\"@id\":\"https:\/\/odabrano.com\/index.php\/2025\/05\/04\/mir-za-odricanje-od-teritorija-za-mnoge-ukrajince-to-je-bolna-tema\/#article\",\"isPartOf\":{\"@id\":\"https:\/\/odabrano.com\/index.php\/2025\/05\/04\/mir-za-odricanje-od-teritorija-za-mnoge-ukrajince-to-je-bolna-tema\/\"},\"author\":{\"name\":\"admin\",\"@id\":\"https:\/\/odabrano.com\/#\/schema\/person\/460f2b14657879743f23c4f6a7cd3236\"},\"headline\":\"Mir za odricanje od teritorija? Za mnoge Ukrajince to je bolna tema\",\"datePublished\":\"2025-05-04T14:34:13+00:00\",\"dateModified\":\"2025-05-04T14:34:13+00:00\",\"mainEntityOfPage\":{\"@id\":\"https:\/\/odabrano.com\/index.php\/2025\/05\/04\/mir-za-odricanje-od-teritorija-za-mnoge-ukrajince-to-je-bolna-tema\/\"},\"wordCount\":779,\"publisher\":{\"@id\":\"https:\/\/odabrano.com\/#\/schema\/person\/460f2b14657879743f23c4f6a7cd3236\"},\"keywords\":[\"teritorij\",\"ukkrajina\"],\"articleSection\":[\"Svijet\"],\"inLanguage\":\"en-US\"},{\"@type\":\"WebPage\",\"@id\":\"https:\/\/odabrano.com\/index.php\/2025\/05\/04\/mir-za-odricanje-od-teritorija-za-mnoge-ukrajince-to-je-bolna-tema\/\",\"url\":\"https:\/\/odabrano.com\/index.php\/2025\/05\/04\/mir-za-odricanje-od-teritorija-za-mnoge-ukrajince-to-je-bolna-tema\/\",\"name\":\"Mir za odricanje od teritorija? Za mnoge Ukrajince to je bolna tema - odabrano\",\"isPartOf\":{\"@id\":\"https:\/\/odabrano.com\/#website\"},\"datePublished\":\"2025-05-04T14:34:13+00:00\",\"dateModified\":\"2025-05-04T14:34:13+00:00\",\"breadcrumb\":{\"@id\":\"https:\/\/odabrano.com\/index.php\/2025\/05\/04\/mir-za-odricanje-od-teritorija-za-mnoge-ukrajince-to-je-bolna-tema\/#breadcrumb\"},\"inLanguage\":\"en-US\",\"potentialAction\":[{\"@type\":\"ReadAction\",\"target\":[\"https:\/\/odabrano.com\/index.php\/2025\/05\/04\/mir-za-odricanje-od-teritorija-za-mnoge-ukrajince-to-je-bolna-tema\/\"]}]},{\"@type\":\"BreadcrumbList\",\"@id\":\"https:\/\/odabrano.com\/index.php\/2025\/05\/04\/mir-za-odricanje-od-teritorija-za-mnoge-ukrajince-to-je-bolna-tema\/#breadcrumb\",\"itemListElement\":[{\"@type\":\"ListItem\",\"position\":1,\"name\":\"Home\",\"item\":\"https:\/\/odabrano.com\/\"},{\"@type\":\"ListItem\",\"position\":2,\"name\":\"Mir za odricanje od teritorija? Za mnoge Ukrajince to je bolna tema\"}]},{\"@type\":\"WebSite\",\"@id\":\"https:\/\/odabrano.com\/#website\",\"url\":\"https:\/\/odabrano.com\/\",\"name\":\"odabrano\",\"description\":\"news portal koji nudi odabrane vijesti i informacije\",\"publisher\":{\"@id\":\"https:\/\/odabrano.com\/#\/schema\/person\/460f2b14657879743f23c4f6a7cd3236\"},\"alternateName\":\"vijesti i informacije iz Hrvatske i svijeta\",\"potentialAction\":[{\"@type\":\"SearchAction\",\"target\":{\"@type\":\"EntryPoint\",\"urlTemplate\":\"https:\/\/odabrano.com\/?s={search_term_string}\"},\"query-input\":\"required name=search_term_string\"}],\"inLanguage\":\"en-US\"},{\"@type\":[\"Person\",\"Organization\"],\"@id\":\"https:\/\/odabrano.com\/#\/schema\/person\/460f2b14657879743f23c4f6a7cd3236\",\"name\":\"admin\",\"image\":{\"@type\":\"ImageObject\",\"inLanguage\":\"en-US\",\"@id\":\"https:\/\/odabrano.com\/#\/schema\/person\/image\/\",\"url\":\"https:\/\/odabrano.com\/wp-content\/uploads\/2024\/04\/dolar.jpg\",\"contentUrl\":\"https:\/\/odabrano.com\/wp-content\/uploads\/2024\/04\/dolar.jpg\",\"width\":1216,\"height\":519,\"caption\":\"admin\"},\"logo\":{\"@id\":\"https:\/\/odabrano.com\/#\/schema\/person\/image\/\"},\"sameAs\":[\"http:\/\/odabrano.com\"],\"url\":\"https:\/\/odabrano.com\/index.php\/author\/sokolneno_u3xb387h\/\"}]}<\/script>\n<!-- \/ Yoast SEO plugin. -->","yoast_head_json":{"title":"Mir za odricanje od teritorija? Za mnoge Ukrajince to je bolna tema - odabrano","robots":{"index":"index","follow":"follow","max-snippet":"max-snippet:-1","max-image-preview":"max-image-preview:large","max-video-preview":"max-video-preview:-1"},"canonical":"https:\/\/odabrano.com\/index.php\/2025\/05\/04\/mir-za-odricanje-od-teritorija-za-mnoge-ukrajince-to-je-bolna-tema\/","og_locale":"en_US","og_type":"article","og_title":"Mir za odricanje od teritorija? Za mnoge Ukrajince to je bolna tema - odabrano","og_description":"Vitalij Kli\u010dko, biv\u0161i boksa\u010d te\u0161ke kategorije, a danas gradona\u010delnik Kijeva, pro\u0161li je mjesec u\u0161ao na neistra\u017een politi\u010dki teritorij: u intervjuu je natuknuo da bi se Ukrajina mo\u017eda mogla odre\u0107i teritorija kako bi zavr\u0161ila rat s Rusijom.\u00a0 Nakon lavine negativnih komentara Kli\u010dko je odustao od te tvrdnje, objaviv\u0161i na Facebooku da su teritorijalni ustupci u suprotnosti &hellip;","og_url":"https:\/\/odabrano.com\/index.php\/2025\/05\/04\/mir-za-odricanje-od-teritorija-za-mnoge-ukrajince-to-je-bolna-tema\/","og_site_name":"odabrano","article_published_time":"2025-05-04T14:34:13+00:00","og_image":[{"width":740,"height":438,"url":"http:\/\/odabrano.com\/wp-content\/uploads\/2025\/05\/ukraina.webp","type":"image\/webp"}],"author":"admin","twitter_card":"summary_large_image","twitter_misc":{"Written by":"admin","Est. reading time":"4 minutes"},"schema":{"@context":"https:\/\/schema.org","@graph":[{"@type":"Article","@id":"https:\/\/odabrano.com\/index.php\/2025\/05\/04\/mir-za-odricanje-od-teritorija-za-mnoge-ukrajince-to-je-bolna-tema\/#article","isPartOf":{"@id":"https:\/\/odabrano.com\/index.php\/2025\/05\/04\/mir-za-odricanje-od-teritorija-za-mnoge-ukrajince-to-je-bolna-tema\/"},"author":{"name":"admin","@id":"https:\/\/odabrano.com\/#\/schema\/person\/460f2b14657879743f23c4f6a7cd3236"},"headline":"Mir za odricanje od teritorija? Za mnoge Ukrajince to je bolna tema","datePublished":"2025-05-04T14:34:13+00:00","dateModified":"2025-05-04T14:34:13+00:00","mainEntityOfPage":{"@id":"https:\/\/odabrano.com\/index.php\/2025\/05\/04\/mir-za-odricanje-od-teritorija-za-mnoge-ukrajince-to-je-bolna-tema\/"},"wordCount":779,"publisher":{"@id":"https:\/\/odabrano.com\/#\/schema\/person\/460f2b14657879743f23c4f6a7cd3236"},"keywords":["teritorij","ukkrajina"],"articleSection":["Svijet"],"inLanguage":"en-US"},{"@type":"WebPage","@id":"https:\/\/odabrano.com\/index.php\/2025\/05\/04\/mir-za-odricanje-od-teritorija-za-mnoge-ukrajince-to-je-bolna-tema\/","url":"https:\/\/odabrano.com\/index.php\/2025\/05\/04\/mir-za-odricanje-od-teritorija-za-mnoge-ukrajince-to-je-bolna-tema\/","name":"Mir za odricanje od teritorija? Za mnoge Ukrajince to je bolna tema - odabrano","isPartOf":{"@id":"https:\/\/odabrano.com\/#website"},"datePublished":"2025-05-04T14:34:13+00:00","dateModified":"2025-05-04T14:34:13+00:00","breadcrumb":{"@id":"https:\/\/odabrano.com\/index.php\/2025\/05\/04\/mir-za-odricanje-od-teritorija-za-mnoge-ukrajince-to-je-bolna-tema\/#breadcrumb"},"inLanguage":"en-US","potentialAction":[{"@type":"ReadAction","target":["https:\/\/odabrano.com\/index.php\/2025\/05\/04\/mir-za-odricanje-od-teritorija-za-mnoge-ukrajince-to-je-bolna-tema\/"]}]},{"@type":"BreadcrumbList","@id":"https:\/\/odabrano.com\/index.php\/2025\/05\/04\/mir-za-odricanje-od-teritorija-za-mnoge-ukrajince-to-je-bolna-tema\/#breadcrumb","itemListElement":[{"@type":"ListItem","position":1,"name":"Home","item":"https:\/\/odabrano.com\/"},{"@type":"ListItem","position":2,"name":"Mir za odricanje od teritorija? Za mnoge Ukrajince to je bolna tema"}]},{"@type":"WebSite","@id":"https:\/\/odabrano.com\/#website","url":"https:\/\/odabrano.com\/","name":"odabrano","description":"news portal koji nudi odabrane vijesti i informacije","publisher":{"@id":"https:\/\/odabrano.com\/#\/schema\/person\/460f2b14657879743f23c4f6a7cd3236"},"alternateName":"vijesti i informacije iz Hrvatske i svijeta","potentialAction":[{"@type":"SearchAction","target":{"@type":"EntryPoint","urlTemplate":"https:\/\/odabrano.com\/?s={search_term_string}"},"query-input":"required name=search_term_string"}],"inLanguage":"en-US"},{"@type":["Person","Organization"],"@id":"https:\/\/odabrano.com\/#\/schema\/person\/460f2b14657879743f23c4f6a7cd3236","name":"admin","image":{"@type":"ImageObject","inLanguage":"en-US","@id":"https:\/\/odabrano.com\/#\/schema\/person\/image\/","url":"https:\/\/odabrano.com\/wp-content\/uploads\/2024\/04\/dolar.jpg","contentUrl":"https:\/\/odabrano.com\/wp-content\/uploads\/2024\/04\/dolar.jpg","width":1216,"height":519,"caption":"admin"},"logo":{"@id":"https:\/\/odabrano.com\/#\/schema\/person\/image\/"},"sameAs":["http:\/\/odabrano.com"],"url":"https:\/\/odabrano.com\/index.php\/author\/sokolneno_u3xb387h\/"}]}},"_links":{"self":[{"href":"https:\/\/odabrano.com\/index.php\/wp-json\/wp\/v2\/posts\/6091","targetHints":{"allow":["GET"]}}],"collection":[{"href":"https:\/\/odabrano.com\/index.php\/wp-json\/wp\/v2\/posts"}],"about":[{"href":"https:\/\/odabrano.com\/index.php\/wp-json\/wp\/v2\/types\/post"}],"author":[{"embeddable":true,"href":"https:\/\/odabrano.com\/index.php\/wp-json\/wp\/v2\/users\/1"}],"replies":[{"embeddable":true,"href":"https:\/\/odabrano.com\/index.php\/wp-json\/wp\/v2\/comments?post=6091"}],"version-history":[{"count":2,"href":"https:\/\/odabrano.com\/index.php\/wp-json\/wp\/v2\/posts\/6091\/revisions"}],"predecessor-version":[{"id":6094,"href":"https:\/\/odabrano.com\/index.php\/wp-json\/wp\/v2\/posts\/6091\/revisions\/6094"}],"wp:featuredmedia":[{"embeddable":true,"href":"https:\/\/odabrano.com\/index.php\/wp-json\/wp\/v2\/media\/6092"}],"wp:attachment":[{"href":"https:\/\/odabrano.com\/index.php\/wp-json\/wp\/v2\/media?parent=6091"}],"wp:term":[{"taxonomy":"category","embeddable":true,"href":"https:\/\/odabrano.com\/index.php\/wp-json\/wp\/v2\/categories?post=6091"},{"taxonomy":"post_tag","embeddable":true,"href":"https:\/\/odabrano.com\/index.php\/wp-json\/wp\/v2\/tags?post=6091"}],"curies":[{"name":"wp","href":"https:\/\/api.w.org\/{rel}","templated":true}]}}