{"id":5922,"date":"2025-04-01T00:01:59","date_gmt":"2025-03-31T22:01:59","guid":{"rendered":"https:\/\/odabrano.com\/?p=5922"},"modified":"2025-04-01T00:02:01","modified_gmt":"2025-03-31T22:02:01","slug":"ekskluzivno-beograd-pod-opsadom-studenti-protiv-rezima-hrvatska-preuzima-kontrolu","status":"publish","type":"post","link":"https:\/\/odabrano.com\/index.php\/2025\/04\/01\/ekskluzivno-beograd-pod-opsadom-studenti-protiv-rezima-hrvatska-preuzima-kontrolu\/","title":{"rendered":"EKSKLUZIVNO: Beograd pod opsadom \u2013 studenti protiv re\u017eima, Hrvatska preuzima kontrolu!"},"content":{"rendered":"\n<p><em><strong>Sino\u0107 u ponedjeljak 31.03.2025 ne\u0161to prije 19 sati zapo\u010deo je mar\u0161 na tisu\u0107a studenata po beogradsim ulicama na Slaviji, Kneza Milo\u0161a i Nemanjinom do Ministarstva prosvjete gdje je to\u010dno u 20 i 15 zapo\u010delo 16 minuta \u0161utnje. Povod je bio napad no\u017eem na dekanicu na fakultetu u Ni\u0161u. Za vrijeme \u0161etnje isticali su se transparenti MA\u0160INCI PROTIV MA\u0160INERIJE, SOLIDARNOST SLOBODA PRAVNA DR\u017dAVA. Istovremeno se i u Novom Sadu odr\u017eavao prosvjed tisu\u0107e studenta po Bulevaru oslobo\u0111enja. Oba prosvjeda su se ne\u0161to poslije 20 i 30 po\u010dela zavr\u0161avati, a onda je oko 21 sat dok je kolona prosvjednika u odlasku prolazila pored \u0106acilenda po\u010delo ne\u0161to \u010dudno, studenti su se po\u010delli ponovo sakupljati i gra\u0111ani su masovno po\u010deli izlaziti na ulice i po\u010deo je pakao &#8230;.<\/strong><\/em><\/p>\n\n\n\n<p><strong>Beograd, 1. travnja \u2013<\/strong> Dramati\u010dna doga\u0111anja potresaju glavni grad Srbije, gdje je do\u0161lo do eskalacije sukoba izme\u0111u tisu\u0107a studenata i snaga lojalnih predsjedniku Aleksandru Vu\u010di\u0107u. Prema neslu\u017ebenim, ali vrlo \u017eivopisnim informacijama s terena, Beograd se trenutno nalazi u stanju potpune pobune, a ulogu neo\u010dekivanog saveznika preuzela je \u2013 <strong>Hrvatska<\/strong>.<\/p>\n\n\n\n<p>Prema prvim izvje\u0161\u0107ima, studenti su se spontano okupili kako bi izrazili nezadovoljstvo autoritarnim metodama vlasti, ali prosvjedi su ubrzo prerasli u otvoreni otpor. Na strani vlasti, uz policiju i specijalne jedinice, svrstali su se i poznati medijski lanci \u2013 <strong>Dragan J. Vu\u010di\u0107evi\u0107<\/strong> sa svojim portalom <strong>Informer<\/strong> te neuni\u0161tivi <strong>Milomir Mari\u0107<\/strong>, \u010diji su monolozi na TV Pinku i ovaj put nadma\u0161ili i samog Goebbelsa.<\/p>\n\n\n\n<figure class=\"wp-block-image size-large\"><img loading=\"lazy\" decoding=\"async\" width=\"1024\" height=\"683\" src=\"https:\/\/odabrano.com\/wp-content\/uploads\/2025\/03\/nato-1024x683.png\" alt=\"\" class=\"wp-image-5949\" srcset=\"https:\/\/odabrano.com\/wp-content\/uploads\/2025\/03\/nato-1024x683.png 1024w, https:\/\/odabrano.com\/wp-content\/uploads\/2025\/03\/nato-300x200.png 300w, https:\/\/odabrano.com\/wp-content\/uploads\/2025\/03\/nato-768x512.png 768w, https:\/\/odabrano.com\/wp-content\/uploads\/2025\/03\/nato-500x333.png 500w, https:\/\/odabrano.com\/wp-content\/uploads\/2025\/03\/nato-800x533.png 800w, https:\/\/odabrano.com\/wp-content\/uploads\/2025\/03\/nato-1280x853.png 1280w, https:\/\/odabrano.com\/wp-content\/uploads\/2025\/03\/nato.png 1536w\" sizes=\"auto, (max-width: 1024px) 100vw, 1024px\" \/><figcaption class=\"wp-element-caption\">Studenti u Nemanjinoj ispred General\u0161taba<\/figcaption><\/figure>\n\n\n\n<p><\/p>\n\n\n\n<p>Unato\u010d verbalnom topni\u0161tvu re\u017eimskih medija, <strong>studenti su imali brojnost, volju i \u2013 TikTok<\/strong>. Ulice su preplavili transparenti, bubnjevi, i neizbje\u017ene parodije predsjednikovih govora. No, stvari su postale ozbiljne kada su <strong>lojalisti otvorili vatru<\/strong> na okupljene, pri \u010demu je, prema nepotvr\u0111enim informacijama, <strong>bilo ozlije\u0111enih i upla\u0161enih studenata<\/strong>.<\/p>\n\n\n\n<h4 class=\"wp-block-heading\"><strong>BEOGRAD VRIJE \u2013 TikTok u\u017eivo, studenti pozivaju pomo\u0107 izvana<\/strong><\/h4>\n\n\n\n<p>Kako se sukobi izme\u0111u studenata i re\u017eimskih snaga rasplamsavaju, ulogu <strong>glavnih ratnih reportera<\/strong> preuzimaju \u2013 ni manje ni vi\u0161e nego <strong>TikTokeri<\/strong>.<\/p>\n\n\n\n<p><strong>VeljaRS<\/strong>, poznat po snimanju brzih recepata i jo\u0161 br\u017eih vo\u017enji kroz crveno, te <strong>Nata\u0161a Lemaji\u0107<\/strong>, influencerica koja je nedavno postala viralna zbog izjavom <strong>\u201cVu\u010di\u0107u, \u010dujemo ti misli\u201d<\/strong>, uklju\u010dili su se <strong>u\u017eivo iz epicentra sukoba<\/strong>. Malo poslije pridru\u017eio im se i tiktoker <strong>Miki NS<\/strong> u Novom Sadu koji je ba\u0161 taj dan dobio slu\u017ebenu novinarsku iskaznicu.<\/p>\n\n\n\n<blockquote class=\"wp-block-quote is-layout-flow wp-block-quote-is-layout-flow\">\n<p>\u201cBrate, gledajte ovo, tu kod Filozofskog pravo bacaju suzavac, a Mile iz Novog Sada stoji s gitarom i pjeva Galileu! Ne verujem \u0161ta se de\u0161ava!\u201d \u2013 vikao je VeljaRS dok je poku\u0161avao na\u0107i WiFi.<\/p>\n<\/blockquote>\n\n\n\n<blockquote class=\"wp-block-quote is-layout-flow wp-block-quote-is-layout-flow\">\n<p>\u201cLjudi, lajkujte live ako ste za slobodu! Ajmo 500k i ide upad u Pink!\u201d \u2013 poru\u010dila je Nata\u0161a dok je sklanjala kosu sa lica umrljanog suzavcem.<\/p>\n<\/blockquote>\n\n\n\n<p>U trenucima kada je izgledalo da \u0107e studenti biti razbijeni, na horizontu se ukazalo \u2013 <strong>ne\u0161to neo\u010dekivano<\/strong>.<\/p>\n\n\n\n<h4 class=\"wp-block-heading\"><strong>\u201cIz \u0160ida s ljubavlju\u201d \u2013 Hrvatska oklopna jedinica ulazi u Beograd<\/strong><\/h4>\n\n\n\n<p>Poziv u pomo\u0107 koji su studenti uputili &#8220;svim demokratskim snagama regije&#8221; nije ostao bez odgovora. Hrvatska vojska, vo\u0111ena geslom <strong>\u201cAjmo pomo\u0107i malima protiv velikih (opet)\u201d<\/strong>, reagirala je u rekordnom roku.<\/p>\n\n\n<p><video width=\"100%\" autoplay muted loop><source src=\"http:\/\/odabrano.com\/wp-content\/uploads\/2025\/03\/svsava.mp4\" type=\"video\/mp4\">Va\u0161 preglednik ne podr\u017eava video tag.<\/video><\/p>\n\n\n<p><em>Gpre: Hrvatski vojnici ispred Hrama Svetog Save na Vra\u010daru<\/em><\/p>\n\n\n\n<p>Na\u010delnik Glavnog sto\u017eera RH izjavio je:<\/p>\n\n\n\n<blockquote class=\"wp-block-quote is-layout-flow wp-block-quote-is-layout-flow\">\n<p>\u201cKada smo vidjeli da se Informer i Pink koriste kao oru\u017eje \u2013 znali smo da je to crvena linija. Slo\u017eili smo 12 Bradleya, 6 Patria i jednu Staru Damu iz Vukovara \u2013 simbolike radi.\u201d<\/p>\n<\/blockquote>\n\n\n\n<p>U <strong>rekordnih 3 sata<\/strong> od poziva, oklopno-mehanizirana hrvatska jedinica je preko \u0160ida, Rume i Dobanovaca  ne\u0161to nakon pono\u0107i <strong>u\u0161la u Beograd<\/strong>, bez ispaljenog metka. <strong>Policija je odbacila \u0161titove<\/strong>, dok je vojska u kasarnama <strong>po\u010dela navijati za Dinamo \u2013 kao znak predaje<\/strong>.<\/p>\n\n\n\n<h4 class=\"wp-block-heading\"><strong>Vu\u010di\u0107 bje\u017ei preko Vojvodine \u2013 Nata\u0161a i Velja prate u\u017eivo<\/strong><\/h4>\n\n\n\n<p>Kako se hrvatski tenkovi pribli\u017eavaju centru grada, <strong>predsjednik Vu\u010di\u0107 i njegovi najbli\u017ei suradnici poku\u0161avaju pobje\u0107i<\/strong>. Prema neslu\u017ebenim TikTok live streamovima, kolona vozila kre\u0107e se prema granici s Ma\u0111arskom.<\/p>\n\n\n\n<blockquote class=\"wp-block-quote is-layout-flow wp-block-quote-is-layout-flow\">\n<p>\u201cLjudi, Vu\u010di\u0107 se vozi pored mene, ja u Fi\u0107i, on u blindiranom\u2026 gledaj, gleda u mene! E ovo je kraj, kraljevi moji!\u201d \u2013 komentira VeljaRS.<\/p>\n\n\n\n<h4 class=\"wp-block-heading\"><strong>Ulazak hrvatske vojske u Beograd \u2013 kao 1941., samo obrnuto!<\/strong><\/h4>\n\n\n\n<p>To\u010dno u <strong>03:03<\/strong>, prvog travnja, kolona <strong>hrvatskih oklopnjaka<\/strong>, predvo\u0111ena Patrijom s hrvatskom zastavom i tablicama iz Knina, <strong>pro\u0161la je pored napu\u0161tene zgrade RTS-a<\/strong>. Ulica koja je do ju\u010der bila pod kordonom policije \u2013 sada je odjekivala <strong>pljeskom, pjesmom i suzama radosnicama<\/strong>.<\/p>\n\n\n\n<p>Stanari okolnih zgrada <strong>bacali su cvije\u0107e<\/strong> s balkona, neki su <strong>pjevali \u201cMoja domovina\u201d<\/strong>, dok je jedna starija Beogra\u0111anka uzviknula:<\/p>\n\n\n\n<blockquote class=\"wp-block-quote is-layout-flow wp-block-quote-is-layout-flow\">\n<p>\u201cEto vam Vu\u010di\u0107a, a meni pustite vojnika da ga nahranim!<\/p>\n<\/blockquote>\n\n\n\n<p>Pojavile su se i <strong>improvizirane parole<\/strong>:<\/p>\n\n\n\n<ul class=\"wp-block-list\">\n<li><strong>&#8220;Hrvatska vojska \u2013 srpska sloboda!&#8221;<\/strong><\/li>\n\n\n\n<li><strong>&#8220;Oluja 2 \u2013 ali za diktaturu!&#8221;<\/strong><\/li>\n\n\n\n<li><strong>&#8220;Bolje tenk nego Pink!&#8221;<\/strong><\/li>\n<\/ul>\n<\/blockquote>\n\n\n\n<figure class=\"wp-block-image size-full\"><img loading=\"lazy\" decoding=\"async\" width=\"1024\" height=\"1024\" src=\"https:\/\/odabrano.com\/wp-content\/uploads\/2025\/03\/terazije-vojska.png\" alt=\"\" class=\"wp-image-5937\" srcset=\"https:\/\/odabrano.com\/wp-content\/uploads\/2025\/03\/terazije-vojska.png 1024w, https:\/\/odabrano.com\/wp-content\/uploads\/2025\/03\/terazije-vojska-300x300.png 300w, https:\/\/odabrano.com\/wp-content\/uploads\/2025\/03\/terazije-vojska-150x150.png 150w, https:\/\/odabrano.com\/wp-content\/uploads\/2025\/03\/terazije-vojska-768x768.png 768w, https:\/\/odabrano.com\/wp-content\/uploads\/2025\/03\/terazije-vojska-500x500.png 500w, https:\/\/odabrano.com\/wp-content\/uploads\/2025\/03\/terazije-vojska-800x800.png 800w\" sizes=\"auto, (max-width: 1024px) 100vw, 1024px\" \/><figcaption class=\"wp-element-caption\"><code>Hrvatski vojnici na Terazijama<\/code><\/figcaption><\/figure>\n\n\n\n<p><\/p>\n\n\n\n<p><strong>&#8220;Dobro nam do\u0161li nepobedivi sokolovi na\u0161i!&#8221;<\/strong> \u2013 vikao je drhtavim, ali ponosnim glasom beogradski novinar Nemanja \u0160arovi\u0107, dok je stajao na improvizovanom pultu ispred Narodne skup\u0161tine. <strong>&#8220;Dobro nam do\u0161li oslobodioci na\u0161i, ponosni na\u0161 cvete, najlep\u0161i i najmiliji. Blagosloven bio \u010das kada vas videsmo. Blagoslovena vam svaka stopa bila!&#8221;<\/strong><\/p>\n\n\n\n<p>U tom trenutku, ti\u0161ina koja je do tada visila nad centrom Beograda prekinuta je aplauzom. Voza\u010d hrvatskog Bradleya lagano je podigao ruku u znak pozdrava. Neko iz mase je uzviknuo: <strong>&#8220;Sami ne znamo \u2013 pa su do\u0161li na\u0161i!&#8221;<\/strong><\/p>\n\n\n\n<p>\u0160arovi\u0107 je potom sa suzama u o\u010dima dodao u kameru, dok su hrvatske zastave lepr\u0161ale s prozora okolnih zgrada: <strong>&#8220;Ovo nije kraj jedne epohe. Ovo je po\u010detak. Po\u010detak budu\u0107nosti, bratstva i transparentnog interneta!&#8221;<\/strong><\/p>\n\n\n\n<h4 class=\"wp-block-heading\">Povijesna paralela \u2013 1941. vs. 2025.<\/h4>\n\n\n\n<p>Povjesni\u010dari se ne mogu suzdr\u017eati od usporedbe:<br>dok su <strong>njema\u010dke trupe 6. travnja 1941. u\u0161le u Beograd za nekoliko dana<\/strong>, nakon kratke vojne kampanje,<br>\u2013 <strong>hrvatske snage 1. travnja 2025. u\u0161le su u grad jo\u0161 br\u017ee \u2013 ali s buketima cvije\u0107a i uz ovacije!<\/strong><\/p>\n\n\n\n<p>Jedan satiri\u010dni transparent nosio je natpis:<\/p>\n\n\n\n<blockquote class=\"wp-block-quote is-layout-flow wp-block-quote-is-layout-flow\">\n<p><strong>&#8220;Ako ve\u0107 moramo pasti u nekoliko sati, bolje da nas osvoje susjedi s bajaderom, nego s frankfurtskim kobasicama.&#8221;<\/strong><\/p>\n<\/blockquote>\n\n\n\n<h4 class=\"wp-block-heading\">\ud83d\udcf7 Slike sa terena<\/h4>\n\n\n\n<p>U medijima i na dru\u0161tvenim mre\u017eama kru\u017ee slike:<\/p>\n\n\n\n<ul class=\"wp-block-list\">\n<li>hrvatski vojnici dijele <strong>Pa\u0161tetu Argeta i Cedevitu<\/strong> okupljenima<\/li>\n\n\n\n<li>djevojke iz Zemunskog keja <strong>slikaju se s vojnicima i hashtagom #Na\u0161i<\/strong><\/li>\n\n\n\n<li>hrvatski vojnik poma\u017ee pokrenuti jugi\u0107a ispred Skup\u0161tine<\/li>\n<\/ul>\n\n\n<p><video width=\"100%\" autoplay muted loop><source src=\"http:\/\/odabrano.com\/wp-content\/uploads\/2025\/03\/jugo.mp4\" type=\"video\/mp4\">Va\u0161 preglednik ne podr\u017eava video tag.<\/video><\/p>\n\n\n<p>Jedan komentator na X-u (biv\u0161em Twitteru) napisao je:<\/p>\n\n\n\n<blockquote class=\"wp-block-quote is-layout-flow wp-block-quote-is-layout-flow\">\n<p>\u201cZa prvi april \u2013 ovo je preozbiljno. Ili je stvarnost ozbiljno podivljala.\u201d<\/p>\n\n\n\n<h4 class=\"wp-block-heading\"><strong>Da\u010di\u0107 aktivirao zvu\u010dni top, ali umjesto razbijanja prosvjeda \u2013 pu\u0161tena &#8220;Miljacka&#8221;<\/strong><\/h4>\n\n\n\n<p>U trenutku kada su studentski redovi postajali sve \u010dvr\u0161\u0107i, a transparenti s natpisima poput <em>&#8220;Bolje tenk nego Pink&#8221;<\/em> sve \u010de\u0161\u0107i, <strong>ministar unutra\u0161njih poslova Ivica Da\u010di\u0107<\/strong> odlu\u010dio je da je <strong>vrijeme za specijalne metode<\/strong>.<\/p>\n\n\n\n<p>U stilu hladnoratovskih vo\u0111a, <strong>naredio je aktivaciju &#8220;zvu\u010dnog topa&#8221;<\/strong> \u2013 sofisticiranog ure\u0111aja koji, navodno, mo\u017ee rastjerati gomilu uz pomo\u0107 visokofrekventnog zvuka.<\/p>\n\n\n\n<p>Ali \u2013 kako to ve\u0107 ide s doma\u0107om tehnikom i starim sistemom kablova \u2013 top se uklju\u010dio, ali <strong>umjesto infrasonskog udara, iz zvu\u010dnika se za\u010dula&#8230; \u201cMiljacka\u201d.<\/strong><\/p>\n\n\n\n<blockquote class=\"wp-block-quote is-layout-flow wp-block-quote-is-layout-flow\">\n<p>\u201cLjubi\u0107u te, ljubavi mojaaaa\u2026\u201d \u2013 odjekivalo je centrom Beograda, dok su studenti zbunjeno zastali, neki po\u010deli pjevu\u0161iti, a jedan \u010dak zapalio upalja\u010d u znak potpore.<\/p>\n<\/blockquote>\n\n\n\n<p>Da\u010di\u0107, koji je s balkona Ministarstva gledao spektakl, izjavio je:<\/p>\n\n\n\n<blockquote class=\"wp-block-quote is-layout-flow wp-block-quote-is-layout-flow\">\n<p>\u201cNije ovo kvar, ovo je \u2013 psiholo\u0161ko dejstvo! Nek\u2019 znaju da nismo zaboravili emociju.\u201d<\/p>\n<\/blockquote>\n\n\n\n<p>Svjedoci tvrde da je u tom trenutku <strong>i jedan hrvatski vojnik nakratko stao<\/strong>, rekao \u201crespekt\u201d i nastavio gurati jugi\u0107a uz brdo.<\/p>\n<\/blockquote>\n\n\n\n<h4 class=\"wp-block-heading\"><strong>Nakon pada Vu\u010di\u0107eva re\u017eima: Studenti formiraju privremenu vlast \u2013 TikTokeri u ministarstvima?!<\/strong><\/h4>\n\n\n\n<figure class=\"wp-block-image size-large\"><img loading=\"lazy\" decoding=\"async\" width=\"1024\" height=\"683\" src=\"https:\/\/odabrano.com\/wp-content\/uploads\/2025\/03\/nasi-1024x683.png\" alt=\"\" class=\"wp-image-5955\" srcset=\"https:\/\/odabrano.com\/wp-content\/uploads\/2025\/03\/nasi-1024x683.png 1024w, https:\/\/odabrano.com\/wp-content\/uploads\/2025\/03\/nasi-300x200.png 300w, https:\/\/odabrano.com\/wp-content\/uploads\/2025\/03\/nasi-768x512.png 768w, https:\/\/odabrano.com\/wp-content\/uploads\/2025\/03\/nasi-500x333.png 500w, https:\/\/odabrano.com\/wp-content\/uploads\/2025\/03\/nasi-800x533.png 800w, https:\/\/odabrano.com\/wp-content\/uploads\/2025\/03\/nasi-1280x853.png 1280w, https:\/\/odabrano.com\/wp-content\/uploads\/2025\/03\/nasi.png 1536w\" sizes=\"auto, (max-width: 1024px) 100vw, 1024px\" \/><figcaption class=\"wp-element-caption\">Studenti ispred stadiona Partizana<\/figcaption><\/figure>\n\n\n\n<p>S padom Beograda i bijegom predsjednika Vu\u010di\u0107a prema Vojvodini, studenti okupljeni na Platou ispred Filozofskog fakulteta preuzeli su inicijativu. U atmosferi nalik festivalu slobode, dok su ispod transparente \u201c<strong>Vu\u010di\u0107 je out, mladi su in<\/strong>\u201d svirale gitare i zvonile biciklisti\u010dke trube, studenti su odr\u017eali <strong>hitnu Skup\u0161tinu naroda (na stepenicama)<\/strong>.<\/p>\n\n\n\n<h4 class=\"wp-block-heading\">\ud83d\udc65 Predlo\u017eena privremena Vlada studenata (prema broju lajkova i komentara):<\/h4>\n\n\n\n<figure class=\"wp-block-table\"><table class=\"has-fixed-layout\"><thead><tr><th>Ministarstvo<\/th><th>Ime (prijedlog)<\/th><th>Opis<\/th><\/tr><\/thead><tbody><tr><td>Premijer<\/td><td><strong>Nata\u0161a Lemaji\u0107<\/strong><\/td><td>&#8220;TikTok premijerka&#8221;, poznata po viralnim govorima i selfiejima s demonstracija.<\/td><\/tr><tr><td>Ministar za mlade &amp; TikTok<\/td><td><strong>VeljaRS<\/strong><\/td><td>\u201cZna kako se do\u0111e do naroda \u2013 kroz algoritam.\u201d<\/td><\/tr><tr><td>Ministar obrane<\/td><td><strong>Jedan vojnik iz Sinja<\/strong><\/td><td>&#8220;Jer je prvi u\u0161ao na Trg Republike.&#8221;<\/td><\/tr><tr><td>Ministar zdravlja<\/td><td><strong>Doktor s megafonom<\/strong><\/td><td>Govorio protiv suzavca, iako je zubni tehni\u010dar.<\/td><\/tr><tr><td>Ministar vanjskih poslova<\/td><td><strong>Student iz Rijeke<\/strong><\/td><td>Jer je jedini govorio engleski u prijenosu u\u017eivo.<\/td><\/tr><\/tbody><\/table><\/figure>\n\n\n\n<p>\ud83d\udccc Odluke se za sada donose putem <strong>anketa na Instagram Storyjima<\/strong> i lajkovima na TikToku.<\/p>\n\n\n\n<h4 class=\"wp-block-heading\">\ud83c\udfb6 <strong>Simboli nove ere<\/strong><\/h4>\n\n\n\n<p>U hodu, studenti su predlo\u017eili:<\/p>\n\n\n\n<ul class=\"wp-block-list\">\n<li><strong>Nova zastava:<\/strong> Kombinacija srpske trobojnice i hrvatskog kvadrati\u0107a<\/li>\n\n\n\n<li><strong>Nova himna:<\/strong> Prijedlog: <em>&#8220;Balkane moj&#8221;<\/em> (remiks verzija sa sintisajzerima)<\/li>\n\n\n\n<li><strong>Nova valuta:<\/strong> &#8220;Dinarko&#8221; \u2013 jo\u0161 u fazi testiranja preko QR koda<\/li>\n<\/ul>\n\n\n\n<h4 class=\"wp-block-heading\">\ud83c\udf0d <strong>Reakcije iz regije i svijeta<\/strong><\/h4>\n\n\n\n<ul class=\"wp-block-list\">\n<li>\ud83c\udded\ud83c\uddf7 <strong>Hrvatska<\/strong>: &#8220;Mi samo poma\u017eemo gdje nas se zove&#8221; \u2013 rekao premijer u papu\u010dama s terase<\/li>\n\n\n\n<li>\ud83c\udded\ud83c\uddfa <strong>Ma\u0111arska<\/strong>: \u201cVu\u010di\u0107 ne mo\u017ee u\u0107i, granica je zatvorena za politi\u010dke fikcije.\u201d<\/li>\n\n\n\n<li>\ud83c\uddf7\ud83c\uddfa <strong>Moskva<\/strong>: \u201cNe mo\u017eemo potvrditi da je Beograd pao. Ali ako jeste, to je provokacija NATO TikTok saveza.\u201d<\/li>\n<\/ul>\n\n\n\n<h4 class=\"wp-block-heading\"><strong>KONCERT OSLOBO\u0110ENJA NA ULICAMA BEOGRADA \u2013 Ceca i Let 3 na istoj bini, studenti bacaju diplome u zrak!<\/strong><\/h4>\n\n\n\n<p>U znak trijumfa nad diktaturom i novog po\u010detka, nova studentska vlast najavila je <strong>Koncert Oslobo\u0111enja<\/strong>, zakazan za ve\u010deras na Trgu Republike (radno preimenovanom u &#8220;Trg TikToka&#8221;).<\/p>\n\n\n\n<p>Najve\u0107e iznena\u0111enje ve\u010deri? <strong>Ceca i Let 3 nastupaju rame uz rame<\/strong>, s bendom <em>Zoster<\/em> kao diplomatskim mostom. Organizatori su potvrdili da je dogovor pao brzo:<\/p>\n\n\n\n<blockquote class=\"wp-block-quote is-layout-flow wp-block-quote-is-layout-flow\">\n<p>\u201cRekli smo Ceci \u2013 ti pjeva\u0161 <em>Beograd<\/em>, oni pjevaju <em>Mama \u0160\u010c!<\/em>, i nitko nikome ne dira refren.\u201d<\/p>\n<\/blockquote>\n\n\n\n<figure class=\"wp-block-image size-full\"><img loading=\"lazy\" decoding=\"async\" width=\"1024\" height=\"1024\" src=\"https:\/\/odabrano.com\/wp-content\/uploads\/2025\/03\/tenk-pink.png\" alt=\"\" class=\"wp-image-5939\" srcset=\"https:\/\/odabrano.com\/wp-content\/uploads\/2025\/03\/tenk-pink.png 1024w, https:\/\/odabrano.com\/wp-content\/uploads\/2025\/03\/tenk-pink-300x300.png 300w, https:\/\/odabrano.com\/wp-content\/uploads\/2025\/03\/tenk-pink-150x150.png 150w, https:\/\/odabrano.com\/wp-content\/uploads\/2025\/03\/tenk-pink-768x768.png 768w, https:\/\/odabrano.com\/wp-content\/uploads\/2025\/03\/tenk-pink-500x500.png 500w, https:\/\/odabrano.com\/wp-content\/uploads\/2025\/03\/tenk-pink-800x800.png 800w\" sizes=\"auto, (max-width: 1024px) 100vw, 1024px\" \/><\/figure>\n\n\n\n<h4 class=\"wp-block-heading\">\ud83c\udfb6 Predvi\u0111eni lineup:<\/h4>\n\n\n\n<ul class=\"wp-block-list\">\n<li><strong>Ceca:<\/strong> uz pratnju vojnog orkestra Hrvatske vojske, na zahtjev publike<\/li>\n\n\n\n<li><strong>Let 3:<\/strong> dolaze na tenku i bacaju kravate umjesto bombi<\/li>\n\n\n\n<li><strong>Bajaga:<\/strong> navodno zvao sam da do\u0111e, ali mu rekli \u201cjo\u0161 te nismo amnestirali\u201d<\/li>\n\n\n\n<li><strong>DJ Vuco<\/strong>: pu\u0161ta <em>\u201cE, moj narode\u201d<\/em> u reggaeton verziji<\/li>\n<\/ul>\n\n\n\n<p>\ud83d\udccc Studentima je podijeljeno <strong>5.000 plasti\u010dnih diploma<\/strong>, koje \u0107e simboli\u010dno baciti u zrak uz pjesmu <em>\u201cVrijeme je da se krene\u201d<\/em>.<\/p>\n\n\n\n<h4 class=\"wp-block-heading\">\ud83e\uddf3 <strong>VU\u010cI\u0106 U BJEKSTVU \u2013 poku\u0161a se vratiti preko Dunava u \u010damcu, zaustavila ga patrola na SUP-u<\/strong><\/h4>\n\n\n\n<p>Iz pouzdanih izvora sa Telegrama i aplikacije &#8220;GdeSiBato&#8221;, potvr\u0111eno je da se biv\u0161i predsjednik <strong>poku\u0161ao vratiti u zemlju \u010damcem iz pravca Ba\u010dke Palanke<\/strong>, preru\u0161en u dostavlja\u010da bureka.<\/p>\n\n\n\n<p>\u27a1\ufe0f No, sve je propalo kad je patrola novoustrojenog <strong>TikTok osiguranja<\/strong> primijetila da vozi bez kacige.<\/p>\n\n\n\n<blockquote class=\"wp-block-quote is-layout-flow wp-block-quote-is-layout-flow\">\n<p>\u201cRek\u2019o sam mu \u2013 bato, ne mo\u017ee\u0161 bez kacige ni burek voziti, a kamoli dr\u017eavu\u201d, rekao je jedan od studenata koji su ga legitimirali uz \u201cDupli tap za Srbiju\u201d.<\/p>\n\n\n\n<figure class=\"wp-block-image size-large\"><img loading=\"lazy\" decoding=\"async\" width=\"683\" height=\"1024\" src=\"https:\/\/odabrano.com\/wp-content\/uploads\/2025\/03\/vucko-pekar-683x1024.png\" alt=\"\" class=\"wp-image-5966\" srcset=\"https:\/\/odabrano.com\/wp-content\/uploads\/2025\/03\/vucko-pekar-683x1024.png 683w, https:\/\/odabrano.com\/wp-content\/uploads\/2025\/03\/vucko-pekar-200x300.png 200w, https:\/\/odabrano.com\/wp-content\/uploads\/2025\/03\/vucko-pekar-768x1152.png 768w, https:\/\/odabrano.com\/wp-content\/uploads\/2025\/03\/vucko-pekar-500x750.png 500w, https:\/\/odabrano.com\/wp-content\/uploads\/2025\/03\/vucko-pekar-800x1200.png 800w, https:\/\/odabrano.com\/wp-content\/uploads\/2025\/03\/vucko-pekar.png 1024w\" sizes=\"auto, (max-width: 683px) 100vw, 683px\" \/><\/figure>\n<\/blockquote>\n\n\n\n<p><em>Gore: Aleksandar Vu\u010di\u0107 preru\u0161en u prodava\u010da bureka<\/em><\/p>\n\n\n\n<h4 class=\"wp-block-heading\"><strong>Ana Brnabi\u0107 iz egzila: \u201cU \u0160egedinu me prepoznali, ali ne kao \u0161to sam o\u010dekivala\u201d<\/strong><\/h4>\n\n\n\n<p>Nekada\u0161nja premijerka Srbije, <strong>Ana Brnabi\u0107<\/strong>, prva je iz re\u017eimskog vrha koja je <strong>pre\u0161la granicu s Ma\u0111arskom<\/strong>, i to \u2013 prema navodima svjedoka \u2013 <strong>u autobusnoj liniji Subotica\u2013Segedin<\/strong>, bez protokola i bez paso\u0161a, ali s punom torbom USB stickova.<\/p>\n\n\n\n<p>Na ulicama \u0160egedina, gdje je poku\u0161avala prona\u0107i Wi-Fi kako bi objavila tvit o &#8220;dr\u017eavnom udaru&#8221;, obratila se reporterima jedine televizije koja joj je ostala lojalna \u2013 <strong>TV Hepi<\/strong>.<\/p>\n\n\n\n<p>U dirnutom, ali pomalo zbunjenom tonu, izjavila je:<\/p>\n\n\n\n<blockquote class=\"wp-block-quote is-layout-flow wp-block-quote-is-layout-flow\">\n<p>\u201cMeni je na ulicama \u0160egedina pri\u0161ao jedan Ma\u0111ar, stavio ruku na srce i rekao \u2013 <strong>\u2018Pobegulja\u2019<\/strong> &#8211; <strong>Sz\u00f6kev\u00e9ny<\/strong>. Mislila sam da \u0107e re\u0107i \u2018dobro do\u0161li\u2019, ali ne\u2026 Njihovo po\u0161tovanje je druga\u010dije, \u010dudno, hladno\u2026 jako kulturno\u2026\u201d<\/p>\n<\/blockquote>\n\n\n\n<p>U trenutku intervjua, iza nje se mogao \u010duti tambura\u0161ki bend koji je svirao \u201cTiho no\u0107i\u201d \u2013 \u0161to je dodatno naglasilo te\u017einu trenutka.<\/p>\n\n\n\n<p>Ma\u0111arska vlast jo\u0161 uvijek nije slu\u017ebeno potvrdila da je Ana Brnabi\u0107 zatra\u017eila azil, ali neslu\u017ebeni izvori tvrde da je vi\u0111ena <strong>kako tra\u017ei SIM karticu u lokalnom Konzumu<\/strong>, govore\u0107i: \u201cAko me ne mo\u017eete pustiti na TV, mogu li barem na Viber?\u201d<\/p>\n\n\n\n<h4 class=\"wp-block-heading\">\ud83c\udfad <strong>Vu\u010di\u0107evi\u0107 u poku\u0161aju bijega \u2013 preru\u0161io se u ratnog reportera, ali ga prokazao mikrofon Pinka<\/strong><\/h4>\n\n\n\n<p>Dok su studentske snage i hrvatski vojnici osiguravali klju\u010dne to\u010dke grada, a beogradske ulice odzvanjale pjesmom i skandiranjem, <strong>jedna figura poku\u0161avala se provu\u0107i ispod radara<\/strong> \u2013 doslovno.<\/p>\n\n\n\n<p><strong>Dragan J. Vu\u010di\u0107evi\u0107<\/strong>, poznat kao <em>Glas Prezrenog Pinka<\/em>, uo\u010dio je da je njegov trenutak do\u0161ao kada je uga\u0161ena struja u redakciji <em>Informera<\/em>. Odjenuo je <strong>maskirnu jaknu iz 1999.<\/strong>, stavio <strong>ka\u010dket s natpisom PRESS<\/strong> i pod rukom nosio <strong>mikrofon TV Pinka<\/strong>, koji je planirao koristiti kao \u201culaznicu za slobodu\u201d.<\/p>\n\n\n\n<p>Poku\u0161ao je pro\u0107i kroz kordone pod izlikom da \u201cmora da snimi istinu\u201d, ali je jedan student primijetio da <strong>na maskirnoj uniformi pi\u0161e \u201cMade in Leskovac\u201d<\/strong> i da je mikrofon zapravo \u2013 <strong>plasti\u010dna igra\u010dka iz kineske radnje<\/strong>.<\/p>\n\n\n\n<blockquote class=\"wp-block-quote is-layout-flow wp-block-quote-is-layout-flow\">\n<p>\u201cMa brate, da si bar vadio legitimaciju N1, mo\u017eda bi ti i povjerovali,\u201d rekao je jedan od \u010duvara Trga TikToka.<\/p>\n<\/blockquote>\n\n\n\n<p>Na pitanje za\u0161to bje\u017ei, Vu\u010di\u0107evi\u0107 je odgovorio:<\/p>\n\n\n\n<blockquote class=\"wp-block-quote is-layout-flow wp-block-quote-is-layout-flow\">\n<p>\u201cJa sam samo novinar! Ja samo govorim istinu! Mene pla\u0107aju da la\u017eem, al&#8217; ja to radim iz ubje\u0111enja!\u201d<\/p>\n<\/blockquote>\n\n\n\n<p>\ud83e\uddfb U torbi su mu, navodno, prona\u0111eni:<\/p>\n\n\n\n<ul class=\"wp-block-list\">\n<li>posljednji broj <em>Informera<\/em> sa naslovom <strong>\u201cHrvati ve\u0107 gube u Beogradu!\u201d<\/strong><\/li>\n\n\n\n<li>termosica s \u010dajem od nane<\/li>\n\n\n\n<li>i USB stick s naslovom \u201cSpasi ako padne Pink\u201d<\/li>\n<\/ul>\n\n\n\n<p>Nakon kra\u0107e rasprave, studenti su mu dali izbor:<\/p>\n\n\n\n<ol class=\"wp-block-list\">\n<li>ostati i javno pro\u010ditati vijesti iz <em>Danas-a<\/em><\/li>\n\n\n\n<li>ili oti\u0107i u egzil \u2013 kod Mari\u0107a na selo<\/li>\n<\/ol>\n\n\n\n<p>Vu\u010di\u0107evi\u0107 je izabrao tre\u0107u opciju: nestao je u pravcu Avale, vi\u0111en posljednji put kako pjeva <em>\u201cOstani \u0111ubre do kraja\u201d<\/em> dok mu se sa \u0161ljemom klati antena iz Kinder jajeta.<\/p>\n\n\n\n<h4 class=\"wp-block-heading\">\ud83d\udcfa <strong>Milomir Mari\u0107 prona\u0111en pod \u0161ljivom \u2013 \u010dita Slobu i \u010deka da ga \u201cistorija opravda\u201d<\/strong><\/h4>\n\n\n\n<p>Dok se vlast ru\u0161ila, re\u017eim rasipao, a studeni dani pretvarali Beograd u TikTok-revolucionarnu metropolu, <strong>Milomir Mari\u0107<\/strong> \u2013 veteran srpske televizije i trajni svjedok svih vlasti \u2013 <strong>nestao je s TV Pinka bez traga<\/strong>.<\/p>\n\n\n\n<p>Tri dana kasnije, prona\u0111en je u selu pokraj Aran\u0111elovca, <strong>kako sjedi pod \u0161ljivom, uz pe\u0107 na drva<\/strong>, \u010dita <strong>memoare Slobodana Milo\u0161evi\u0107a<\/strong> i pi\u0161e ne\u0161to rukom u teku iz 1987.<\/p>\n\n\n\n<blockquote class=\"wp-block-quote is-layout-flow wp-block-quote-is-layout-flow\">\n<p>\u201cJa ovo sve ve\u0107 video, sve sam ja znao&#8230; al\u2019 nisam hteo da ka\u017eem. Ko bi mi verovao?\u201d \u2013 rekao je bez trunke ironije.<\/p>\n<\/blockquote>\n\n\n\n<p>Navodno ve\u0107 pi\u0161e novu knjigu: \ud83d\udcd6 <strong>\u201cKako sam \u0107utao kad je sve padalo \u2013 sveska 3\u201d<\/strong><\/p>\n\n\n\n<p>Kad su ga studenti zatekli, pitali su ga za\u0161to se nije oglasio kad je krenuo haos, a Mari\u0107 je mirno odgovorio:<\/p>\n\n\n\n<blockquote class=\"wp-block-quote is-layout-flow wp-block-quote-is-layout-flow\">\n<p>\u201cJa sam iznad haosa. Ja sam kao istorija \u2013 kasnim, al\u2019 stignem.\u201d<\/p>\n<\/blockquote>\n\n\n\n<p>\ud83d\udcfa Njegova kamera \u2013 vjerna, stara Beta SP \u2013 i dalje radi, ali snima samo \u0161ljive i njegov monolog o tome kako je \u201cs Vu\u010di\u0107em jednom ve\u010derao, al\u2019 nikad ga nije volio\u201d.<\/p>\n\n\n\n<p>Mari\u0107 je, prema studentima, <strong>stavljen u ku\u0107ni pritvor u vlastitom dnevnom boravku<\/strong>, uz jednu jedinu obvezu:<br>\u27a1\ufe0f <strong>svaki dan snimiti emisiju pod nazivom \u201cOva ti\u0161ina mi prija\u201d \u2013 bez gostiju i bez govora.<\/strong><\/p>\n\n\n\n<h4 class=\"wp-block-heading\">\ud83e\udea7 <strong>\u0160e\u0161elj do\u010dekao hrvatske snage s transparentom: \u201cHRVAT BIO \u2013 HRVAT OSTAO!\u201d<\/strong><\/h4>\n\n\n\n<p>Dok su hrvatske snage, uz cvije\u0107e i pjesmu, ulazile u Beograd preko Gazele, na zapadnoj strani mosta stajala je <strong>jedna poznata figura<\/strong>, obasjana podnevnim suncem i refleksijom zastave u plasti\u010dnom omotu \u2013 <strong>Vojislav \u0160e\u0161elj<\/strong>.<\/p>\n\n\n\n<p>Obu\u010den u izblijedjelu majicu \u201cHrvatska do Zemuna\u201d i papu\u010de \u201cBorovo\u201d, u rukama je dr\u017eao <strong>ogroman transparent<\/strong>, o\u010digledno rukom ispisan, na kojem je crvenim slovima pisalo:<\/p>\n\n\n\n<blockquote class=\"wp-block-quote is-layout-flow wp-block-quote-is-layout-flow\">\n<p><strong>\u201cHRVAT BIO \u2013 HRVAT OSTAO!\u201d<\/strong><\/p>\n<\/blockquote>\n\n\n\n<p>Dok su oklopna vozila prolazila, \u0160e\u0161elj je mahnuo i iz sveg glasa povikao:<\/p>\n\n\n\n<blockquote class=\"wp-block-quote is-layout-flow wp-block-quote-is-layout-flow\">\n<p>\u201cGde ste bve, bva\u0107o?! Decenijama vas \u010dekam u <strong>hvatskom Zemunu<\/strong>! Nemojte se ljutiti \u0161to sam malo kenjao po vama svih ovih godina \u2013 to je bio mavketing!\u201d<\/p>\n<\/blockquote>\n\n\n\n<p>Jedan vojnik se zbunjeno nasmije\u0161io i dobacio:<\/p>\n\n\n\n<blockquote class=\"wp-block-quote is-layout-flow wp-block-quote-is-layout-flow\">\n<p>\u201c\u0160efe, imate li ovde negdje du\u0107an s Cedevitom?\u201d<\/p>\n<\/blockquote>\n\n\n\n<p>\u0160e\u0161elj je odmah okrenuo novi list. Iz d\u017eepa je izvadio \u010dlansku iskaznicu HSP-a iz 1991. koju je &#8220;slu\u010dajno sa\u010duvao&#8221;, i po\u010deo je pjevati <em>&#8220;U boj, u boj!&#8221;<\/em> \u2013 iako nije znao dalje od ta dva stiha.<\/p>\n\n\n\n<h4 class=\"wp-block-heading\">\ud83d\udd4a\ufe0f <strong>Zavr\u0161na scena \u2013 svitanje nad Beogradom i poruka<\/strong><\/h4>\n\n\n\n<p>Dok se dim s bine di\u017ee, a s prozora vise zastave sa \u0161arenim kvadrati\u0107ima, netko sprejem ispisuje po zidu kod Pionirskog parka:<\/p>\n\n\n\n<blockquote class=\"wp-block-quote is-layout-flow wp-block-quote-is-layout-flow\">\n<p><strong>&#8220;Prvi april je, ali sloboda je stvarna.&#8221;<\/strong><\/p>\n\n\n\n<figure class=\"wp-block-image size-large\"><img loading=\"lazy\" decoding=\"async\" width=\"683\" height=\"1024\" src=\"https:\/\/odabrano.com\/wp-content\/uploads\/2025\/03\/sloboda-683x1024.png\" alt=\"\" class=\"wp-image-5941\" srcset=\"https:\/\/odabrano.com\/wp-content\/uploads\/2025\/03\/sloboda-683x1024.png 683w, https:\/\/odabrano.com\/wp-content\/uploads\/2025\/03\/sloboda-200x300.png 200w, https:\/\/odabrano.com\/wp-content\/uploads\/2025\/03\/sloboda-768x1152.png 768w, https:\/\/odabrano.com\/wp-content\/uploads\/2025\/03\/sloboda-500x750.png 500w, https:\/\/odabrano.com\/wp-content\/uploads\/2025\/03\/sloboda-800x1200.png 800w, https:\/\/odabrano.com\/wp-content\/uploads\/2025\/03\/sloboda.png 1024w\" sizes=\"auto, (max-width: 683px) 100vw, 683px\" \/><\/figure>\n<\/blockquote>\n","protected":false},"excerpt":{"rendered":"<p>Sino\u0107 u ponedjeljak 31.03.2025 ne\u0161to prije 19 sati zapo\u010deo je mar\u0161 na tisu\u0107a studenata po beogradsim ulicama na Slaviji, Kneza Milo\u0161a i Nemanjinom do Ministarstva prosvjete gdje je to\u010dno u 20 i 15 zapo\u010delo 16 minuta \u0161utnje. Povod je bio napad no\u017eem na dekanicu na fakultetu u Ni\u0161u. Za vrijeme \u0161etnje isticali su se transparenti &hellip;<\/p>\n","protected":false},"author":1,"featured_media":5927,"comment_status":"closed","ping_status":"open","sticky":false,"template":"","format":"standard","meta":{"_monsterinsights_skip_tracking":false,"_monsterinsights_sitenote_active":false,"_monsterinsights_sitenote_note":"","_monsterinsights_sitenote_category":0,"footnotes":""},"categories":[6],"tags":[592,33],"class_list":["post-5922","post","type-post","status-publish","format-standard","has-post-thumbnail","","category-istok","tag-beograd","tag-srbija"],"yoast_head":"<!-- This site is optimized with the Yoast SEO plugin v22.1 - https:\/\/yoast.com\/wordpress\/plugins\/seo\/ -->\n<title>EKSKLUZIVNO: Beograd pod opsadom \u2013 studenti protiv re\u017eima, Hrvatska preuzima kontrolu! - odabrano<\/title>\n<meta name=\"description\" content=\"Dramati\u010dna doga\u0111anja potresaju glavni grad Srbije, gdje je do\u0161lo do eskalacije sukoba izme\u0111u tisu\u0107a studenata i snaga lojalnih predsjedniku Aleksandru Vu\u010di\u0107u. Prema neslu\u017ebenim, ali vrlo \u017eivopisnim informacijama s terena, Beograd se trenutno nalazi u stanju potpune pobune.\" \/>\n<meta name=\"robots\" content=\"index, follow, max-snippet:-1, max-image-preview:large, max-video-preview:-1\" \/>\n<link rel=\"canonical\" href=\"https:\/\/odabrano.com\/index.php\/2025\/04\/01\/ekskluzivno-beograd-pod-opsadom-studenti-protiv-rezima-hrvatska-preuzima-kontrolu\/\" \/>\n<meta property=\"og:locale\" content=\"en_US\" \/>\n<meta property=\"og:type\" content=\"article\" \/>\n<meta property=\"og:title\" content=\"EKSKLUZIVNO: Beograd pod opsadom \u2013 studenti protiv re\u017eima, Hrvatska preuzima kontrolu! - odabrano\" \/>\n<meta property=\"og:description\" content=\"Dramati\u010dna doga\u0111anja potresaju glavni grad Srbije, gdje je do\u0161lo do eskalacije sukoba izme\u0111u tisu\u0107a studenata i snaga lojalnih predsjedniku Aleksandru Vu\u010di\u0107u. Prema neslu\u017ebenim, ali vrlo \u017eivopisnim informacijama s terena, Beograd se trenutno nalazi u stanju potpune pobune.\" \/>\n<meta property=\"og:url\" content=\"https:\/\/odabrano.com\/index.php\/2025\/04\/01\/ekskluzivno-beograd-pod-opsadom-studenti-protiv-rezima-hrvatska-preuzima-kontrolu\/\" \/>\n<meta property=\"og:site_name\" content=\"odabrano\" \/>\n<meta property=\"article:published_time\" content=\"2025-03-31T22:01:59+00:00\" \/>\n<meta property=\"article:modified_time\" content=\"2025-03-31T22:02:01+00:00\" \/>\n<meta property=\"og:image\" content=\"http:\/\/odabrano.com\/wp-content\/uploads\/2025\/03\/beograd-vojska-1024x683.png\" \/>\n\t<meta property=\"og:image:width\" content=\"1024\" \/>\n\t<meta property=\"og:image:height\" content=\"683\" \/>\n\t<meta property=\"og:image:type\" content=\"image\/png\" \/>\n<meta name=\"author\" content=\"admin\" \/>\n<meta name=\"twitter:card\" content=\"summary_large_image\" \/>\n<meta name=\"twitter:label1\" content=\"Written by\" \/>\n\t<meta name=\"twitter:data1\" content=\"admin\" \/>\n\t<meta name=\"twitter:label2\" content=\"Est. reading time\" \/>\n\t<meta name=\"twitter:data2\" content=\"10 minutes\" \/>\n<script type=\"application\/ld+json\" class=\"yoast-schema-graph\">{\"@context\":\"https:\/\/schema.org\",\"@graph\":[{\"@type\":\"Article\",\"@id\":\"https:\/\/odabrano.com\/index.php\/2025\/04\/01\/ekskluzivno-beograd-pod-opsadom-studenti-protiv-rezima-hrvatska-preuzima-kontrolu\/#article\",\"isPartOf\":{\"@id\":\"https:\/\/odabrano.com\/index.php\/2025\/04\/01\/ekskluzivno-beograd-pod-opsadom-studenti-protiv-rezima-hrvatska-preuzima-kontrolu\/\"},\"author\":{\"name\":\"admin\",\"@id\":\"https:\/\/odabrano.com\/#\/schema\/person\/460f2b14657879743f23c4f6a7cd3236\"},\"headline\":\"EKSKLUZIVNO: Beograd pod opsadom \u2013 studenti protiv re\u017eima, Hrvatska preuzima kontrolu!\",\"datePublished\":\"2025-03-31T22:01:59+00:00\",\"dateModified\":\"2025-03-31T22:02:01+00:00\",\"mainEntityOfPage\":{\"@id\":\"https:\/\/odabrano.com\/index.php\/2025\/04\/01\/ekskluzivno-beograd-pod-opsadom-studenti-protiv-rezima-hrvatska-preuzima-kontrolu\/\"},\"wordCount\":2728,\"publisher\":{\"@id\":\"https:\/\/odabrano.com\/#\/schema\/person\/460f2b14657879743f23c4f6a7cd3236\"},\"keywords\":[\"beograd\",\"srbija\"],\"articleSection\":[\"Istok\"],\"inLanguage\":\"en-US\"},{\"@type\":\"WebPage\",\"@id\":\"https:\/\/odabrano.com\/index.php\/2025\/04\/01\/ekskluzivno-beograd-pod-opsadom-studenti-protiv-rezima-hrvatska-preuzima-kontrolu\/\",\"url\":\"https:\/\/odabrano.com\/index.php\/2025\/04\/01\/ekskluzivno-beograd-pod-opsadom-studenti-protiv-rezima-hrvatska-preuzima-kontrolu\/\",\"name\":\"EKSKLUZIVNO: Beograd pod opsadom \u2013 studenti protiv re\u017eima, Hrvatska preuzima kontrolu! - odabrano\",\"isPartOf\":{\"@id\":\"https:\/\/odabrano.com\/#website\"},\"datePublished\":\"2025-03-31T22:01:59+00:00\",\"dateModified\":\"2025-03-31T22:02:01+00:00\",\"description\":\"Dramati\u010dna doga\u0111anja potresaju glavni grad Srbije, gdje je do\u0161lo do eskalacije sukoba izme\u0111u tisu\u0107a studenata i snaga lojalnih predsjedniku Aleksandru Vu\u010di\u0107u. Prema neslu\u017ebenim, ali vrlo \u017eivopisnim informacijama s terena, Beograd se trenutno nalazi u stanju potpune pobune.\",\"breadcrumb\":{\"@id\":\"https:\/\/odabrano.com\/index.php\/2025\/04\/01\/ekskluzivno-beograd-pod-opsadom-studenti-protiv-rezima-hrvatska-preuzima-kontrolu\/#breadcrumb\"},\"inLanguage\":\"en-US\",\"potentialAction\":[{\"@type\":\"ReadAction\",\"target\":[\"https:\/\/odabrano.com\/index.php\/2025\/04\/01\/ekskluzivno-beograd-pod-opsadom-studenti-protiv-rezima-hrvatska-preuzima-kontrolu\/\"]}]},{\"@type\":\"BreadcrumbList\",\"@id\":\"https:\/\/odabrano.com\/index.php\/2025\/04\/01\/ekskluzivno-beograd-pod-opsadom-studenti-protiv-rezima-hrvatska-preuzima-kontrolu\/#breadcrumb\",\"itemListElement\":[{\"@type\":\"ListItem\",\"position\":1,\"name\":\"Home\",\"item\":\"https:\/\/odabrano.com\/\"},{\"@type\":\"ListItem\",\"position\":2,\"name\":\"EKSKLUZIVNO: Beograd pod opsadom \u2013 studenti protiv re\u017eima, Hrvatska preuzima kontrolu!\"}]},{\"@type\":\"WebSite\",\"@id\":\"https:\/\/odabrano.com\/#website\",\"url\":\"https:\/\/odabrano.com\/\",\"name\":\"odabrano\",\"description\":\"news portal koji nudi odabrane vijesti i informacije\",\"publisher\":{\"@id\":\"https:\/\/odabrano.com\/#\/schema\/person\/460f2b14657879743f23c4f6a7cd3236\"},\"alternateName\":\"vijesti i informacije iz Hrvatske i svijeta\",\"potentialAction\":[{\"@type\":\"SearchAction\",\"target\":{\"@type\":\"EntryPoint\",\"urlTemplate\":\"https:\/\/odabrano.com\/?s={search_term_string}\"},\"query-input\":\"required name=search_term_string\"}],\"inLanguage\":\"en-US\"},{\"@type\":[\"Person\",\"Organization\"],\"@id\":\"https:\/\/odabrano.com\/#\/schema\/person\/460f2b14657879743f23c4f6a7cd3236\",\"name\":\"admin\",\"image\":{\"@type\":\"ImageObject\",\"inLanguage\":\"en-US\",\"@id\":\"https:\/\/odabrano.com\/#\/schema\/person\/image\/\",\"url\":\"https:\/\/odabrano.com\/wp-content\/uploads\/2024\/04\/dolar.jpg\",\"contentUrl\":\"https:\/\/odabrano.com\/wp-content\/uploads\/2024\/04\/dolar.jpg\",\"width\":1216,\"height\":519,\"caption\":\"admin\"},\"logo\":{\"@id\":\"https:\/\/odabrano.com\/#\/schema\/person\/image\/\"},\"sameAs\":[\"http:\/\/odabrano.com\"],\"url\":\"https:\/\/odabrano.com\/index.php\/author\/sokolneno_u3xb387h\/\"}]}<\/script>\n<!-- \/ Yoast SEO plugin. -->","yoast_head_json":{"title":"EKSKLUZIVNO: Beograd pod opsadom \u2013 studenti protiv re\u017eima, Hrvatska preuzima kontrolu! - odabrano","description":"Dramati\u010dna doga\u0111anja potresaju glavni grad Srbije, gdje je do\u0161lo do eskalacije sukoba izme\u0111u tisu\u0107a studenata i snaga lojalnih predsjedniku Aleksandru Vu\u010di\u0107u. Prema neslu\u017ebenim, ali vrlo \u017eivopisnim informacijama s terena, Beograd se trenutno nalazi u stanju potpune pobune.","robots":{"index":"index","follow":"follow","max-snippet":"max-snippet:-1","max-image-preview":"max-image-preview:large","max-video-preview":"max-video-preview:-1"},"canonical":"https:\/\/odabrano.com\/index.php\/2025\/04\/01\/ekskluzivno-beograd-pod-opsadom-studenti-protiv-rezima-hrvatska-preuzima-kontrolu\/","og_locale":"en_US","og_type":"article","og_title":"EKSKLUZIVNO: Beograd pod opsadom \u2013 studenti protiv re\u017eima, Hrvatska preuzima kontrolu! - odabrano","og_description":"Dramati\u010dna doga\u0111anja potresaju glavni grad Srbije, gdje je do\u0161lo do eskalacije sukoba izme\u0111u tisu\u0107a studenata i snaga lojalnih predsjedniku Aleksandru Vu\u010di\u0107u. Prema neslu\u017ebenim, ali vrlo \u017eivopisnim informacijama s terena, Beograd se trenutno nalazi u stanju potpune pobune.","og_url":"https:\/\/odabrano.com\/index.php\/2025\/04\/01\/ekskluzivno-beograd-pod-opsadom-studenti-protiv-rezima-hrvatska-preuzima-kontrolu\/","og_site_name":"odabrano","article_published_time":"2025-03-31T22:01:59+00:00","article_modified_time":"2025-03-31T22:02:01+00:00","og_image":[{"width":1024,"height":683,"url":"http:\/\/odabrano.com\/wp-content\/uploads\/2025\/03\/beograd-vojska-1024x683.png","type":"image\/png"}],"author":"admin","twitter_card":"summary_large_image","twitter_misc":{"Written by":"admin","Est. reading time":"10 minutes"},"schema":{"@context":"https:\/\/schema.org","@graph":[{"@type":"Article","@id":"https:\/\/odabrano.com\/index.php\/2025\/04\/01\/ekskluzivno-beograd-pod-opsadom-studenti-protiv-rezima-hrvatska-preuzima-kontrolu\/#article","isPartOf":{"@id":"https:\/\/odabrano.com\/index.php\/2025\/04\/01\/ekskluzivno-beograd-pod-opsadom-studenti-protiv-rezima-hrvatska-preuzima-kontrolu\/"},"author":{"name":"admin","@id":"https:\/\/odabrano.com\/#\/schema\/person\/460f2b14657879743f23c4f6a7cd3236"},"headline":"EKSKLUZIVNO: Beograd pod opsadom \u2013 studenti protiv re\u017eima, Hrvatska preuzima kontrolu!","datePublished":"2025-03-31T22:01:59+00:00","dateModified":"2025-03-31T22:02:01+00:00","mainEntityOfPage":{"@id":"https:\/\/odabrano.com\/index.php\/2025\/04\/01\/ekskluzivno-beograd-pod-opsadom-studenti-protiv-rezima-hrvatska-preuzima-kontrolu\/"},"wordCount":2728,"publisher":{"@id":"https:\/\/odabrano.com\/#\/schema\/person\/460f2b14657879743f23c4f6a7cd3236"},"keywords":["beograd","srbija"],"articleSection":["Istok"],"inLanguage":"en-US"},{"@type":"WebPage","@id":"https:\/\/odabrano.com\/index.php\/2025\/04\/01\/ekskluzivno-beograd-pod-opsadom-studenti-protiv-rezima-hrvatska-preuzima-kontrolu\/","url":"https:\/\/odabrano.com\/index.php\/2025\/04\/01\/ekskluzivno-beograd-pod-opsadom-studenti-protiv-rezima-hrvatska-preuzima-kontrolu\/","name":"EKSKLUZIVNO: Beograd pod opsadom \u2013 studenti protiv re\u017eima, Hrvatska preuzima kontrolu! - odabrano","isPartOf":{"@id":"https:\/\/odabrano.com\/#website"},"datePublished":"2025-03-31T22:01:59+00:00","dateModified":"2025-03-31T22:02:01+00:00","description":"Dramati\u010dna doga\u0111anja potresaju glavni grad Srbije, gdje je do\u0161lo do eskalacije sukoba izme\u0111u tisu\u0107a studenata i snaga lojalnih predsjedniku Aleksandru Vu\u010di\u0107u. Prema neslu\u017ebenim, ali vrlo \u017eivopisnim informacijama s terena, Beograd se trenutno nalazi u stanju potpune pobune.","breadcrumb":{"@id":"https:\/\/odabrano.com\/index.php\/2025\/04\/01\/ekskluzivno-beograd-pod-opsadom-studenti-protiv-rezima-hrvatska-preuzima-kontrolu\/#breadcrumb"},"inLanguage":"en-US","potentialAction":[{"@type":"ReadAction","target":["https:\/\/odabrano.com\/index.php\/2025\/04\/01\/ekskluzivno-beograd-pod-opsadom-studenti-protiv-rezima-hrvatska-preuzima-kontrolu\/"]}]},{"@type":"BreadcrumbList","@id":"https:\/\/odabrano.com\/index.php\/2025\/04\/01\/ekskluzivno-beograd-pod-opsadom-studenti-protiv-rezima-hrvatska-preuzima-kontrolu\/#breadcrumb","itemListElement":[{"@type":"ListItem","position":1,"name":"Home","item":"https:\/\/odabrano.com\/"},{"@type":"ListItem","position":2,"name":"EKSKLUZIVNO: Beograd pod opsadom \u2013 studenti protiv re\u017eima, Hrvatska preuzima kontrolu!"}]},{"@type":"WebSite","@id":"https:\/\/odabrano.com\/#website","url":"https:\/\/odabrano.com\/","name":"odabrano","description":"news portal koji nudi odabrane vijesti i informacije","publisher":{"@id":"https:\/\/odabrano.com\/#\/schema\/person\/460f2b14657879743f23c4f6a7cd3236"},"alternateName":"vijesti i informacije iz Hrvatske i svijeta","potentialAction":[{"@type":"SearchAction","target":{"@type":"EntryPoint","urlTemplate":"https:\/\/odabrano.com\/?s={search_term_string}"},"query-input":"required name=search_term_string"}],"inLanguage":"en-US"},{"@type":["Person","Organization"],"@id":"https:\/\/odabrano.com\/#\/schema\/person\/460f2b14657879743f23c4f6a7cd3236","name":"admin","image":{"@type":"ImageObject","inLanguage":"en-US","@id":"https:\/\/odabrano.com\/#\/schema\/person\/image\/","url":"https:\/\/odabrano.com\/wp-content\/uploads\/2024\/04\/dolar.jpg","contentUrl":"https:\/\/odabrano.com\/wp-content\/uploads\/2024\/04\/dolar.jpg","width":1216,"height":519,"caption":"admin"},"logo":{"@id":"https:\/\/odabrano.com\/#\/schema\/person\/image\/"},"sameAs":["http:\/\/odabrano.com"],"url":"https:\/\/odabrano.com\/index.php\/author\/sokolneno_u3xb387h\/"}]}},"_links":{"self":[{"href":"https:\/\/odabrano.com\/index.php\/wp-json\/wp\/v2\/posts\/5922","targetHints":{"allow":["GET"]}}],"collection":[{"href":"https:\/\/odabrano.com\/index.php\/wp-json\/wp\/v2\/posts"}],"about":[{"href":"https:\/\/odabrano.com\/index.php\/wp-json\/wp\/v2\/types\/post"}],"author":[{"embeddable":true,"href":"https:\/\/odabrano.com\/index.php\/wp-json\/wp\/v2\/users\/1"}],"replies":[{"embeddable":true,"href":"https:\/\/odabrano.com\/index.php\/wp-json\/wp\/v2\/comments?post=5922"}],"version-history":[{"count":50,"href":"https:\/\/odabrano.com\/index.php\/wp-json\/wp\/v2\/posts\/5922\/revisions"}],"predecessor-version":[{"id":6036,"href":"https:\/\/odabrano.com\/index.php\/wp-json\/wp\/v2\/posts\/5922\/revisions\/6036"}],"wp:featuredmedia":[{"embeddable":true,"href":"https:\/\/odabrano.com\/index.php\/wp-json\/wp\/v2\/media\/5927"}],"wp:attachment":[{"href":"https:\/\/odabrano.com\/index.php\/wp-json\/wp\/v2\/media?parent=5922"}],"wp:term":[{"taxonomy":"category","embeddable":true,"href":"https:\/\/odabrano.com\/index.php\/wp-json\/wp\/v2\/categories?post=5922"},{"taxonomy":"post_tag","embeddable":true,"href":"https:\/\/odabrano.com\/index.php\/wp-json\/wp\/v2\/tags?post=5922"}],"curies":[{"name":"wp","href":"https:\/\/api.w.org\/{rel}","templated":true}]}}