{"id":5886,"date":"2025-03-06T15:29:14","date_gmt":"2025-03-06T14:29:14","guid":{"rendered":"https:\/\/odabrano.com\/?p=5886"},"modified":"2025-03-06T15:49:48","modified_gmt":"2025-03-06T14:49:48","slug":"moskva-odbacuje-plan-macrona-i-starmera-kijevski-je-rezim-na-samrti","status":"publish","type":"post","link":"https:\/\/odabrano.com\/index.php\/2025\/03\/06\/moskva-odbacuje-plan-macrona-i-starmera-kijevski-je-rezim-na-samrti\/","title":{"rendered":"Moskva odbacuje plan Macrona i Starmera: Kijevski je re\u017eim na samrti"},"content":{"rendered":"\n<p>Rusija je u \u010detvrtak poru\u010dila da su francuska i britanska mirovna inicijativa za Ukrajinu poku\u0161aj kupnje vremena kako bi se sprije\u010dilo ukrajinski vojni kolaps. Posebno su osudili izjave Emmanuela Macrona nazvav\u0161i ih &#8220;prijetnjom za Rusiju&#8221;.&nbsp;<\/p>\n\n\n\n<h4 class=\"wp-block-heading\">Moskva: Macronova retorika je prijetnja za Rusiju<\/h4>\n\n\n\n<p>Kremlj je osudio, kako je rekao, veoma konfrontacijski govor francuskog predsjednika Emmanuela Macrona u kojem je Rusiju nazvao prijetnjom za Europu i izjavio da \u0107e Pariz razmotriti stavljanje drugih zemalja pod svoju nuklearnu za\u0161titu.<br><br>Glasnogovornik Kremlja&nbsp;<strong>Dmitrij Peskov<\/strong>&nbsp;je kazao da su komentari francuskog \u010delnika, u obra\u0107anju naciji u srijedu, znak da Pariz namjerava produljiti rat u Ukrajini. Ruski ministar vanjskih poslova<strong>&nbsp;Sergej Lavrov<\/strong>&nbsp;u \u010detvrtak je rekao da Macronova nuklearna retorika predstavlja prijetnju za Rusiju.<\/p>\n\n\n\n<p>&#8211; Ako nas smatra prijetnjom, saziva sastanak na\u010delnika glavnih sto\u017eera europskih zemalja i Britanije, tvrdi da je nu\u017eno koristiti se nuklearnim oru\u017ejem, priprema kori\u0161tenje nuklearnog oru\u017eja protiv Rusije, to je, naravno, prijetnja, poru\u010dio je Lavrov, a citirala ga je dr\u017eavna novinska agencija RIA.<\/p>\n\n\n\n<p>&#8211; Ovaj je govor zaista iznimno konfrontacijski. Te\u0161ko da ga se mo\u017ee smatrati govorom \u0161efa dr\u017eave koji razmi\u0161lja o miru. Prije bi se moglo zaklju\u010diti, na temelju re\u010denoga, da Francuska vi\u0161e razmi\u0161lja o ratu, o nastavku rata,&nbsp;rekao je novinarima Peskov. Dodao je da je Macron&nbsp;izostavio va\u017ene \u010dinjenice i nije spomenuo ruske &#8220;legitimne zabrinutosti i strahove&#8221; i pro\u0161irenje NATO-a na istok, prema ruskim granicama.<\/p>\n\n\n\n<h4 class=\"wp-block-heading\">Rusiji neprihvatljivi vojnici NATO-a u Ukrajini<\/h4>\n\n\n\n<p>Pod Macronom, Francuska je Ukrajini slala oru\u017eje i rekla da je spremna razmotriti slanje vojnika onamo kako bi pomogli osigurati implementaciju bilo kakvog mirovnog sporazuma. Rusija je rekla da bi prisutnost bilo kakvih vojnika iz zemalja \u010dlanica NATO-a bila neprihvatljiva.<\/p>\n\n\n\n<p>Lavrov je u \u010detvrtak objavio da \u0107e Moskva europske mirovne snage u Ukrajini smatrati slu\u017ebenom uklju\u010denosti snaga NATO-a u ratu protiv Rusije. Macron je u svojem govoru u srijedu tako\u0111er poru\u010dio da je Francuska spremna raspraviti o pro\u0161irenju svojeg nuklearnog ki\u0161obrana na druge europske zemlje. Peskov je rekao da to predstavlja &#8220;polaganje prava na nuklearno vodstvo u Europi&#8221;, \u0161to je prema njemu &#8220;veoma, veoma konfrontacijsko&#8221;.<\/p>\n\n\n\n<h4 class=\"wp-block-heading\">Zaharova: Kijevski re\u017eim je na samrti<\/h4>\n\n\n\n<p>&#8211; Imamo otvorenu \u017eelju da se pod bilo koju cijenu postigne predah za kijevski re\u017eim koji je na samrti, za ukrajinske oru\u017eane snage, da se sprije\u010di kolaps na boji\u0161tu, rekla je glasnogovornica ruskog ministarstva vanjskih poslova Maria Zaharova, govore\u0107i o mirovnoj inicijativi Britanije i Francuske.<\/p>\n\n\n\n<p>Istaknula je da Moskvu zanima kona\u010dno rje\u0161enje za rat, a ne predah koji bi pomogao Ukrajini.<\/p>\n\n\n\n<p>&#8211; Potrebni su \u010dvrsti dogovori o kona\u010dnom rje\u0161enju. Bez svega toga, bilo kakav predah ili pregrupiranje apsolutno su neprihvatljivi jer \u0107e to dovesti do upravo suprotnog rezultata, rekla je novinarima.<\/p>\n\n\n\n<p>Britanski premijer&nbsp;<strong>Keir Starmer<\/strong>&nbsp;rekao je ovaj vikend da \u0107e London i Pariz raditi na mirovnom sporazumu s Ukrajinom i iznijeti ga ameri\u010dkom predsjedniku<strong>&nbsp;Donaldu Trumpu<\/strong>. Francuski predsjednik<strong>&nbsp;Emmanuel Macro<\/strong>n rekao je da dvije zemlje predla\u017eu djelomi\u010dan jednomjese\u010dni prekid vatre izme\u0111u Rusije i Ukrajine.<\/p>\n","protected":false},"excerpt":{"rendered":"<p>Rusija je u \u010detvrtak poru\u010dila da su francuska i britanska mirovna inicijativa za Ukrajinu poku\u0161aj kupnje vremena kako bi se sprije\u010dilo ukrajinski vojni kolaps. Posebno su osudili izjave Emmanuela Macrona nazvav\u0161i ih &#8220;prijetnjom za Rusiju&#8221;.&nbsp; Moskva: Macronova retorika je prijetnja za Rusiju Kremlj je osudio, kako je rekao, veoma konfrontacijski govor francuskog predsjednika Emmanuela Macrona &hellip;<\/p>\n","protected":false},"author":1,"featured_media":5887,"comment_status":"closed","ping_status":"open","sticky":false,"template":"","format":"standard","meta":{"_monsterinsights_skip_tracking":false,"_monsterinsights_sitenote_active":false,"_monsterinsights_sitenote_note":"","_monsterinsights_sitenote_category":0,"footnotes":""},"categories":[9],"tags":[36,18,17],"class_list":["post-5886","post","type-post","status-publish","format-standard","has-post-thumbnail","","category-svijet","tag-moskva","tag-rusija","tag-ukrajina"],"yoast_head":"<!-- This site is optimized with the Yoast SEO plugin v22.1 - https:\/\/yoast.com\/wordpress\/plugins\/seo\/ -->\n<title>Moskva odbacuje plan Macrona i Starmera: Kijevski je re\u017eim na samrti - odabrano<\/title>\n<meta name=\"description\" content=\"Rusija je rekla da bi prisutnost bilo kakvih vojnika iz zemalja \u010dlanica NATO-a bila neprihvatljiva.\" \/>\n<meta name=\"robots\" content=\"index, follow, max-snippet:-1, max-image-preview:large, max-video-preview:-1\" \/>\n<link rel=\"canonical\" href=\"https:\/\/odabrano.com\/index.php\/2025\/03\/06\/moskva-odbacuje-plan-macrona-i-starmera-kijevski-je-rezim-na-samrti\/\" \/>\n<meta property=\"og:locale\" content=\"en_US\" \/>\n<meta property=\"og:type\" content=\"article\" \/>\n<meta property=\"og:title\" content=\"Moskva odbacuje plan Macrona i Starmera: Kijevski je re\u017eim na samrti - odabrano\" \/>\n<meta property=\"og:description\" content=\"Rusija je rekla da bi prisutnost bilo kakvih vojnika iz zemalja \u010dlanica NATO-a bila neprihvatljiva.\" \/>\n<meta property=\"og:url\" content=\"https:\/\/odabrano.com\/index.php\/2025\/03\/06\/moskva-odbacuje-plan-macrona-i-starmera-kijevski-je-rezim-na-samrti\/\" \/>\n<meta property=\"og:site_name\" content=\"odabrano\" \/>\n<meta property=\"article:published_time\" content=\"2025-03-06T14:29:14+00:00\" \/>\n<meta property=\"article:modified_time\" content=\"2025-03-06T14:49:48+00:00\" \/>\n<meta property=\"og:image\" content=\"http:\/\/odabrano.com\/wp-content\/uploads\/2025\/03\/putin.webp\" \/>\n\t<meta property=\"og:image:width\" content=\"740\" \/>\n\t<meta property=\"og:image:height\" content=\"438\" \/>\n\t<meta property=\"og:image:type\" content=\"image\/webp\" \/>\n<meta name=\"author\" content=\"admin\" \/>\n<meta name=\"twitter:card\" content=\"summary_large_image\" \/>\n<meta name=\"twitter:label1\" content=\"Written by\" \/>\n\t<meta name=\"twitter:data1\" content=\"admin\" \/>\n\t<meta name=\"twitter:label2\" content=\"Est. reading time\" \/>\n\t<meta name=\"twitter:data2\" content=\"3 minutes\" \/>\n<script type=\"application\/ld+json\" class=\"yoast-schema-graph\">{\"@context\":\"https:\/\/schema.org\",\"@graph\":[{\"@type\":\"Article\",\"@id\":\"https:\/\/odabrano.com\/index.php\/2025\/03\/06\/moskva-odbacuje-plan-macrona-i-starmera-kijevski-je-rezim-na-samrti\/#article\",\"isPartOf\":{\"@id\":\"https:\/\/odabrano.com\/index.php\/2025\/03\/06\/moskva-odbacuje-plan-macrona-i-starmera-kijevski-je-rezim-na-samrti\/\"},\"author\":{\"name\":\"admin\",\"@id\":\"https:\/\/odabrano.com\/#\/schema\/person\/460f2b14657879743f23c4f6a7cd3236\"},\"headline\":\"Moskva odbacuje plan Macrona i Starmera: Kijevski je re\u017eim na samrti\",\"datePublished\":\"2025-03-06T14:29:14+00:00\",\"dateModified\":\"2025-03-06T14:49:48+00:00\",\"mainEntityOfPage\":{\"@id\":\"https:\/\/odabrano.com\/index.php\/2025\/03\/06\/moskva-odbacuje-plan-macrona-i-starmera-kijevski-je-rezim-na-samrti\/\"},\"wordCount\":547,\"publisher\":{\"@id\":\"https:\/\/odabrano.com\/#\/schema\/person\/460f2b14657879743f23c4f6a7cd3236\"},\"keywords\":[\"moskva\",\"rusija\",\"ukrajina\"],\"articleSection\":[\"Svijet\"],\"inLanguage\":\"en-US\"},{\"@type\":\"WebPage\",\"@id\":\"https:\/\/odabrano.com\/index.php\/2025\/03\/06\/moskva-odbacuje-plan-macrona-i-starmera-kijevski-je-rezim-na-samrti\/\",\"url\":\"https:\/\/odabrano.com\/index.php\/2025\/03\/06\/moskva-odbacuje-plan-macrona-i-starmera-kijevski-je-rezim-na-samrti\/\",\"name\":\"Moskva odbacuje plan Macrona i Starmera: Kijevski je re\u017eim na samrti - odabrano\",\"isPartOf\":{\"@id\":\"https:\/\/odabrano.com\/#website\"},\"datePublished\":\"2025-03-06T14:29:14+00:00\",\"dateModified\":\"2025-03-06T14:49:48+00:00\",\"description\":\"Rusija je rekla da bi prisutnost bilo kakvih vojnika iz zemalja \u010dlanica NATO-a bila neprihvatljiva.\",\"breadcrumb\":{\"@id\":\"https:\/\/odabrano.com\/index.php\/2025\/03\/06\/moskva-odbacuje-plan-macrona-i-starmera-kijevski-je-rezim-na-samrti\/#breadcrumb\"},\"inLanguage\":\"en-US\",\"potentialAction\":[{\"@type\":\"ReadAction\",\"target\":[\"https:\/\/odabrano.com\/index.php\/2025\/03\/06\/moskva-odbacuje-plan-macrona-i-starmera-kijevski-je-rezim-na-samrti\/\"]}]},{\"@type\":\"BreadcrumbList\",\"@id\":\"https:\/\/odabrano.com\/index.php\/2025\/03\/06\/moskva-odbacuje-plan-macrona-i-starmera-kijevski-je-rezim-na-samrti\/#breadcrumb\",\"itemListElement\":[{\"@type\":\"ListItem\",\"position\":1,\"name\":\"Home\",\"item\":\"https:\/\/odabrano.com\/\"},{\"@type\":\"ListItem\",\"position\":2,\"name\":\"Moskva odbacuje plan Macrona i Starmera: Kijevski je re\u017eim na samrti\"}]},{\"@type\":\"WebSite\",\"@id\":\"https:\/\/odabrano.com\/#website\",\"url\":\"https:\/\/odabrano.com\/\",\"name\":\"odabrano\",\"description\":\"news portal koji nudi odabrane vijesti i informacije\",\"publisher\":{\"@id\":\"https:\/\/odabrano.com\/#\/schema\/person\/460f2b14657879743f23c4f6a7cd3236\"},\"alternateName\":\"vijesti i informacije iz Hrvatske i svijeta\",\"potentialAction\":[{\"@type\":\"SearchAction\",\"target\":{\"@type\":\"EntryPoint\",\"urlTemplate\":\"https:\/\/odabrano.com\/?s={search_term_string}\"},\"query-input\":\"required name=search_term_string\"}],\"inLanguage\":\"en-US\"},{\"@type\":[\"Person\",\"Organization\"],\"@id\":\"https:\/\/odabrano.com\/#\/schema\/person\/460f2b14657879743f23c4f6a7cd3236\",\"name\":\"admin\",\"image\":{\"@type\":\"ImageObject\",\"inLanguage\":\"en-US\",\"@id\":\"https:\/\/odabrano.com\/#\/schema\/person\/image\/\",\"url\":\"https:\/\/odabrano.com\/wp-content\/uploads\/2024\/04\/dolar.jpg\",\"contentUrl\":\"https:\/\/odabrano.com\/wp-content\/uploads\/2024\/04\/dolar.jpg\",\"width\":1216,\"height\":519,\"caption\":\"admin\"},\"logo\":{\"@id\":\"https:\/\/odabrano.com\/#\/schema\/person\/image\/\"},\"sameAs\":[\"http:\/\/odabrano.com\"],\"url\":\"https:\/\/odabrano.com\/index.php\/author\/sokolneno_u3xb387h\/\"}]}<\/script>\n<!-- \/ Yoast SEO plugin. -->","yoast_head_json":{"title":"Moskva odbacuje plan Macrona i Starmera: Kijevski je re\u017eim na samrti - odabrano","description":"Rusija je rekla da bi prisutnost bilo kakvih vojnika iz zemalja \u010dlanica NATO-a bila neprihvatljiva.","robots":{"index":"index","follow":"follow","max-snippet":"max-snippet:-1","max-image-preview":"max-image-preview:large","max-video-preview":"max-video-preview:-1"},"canonical":"https:\/\/odabrano.com\/index.php\/2025\/03\/06\/moskva-odbacuje-plan-macrona-i-starmera-kijevski-je-rezim-na-samrti\/","og_locale":"en_US","og_type":"article","og_title":"Moskva odbacuje plan Macrona i Starmera: Kijevski je re\u017eim na samrti - odabrano","og_description":"Rusija je rekla da bi prisutnost bilo kakvih vojnika iz zemalja \u010dlanica NATO-a bila neprihvatljiva.","og_url":"https:\/\/odabrano.com\/index.php\/2025\/03\/06\/moskva-odbacuje-plan-macrona-i-starmera-kijevski-je-rezim-na-samrti\/","og_site_name":"odabrano","article_published_time":"2025-03-06T14:29:14+00:00","article_modified_time":"2025-03-06T14:49:48+00:00","og_image":[{"width":740,"height":438,"url":"http:\/\/odabrano.com\/wp-content\/uploads\/2025\/03\/putin.webp","type":"image\/webp"}],"author":"admin","twitter_card":"summary_large_image","twitter_misc":{"Written by":"admin","Est. reading time":"3 minutes"},"schema":{"@context":"https:\/\/schema.org","@graph":[{"@type":"Article","@id":"https:\/\/odabrano.com\/index.php\/2025\/03\/06\/moskva-odbacuje-plan-macrona-i-starmera-kijevski-je-rezim-na-samrti\/#article","isPartOf":{"@id":"https:\/\/odabrano.com\/index.php\/2025\/03\/06\/moskva-odbacuje-plan-macrona-i-starmera-kijevski-je-rezim-na-samrti\/"},"author":{"name":"admin","@id":"https:\/\/odabrano.com\/#\/schema\/person\/460f2b14657879743f23c4f6a7cd3236"},"headline":"Moskva odbacuje plan Macrona i Starmera: Kijevski je re\u017eim na samrti","datePublished":"2025-03-06T14:29:14+00:00","dateModified":"2025-03-06T14:49:48+00:00","mainEntityOfPage":{"@id":"https:\/\/odabrano.com\/index.php\/2025\/03\/06\/moskva-odbacuje-plan-macrona-i-starmera-kijevski-je-rezim-na-samrti\/"},"wordCount":547,"publisher":{"@id":"https:\/\/odabrano.com\/#\/schema\/person\/460f2b14657879743f23c4f6a7cd3236"},"keywords":["moskva","rusija","ukrajina"],"articleSection":["Svijet"],"inLanguage":"en-US"},{"@type":"WebPage","@id":"https:\/\/odabrano.com\/index.php\/2025\/03\/06\/moskva-odbacuje-plan-macrona-i-starmera-kijevski-je-rezim-na-samrti\/","url":"https:\/\/odabrano.com\/index.php\/2025\/03\/06\/moskva-odbacuje-plan-macrona-i-starmera-kijevski-je-rezim-na-samrti\/","name":"Moskva odbacuje plan Macrona i Starmera: Kijevski je re\u017eim na samrti - odabrano","isPartOf":{"@id":"https:\/\/odabrano.com\/#website"},"datePublished":"2025-03-06T14:29:14+00:00","dateModified":"2025-03-06T14:49:48+00:00","description":"Rusija je rekla da bi prisutnost bilo kakvih vojnika iz zemalja \u010dlanica NATO-a bila neprihvatljiva.","breadcrumb":{"@id":"https:\/\/odabrano.com\/index.php\/2025\/03\/06\/moskva-odbacuje-plan-macrona-i-starmera-kijevski-je-rezim-na-samrti\/#breadcrumb"},"inLanguage":"en-US","potentialAction":[{"@type":"ReadAction","target":["https:\/\/odabrano.com\/index.php\/2025\/03\/06\/moskva-odbacuje-plan-macrona-i-starmera-kijevski-je-rezim-na-samrti\/"]}]},{"@type":"BreadcrumbList","@id":"https:\/\/odabrano.com\/index.php\/2025\/03\/06\/moskva-odbacuje-plan-macrona-i-starmera-kijevski-je-rezim-na-samrti\/#breadcrumb","itemListElement":[{"@type":"ListItem","position":1,"name":"Home","item":"https:\/\/odabrano.com\/"},{"@type":"ListItem","position":2,"name":"Moskva odbacuje plan Macrona i Starmera: Kijevski je re\u017eim na samrti"}]},{"@type":"WebSite","@id":"https:\/\/odabrano.com\/#website","url":"https:\/\/odabrano.com\/","name":"odabrano","description":"news portal koji nudi odabrane vijesti i informacije","publisher":{"@id":"https:\/\/odabrano.com\/#\/schema\/person\/460f2b14657879743f23c4f6a7cd3236"},"alternateName":"vijesti i informacije iz Hrvatske i svijeta","potentialAction":[{"@type":"SearchAction","target":{"@type":"EntryPoint","urlTemplate":"https:\/\/odabrano.com\/?s={search_term_string}"},"query-input":"required name=search_term_string"}],"inLanguage":"en-US"},{"@type":["Person","Organization"],"@id":"https:\/\/odabrano.com\/#\/schema\/person\/460f2b14657879743f23c4f6a7cd3236","name":"admin","image":{"@type":"ImageObject","inLanguage":"en-US","@id":"https:\/\/odabrano.com\/#\/schema\/person\/image\/","url":"https:\/\/odabrano.com\/wp-content\/uploads\/2024\/04\/dolar.jpg","contentUrl":"https:\/\/odabrano.com\/wp-content\/uploads\/2024\/04\/dolar.jpg","width":1216,"height":519,"caption":"admin"},"logo":{"@id":"https:\/\/odabrano.com\/#\/schema\/person\/image\/"},"sameAs":["http:\/\/odabrano.com"],"url":"https:\/\/odabrano.com\/index.php\/author\/sokolneno_u3xb387h\/"}]}},"_links":{"self":[{"href":"https:\/\/odabrano.com\/index.php\/wp-json\/wp\/v2\/posts\/5886","targetHints":{"allow":["GET"]}}],"collection":[{"href":"https:\/\/odabrano.com\/index.php\/wp-json\/wp\/v2\/posts"}],"about":[{"href":"https:\/\/odabrano.com\/index.php\/wp-json\/wp\/v2\/types\/post"}],"author":[{"embeddable":true,"href":"https:\/\/odabrano.com\/index.php\/wp-json\/wp\/v2\/users\/1"}],"replies":[{"embeddable":true,"href":"https:\/\/odabrano.com\/index.php\/wp-json\/wp\/v2\/comments?post=5886"}],"version-history":[{"count":2,"href":"https:\/\/odabrano.com\/index.php\/wp-json\/wp\/v2\/posts\/5886\/revisions"}],"predecessor-version":[{"id":5889,"href":"https:\/\/odabrano.com\/index.php\/wp-json\/wp\/v2\/posts\/5886\/revisions\/5889"}],"wp:featuredmedia":[{"embeddable":true,"href":"https:\/\/odabrano.com\/index.php\/wp-json\/wp\/v2\/media\/5887"}],"wp:attachment":[{"href":"https:\/\/odabrano.com\/index.php\/wp-json\/wp\/v2\/media?parent=5886"}],"wp:term":[{"taxonomy":"category","embeddable":true,"href":"https:\/\/odabrano.com\/index.php\/wp-json\/wp\/v2\/categories?post=5886"},{"taxonomy":"post_tag","embeddable":true,"href":"https:\/\/odabrano.com\/index.php\/wp-json\/wp\/v2\/tags?post=5886"}],"curies":[{"name":"wp","href":"https:\/\/api.w.org\/{rel}","templated":true}]}}