{"id":5870,"date":"2025-03-03T23:01:32","date_gmt":"2025-03-03T22:01:32","guid":{"rendered":"https:\/\/odabrano.com\/?p=5870"},"modified":"2025-03-03T23:01:32","modified_gmt":"2025-03-03T22:01:32","slug":"vucic-nazvao-novinarku-rts-a-imbecilom-pa-se-ispricao","status":"publish","type":"post","link":"https:\/\/odabrano.com\/index.php\/2025\/03\/03\/vucic-nazvao-novinarku-rts-a-imbecilom-pa-se-ispricao\/","title":{"rendered":"Vu\u010di\u0107 nazvao novinarku RTS-a &#8220;imbecilom&#8221;, pa se ispri\u010dao"},"content":{"rendered":"\n<p>Novinari iz Ni\u0161a priop\u0107ili su da ne prihva\u0107aju ispriku predsjednika Srbije Aleksandra Vu\u010di\u0107a ni\u0161kim dopisnicima Radiotelevizije Srbije, koju je uputio nakon \u0161to je novinarku RTS-a koja je izvje\u0161tavala o prosvjedima u Ni\u0161u prije dva dana nazvao imbecilom.&nbsp;<\/p>\n\n\n\n<p>U toj isprici Vu\u010di\u0107 je ponovno kritizirao RTS-ove novinare, nazvav\u0161i ih sramotom za svoju profesiju.<br><br>Ni\u0161ki dopisnici, novinari i snimatelji poru\u010duju da \u0107e do &#8220;primjerene javne isprike obustaviti izvje\u0161tavanje o svim aktivnostima srbijanskog predsjednika&#8221;.<br><br>Ina\u010de, srbijanski predsjednik Aleksandar Vu\u010di\u0107 izazvao je buru osuda nakon \u0161to je, komentiraju\u0107i izvje\u0161tavanje javnog servisa s prosvjeda u Ni\u0161u, dopisnicu Radio-televizije Srbije nazvao &#8220;imbecilom&#8221;.&nbsp;<\/p>\n\n\n\n<p>U Ni\u0161u je 1. o\u017eujka, \u010detiri mjeseca nakon pogibije 15 ljudi u padu nadstre\u0161nice na novosadskom \u017eeljezni\u010dkom kolodvoru 1. studenog, odr\u017ean masovni prosvjed predvo\u0111en studentima, a pridru\u017eili su im se deseci tisu\u0107a gra\u0111ana iz cijele Srbije.<br><br>Tijekom prosvjeda, o kojem su izvijestile i svjetske agencije, dva puta se s po 15 minuta \u0161utnje odavala po\u010dast poginulima.<br><br>Vu\u010di\u0107 je tijekom posjete Boru rekao da &#8220;RTS nije nikakav javni servis&#8221; ve\u0107 je &#8220;postao javni servis (studentskih) plenuma i oporbenih stranaka i \u0161ta god radili, ne\u0107e im pomo\u0107i&#8221;.<\/p>\n\n\n\n<p>&#8211; Zamislite, ju\u010der oni izvje\u0161tavaju iz Ni\u0161a, i to neki imbecil iz ni\u0161kog dopisni\u0161tva, ka\u017ee &#8216;odjeknula je ti\u0161ina&#8217;. To se na normalnom srpskom jeziku ka\u017ee da su \u0161utjeli neko vrijeme, ali slaba im ta \u0161utnja, jer se ti\u0161ina nije \u010dula od kr\u010dkanja gula\u0161a, rekao je Vu\u010di\u0107, aludiraju\u0107i da su gra\u0111ani Ni\u0161a pripremali hranu za studente i sudionike prosvjeda.<\/p>\n\n\n\n<p>Vladaju\u0107i &#8211; a ponajprije upravo Vu\u010di\u0107 &#8211; studentski pokret, koji je u protekla \u010detiri mjeseca stekao neo\u010dekivano veliku potporu diljem Srbije, naziva &#8220;obojenom revolucijom&#8221; i poku\u0161ajem svrgavanja vlasti bez izbora, a pogrdnom opaskom o izvje\u0161tavanju s prosvjeda u Ni\u0161u dodatno je na sebe usmjerio nezadovoljstvo javnosti.<\/p>\n\n\n\n<p>Vu\u010di\u0107evu izjavu kao &#8220;nedoli\u010dnu&#8221; za javnu osobu, a posebno \u0161efa dr\u017eave, o\u0161tro su osudile novinarske udruge i sindikati, akademska zajednica, nevladine udruge, kolegij RTS-a i dopsini\u0161tvo iz Ni\u0161a zahtjevaju\u0107i javnu ispriku.<\/p>\n\n\n\n<p>Kolegij RTS-a i redakcija dopisni\u0161tva iz Ni\u0161a zatra\u017eili su da svi nositelji javnih du\u017enost po\u0161tuju njihove novinare i ku\u0107u koja &#8220;nastoji u dru\u0161tvu sa\u010duvati duh normalnosti i pristojnosti&#8221;, ocijeniv\u0161i da je Vu\u010di\u0107eva izjava &#8220;uvreda za sve&#8221; u javnom servisu.<\/p>\n\n\n\n<p>U priop\u0107enju Kolegija RTS-a nagla\u0161ava se da je Vu\u010di\u0107eva izjava &#8220;nedoli\u010dna, te da ni jedan du\u017enosnik, &#8220;bez obzira na to kojoj politi\u010dkoj opciji pripada, nema pravo na tako uvredljiv na\u010din govoriti o novinarima RTS-a&#8221;.<\/p>\n\n\n\n<p>Javni servis se ve\u0107 mjesecima nalazi na udaru javnosti, a studenti zahtijevaju nepristrano i objektivnije izvje\u0161tavanje o njihovim prosvjedima i zahtjevima, dok iz RTS-a \u0161alju poruku da \u017eele raditi svoj posao bez pritisaka.<\/p>\n\n\n\n<p>&#8211; Molimo sve politi\u010dke \u010dimbenike da prestanu s poku\u0161ajima ure\u0111ivanja i discipliniranja medija, priop\u0107eno je iz RTS.<\/p>\n\n\n\n<p>Uz javni servis, \u010diji su dio RTS i Radio-televizija Vojvodine, nacionalni opseg ima jo\u0161 nekoliko privatnih, mahom provladinih televizija koje \u010desto izravno prenose Vu\u010di\u0107eva javna obra\u0107anja.<\/p>\n\n\n\n<p>Prema monitoringu nevladine organizacije Centra za istra\u017eivanje, transparentnost i odgovornost (CRTA), Vu\u010di\u0107 je na malim ekranima od po\u010detka godine do 18. velja\u010de gostovao ukupno 59 puta, od \u010dega 54 na televizijama sa nacionalnom pokriveno\u0161\u0107u.&nbsp;<\/p>\n","protected":false},"excerpt":{"rendered":"<p>Novinari iz Ni\u0161a priop\u0107ili su da ne prihva\u0107aju ispriku predsjednika Srbije Aleksandra Vu\u010di\u0107a ni\u0161kim dopisnicima Radiotelevizije Srbije, koju je uputio nakon \u0161to je novinarku RTS-a koja je izvje\u0161tavala o prosvjedima u Ni\u0161u prije dva dana nazvao imbecilom.&nbsp; U toj isprici Vu\u010di\u0107 je ponovno kritizirao RTS-ove novinare, nazvav\u0161i ih sramotom za svoju profesiju.Ni\u0161ki dopisnici, novinari i &hellip;<\/p>\n","protected":false},"author":1,"featured_media":5871,"comment_status":"closed","ping_status":"open","sticky":false,"template":"","format":"standard","meta":{"_monsterinsights_skip_tracking":false,"_monsterinsights_sitenote_active":false,"_monsterinsights_sitenote_note":"","_monsterinsights_sitenote_category":0,"footnotes":""},"categories":[6],"tags":[591,178],"class_list":["post-5870","post","type-post","status-publish","format-standard","has-post-thumbnail","","category-istok","tag-aleksandar","tag-vucic"],"yoast_head":"<!-- This site is optimized with the Yoast SEO plugin v22.1 - https:\/\/yoast.com\/wordpress\/plugins\/seo\/ -->\n<title>Vu\u010di\u0107 nazvao novinarku RTS-a &quot;imbecilom&quot;, pa se ispri\u010dao - odabrano<\/title>\n<meta name=\"robots\" content=\"index, follow, max-snippet:-1, max-image-preview:large, max-video-preview:-1\" \/>\n<link rel=\"canonical\" href=\"https:\/\/odabrano.com\/index.php\/2025\/03\/03\/vucic-nazvao-novinarku-rts-a-imbecilom-pa-se-ispricao\/\" \/>\n<meta property=\"og:locale\" content=\"en_US\" \/>\n<meta property=\"og:type\" content=\"article\" \/>\n<meta property=\"og:title\" content=\"Vu\u010di\u0107 nazvao novinarku RTS-a &quot;imbecilom&quot;, pa se ispri\u010dao - odabrano\" \/>\n<meta property=\"og:description\" content=\"Novinari iz Ni\u0161a priop\u0107ili su da ne prihva\u0107aju ispriku predsjednika Srbije Aleksandra Vu\u010di\u0107a ni\u0161kim dopisnicima Radiotelevizije Srbije, koju je uputio nakon \u0161to je novinarku RTS-a koja je izvje\u0161tavala o prosvjedima u Ni\u0161u prije dva dana nazvao imbecilom.&nbsp; U toj isprici Vu\u010di\u0107 je ponovno kritizirao RTS-ove novinare, nazvav\u0161i ih sramotom za svoju profesiju.Ni\u0161ki dopisnici, novinari i &hellip;\" \/>\n<meta property=\"og:url\" content=\"https:\/\/odabrano.com\/index.php\/2025\/03\/03\/vucic-nazvao-novinarku-rts-a-imbecilom-pa-se-ispricao\/\" \/>\n<meta property=\"og:site_name\" content=\"odabrano\" \/>\n<meta property=\"article:published_time\" content=\"2025-03-03T22:01:32+00:00\" \/>\n<meta property=\"og:image\" content=\"http:\/\/odabrano.com\/wp-content\/uploads\/2025\/03\/aleksa.webp\" \/>\n\t<meta property=\"og:image:width\" content=\"1792\" \/>\n\t<meta property=\"og:image:height\" content=\"1024\" \/>\n\t<meta property=\"og:image:type\" content=\"image\/webp\" \/>\n<meta name=\"author\" content=\"admin\" \/>\n<meta name=\"twitter:card\" content=\"summary_large_image\" \/>\n<meta name=\"twitter:label1\" content=\"Written by\" \/>\n\t<meta name=\"twitter:data1\" content=\"admin\" \/>\n\t<meta name=\"twitter:label2\" content=\"Est. reading time\" \/>\n\t<meta name=\"twitter:data2\" content=\"3 minutes\" \/>\n<script type=\"application\/ld+json\" class=\"yoast-schema-graph\">{\"@context\":\"https:\/\/schema.org\",\"@graph\":[{\"@type\":\"Article\",\"@id\":\"https:\/\/odabrano.com\/index.php\/2025\/03\/03\/vucic-nazvao-novinarku-rts-a-imbecilom-pa-se-ispricao\/#article\",\"isPartOf\":{\"@id\":\"https:\/\/odabrano.com\/index.php\/2025\/03\/03\/vucic-nazvao-novinarku-rts-a-imbecilom-pa-se-ispricao\/\"},\"author\":{\"name\":\"admin\",\"@id\":\"https:\/\/odabrano.com\/#\/schema\/person\/460f2b14657879743f23c4f6a7cd3236\"},\"headline\":\"Vu\u010di\u0107 nazvao novinarku RTS-a &#8220;imbecilom&#8221;, pa se ispri\u010dao\",\"datePublished\":\"2025-03-03T22:01:32+00:00\",\"dateModified\":\"2025-03-03T22:01:32+00:00\",\"mainEntityOfPage\":{\"@id\":\"https:\/\/odabrano.com\/index.php\/2025\/03\/03\/vucic-nazvao-novinarku-rts-a-imbecilom-pa-se-ispricao\/\"},\"wordCount\":597,\"publisher\":{\"@id\":\"https:\/\/odabrano.com\/#\/schema\/person\/460f2b14657879743f23c4f6a7cd3236\"},\"keywords\":[\"aleksandar\",\"vu\u010di\u0107\"],\"articleSection\":[\"Istok\"],\"inLanguage\":\"en-US\"},{\"@type\":\"WebPage\",\"@id\":\"https:\/\/odabrano.com\/index.php\/2025\/03\/03\/vucic-nazvao-novinarku-rts-a-imbecilom-pa-se-ispricao\/\",\"url\":\"https:\/\/odabrano.com\/index.php\/2025\/03\/03\/vucic-nazvao-novinarku-rts-a-imbecilom-pa-se-ispricao\/\",\"name\":\"Vu\u010di\u0107 nazvao novinarku RTS-a \\\"imbecilom\\\", pa se ispri\u010dao - odabrano\",\"isPartOf\":{\"@id\":\"https:\/\/odabrano.com\/#website\"},\"datePublished\":\"2025-03-03T22:01:32+00:00\",\"dateModified\":\"2025-03-03T22:01:32+00:00\",\"breadcrumb\":{\"@id\":\"https:\/\/odabrano.com\/index.php\/2025\/03\/03\/vucic-nazvao-novinarku-rts-a-imbecilom-pa-se-ispricao\/#breadcrumb\"},\"inLanguage\":\"en-US\",\"potentialAction\":[{\"@type\":\"ReadAction\",\"target\":[\"https:\/\/odabrano.com\/index.php\/2025\/03\/03\/vucic-nazvao-novinarku-rts-a-imbecilom-pa-se-ispricao\/\"]}]},{\"@type\":\"BreadcrumbList\",\"@id\":\"https:\/\/odabrano.com\/index.php\/2025\/03\/03\/vucic-nazvao-novinarku-rts-a-imbecilom-pa-se-ispricao\/#breadcrumb\",\"itemListElement\":[{\"@type\":\"ListItem\",\"position\":1,\"name\":\"Home\",\"item\":\"https:\/\/odabrano.com\/\"},{\"@type\":\"ListItem\",\"position\":2,\"name\":\"Vu\u010di\u0107 nazvao novinarku RTS-a &#8220;imbecilom&#8221;, pa se ispri\u010dao\"}]},{\"@type\":\"WebSite\",\"@id\":\"https:\/\/odabrano.com\/#website\",\"url\":\"https:\/\/odabrano.com\/\",\"name\":\"odabrano\",\"description\":\"news portal koji nudi odabrane vijesti i informacije\",\"publisher\":{\"@id\":\"https:\/\/odabrano.com\/#\/schema\/person\/460f2b14657879743f23c4f6a7cd3236\"},\"alternateName\":\"vijesti i informacije iz Hrvatske i svijeta\",\"potentialAction\":[{\"@type\":\"SearchAction\",\"target\":{\"@type\":\"EntryPoint\",\"urlTemplate\":\"https:\/\/odabrano.com\/?s={search_term_string}\"},\"query-input\":\"required name=search_term_string\"}],\"inLanguage\":\"en-US\"},{\"@type\":[\"Person\",\"Organization\"],\"@id\":\"https:\/\/odabrano.com\/#\/schema\/person\/460f2b14657879743f23c4f6a7cd3236\",\"name\":\"admin\",\"image\":{\"@type\":\"ImageObject\",\"inLanguage\":\"en-US\",\"@id\":\"https:\/\/odabrano.com\/#\/schema\/person\/image\/\",\"url\":\"https:\/\/odabrano.com\/wp-content\/uploads\/2024\/04\/dolar.jpg\",\"contentUrl\":\"https:\/\/odabrano.com\/wp-content\/uploads\/2024\/04\/dolar.jpg\",\"width\":1216,\"height\":519,\"caption\":\"admin\"},\"logo\":{\"@id\":\"https:\/\/odabrano.com\/#\/schema\/person\/image\/\"},\"sameAs\":[\"http:\/\/odabrano.com\"],\"url\":\"https:\/\/odabrano.com\/index.php\/author\/sokolneno_u3xb387h\/\"}]}<\/script>\n<!-- \/ Yoast SEO plugin. -->","yoast_head_json":{"title":"Vu\u010di\u0107 nazvao novinarku RTS-a \"imbecilom\", pa se ispri\u010dao - odabrano","robots":{"index":"index","follow":"follow","max-snippet":"max-snippet:-1","max-image-preview":"max-image-preview:large","max-video-preview":"max-video-preview:-1"},"canonical":"https:\/\/odabrano.com\/index.php\/2025\/03\/03\/vucic-nazvao-novinarku-rts-a-imbecilom-pa-se-ispricao\/","og_locale":"en_US","og_type":"article","og_title":"Vu\u010di\u0107 nazvao novinarku RTS-a \"imbecilom\", pa se ispri\u010dao - odabrano","og_description":"Novinari iz Ni\u0161a priop\u0107ili su da ne prihva\u0107aju ispriku predsjednika Srbije Aleksandra Vu\u010di\u0107a ni\u0161kim dopisnicima Radiotelevizije Srbije, koju je uputio nakon \u0161to je novinarku RTS-a koja je izvje\u0161tavala o prosvjedima u Ni\u0161u prije dva dana nazvao imbecilom.&nbsp; U toj isprici Vu\u010di\u0107 je ponovno kritizirao RTS-ove novinare, nazvav\u0161i ih sramotom za svoju profesiju.Ni\u0161ki dopisnici, novinari i &hellip;","og_url":"https:\/\/odabrano.com\/index.php\/2025\/03\/03\/vucic-nazvao-novinarku-rts-a-imbecilom-pa-se-ispricao\/","og_site_name":"odabrano","article_published_time":"2025-03-03T22:01:32+00:00","og_image":[{"width":1792,"height":1024,"url":"http:\/\/odabrano.com\/wp-content\/uploads\/2025\/03\/aleksa.webp","type":"image\/webp"}],"author":"admin","twitter_card":"summary_large_image","twitter_misc":{"Written by":"admin","Est. reading time":"3 minutes"},"schema":{"@context":"https:\/\/schema.org","@graph":[{"@type":"Article","@id":"https:\/\/odabrano.com\/index.php\/2025\/03\/03\/vucic-nazvao-novinarku-rts-a-imbecilom-pa-se-ispricao\/#article","isPartOf":{"@id":"https:\/\/odabrano.com\/index.php\/2025\/03\/03\/vucic-nazvao-novinarku-rts-a-imbecilom-pa-se-ispricao\/"},"author":{"name":"admin","@id":"https:\/\/odabrano.com\/#\/schema\/person\/460f2b14657879743f23c4f6a7cd3236"},"headline":"Vu\u010di\u0107 nazvao novinarku RTS-a &#8220;imbecilom&#8221;, pa se ispri\u010dao","datePublished":"2025-03-03T22:01:32+00:00","dateModified":"2025-03-03T22:01:32+00:00","mainEntityOfPage":{"@id":"https:\/\/odabrano.com\/index.php\/2025\/03\/03\/vucic-nazvao-novinarku-rts-a-imbecilom-pa-se-ispricao\/"},"wordCount":597,"publisher":{"@id":"https:\/\/odabrano.com\/#\/schema\/person\/460f2b14657879743f23c4f6a7cd3236"},"keywords":["aleksandar","vu\u010di\u0107"],"articleSection":["Istok"],"inLanguage":"en-US"},{"@type":"WebPage","@id":"https:\/\/odabrano.com\/index.php\/2025\/03\/03\/vucic-nazvao-novinarku-rts-a-imbecilom-pa-se-ispricao\/","url":"https:\/\/odabrano.com\/index.php\/2025\/03\/03\/vucic-nazvao-novinarku-rts-a-imbecilom-pa-se-ispricao\/","name":"Vu\u010di\u0107 nazvao novinarku RTS-a \"imbecilom\", pa se ispri\u010dao - odabrano","isPartOf":{"@id":"https:\/\/odabrano.com\/#website"},"datePublished":"2025-03-03T22:01:32+00:00","dateModified":"2025-03-03T22:01:32+00:00","breadcrumb":{"@id":"https:\/\/odabrano.com\/index.php\/2025\/03\/03\/vucic-nazvao-novinarku-rts-a-imbecilom-pa-se-ispricao\/#breadcrumb"},"inLanguage":"en-US","potentialAction":[{"@type":"ReadAction","target":["https:\/\/odabrano.com\/index.php\/2025\/03\/03\/vucic-nazvao-novinarku-rts-a-imbecilom-pa-se-ispricao\/"]}]},{"@type":"BreadcrumbList","@id":"https:\/\/odabrano.com\/index.php\/2025\/03\/03\/vucic-nazvao-novinarku-rts-a-imbecilom-pa-se-ispricao\/#breadcrumb","itemListElement":[{"@type":"ListItem","position":1,"name":"Home","item":"https:\/\/odabrano.com\/"},{"@type":"ListItem","position":2,"name":"Vu\u010di\u0107 nazvao novinarku RTS-a &#8220;imbecilom&#8221;, pa se ispri\u010dao"}]},{"@type":"WebSite","@id":"https:\/\/odabrano.com\/#website","url":"https:\/\/odabrano.com\/","name":"odabrano","description":"news portal koji nudi odabrane vijesti i informacije","publisher":{"@id":"https:\/\/odabrano.com\/#\/schema\/person\/460f2b14657879743f23c4f6a7cd3236"},"alternateName":"vijesti i informacije iz Hrvatske i svijeta","potentialAction":[{"@type":"SearchAction","target":{"@type":"EntryPoint","urlTemplate":"https:\/\/odabrano.com\/?s={search_term_string}"},"query-input":"required name=search_term_string"}],"inLanguage":"en-US"},{"@type":["Person","Organization"],"@id":"https:\/\/odabrano.com\/#\/schema\/person\/460f2b14657879743f23c4f6a7cd3236","name":"admin","image":{"@type":"ImageObject","inLanguage":"en-US","@id":"https:\/\/odabrano.com\/#\/schema\/person\/image\/","url":"https:\/\/odabrano.com\/wp-content\/uploads\/2024\/04\/dolar.jpg","contentUrl":"https:\/\/odabrano.com\/wp-content\/uploads\/2024\/04\/dolar.jpg","width":1216,"height":519,"caption":"admin"},"logo":{"@id":"https:\/\/odabrano.com\/#\/schema\/person\/image\/"},"sameAs":["http:\/\/odabrano.com"],"url":"https:\/\/odabrano.com\/index.php\/author\/sokolneno_u3xb387h\/"}]}},"_links":{"self":[{"href":"https:\/\/odabrano.com\/index.php\/wp-json\/wp\/v2\/posts\/5870","targetHints":{"allow":["GET"]}}],"collection":[{"href":"https:\/\/odabrano.com\/index.php\/wp-json\/wp\/v2\/posts"}],"about":[{"href":"https:\/\/odabrano.com\/index.php\/wp-json\/wp\/v2\/types\/post"}],"author":[{"embeddable":true,"href":"https:\/\/odabrano.com\/index.php\/wp-json\/wp\/v2\/users\/1"}],"replies":[{"embeddable":true,"href":"https:\/\/odabrano.com\/index.php\/wp-json\/wp\/v2\/comments?post=5870"}],"version-history":[{"count":1,"href":"https:\/\/odabrano.com\/index.php\/wp-json\/wp\/v2\/posts\/5870\/revisions"}],"predecessor-version":[{"id":5872,"href":"https:\/\/odabrano.com\/index.php\/wp-json\/wp\/v2\/posts\/5870\/revisions\/5872"}],"wp:featuredmedia":[{"embeddable":true,"href":"https:\/\/odabrano.com\/index.php\/wp-json\/wp\/v2\/media\/5871"}],"wp:attachment":[{"href":"https:\/\/odabrano.com\/index.php\/wp-json\/wp\/v2\/media?parent=5870"}],"wp:term":[{"taxonomy":"category","embeddable":true,"href":"https:\/\/odabrano.com\/index.php\/wp-json\/wp\/v2\/categories?post=5870"},{"taxonomy":"post_tag","embeddable":true,"href":"https:\/\/odabrano.com\/index.php\/wp-json\/wp\/v2\/tags?post=5870"}],"curies":[{"name":"wp","href":"https:\/\/api.w.org\/{rel}","templated":true}]}}