{"id":5855,"date":"2025-03-02T10:03:50","date_gmt":"2025-03-02T09:03:50","guid":{"rendered":"https:\/\/odabrano.com\/?p=5855"},"modified":"2025-03-02T10:03:52","modified_gmt":"2025-03-02T09:03:52","slug":"izrael-pristao-na-americki-plan-za-privremeni-prekid-vatre-u-gazi","status":"publish","type":"post","link":"https:\/\/odabrano.com\/index.php\/2025\/03\/02\/izrael-pristao-na-americki-plan-za-privremeni-prekid-vatre-u-gazi\/","title":{"rendered":"Izrael pristao na ameri\u010dki plan za privremeni prekid vatre u Gazi"},"content":{"rendered":"\n<p>Izrael \u0107e prihvatiti prijedlog Stevea Witkoffa, izaslanika ameri\u010dkog predsjednika Donalda Trumpa, za privremeni prekid vatre u Gazi u vrijeme Ramazana i Pesaha, priop\u0107io je ured izraelskoga premijera Benjamina Netanyahua u nedjelju rano ujutro, nekoliko sati nakon isteka prve faze prethodno dogovorenog prekida vatre.<\/p>\n\n\n\n<p>Prvoga dana Witkoffova prijedloga bit \u0107e pu\u0161teno pola talaca u Gazi, i mrtvih i \u017eivih, priop\u0107eno je iz Netanyahuova ureda.<br><br>U priop\u0107enju se dodaje da \u0107e preostali taoci biti pu\u0161teni kada bude postignut dogovor o trajnom prekidu vatre.<br><br>Witkoff je prijedlog iznio kako bi se trenuta\u010dni prekid vatre produljio, shvativ\u0161i da je potrebno jo\u0161 vremena kako bi se na pregovorima postigao dogovor o trajnom prekidu vatre, stoji u priop\u0107enju.<br><br>Glasnogovornik Hamasa Hazem Qassem u nedjelju je rekao da odbacuju izraelsku &#8220;formulaciju&#8221; o produ\u017eetku prve faze prekida vatre u Gazi, ali nije eksplicitno spomenuo Witkoffov plan.<br><br>Netanyahuov je ured priop\u0107io da \u0107e Izrael odmah pristupiti pregovorima o Witkoffovu planu, pristane li Hamas na njih.<br><br>&#8211; Prema sporazumu, Izrael se mo\u017ee vratiti borbama nakon 42. dana, bude li smatrao da su pregovori neuspje\u0161ni, stoji u priop\u0107enju Netanyahuova ureda u kojemu se Hamas optu\u017euje da je prekr\u0161io dogovor. Obje strane uzajamno se optu\u017euju za kr\u0161enje sporazuma.<br><br>Sporazumom o prekidu vatre postignutom 15. sije\u010dnja prekinute su borbe koje su trajale 15 mjeseci te je omogu\u0107ena razmjena 33 izraelska taoca i pet Tajlan\u0111ana za oko 2000 palestinskih zatvorenika i uhi\u0107enika. To je trebalo dovesti do razgovora kojima bi se postigao sporazum o prekidu vatre.<br><br>Pregovori o prekidu vatre traju, odnedavno u Kairu, ali sporazum nije postignut.<\/p>\n","protected":false},"excerpt":{"rendered":"<p>Izrael \u0107e prihvatiti prijedlog Stevea Witkoffa, izaslanika ameri\u010dkog predsjednika Donalda Trumpa, za privremeni prekid vatre u Gazi u vrijeme Ramazana i Pesaha, priop\u0107io je ured izraelskoga premijera Benjamina Netanyahua u nedjelju rano ujutro, nekoliko sati nakon isteka prve faze prethodno dogovorenog prekida vatre. Prvoga dana Witkoffova prijedloga bit \u0107e pu\u0161teno pola talaca u Gazi, i &hellip;<\/p>\n","protected":false},"author":1,"featured_media":5856,"comment_status":"closed","ping_status":"open","sticky":false,"template":"","format":"standard","meta":{"_monsterinsights_skip_tracking":false,"_monsterinsights_sitenote_active":false,"_monsterinsights_sitenote_note":"","_monsterinsights_sitenote_category":0,"footnotes":""},"categories":[9],"tags":[21,75],"class_list":["post-5855","post","type-post","status-publish","format-standard","has-post-thumbnail","","category-svijet","tag-gaza","tag-izrael"],"yoast_head":"<!-- This site is optimized with the Yoast SEO plugin v22.1 - https:\/\/yoast.com\/wordpress\/plugins\/seo\/ -->\n<title>Izrael pristao na ameri\u010dki plan za privremeni prekid vatre u Gazi - odabrano<\/title>\n<meta name=\"robots\" content=\"index, follow, max-snippet:-1, max-image-preview:large, max-video-preview:-1\" \/>\n<link rel=\"canonical\" href=\"https:\/\/odabrano.com\/index.php\/2025\/03\/02\/izrael-pristao-na-americki-plan-za-privremeni-prekid-vatre-u-gazi\/\" \/>\n<meta property=\"og:locale\" content=\"en_US\" \/>\n<meta property=\"og:type\" content=\"article\" \/>\n<meta property=\"og:title\" content=\"Izrael pristao na ameri\u010dki plan za privremeni prekid vatre u Gazi - odabrano\" \/>\n<meta property=\"og:description\" content=\"Izrael \u0107e prihvatiti prijedlog Stevea Witkoffa, izaslanika ameri\u010dkog predsjednika Donalda Trumpa, za privremeni prekid vatre u Gazi u vrijeme Ramazana i Pesaha, priop\u0107io je ured izraelskoga premijera Benjamina Netanyahua u nedjelju rano ujutro, nekoliko sati nakon isteka prve faze prethodno dogovorenog prekida vatre. Prvoga dana Witkoffova prijedloga bit \u0107e pu\u0161teno pola talaca u Gazi, i &hellip;\" \/>\n<meta property=\"og:url\" content=\"https:\/\/odabrano.com\/index.php\/2025\/03\/02\/izrael-pristao-na-americki-plan-za-privremeni-prekid-vatre-u-gazi\/\" \/>\n<meta property=\"og:site_name\" content=\"odabrano\" \/>\n<meta property=\"article:published_time\" content=\"2025-03-02T09:03:50+00:00\" \/>\n<meta property=\"article:modified_time\" content=\"2025-03-02T09:03:52+00:00\" \/>\n<meta property=\"og:image\" content=\"http:\/\/odabrano.com\/wp-content\/uploads\/2025\/03\/gaza.webp\" \/>\n\t<meta property=\"og:image:width\" content=\"740\" \/>\n\t<meta property=\"og:image:height\" content=\"438\" \/>\n\t<meta property=\"og:image:type\" content=\"image\/webp\" \/>\n<meta name=\"author\" content=\"admin\" \/>\n<meta name=\"twitter:card\" content=\"summary_large_image\" \/>\n<meta name=\"twitter:label1\" content=\"Written by\" \/>\n\t<meta name=\"twitter:data1\" content=\"admin\" \/>\n\t<meta name=\"twitter:label2\" content=\"Est. reading time\" \/>\n\t<meta name=\"twitter:data2\" content=\"2 minutes\" \/>\n<script type=\"application\/ld+json\" class=\"yoast-schema-graph\">{\"@context\":\"https:\/\/schema.org\",\"@graph\":[{\"@type\":\"Article\",\"@id\":\"https:\/\/odabrano.com\/index.php\/2025\/03\/02\/izrael-pristao-na-americki-plan-za-privremeni-prekid-vatre-u-gazi\/#article\",\"isPartOf\":{\"@id\":\"https:\/\/odabrano.com\/index.php\/2025\/03\/02\/izrael-pristao-na-americki-plan-za-privremeni-prekid-vatre-u-gazi\/\"},\"author\":{\"name\":\"admin\",\"@id\":\"https:\/\/odabrano.com\/#\/schema\/person\/460f2b14657879743f23c4f6a7cd3236\"},\"headline\":\"Izrael pristao na ameri\u010dki plan za privremeni prekid vatre u Gazi\",\"datePublished\":\"2025-03-02T09:03:50+00:00\",\"dateModified\":\"2025-03-02T09:03:52+00:00\",\"mainEntityOfPage\":{\"@id\":\"https:\/\/odabrano.com\/index.php\/2025\/03\/02\/izrael-pristao-na-americki-plan-za-privremeni-prekid-vatre-u-gazi\/\"},\"wordCount\":283,\"publisher\":{\"@id\":\"https:\/\/odabrano.com\/#\/schema\/person\/460f2b14657879743f23c4f6a7cd3236\"},\"keywords\":[\"gaza\",\"izrael\"],\"articleSection\":[\"Svijet\"],\"inLanguage\":\"en-US\"},{\"@type\":\"WebPage\",\"@id\":\"https:\/\/odabrano.com\/index.php\/2025\/03\/02\/izrael-pristao-na-americki-plan-za-privremeni-prekid-vatre-u-gazi\/\",\"url\":\"https:\/\/odabrano.com\/index.php\/2025\/03\/02\/izrael-pristao-na-americki-plan-za-privremeni-prekid-vatre-u-gazi\/\",\"name\":\"Izrael pristao na ameri\u010dki plan za privremeni prekid vatre u Gazi - odabrano\",\"isPartOf\":{\"@id\":\"https:\/\/odabrano.com\/#website\"},\"datePublished\":\"2025-03-02T09:03:50+00:00\",\"dateModified\":\"2025-03-02T09:03:52+00:00\",\"breadcrumb\":{\"@id\":\"https:\/\/odabrano.com\/index.php\/2025\/03\/02\/izrael-pristao-na-americki-plan-za-privremeni-prekid-vatre-u-gazi\/#breadcrumb\"},\"inLanguage\":\"en-US\",\"potentialAction\":[{\"@type\":\"ReadAction\",\"target\":[\"https:\/\/odabrano.com\/index.php\/2025\/03\/02\/izrael-pristao-na-americki-plan-za-privremeni-prekid-vatre-u-gazi\/\"]}]},{\"@type\":\"BreadcrumbList\",\"@id\":\"https:\/\/odabrano.com\/index.php\/2025\/03\/02\/izrael-pristao-na-americki-plan-za-privremeni-prekid-vatre-u-gazi\/#breadcrumb\",\"itemListElement\":[{\"@type\":\"ListItem\",\"position\":1,\"name\":\"Home\",\"item\":\"https:\/\/odabrano.com\/\"},{\"@type\":\"ListItem\",\"position\":2,\"name\":\"Izrael pristao na ameri\u010dki plan za privremeni prekid vatre u Gazi\"}]},{\"@type\":\"WebSite\",\"@id\":\"https:\/\/odabrano.com\/#website\",\"url\":\"https:\/\/odabrano.com\/\",\"name\":\"odabrano\",\"description\":\"news portal koji nudi odabrane vijesti i informacije\",\"publisher\":{\"@id\":\"https:\/\/odabrano.com\/#\/schema\/person\/460f2b14657879743f23c4f6a7cd3236\"},\"alternateName\":\"vijesti i informacije iz Hrvatske i svijeta\",\"potentialAction\":[{\"@type\":\"SearchAction\",\"target\":{\"@type\":\"EntryPoint\",\"urlTemplate\":\"https:\/\/odabrano.com\/?s={search_term_string}\"},\"query-input\":\"required name=search_term_string\"}],\"inLanguage\":\"en-US\"},{\"@type\":[\"Person\",\"Organization\"],\"@id\":\"https:\/\/odabrano.com\/#\/schema\/person\/460f2b14657879743f23c4f6a7cd3236\",\"name\":\"admin\",\"image\":{\"@type\":\"ImageObject\",\"inLanguage\":\"en-US\",\"@id\":\"https:\/\/odabrano.com\/#\/schema\/person\/image\/\",\"url\":\"https:\/\/odabrano.com\/wp-content\/uploads\/2024\/04\/dolar.jpg\",\"contentUrl\":\"https:\/\/odabrano.com\/wp-content\/uploads\/2024\/04\/dolar.jpg\",\"width\":1216,\"height\":519,\"caption\":\"admin\"},\"logo\":{\"@id\":\"https:\/\/odabrano.com\/#\/schema\/person\/image\/\"},\"sameAs\":[\"http:\/\/odabrano.com\"],\"url\":\"https:\/\/odabrano.com\/index.php\/author\/sokolneno_u3xb387h\/\"}]}<\/script>\n<!-- \/ Yoast SEO plugin. -->","yoast_head_json":{"title":"Izrael pristao na ameri\u010dki plan za privremeni prekid vatre u Gazi - odabrano","robots":{"index":"index","follow":"follow","max-snippet":"max-snippet:-1","max-image-preview":"max-image-preview:large","max-video-preview":"max-video-preview:-1"},"canonical":"https:\/\/odabrano.com\/index.php\/2025\/03\/02\/izrael-pristao-na-americki-plan-za-privremeni-prekid-vatre-u-gazi\/","og_locale":"en_US","og_type":"article","og_title":"Izrael pristao na ameri\u010dki plan za privremeni prekid vatre u Gazi - odabrano","og_description":"Izrael \u0107e prihvatiti prijedlog Stevea Witkoffa, izaslanika ameri\u010dkog predsjednika Donalda Trumpa, za privremeni prekid vatre u Gazi u vrijeme Ramazana i Pesaha, priop\u0107io je ured izraelskoga premijera Benjamina Netanyahua u nedjelju rano ujutro, nekoliko sati nakon isteka prve faze prethodno dogovorenog prekida vatre. Prvoga dana Witkoffova prijedloga bit \u0107e pu\u0161teno pola talaca u Gazi, i &hellip;","og_url":"https:\/\/odabrano.com\/index.php\/2025\/03\/02\/izrael-pristao-na-americki-plan-za-privremeni-prekid-vatre-u-gazi\/","og_site_name":"odabrano","article_published_time":"2025-03-02T09:03:50+00:00","article_modified_time":"2025-03-02T09:03:52+00:00","og_image":[{"width":740,"height":438,"url":"http:\/\/odabrano.com\/wp-content\/uploads\/2025\/03\/gaza.webp","type":"image\/webp"}],"author":"admin","twitter_card":"summary_large_image","twitter_misc":{"Written by":"admin","Est. reading time":"2 minutes"},"schema":{"@context":"https:\/\/schema.org","@graph":[{"@type":"Article","@id":"https:\/\/odabrano.com\/index.php\/2025\/03\/02\/izrael-pristao-na-americki-plan-za-privremeni-prekid-vatre-u-gazi\/#article","isPartOf":{"@id":"https:\/\/odabrano.com\/index.php\/2025\/03\/02\/izrael-pristao-na-americki-plan-za-privremeni-prekid-vatre-u-gazi\/"},"author":{"name":"admin","@id":"https:\/\/odabrano.com\/#\/schema\/person\/460f2b14657879743f23c4f6a7cd3236"},"headline":"Izrael pristao na ameri\u010dki plan za privremeni prekid vatre u Gazi","datePublished":"2025-03-02T09:03:50+00:00","dateModified":"2025-03-02T09:03:52+00:00","mainEntityOfPage":{"@id":"https:\/\/odabrano.com\/index.php\/2025\/03\/02\/izrael-pristao-na-americki-plan-za-privremeni-prekid-vatre-u-gazi\/"},"wordCount":283,"publisher":{"@id":"https:\/\/odabrano.com\/#\/schema\/person\/460f2b14657879743f23c4f6a7cd3236"},"keywords":["gaza","izrael"],"articleSection":["Svijet"],"inLanguage":"en-US"},{"@type":"WebPage","@id":"https:\/\/odabrano.com\/index.php\/2025\/03\/02\/izrael-pristao-na-americki-plan-za-privremeni-prekid-vatre-u-gazi\/","url":"https:\/\/odabrano.com\/index.php\/2025\/03\/02\/izrael-pristao-na-americki-plan-za-privremeni-prekid-vatre-u-gazi\/","name":"Izrael pristao na ameri\u010dki plan za privremeni prekid vatre u Gazi - odabrano","isPartOf":{"@id":"https:\/\/odabrano.com\/#website"},"datePublished":"2025-03-02T09:03:50+00:00","dateModified":"2025-03-02T09:03:52+00:00","breadcrumb":{"@id":"https:\/\/odabrano.com\/index.php\/2025\/03\/02\/izrael-pristao-na-americki-plan-za-privremeni-prekid-vatre-u-gazi\/#breadcrumb"},"inLanguage":"en-US","potentialAction":[{"@type":"ReadAction","target":["https:\/\/odabrano.com\/index.php\/2025\/03\/02\/izrael-pristao-na-americki-plan-za-privremeni-prekid-vatre-u-gazi\/"]}]},{"@type":"BreadcrumbList","@id":"https:\/\/odabrano.com\/index.php\/2025\/03\/02\/izrael-pristao-na-americki-plan-za-privremeni-prekid-vatre-u-gazi\/#breadcrumb","itemListElement":[{"@type":"ListItem","position":1,"name":"Home","item":"https:\/\/odabrano.com\/"},{"@type":"ListItem","position":2,"name":"Izrael pristao na ameri\u010dki plan za privremeni prekid vatre u Gazi"}]},{"@type":"WebSite","@id":"https:\/\/odabrano.com\/#website","url":"https:\/\/odabrano.com\/","name":"odabrano","description":"news portal koji nudi odabrane vijesti i informacije","publisher":{"@id":"https:\/\/odabrano.com\/#\/schema\/person\/460f2b14657879743f23c4f6a7cd3236"},"alternateName":"vijesti i informacije iz Hrvatske i svijeta","potentialAction":[{"@type":"SearchAction","target":{"@type":"EntryPoint","urlTemplate":"https:\/\/odabrano.com\/?s={search_term_string}"},"query-input":"required name=search_term_string"}],"inLanguage":"en-US"},{"@type":["Person","Organization"],"@id":"https:\/\/odabrano.com\/#\/schema\/person\/460f2b14657879743f23c4f6a7cd3236","name":"admin","image":{"@type":"ImageObject","inLanguage":"en-US","@id":"https:\/\/odabrano.com\/#\/schema\/person\/image\/","url":"https:\/\/odabrano.com\/wp-content\/uploads\/2024\/04\/dolar.jpg","contentUrl":"https:\/\/odabrano.com\/wp-content\/uploads\/2024\/04\/dolar.jpg","width":1216,"height":519,"caption":"admin"},"logo":{"@id":"https:\/\/odabrano.com\/#\/schema\/person\/image\/"},"sameAs":["http:\/\/odabrano.com"],"url":"https:\/\/odabrano.com\/index.php\/author\/sokolneno_u3xb387h\/"}]}},"_links":{"self":[{"href":"https:\/\/odabrano.com\/index.php\/wp-json\/wp\/v2\/posts\/5855","targetHints":{"allow":["GET"]}}],"collection":[{"href":"https:\/\/odabrano.com\/index.php\/wp-json\/wp\/v2\/posts"}],"about":[{"href":"https:\/\/odabrano.com\/index.php\/wp-json\/wp\/v2\/types\/post"}],"author":[{"embeddable":true,"href":"https:\/\/odabrano.com\/index.php\/wp-json\/wp\/v2\/users\/1"}],"replies":[{"embeddable":true,"href":"https:\/\/odabrano.com\/index.php\/wp-json\/wp\/v2\/comments?post=5855"}],"version-history":[{"count":1,"href":"https:\/\/odabrano.com\/index.php\/wp-json\/wp\/v2\/posts\/5855\/revisions"}],"predecessor-version":[{"id":5857,"href":"https:\/\/odabrano.com\/index.php\/wp-json\/wp\/v2\/posts\/5855\/revisions\/5857"}],"wp:featuredmedia":[{"embeddable":true,"href":"https:\/\/odabrano.com\/index.php\/wp-json\/wp\/v2\/media\/5856"}],"wp:attachment":[{"href":"https:\/\/odabrano.com\/index.php\/wp-json\/wp\/v2\/media?parent=5855"}],"wp:term":[{"taxonomy":"category","embeddable":true,"href":"https:\/\/odabrano.com\/index.php\/wp-json\/wp\/v2\/categories?post=5855"},{"taxonomy":"post_tag","embeddable":true,"href":"https:\/\/odabrano.com\/index.php\/wp-json\/wp\/v2\/tags?post=5855"}],"curies":[{"name":"wp","href":"https:\/\/api.w.org\/{rel}","templated":true}]}}