{"id":5852,"date":"2025-03-01T16:29:27","date_gmt":"2025-03-01T15:29:27","guid":{"rendered":"https:\/\/odabrano.com\/?p=5852"},"modified":"2025-03-01T16:29:28","modified_gmt":"2025-03-01T15:29:28","slug":"zelenski-zahvalan-sam-sjedinjenim-drzavama-odnos-s-trumpom-se-moze-spasiti","status":"publish","type":"post","link":"https:\/\/odabrano.com\/index.php\/2025\/03\/01\/zelenski-zahvalan-sam-sjedinjenim-drzavama-odnos-s-trumpom-se-moze-spasiti\/","title":{"rendered":"Zelenski: \u201cZahvalan sam Sjedinjenim Dr\u017eavama, odnos s Trumpom se mo\u017ee spasiti\u201d"},"content":{"rendered":"\n<p><em>Ukrajinski predsjednik \u017eelio bi da Trump bude &#8220;vi\u0161e na strani Kijeva&#8221;, a ne &#8220;u sredini&#8221;, kako je ju\u010der izjavio ameri\u010dki predsjednik<\/em><\/p>\n\n\n\n<p>Ukrajinski predsjednik,&nbsp;<strong>Volodymyr Zelensky<\/strong>, ponovio je da je &#8220;zahvalan&#8221; Americi, predsjedniku&nbsp;<strong>Donald Trump<\/strong>&nbsp;i u Kongres. Tijekom intervjua na kanalu \u201cFox News\u201d,&nbsp;<a href=\"https:\/\/www.agenzianova.com\/hr\/news\/nakon-okr%C5%A1aja-s-trumpom-europa-se-okuplja-oko-zelenskog-nisi-sam\/\">nakon sudara<\/a>&nbsp;s Trumpom u Ovalnom uredu, Zelenski je rekao da je &#8220;uvijek bio zahvalan: u\u010dinio si puno i pomogao si nam da pre\u017eivimo&#8221;.<\/p>\n\n\n\n<p>Odnos s Donaldom Trumpom &#8220;mo\u017ee se spasiti&#8221;, dodao je predsjednik. &#8220;Odnos izme\u0111u na\u0161ih zemalja i na\u0161ih naroda je sna\u017ean i povijesni: ne \u017eelimo izgubiti na\u0161e ameri\u010dke partnere&#8221;, rekao je.<\/p>\n\n\n\n<p>Zelenski nije izravno odgovorio na postavljeno mu pitanje&nbsp;<strong>Bret Baier<\/strong>, voditelja &#8220;Fox Newsa&#8221;, koji je pitao namjerava li se ispri\u010dati Trumpu nakon sukoba u Ovalnom uredu. Tijekom intervjua, ukrajinski predsjednik ponovio je svoje po\u0161tovanje prema Trumpu i Sjedinjenim Dr\u017eavama, dodaju\u0107i da je uvjeren da je &#8220;potrebno biti transparentan: nisam siguran da sam u\u010dinio ne\u0161to lo\u0161e, jer se mora razumjeti pozicija Ukrajine&#8221;. Ukrajina i Sjedinjene Dr\u017eave su &#8220;strate\u0161ki partneri&#8221;, a \u010dak i uz &#8220;te\u0161ki dijalog, mislim da je vrlo va\u017eno biti iskren i izravan&#8221;.<\/p>\n\n\n\n<p>Zelenski je rekao da \u017eeli da Trump bude &#8220;vi\u0161e na strani Kijeva&#8221;, a ne &#8220;u sredini&#8221;, kako je ameri\u010dki predsjednik ju\u010der izjavio. Ukrajinski \u010delnik rekao je kako se nada da \u0107e Trump biti vi\u0161e na strani Ukrajine, a ne samo posrednik, podsjetiv\u0161i da je Rusija ta koja je napala zemlju.<\/p>\n\n\n\n<p>Ukrajini bi bilo \u201cte\u0161ko\u201d potisnuti Rusiju bez potpore SAD-a, priznao je Zelenski. &#8220;Me\u0111utim, ne mo\u017eemo izgubiti slobodu&#8221;, rekao je, dodaju\u0107i da je dogovor o mineralima trebao biti &#8220;prvi korak&#8221; prema sigurnosnim jamstvima za Ukrajinu. Bez njih, dodao je, \u201cnitko ne\u0107e stati, jer se toga boje&nbsp;<strong>Putin<\/strong>&nbsp;mogu li se vratiti sutra\u201d.<\/p>\n\n\n\n<p>Ukrajinski predsjednik ponovio je potrebu za sigurnosnim jamstvima Sjedinjenih Dr\u017eava u sklopu sporazuma o primirju s Rusijom, rekav\u0161i da bi &#8220;samo primirje bez sigurnosnih jamstava bilo vrlo osjetljivo pitanje za moj narod, koji je u ratu ve\u0107 tri godine&#8221;. Zelenski je uvjeravao da nitko vi\u0161e od Ukrajine ne \u017eeli okon\u010danje rata. \u201cMi smo ti koji ratuju za svoje \u017eivote i svoju slobodu\u201d, rekao je.<\/p>\n\n\n\n<p>Ukrajina je &#8220;spremna za mir&#8221;, ali mora imati &#8220;sna\u017enu poziciju&#8221; za pregovara\u010dkim stolom i potporu saveznika, naglasio je Volodymyr Zelensky. &#8220;Za pravedan i trajan mir moramo imati jaku poziciju za pregovara\u010dkim stolom, koji mora uklju\u010divati \u200b\u200bSjedinjene Dr\u017eave i Europu&#8221;, rekao je.<\/p>\n\n\n\n<p>Ukrajinski predsjednik tako\u0111er je izjavio da zasad nema namjeru podnijeti ostavku. Tijekom intervjua za \u201cFox News\u201d Zelenski je odgovorio na pitanje o nedavnim komentarima republikanskog senatora&nbsp;<strong>Lindsey Graham<\/strong>, koji je zatra\u017eio njegovu ostavku. \u201cO tome mo\u017ee odlu\u010diti samo ukrajinski narod\u201d, rekao je.<\/p>\n\n\n\n<p>Suprotno o\u010dekivanjima, britanski premijer&nbsp;<strong>Keir Starmer<\/strong>&nbsp;i ukrajinski predsjednik Zelenski sastat \u0107e se danas poslijepodne u Downing Streetu 10. Tako je izvijestila londonska vlada, koja je objavila priop\u0107enje nakon vijesti o dolasku Zelenskog u londonsku zra\u010dnu luku Stansted. Zelenski \u0107e sutra sudjelovati na summitu o europskoj obrani i Ukrajini koji je sazvao Starmer, a na kojem \u0107e sudjelovati \u010delnici nekoliko zemalja EU-a, uklju\u010duju\u0107i predsjednika Vije\u0107a&nbsp;<strong>Giorgia Meloni<\/strong>, i glavni tajnik NATO-a,&nbsp;<strong>Mark Rutte<\/strong>.<\/p>\n","protected":false},"excerpt":{"rendered":"<p>Ukrajinski predsjednik \u017eelio bi da Trump bude &#8220;vi\u0161e na strani Kijeva&#8221;, a ne &#8220;u sredini&#8221;, kako je ju\u010der izjavio ameri\u010dki predsjednik Ukrajinski predsjednik,&nbsp;Volodymyr Zelensky, ponovio je da je &#8220;zahvalan&#8221; Americi, predsjedniku&nbsp;Donald Trump&nbsp;i u Kongres. Tijekom intervjua na kanalu \u201cFox News\u201d,&nbsp;nakon sudara&nbsp;s Trumpom u Ovalnom uredu, Zelenski je rekao da je &#8220;uvijek bio zahvalan: u\u010dinio si &hellip;<\/p>\n","protected":false},"author":1,"featured_media":5853,"comment_status":"closed","ping_status":"open","sticky":false,"template":"","format":"standard","meta":{"_monsterinsights_skip_tracking":false,"_monsterinsights_sitenote_active":false,"_monsterinsights_sitenote_note":"","_monsterinsights_sitenote_category":0,"footnotes":""},"categories":[9],"tags":[143,488],"class_list":["post-5852","post","type-post","status-publish","format-standard","has-post-thumbnail","","category-svijet","tag-trump","tag-zelenski"],"yoast_head":"<!-- This site is optimized with the Yoast SEO plugin v22.1 - https:\/\/yoast.com\/wordpress\/plugins\/seo\/ -->\n<title>Zelenski: \u201cZahvalan sam Sjedinjenim Dr\u017eavama, odnos s Trumpom se mo\u017ee spasiti\u201d - odabrano<\/title>\n<meta name=\"robots\" content=\"index, follow, max-snippet:-1, max-image-preview:large, max-video-preview:-1\" \/>\n<link rel=\"canonical\" href=\"https:\/\/odabrano.com\/index.php\/2025\/03\/01\/zelenski-zahvalan-sam-sjedinjenim-drzavama-odnos-s-trumpom-se-moze-spasiti\/\" \/>\n<meta property=\"og:locale\" content=\"en_US\" \/>\n<meta property=\"og:type\" content=\"article\" \/>\n<meta property=\"og:title\" content=\"Zelenski: \u201cZahvalan sam Sjedinjenim Dr\u017eavama, odnos s Trumpom se mo\u017ee spasiti\u201d - odabrano\" \/>\n<meta property=\"og:description\" content=\"Ukrajinski predsjednik \u017eelio bi da Trump bude &#8220;vi\u0161e na strani Kijeva&#8221;, a ne &#8220;u sredini&#8221;, kako je ju\u010der izjavio ameri\u010dki predsjednik Ukrajinski predsjednik,&nbsp;Volodymyr Zelensky, ponovio je da je &#8220;zahvalan&#8221; Americi, predsjedniku&nbsp;Donald Trump&nbsp;i u Kongres. Tijekom intervjua na kanalu \u201cFox News\u201d,&nbsp;nakon sudara&nbsp;s Trumpom u Ovalnom uredu, Zelenski je rekao da je &#8220;uvijek bio zahvalan: u\u010dinio si &hellip;\" \/>\n<meta property=\"og:url\" content=\"https:\/\/odabrano.com\/index.php\/2025\/03\/01\/zelenski-zahvalan-sam-sjedinjenim-drzavama-odnos-s-trumpom-se-moze-spasiti\/\" \/>\n<meta property=\"og:site_name\" content=\"odabrano\" \/>\n<meta property=\"article:published_time\" content=\"2025-03-01T15:29:27+00:00\" \/>\n<meta property=\"article:modified_time\" content=\"2025-03-01T15:29:28+00:00\" \/>\n<meta property=\"og:image\" content=\"http:\/\/odabrano.com\/wp-content\/uploads\/2025\/03\/Trump-Zelensy.jpeg\" \/>\n\t<meta property=\"og:image:width\" content=\"533\" \/>\n\t<meta property=\"og:image:height\" content=\"261\" \/>\n\t<meta property=\"og:image:type\" content=\"image\/jpeg\" \/>\n<meta name=\"author\" content=\"admin\" \/>\n<meta name=\"twitter:card\" content=\"summary_large_image\" \/>\n<meta name=\"twitter:label1\" content=\"Written by\" \/>\n\t<meta name=\"twitter:data1\" content=\"admin\" \/>\n\t<meta name=\"twitter:label2\" content=\"Est. reading time\" \/>\n\t<meta name=\"twitter:data2\" content=\"3 minutes\" \/>\n<script type=\"application\/ld+json\" class=\"yoast-schema-graph\">{\"@context\":\"https:\/\/schema.org\",\"@graph\":[{\"@type\":\"Article\",\"@id\":\"https:\/\/odabrano.com\/index.php\/2025\/03\/01\/zelenski-zahvalan-sam-sjedinjenim-drzavama-odnos-s-trumpom-se-moze-spasiti\/#article\",\"isPartOf\":{\"@id\":\"https:\/\/odabrano.com\/index.php\/2025\/03\/01\/zelenski-zahvalan-sam-sjedinjenim-drzavama-odnos-s-trumpom-se-moze-spasiti\/\"},\"author\":{\"name\":\"admin\",\"@id\":\"https:\/\/odabrano.com\/#\/schema\/person\/460f2b14657879743f23c4f6a7cd3236\"},\"headline\":\"Zelenski: \u201cZahvalan sam Sjedinjenim Dr\u017eavama, odnos s Trumpom se mo\u017ee spasiti\u201d\",\"datePublished\":\"2025-03-01T15:29:27+00:00\",\"dateModified\":\"2025-03-01T15:29:28+00:00\",\"mainEntityOfPage\":{\"@id\":\"https:\/\/odabrano.com\/index.php\/2025\/03\/01\/zelenski-zahvalan-sam-sjedinjenim-drzavama-odnos-s-trumpom-se-moze-spasiti\/\"},\"wordCount\":577,\"publisher\":{\"@id\":\"https:\/\/odabrano.com\/#\/schema\/person\/460f2b14657879743f23c4f6a7cd3236\"},\"keywords\":[\"trump\",\"zelenski\"],\"articleSection\":[\"Svijet\"],\"inLanguage\":\"en-US\"},{\"@type\":\"WebPage\",\"@id\":\"https:\/\/odabrano.com\/index.php\/2025\/03\/01\/zelenski-zahvalan-sam-sjedinjenim-drzavama-odnos-s-trumpom-se-moze-spasiti\/\",\"url\":\"https:\/\/odabrano.com\/index.php\/2025\/03\/01\/zelenski-zahvalan-sam-sjedinjenim-drzavama-odnos-s-trumpom-se-moze-spasiti\/\",\"name\":\"Zelenski: \u201cZahvalan sam Sjedinjenim Dr\u017eavama, odnos s Trumpom se mo\u017ee spasiti\u201d - odabrano\",\"isPartOf\":{\"@id\":\"https:\/\/odabrano.com\/#website\"},\"datePublished\":\"2025-03-01T15:29:27+00:00\",\"dateModified\":\"2025-03-01T15:29:28+00:00\",\"breadcrumb\":{\"@id\":\"https:\/\/odabrano.com\/index.php\/2025\/03\/01\/zelenski-zahvalan-sam-sjedinjenim-drzavama-odnos-s-trumpom-se-moze-spasiti\/#breadcrumb\"},\"inLanguage\":\"en-US\",\"potentialAction\":[{\"@type\":\"ReadAction\",\"target\":[\"https:\/\/odabrano.com\/index.php\/2025\/03\/01\/zelenski-zahvalan-sam-sjedinjenim-drzavama-odnos-s-trumpom-se-moze-spasiti\/\"]}]},{\"@type\":\"BreadcrumbList\",\"@id\":\"https:\/\/odabrano.com\/index.php\/2025\/03\/01\/zelenski-zahvalan-sam-sjedinjenim-drzavama-odnos-s-trumpom-se-moze-spasiti\/#breadcrumb\",\"itemListElement\":[{\"@type\":\"ListItem\",\"position\":1,\"name\":\"Home\",\"item\":\"https:\/\/odabrano.com\/\"},{\"@type\":\"ListItem\",\"position\":2,\"name\":\"Zelenski: \u201cZahvalan sam Sjedinjenim Dr\u017eavama, odnos s Trumpom se mo\u017ee spasiti\u201d\"}]},{\"@type\":\"WebSite\",\"@id\":\"https:\/\/odabrano.com\/#website\",\"url\":\"https:\/\/odabrano.com\/\",\"name\":\"odabrano\",\"description\":\"news portal koji nudi odabrane vijesti i informacije\",\"publisher\":{\"@id\":\"https:\/\/odabrano.com\/#\/schema\/person\/460f2b14657879743f23c4f6a7cd3236\"},\"alternateName\":\"vijesti i informacije iz Hrvatske i svijeta\",\"potentialAction\":[{\"@type\":\"SearchAction\",\"target\":{\"@type\":\"EntryPoint\",\"urlTemplate\":\"https:\/\/odabrano.com\/?s={search_term_string}\"},\"query-input\":\"required name=search_term_string\"}],\"inLanguage\":\"en-US\"},{\"@type\":[\"Person\",\"Organization\"],\"@id\":\"https:\/\/odabrano.com\/#\/schema\/person\/460f2b14657879743f23c4f6a7cd3236\",\"name\":\"admin\",\"image\":{\"@type\":\"ImageObject\",\"inLanguage\":\"en-US\",\"@id\":\"https:\/\/odabrano.com\/#\/schema\/person\/image\/\",\"url\":\"https:\/\/odabrano.com\/wp-content\/uploads\/2024\/04\/dolar.jpg\",\"contentUrl\":\"https:\/\/odabrano.com\/wp-content\/uploads\/2024\/04\/dolar.jpg\",\"width\":1216,\"height\":519,\"caption\":\"admin\"},\"logo\":{\"@id\":\"https:\/\/odabrano.com\/#\/schema\/person\/image\/\"},\"sameAs\":[\"http:\/\/odabrano.com\"],\"url\":\"https:\/\/odabrano.com\/index.php\/author\/sokolneno_u3xb387h\/\"}]}<\/script>\n<!-- \/ Yoast SEO plugin. -->","yoast_head_json":{"title":"Zelenski: \u201cZahvalan sam Sjedinjenim Dr\u017eavama, odnos s Trumpom se mo\u017ee spasiti\u201d - odabrano","robots":{"index":"index","follow":"follow","max-snippet":"max-snippet:-1","max-image-preview":"max-image-preview:large","max-video-preview":"max-video-preview:-1"},"canonical":"https:\/\/odabrano.com\/index.php\/2025\/03\/01\/zelenski-zahvalan-sam-sjedinjenim-drzavama-odnos-s-trumpom-se-moze-spasiti\/","og_locale":"en_US","og_type":"article","og_title":"Zelenski: \u201cZahvalan sam Sjedinjenim Dr\u017eavama, odnos s Trumpom se mo\u017ee spasiti\u201d - odabrano","og_description":"Ukrajinski predsjednik \u017eelio bi da Trump bude &#8220;vi\u0161e na strani Kijeva&#8221;, a ne &#8220;u sredini&#8221;, kako je ju\u010der izjavio ameri\u010dki predsjednik Ukrajinski predsjednik,&nbsp;Volodymyr Zelensky, ponovio je da je &#8220;zahvalan&#8221; Americi, predsjedniku&nbsp;Donald Trump&nbsp;i u Kongres. Tijekom intervjua na kanalu \u201cFox News\u201d,&nbsp;nakon sudara&nbsp;s Trumpom u Ovalnom uredu, Zelenski je rekao da je &#8220;uvijek bio zahvalan: u\u010dinio si &hellip;","og_url":"https:\/\/odabrano.com\/index.php\/2025\/03\/01\/zelenski-zahvalan-sam-sjedinjenim-drzavama-odnos-s-trumpom-se-moze-spasiti\/","og_site_name":"odabrano","article_published_time":"2025-03-01T15:29:27+00:00","article_modified_time":"2025-03-01T15:29:28+00:00","og_image":[{"width":533,"height":261,"url":"http:\/\/odabrano.com\/wp-content\/uploads\/2025\/03\/Trump-Zelensy.jpeg","type":"image\/jpeg"}],"author":"admin","twitter_card":"summary_large_image","twitter_misc":{"Written by":"admin","Est. reading time":"3 minutes"},"schema":{"@context":"https:\/\/schema.org","@graph":[{"@type":"Article","@id":"https:\/\/odabrano.com\/index.php\/2025\/03\/01\/zelenski-zahvalan-sam-sjedinjenim-drzavama-odnos-s-trumpom-se-moze-spasiti\/#article","isPartOf":{"@id":"https:\/\/odabrano.com\/index.php\/2025\/03\/01\/zelenski-zahvalan-sam-sjedinjenim-drzavama-odnos-s-trumpom-se-moze-spasiti\/"},"author":{"name":"admin","@id":"https:\/\/odabrano.com\/#\/schema\/person\/460f2b14657879743f23c4f6a7cd3236"},"headline":"Zelenski: \u201cZahvalan sam Sjedinjenim Dr\u017eavama, odnos s Trumpom se mo\u017ee spasiti\u201d","datePublished":"2025-03-01T15:29:27+00:00","dateModified":"2025-03-01T15:29:28+00:00","mainEntityOfPage":{"@id":"https:\/\/odabrano.com\/index.php\/2025\/03\/01\/zelenski-zahvalan-sam-sjedinjenim-drzavama-odnos-s-trumpom-se-moze-spasiti\/"},"wordCount":577,"publisher":{"@id":"https:\/\/odabrano.com\/#\/schema\/person\/460f2b14657879743f23c4f6a7cd3236"},"keywords":["trump","zelenski"],"articleSection":["Svijet"],"inLanguage":"en-US"},{"@type":"WebPage","@id":"https:\/\/odabrano.com\/index.php\/2025\/03\/01\/zelenski-zahvalan-sam-sjedinjenim-drzavama-odnos-s-trumpom-se-moze-spasiti\/","url":"https:\/\/odabrano.com\/index.php\/2025\/03\/01\/zelenski-zahvalan-sam-sjedinjenim-drzavama-odnos-s-trumpom-se-moze-spasiti\/","name":"Zelenski: \u201cZahvalan sam Sjedinjenim Dr\u017eavama, odnos s Trumpom se mo\u017ee spasiti\u201d - odabrano","isPartOf":{"@id":"https:\/\/odabrano.com\/#website"},"datePublished":"2025-03-01T15:29:27+00:00","dateModified":"2025-03-01T15:29:28+00:00","breadcrumb":{"@id":"https:\/\/odabrano.com\/index.php\/2025\/03\/01\/zelenski-zahvalan-sam-sjedinjenim-drzavama-odnos-s-trumpom-se-moze-spasiti\/#breadcrumb"},"inLanguage":"en-US","potentialAction":[{"@type":"ReadAction","target":["https:\/\/odabrano.com\/index.php\/2025\/03\/01\/zelenski-zahvalan-sam-sjedinjenim-drzavama-odnos-s-trumpom-se-moze-spasiti\/"]}]},{"@type":"BreadcrumbList","@id":"https:\/\/odabrano.com\/index.php\/2025\/03\/01\/zelenski-zahvalan-sam-sjedinjenim-drzavama-odnos-s-trumpom-se-moze-spasiti\/#breadcrumb","itemListElement":[{"@type":"ListItem","position":1,"name":"Home","item":"https:\/\/odabrano.com\/"},{"@type":"ListItem","position":2,"name":"Zelenski: \u201cZahvalan sam Sjedinjenim Dr\u017eavama, odnos s Trumpom se mo\u017ee spasiti\u201d"}]},{"@type":"WebSite","@id":"https:\/\/odabrano.com\/#website","url":"https:\/\/odabrano.com\/","name":"odabrano","description":"news portal koji nudi odabrane vijesti i informacije","publisher":{"@id":"https:\/\/odabrano.com\/#\/schema\/person\/460f2b14657879743f23c4f6a7cd3236"},"alternateName":"vijesti i informacije iz Hrvatske i svijeta","potentialAction":[{"@type":"SearchAction","target":{"@type":"EntryPoint","urlTemplate":"https:\/\/odabrano.com\/?s={search_term_string}"},"query-input":"required name=search_term_string"}],"inLanguage":"en-US"},{"@type":["Person","Organization"],"@id":"https:\/\/odabrano.com\/#\/schema\/person\/460f2b14657879743f23c4f6a7cd3236","name":"admin","image":{"@type":"ImageObject","inLanguage":"en-US","@id":"https:\/\/odabrano.com\/#\/schema\/person\/image\/","url":"https:\/\/odabrano.com\/wp-content\/uploads\/2024\/04\/dolar.jpg","contentUrl":"https:\/\/odabrano.com\/wp-content\/uploads\/2024\/04\/dolar.jpg","width":1216,"height":519,"caption":"admin"},"logo":{"@id":"https:\/\/odabrano.com\/#\/schema\/person\/image\/"},"sameAs":["http:\/\/odabrano.com"],"url":"https:\/\/odabrano.com\/index.php\/author\/sokolneno_u3xb387h\/"}]}},"_links":{"self":[{"href":"https:\/\/odabrano.com\/index.php\/wp-json\/wp\/v2\/posts\/5852","targetHints":{"allow":["GET"]}}],"collection":[{"href":"https:\/\/odabrano.com\/index.php\/wp-json\/wp\/v2\/posts"}],"about":[{"href":"https:\/\/odabrano.com\/index.php\/wp-json\/wp\/v2\/types\/post"}],"author":[{"embeddable":true,"href":"https:\/\/odabrano.com\/index.php\/wp-json\/wp\/v2\/users\/1"}],"replies":[{"embeddable":true,"href":"https:\/\/odabrano.com\/index.php\/wp-json\/wp\/v2\/comments?post=5852"}],"version-history":[{"count":1,"href":"https:\/\/odabrano.com\/index.php\/wp-json\/wp\/v2\/posts\/5852\/revisions"}],"predecessor-version":[{"id":5854,"href":"https:\/\/odabrano.com\/index.php\/wp-json\/wp\/v2\/posts\/5852\/revisions\/5854"}],"wp:featuredmedia":[{"embeddable":true,"href":"https:\/\/odabrano.com\/index.php\/wp-json\/wp\/v2\/media\/5853"}],"wp:attachment":[{"href":"https:\/\/odabrano.com\/index.php\/wp-json\/wp\/v2\/media?parent=5852"}],"wp:term":[{"taxonomy":"category","embeddable":true,"href":"https:\/\/odabrano.com\/index.php\/wp-json\/wp\/v2\/categories?post=5852"},{"taxonomy":"post_tag","embeddable":true,"href":"https:\/\/odabrano.com\/index.php\/wp-json\/wp\/v2\/tags?post=5852"}],"curies":[{"name":"wp","href":"https:\/\/api.w.org\/{rel}","templated":true}]}}