{"id":5843,"date":"2025-02-28T16:40:34","date_gmt":"2025-02-28T15:40:34","guid":{"rendered":"https:\/\/odabrano.com\/?p=5843"},"modified":"2025-02-28T16:48:47","modified_gmt":"2025-02-28T15:48:47","slug":"volkswagen-buba-legenda-ceste","status":"publish","type":"post","link":"https:\/\/odabrano.com\/index.php\/2025\/02\/28\/volkswagen-buba-legenda-ceste\/","title":{"rendered":"Volkswagen Buba \u2013 Legenda ceste"},"content":{"rendered":"\n<p><strong>Volkswagen Buba<\/strong> jedna je od najpoznatijih i najdugovje\u010dnijih automobila u povijesti automobilske industrije. Pri\u010da o Bubi po\u010dinje <strong>1933. godine<\/strong> u Njema\u010dkoj, kada je Adolf Hitler dao nalog <strong>Ferdinandu Porscheu<\/strong> da osmisli \u201cnarodni automobil\u201d \u2013 pristupa\u010dno vozilo koje \u0107e si prosje\u010dni Nijemac mo\u0107i priu\u0161titi.<\/p>\n\n\n\n<figure class=\"wp-block-image size-full\"><img loading=\"lazy\" decoding=\"async\" width=\"1024\" height=\"683\" src=\"https:\/\/odabrano.com\/wp-content\/uploads\/2025\/02\/buba1.jpeg\" alt=\"\" class=\"wp-image-5845\" srcset=\"https:\/\/odabrano.com\/wp-content\/uploads\/2025\/02\/buba1.jpeg 1024w, https:\/\/odabrano.com\/wp-content\/uploads\/2025\/02\/buba1-300x200.jpeg 300w, https:\/\/odabrano.com\/wp-content\/uploads\/2025\/02\/buba1-768x512.jpeg 768w, https:\/\/odabrano.com\/wp-content\/uploads\/2025\/02\/buba1-500x333.jpeg 500w, https:\/\/odabrano.com\/wp-content\/uploads\/2025\/02\/buba1-800x534.jpeg 800w\" sizes=\"auto, (max-width: 1024px) 100vw, 1024px\" \/><figcaption class=\"wp-element-caption\">Najstariji sa\u010duvani primjerak.<\/figcaption><\/figure>\n\n\n\n<p>Cilj je bio stvoriti jednostavan, pouzdan i jeftin automobil, koji bi mogao prevesti \u010detvero ljudi i njihovu prtljagu, tro\u0161iti malo goriva i biti sposoban voziti njema\u010dkim autocestama. Prvi prototip, <strong>KDF-Wagen<\/strong>, predstavljen je <strong>1938. godine<\/strong>, ali planirana masovna proizvodnja prekinuta je izbijanjem <strong>Drugog svjetskog rata<\/strong>.<\/p>\n\n\n\n<figure class=\"wp-block-image size-large\"><img loading=\"lazy\" decoding=\"async\" width=\"1024\" height=\"585\" src=\"https:\/\/odabrano.com\/wp-content\/uploads\/2025\/02\/buba-of-1024x585.webp\" alt=\"\" class=\"wp-image-5846\" srcset=\"https:\/\/odabrano.com\/wp-content\/uploads\/2025\/02\/buba-of-1024x585.webp 1024w, https:\/\/odabrano.com\/wp-content\/uploads\/2025\/02\/buba-of-300x171.webp 300w, https:\/\/odabrano.com\/wp-content\/uploads\/2025\/02\/buba-of-768x439.webp 768w, https:\/\/odabrano.com\/wp-content\/uploads\/2025\/02\/buba-of-1536x878.webp 1536w, https:\/\/odabrano.com\/wp-content\/uploads\/2025\/02\/buba-of-500x286.webp 500w, https:\/\/odabrano.com\/wp-content\/uploads\/2025\/02\/buba-of-800x457.webp 800w, https:\/\/odabrano.com\/wp-content\/uploads\/2025\/02\/buba-of-1280x731.webp 1280w, https:\/\/odabrano.com\/wp-content\/uploads\/2025\/02\/buba-of.webp 1792w\" sizes=\"auto, (max-width: 1024px) 100vw, 1024px\" \/><figcaption class=\"wp-element-caption\">Prezentacija Bube 1939 godine ispred Branderbu\u0161kih vrata<\/figcaption><\/figure>\n\n\n\n<p>Tijekom rata, tvornica u <strong>Wolfsburgu<\/strong> pre\u0161la je na proizvodnju <strong>vojnih vozila<\/strong>, ali ideja o narodnom automobilu nije zaboravljena. Nakon rata, britanska vojska preuzela je kontrolu nad uni\u0161tenom tvornicom i pokrenula proizvodnju civilne verzije automobila, sada pod imenom <strong>Volkswagen Type 1<\/strong>, kasnije poznate kao <strong>Buba<\/strong>.<\/p>\n\n\n\n<p>Proizvodnja se slu\u017ebeno pokrenula <strong>1945. godine<\/strong>, a Buba je brzo postala simbol <strong>poslijeratne obnove Njema\u010dke<\/strong>. Zahvaljuju\u0107i jednostavnom dizajnu, <strong>zra\u010dno hla\u0111enom motoru<\/strong> i <strong>pouzdanoj mehanici<\/strong>, postala je <strong>pristupa\u010dno i popularno vozilo<\/strong> diljem Europe.<\/p>\n\n\n\n<p>U <strong>1950-ima<\/strong> Buba je osvojila i <strong>Sjedinjene Ameri\u010dke Dr\u017eave<\/strong>, gdje je svojim neobi\u010dnim izgledom i simpati\u010dnim oblikom stekla kultni status. Volkswagen je promovirao Bubu kao \u201cmali automobil za obi\u010dnog \u010dovjeka\u201d, a njezina izdr\u017eljivost i ekonomi\u010dnost u\u010dinili su je omiljenom me\u0111u ameri\u010dkom mlade\u017ei.<\/p>\n\n\n\n<p>Do <strong>1955. godine<\/strong>, Volkswagen je proizveo <strong>milijuntu Bubu<\/strong>, \u0161to je bio veliki uspjeh za tada mladu tvrtku. Tijekom <strong>1960-ih<\/strong> i <strong>1970-ih<\/strong>, Buba je postala <strong>simbol kontrakulture<\/strong>, povezana s hipi pokretom, slobodom putovanja i povratkom jednostavnom na\u010dinu \u017eivota.<\/p>\n\n\n\n<p>U <strong>Meksiku<\/strong>, Buba je postala pravi fenomen. Lokalna proizvodnja zapo\u010dela je <strong>1967. godine<\/strong>, a Meksiko je postao jedno od najve\u0107ih tr\u017ei\u0161ta za Bubu. Zbog svoje <strong>cijene<\/strong>, <strong>pouzdanosti<\/strong> i jednostavnog odr\u017eavanja, Buba je postala <strong>omiljeni taksi<\/strong> u <strong>Ciudad de M\u00e9xico<\/strong> i vozilo \u0161irokih masa.<\/p>\n\n\n\n<p>Buba je bila <strong>iznimno popularna i u Ju\u017enoj Americi<\/strong>, posebno u <strong>Brazilu<\/strong>, gdje je Volkswagen imao veliku tvornicu. Zanimljivo, brazilska verzija Bube imala je neka lokalna prilago\u0111avanja zbog klimatskih uvjeta i lo\u0161ih cesta.<\/p>\n\n\n\n<p>U <strong>Europi<\/strong>, Buba je posebno bila omiljena u <strong>Zapadnoj Njema\u010dkoj<\/strong>, <strong>Austriji<\/strong>, <strong>Nizozemskoj<\/strong> i <strong>Skandinaviji<\/strong>. U <strong>Jugoslaviji<\/strong>, Buba je bila <strong>statusni simbol<\/strong> za mnoge obitelji, a uvoz je bio ograni\u010den zbog deviznih ograni\u010denja, \u0161to je Bubu \u010dinilo jo\u0161 po\u017eeljnijom.<\/p>\n\n\n\n<p>Tehni\u010dki gledano, Buba je imala <strong>stra\u017enje smje\u0161ten motor<\/strong>, <strong>zra\u010dno hla\u0111enje<\/strong> i <strong>pogon na stra\u017enje kota\u010de<\/strong>. Takav koncept omogu\u0107io je vrlo <strong>jednostavno odr\u017eavanje<\/strong> i <strong>pouzdanost<\/strong>, ali i specifi\u010dno pona\u0161anje u vo\u017enji.<\/p>\n\n\n\n<p>Do <strong>1972. godine<\/strong>, Buba je postala <strong>najproizvo\u0111eniji automobil na svijetu<\/strong>, pretekav\u0161i legendarnu <strong>Ford T<\/strong>. Te godine s proizvodne trake si\u0161la je <strong>15-milijunta Buba<\/strong>.<\/p>\n\n\n\n<p>Iako su <strong>1970-ih<\/strong> kupci po\u010deli preferirati modernije i prostranije automobile, Buba je zadr\u017eala <strong>vjerne fanove<\/strong>. Volkswagen je u Europi <strong>1974. godine<\/strong> predstavio <strong>nasljednika \u2013 Golf<\/strong>, ali proizvodnja Bube nastavljena je u <strong>Brazilu i Meksiku<\/strong>.<\/p>\n\n\n\n<p>Zadnja <strong>europska Buba<\/strong> proizvedena je <strong>1978. godine<\/strong> u <strong>Njema\u010dkoj<\/strong>, ali meksi\u010dka i brazilska proizvodnja nastavila se sve do <strong>2003. godine<\/strong>, kada je u Meksiku proizveden <strong>posljednji primjerak<\/strong> klasi\u010dne Bube.<\/p>\n\n\n\n<p>Ukupno je proizvedeno <strong>vi\u0161e od 21,5 milijuna primjeraka<\/strong>, \u010dime je Buba postala <strong>jedan od najproizvo\u0111enijih automobila svih vremena<\/strong>.<\/p>\n\n\n\n<p>Kultni status Bube nije nestao ni nakon zavr\u0161etka proizvodnje. Godine <strong>1998.<\/strong> Volkswagen je predstavio <strong>New Beetle<\/strong>, modernu reinterpretaciju klasi\u010dne Bube. Iako tehni\u010dki potpuno razli\u010dit automobil, New Beetle je igrao na <strong>nostalgiju<\/strong> i bio uspje\u0161an me\u0111u ljubiteljima retro dizajna.<\/p>\n\n\n\n<p>Me\u0111utim, <strong>New Beetle<\/strong> i njegov nasljednik <strong>Beetle (A5)<\/strong> nisu imali dugovje\u010dnost originala, pa je Volkswagen <strong>2019. godine<\/strong> definitivno ugasio proizvodnju.<\/p>\n\n\n\n<p>Bez obzira na sve, <strong>Volkswagen Buba ostaje simbol automobilske industrije 20. stolje\u0107a<\/strong>, auto koji je pre\u017eivio <strong>rat, politi\u010dke promjene, kulturolo\u0161ke revolucije i tehnolo\u0161ke inovacije<\/strong>. Njena pri\u010da nije samo pri\u010da o automobilu, nego i pri\u010da o <strong>vrijednostima jedne ere<\/strong> \u2013 jednostavnosti, dostupnosti i slobodi putovanja.<\/p>\n\n\n\n<p>U muzejima, oldtimer klubovima i na cestama diljem svijeta Buba i dalje \u017eivi. Njezina <strong>simpati\u010dna silueta<\/strong> i <strong>prepoznatljivi zvuk zra\u010dno hla\u0111enog motora<\/strong> i danas vra\u0107aju osmijeh na lice svih onih koji su ikad sjeli za njezin upravlja\u010d.<\/p>\n\n\n\n<p>\u0160to se ti\u010de tehni\u010dkih karakteristika, Volkswagen Buba je tijekom godina imala nekoliko varijanti motora:<\/p>\n\n\n\n<ul class=\"wp-block-list\">\n<li><strong>Motori<\/strong>: Zra\u010dno hla\u0111eni \u010detverocilindri\u010dni bokser motori razli\u010ditih obujmova, uklju\u010duju\u0107i 1,1 L, 1,2 L, 1,3 L, 1,5 L i 1,6 L.<\/li>\n\n\n\n<li><strong>Dimenzije<\/strong>: Duljina izme\u0111u 4070 mm i 4140 mm, \u0161irina od 1540 mm do 1585 mm, visina oko 1500 mm.<\/li>\n\n\n\n<li><strong>Masa<\/strong>: Ovisno o modelu, te\u017eina se kretala izme\u0111u 730 kg i 930 kg.<\/li>\n<\/ul>\n\n\n\n<figure class=\"wp-block-image size-large\"><img loading=\"lazy\" decoding=\"async\" width=\"1024\" height=\"614\" src=\"https:\/\/odabrano.com\/wp-content\/uploads\/2025\/02\/buba33-1024x614.jpg\" alt=\"\" class=\"wp-image-5847\" srcset=\"https:\/\/odabrano.com\/wp-content\/uploads\/2025\/02\/buba33-1024x614.jpg 1024w, https:\/\/odabrano.com\/wp-content\/uploads\/2025\/02\/buba33-300x180.jpg 300w, https:\/\/odabrano.com\/wp-content\/uploads\/2025\/02\/buba33-768x461.jpg 768w, https:\/\/odabrano.com\/wp-content\/uploads\/2025\/02\/buba33-1536x922.jpg 1536w, https:\/\/odabrano.com\/wp-content\/uploads\/2025\/02\/buba33-2048x1229.jpg 2048w, https:\/\/odabrano.com\/wp-content\/uploads\/2025\/02\/buba33-500x300.jpg 500w, https:\/\/odabrano.com\/wp-content\/uploads\/2025\/02\/buba33-800x480.jpg 800w, https:\/\/odabrano.com\/wp-content\/uploads\/2025\/02\/buba33-1280x768.jpg 1280w, https:\/\/odabrano.com\/wp-content\/uploads\/2025\/02\/buba33-1920x1152.jpg 1920w\" sizes=\"auto, (max-width: 1024px) 100vw, 1024px\" \/><figcaption class=\"wp-element-caption\">Zadnji izra\u0111eni model<\/figcaption><\/figure>\n\n\n\n<p>Zanimljivo je da je Buba tijekom svoje proizvodnje zadr\u017eala prepoznatljiv zaobljeni oblik i stra\u017enje smje\u0161ten motor, \u0161to ju je \u010dinilo jedinstvenom na tr\u017ei\u0161tu. Njezina popularnost nije jenjavala desetlje\u0107ima, a danas je cijenjena me\u0111u kolekcionarima i entuzijastima diljem svijeta.<\/p>\n","protected":false},"excerpt":{"rendered":"<p>Volkswagen Buba jedna je od najpoznatijih i najdugovje\u010dnijih automobila u povijesti automobilske industrije. Pri\u010da o Bubi po\u010dinje 1933. godine u Njema\u010dkoj, kada je Adolf Hitler dao nalog Ferdinandu Porscheu da osmisli \u201cnarodni automobil\u201d \u2013 pristupa\u010dno vozilo koje \u0107e si prosje\u010dni Nijemac mo\u0107i priu\u0161titi. Najstariji sa\u010duvani primjerak. Cilj je bio stvoriti jednostavan, pouzdan i jeftin automobil, &hellip;<\/p>\n","protected":false},"author":1,"featured_media":5844,"comment_status":"closed","ping_status":"open","sticky":false,"template":"","format":"standard","meta":{"_monsterinsights_skip_tracking":false,"_monsterinsights_sitenote_active":false,"_monsterinsights_sitenote_note":"","_monsterinsights_sitenote_category":0,"footnotes":""},"categories":[8],"tags":[1207],"class_list":["post-5843","post","type-post","status-publish","format-standard","has-post-thumbnail","","category-vijesti","tag-volkswagen-buba"],"yoast_head":"<!-- This site is optimized with the Yoast SEO plugin v22.1 - https:\/\/yoast.com\/wordpress\/plugins\/seo\/ -->\n<title>Volkswagen Buba \u2013 Legenda ceste - odabrano<\/title>\n<meta name=\"robots\" content=\"index, follow, max-snippet:-1, max-image-preview:large, max-video-preview:-1\" \/>\n<link rel=\"canonical\" href=\"https:\/\/odabrano.com\/index.php\/2025\/02\/28\/volkswagen-buba-legenda-ceste\/\" \/>\n<meta property=\"og:locale\" content=\"en_US\" \/>\n<meta property=\"og:type\" content=\"article\" \/>\n<meta property=\"og:title\" content=\"Volkswagen Buba \u2013 Legenda ceste - odabrano\" \/>\n<meta property=\"og:description\" content=\"Volkswagen Buba jedna je od najpoznatijih i najdugovje\u010dnijih automobila u povijesti automobilske industrije. Pri\u010da o Bubi po\u010dinje 1933. godine u Njema\u010dkoj, kada je Adolf Hitler dao nalog Ferdinandu Porscheu da osmisli \u201cnarodni automobil\u201d \u2013 pristupa\u010dno vozilo koje \u0107e si prosje\u010dni Nijemac mo\u0107i priu\u0161titi. Najstariji sa\u010duvani primjerak. Cilj je bio stvoriti jednostavan, pouzdan i jeftin automobil, &hellip;\" \/>\n<meta property=\"og:url\" content=\"https:\/\/odabrano.com\/index.php\/2025\/02\/28\/volkswagen-buba-legenda-ceste\/\" \/>\n<meta property=\"og:site_name\" content=\"odabrano\" \/>\n<meta property=\"article:published_time\" content=\"2025-02-28T15:40:34+00:00\" \/>\n<meta property=\"article:modified_time\" content=\"2025-02-28T15:48:47+00:00\" \/>\n<meta property=\"og:image\" content=\"http:\/\/odabrano.com\/wp-content\/uploads\/2025\/02\/buba2.jpg\" \/>\n\t<meta property=\"og:image:width\" content=\"800\" \/>\n\t<meta property=\"og:image:height\" content=\"600\" \/>\n\t<meta property=\"og:image:type\" content=\"image\/jpeg\" \/>\n<meta name=\"author\" content=\"admin\" \/>\n<meta name=\"twitter:card\" content=\"summary_large_image\" \/>\n<meta name=\"twitter:label1\" content=\"Written by\" \/>\n\t<meta name=\"twitter:data1\" content=\"admin\" \/>\n\t<meta name=\"twitter:label2\" content=\"Est. reading time\" \/>\n\t<meta name=\"twitter:data2\" content=\"5 minutes\" \/>\n<script type=\"application\/ld+json\" class=\"yoast-schema-graph\">{\"@context\":\"https:\/\/schema.org\",\"@graph\":[{\"@type\":\"Article\",\"@id\":\"https:\/\/odabrano.com\/index.php\/2025\/02\/28\/volkswagen-buba-legenda-ceste\/#article\",\"isPartOf\":{\"@id\":\"https:\/\/odabrano.com\/index.php\/2025\/02\/28\/volkswagen-buba-legenda-ceste\/\"},\"author\":{\"name\":\"admin\",\"@id\":\"https:\/\/odabrano.com\/#\/schema\/person\/460f2b14657879743f23c4f6a7cd3236\"},\"headline\":\"Volkswagen Buba \u2013 Legenda ceste\",\"datePublished\":\"2025-02-28T15:40:34+00:00\",\"dateModified\":\"2025-02-28T15:48:47+00:00\",\"mainEntityOfPage\":{\"@id\":\"https:\/\/odabrano.com\/index.php\/2025\/02\/28\/volkswagen-buba-legenda-ceste\/\"},\"wordCount\":826,\"publisher\":{\"@id\":\"https:\/\/odabrano.com\/#\/schema\/person\/460f2b14657879743f23c4f6a7cd3236\"},\"keywords\":[\"Volkswagen Buba\"],\"articleSection\":[\"Vijesti\"],\"inLanguage\":\"en-US\"},{\"@type\":\"WebPage\",\"@id\":\"https:\/\/odabrano.com\/index.php\/2025\/02\/28\/volkswagen-buba-legenda-ceste\/\",\"url\":\"https:\/\/odabrano.com\/index.php\/2025\/02\/28\/volkswagen-buba-legenda-ceste\/\",\"name\":\"Volkswagen Buba \u2013 Legenda ceste - odabrano\",\"isPartOf\":{\"@id\":\"https:\/\/odabrano.com\/#website\"},\"datePublished\":\"2025-02-28T15:40:34+00:00\",\"dateModified\":\"2025-02-28T15:48:47+00:00\",\"breadcrumb\":{\"@id\":\"https:\/\/odabrano.com\/index.php\/2025\/02\/28\/volkswagen-buba-legenda-ceste\/#breadcrumb\"},\"inLanguage\":\"en-US\",\"potentialAction\":[{\"@type\":\"ReadAction\",\"target\":[\"https:\/\/odabrano.com\/index.php\/2025\/02\/28\/volkswagen-buba-legenda-ceste\/\"]}]},{\"@type\":\"BreadcrumbList\",\"@id\":\"https:\/\/odabrano.com\/index.php\/2025\/02\/28\/volkswagen-buba-legenda-ceste\/#breadcrumb\",\"itemListElement\":[{\"@type\":\"ListItem\",\"position\":1,\"name\":\"Home\",\"item\":\"https:\/\/odabrano.com\/\"},{\"@type\":\"ListItem\",\"position\":2,\"name\":\"Volkswagen Buba \u2013 Legenda ceste\"}]},{\"@type\":\"WebSite\",\"@id\":\"https:\/\/odabrano.com\/#website\",\"url\":\"https:\/\/odabrano.com\/\",\"name\":\"odabrano\",\"description\":\"news portal koji nudi odabrane vijesti i informacije\",\"publisher\":{\"@id\":\"https:\/\/odabrano.com\/#\/schema\/person\/460f2b14657879743f23c4f6a7cd3236\"},\"alternateName\":\"vijesti i informacije iz Hrvatske i svijeta\",\"potentialAction\":[{\"@type\":\"SearchAction\",\"target\":{\"@type\":\"EntryPoint\",\"urlTemplate\":\"https:\/\/odabrano.com\/?s={search_term_string}\"},\"query-input\":\"required name=search_term_string\"}],\"inLanguage\":\"en-US\"},{\"@type\":[\"Person\",\"Organization\"],\"@id\":\"https:\/\/odabrano.com\/#\/schema\/person\/460f2b14657879743f23c4f6a7cd3236\",\"name\":\"admin\",\"image\":{\"@type\":\"ImageObject\",\"inLanguage\":\"en-US\",\"@id\":\"https:\/\/odabrano.com\/#\/schema\/person\/image\/\",\"url\":\"https:\/\/odabrano.com\/wp-content\/uploads\/2024\/04\/dolar.jpg\",\"contentUrl\":\"https:\/\/odabrano.com\/wp-content\/uploads\/2024\/04\/dolar.jpg\",\"width\":1216,\"height\":519,\"caption\":\"admin\"},\"logo\":{\"@id\":\"https:\/\/odabrano.com\/#\/schema\/person\/image\/\"},\"sameAs\":[\"http:\/\/odabrano.com\"],\"url\":\"https:\/\/odabrano.com\/index.php\/author\/sokolneno_u3xb387h\/\"}]}<\/script>\n<!-- \/ Yoast SEO plugin. -->","yoast_head_json":{"title":"Volkswagen Buba \u2013 Legenda ceste - odabrano","robots":{"index":"index","follow":"follow","max-snippet":"max-snippet:-1","max-image-preview":"max-image-preview:large","max-video-preview":"max-video-preview:-1"},"canonical":"https:\/\/odabrano.com\/index.php\/2025\/02\/28\/volkswagen-buba-legenda-ceste\/","og_locale":"en_US","og_type":"article","og_title":"Volkswagen Buba \u2013 Legenda ceste - odabrano","og_description":"Volkswagen Buba jedna je od najpoznatijih i najdugovje\u010dnijih automobila u povijesti automobilske industrije. Pri\u010da o Bubi po\u010dinje 1933. godine u Njema\u010dkoj, kada je Adolf Hitler dao nalog Ferdinandu Porscheu da osmisli \u201cnarodni automobil\u201d \u2013 pristupa\u010dno vozilo koje \u0107e si prosje\u010dni Nijemac mo\u0107i priu\u0161titi. Najstariji sa\u010duvani primjerak. Cilj je bio stvoriti jednostavan, pouzdan i jeftin automobil, &hellip;","og_url":"https:\/\/odabrano.com\/index.php\/2025\/02\/28\/volkswagen-buba-legenda-ceste\/","og_site_name":"odabrano","article_published_time":"2025-02-28T15:40:34+00:00","article_modified_time":"2025-02-28T15:48:47+00:00","og_image":[{"width":800,"height":600,"url":"http:\/\/odabrano.com\/wp-content\/uploads\/2025\/02\/buba2.jpg","type":"image\/jpeg"}],"author":"admin","twitter_card":"summary_large_image","twitter_misc":{"Written by":"admin","Est. reading time":"5 minutes"},"schema":{"@context":"https:\/\/schema.org","@graph":[{"@type":"Article","@id":"https:\/\/odabrano.com\/index.php\/2025\/02\/28\/volkswagen-buba-legenda-ceste\/#article","isPartOf":{"@id":"https:\/\/odabrano.com\/index.php\/2025\/02\/28\/volkswagen-buba-legenda-ceste\/"},"author":{"name":"admin","@id":"https:\/\/odabrano.com\/#\/schema\/person\/460f2b14657879743f23c4f6a7cd3236"},"headline":"Volkswagen Buba \u2013 Legenda ceste","datePublished":"2025-02-28T15:40:34+00:00","dateModified":"2025-02-28T15:48:47+00:00","mainEntityOfPage":{"@id":"https:\/\/odabrano.com\/index.php\/2025\/02\/28\/volkswagen-buba-legenda-ceste\/"},"wordCount":826,"publisher":{"@id":"https:\/\/odabrano.com\/#\/schema\/person\/460f2b14657879743f23c4f6a7cd3236"},"keywords":["Volkswagen Buba"],"articleSection":["Vijesti"],"inLanguage":"en-US"},{"@type":"WebPage","@id":"https:\/\/odabrano.com\/index.php\/2025\/02\/28\/volkswagen-buba-legenda-ceste\/","url":"https:\/\/odabrano.com\/index.php\/2025\/02\/28\/volkswagen-buba-legenda-ceste\/","name":"Volkswagen Buba \u2013 Legenda ceste - odabrano","isPartOf":{"@id":"https:\/\/odabrano.com\/#website"},"datePublished":"2025-02-28T15:40:34+00:00","dateModified":"2025-02-28T15:48:47+00:00","breadcrumb":{"@id":"https:\/\/odabrano.com\/index.php\/2025\/02\/28\/volkswagen-buba-legenda-ceste\/#breadcrumb"},"inLanguage":"en-US","potentialAction":[{"@type":"ReadAction","target":["https:\/\/odabrano.com\/index.php\/2025\/02\/28\/volkswagen-buba-legenda-ceste\/"]}]},{"@type":"BreadcrumbList","@id":"https:\/\/odabrano.com\/index.php\/2025\/02\/28\/volkswagen-buba-legenda-ceste\/#breadcrumb","itemListElement":[{"@type":"ListItem","position":1,"name":"Home","item":"https:\/\/odabrano.com\/"},{"@type":"ListItem","position":2,"name":"Volkswagen Buba \u2013 Legenda ceste"}]},{"@type":"WebSite","@id":"https:\/\/odabrano.com\/#website","url":"https:\/\/odabrano.com\/","name":"odabrano","description":"news portal koji nudi odabrane vijesti i informacije","publisher":{"@id":"https:\/\/odabrano.com\/#\/schema\/person\/460f2b14657879743f23c4f6a7cd3236"},"alternateName":"vijesti i informacije iz Hrvatske i svijeta","potentialAction":[{"@type":"SearchAction","target":{"@type":"EntryPoint","urlTemplate":"https:\/\/odabrano.com\/?s={search_term_string}"},"query-input":"required name=search_term_string"}],"inLanguage":"en-US"},{"@type":["Person","Organization"],"@id":"https:\/\/odabrano.com\/#\/schema\/person\/460f2b14657879743f23c4f6a7cd3236","name":"admin","image":{"@type":"ImageObject","inLanguage":"en-US","@id":"https:\/\/odabrano.com\/#\/schema\/person\/image\/","url":"https:\/\/odabrano.com\/wp-content\/uploads\/2024\/04\/dolar.jpg","contentUrl":"https:\/\/odabrano.com\/wp-content\/uploads\/2024\/04\/dolar.jpg","width":1216,"height":519,"caption":"admin"},"logo":{"@id":"https:\/\/odabrano.com\/#\/schema\/person\/image\/"},"sameAs":["http:\/\/odabrano.com"],"url":"https:\/\/odabrano.com\/index.php\/author\/sokolneno_u3xb387h\/"}]}},"_links":{"self":[{"href":"https:\/\/odabrano.com\/index.php\/wp-json\/wp\/v2\/posts\/5843","targetHints":{"allow":["GET"]}}],"collection":[{"href":"https:\/\/odabrano.com\/index.php\/wp-json\/wp\/v2\/posts"}],"about":[{"href":"https:\/\/odabrano.com\/index.php\/wp-json\/wp\/v2\/types\/post"}],"author":[{"embeddable":true,"href":"https:\/\/odabrano.com\/index.php\/wp-json\/wp\/v2\/users\/1"}],"replies":[{"embeddable":true,"href":"https:\/\/odabrano.com\/index.php\/wp-json\/wp\/v2\/comments?post=5843"}],"version-history":[{"count":3,"href":"https:\/\/odabrano.com\/index.php\/wp-json\/wp\/v2\/posts\/5843\/revisions"}],"predecessor-version":[{"id":5851,"href":"https:\/\/odabrano.com\/index.php\/wp-json\/wp\/v2\/posts\/5843\/revisions\/5851"}],"wp:featuredmedia":[{"embeddable":true,"href":"https:\/\/odabrano.com\/index.php\/wp-json\/wp\/v2\/media\/5844"}],"wp:attachment":[{"href":"https:\/\/odabrano.com\/index.php\/wp-json\/wp\/v2\/media?parent=5843"}],"wp:term":[{"taxonomy":"category","embeddable":true,"href":"https:\/\/odabrano.com\/index.php\/wp-json\/wp\/v2\/categories?post=5843"},{"taxonomy":"post_tag","embeddable":true,"href":"https:\/\/odabrano.com\/index.php\/wp-json\/wp\/v2\/tags?post=5843"}],"curies":[{"name":"wp","href":"https:\/\/api.w.org\/{rel}","templated":true}]}}