{"id":5776,"date":"2025-02-13T10:10:08","date_gmt":"2025-02-13T09:10:08","guid":{"rendered":"https:\/\/odabrano.com\/?p=5776"},"modified":"2025-02-13T10:20:59","modified_gmt":"2025-02-13T09:20:59","slug":"vojislav-tankosic","status":"publish","type":"post","link":"https:\/\/odabrano.com\/index.php\/2025\/02\/13\/vojislav-tankosic\/","title":{"rendered":"Vojislav Tankosi\u0107"},"content":{"rendered":"\n<p>Vojislav Tankosi\u0107 (1880. \u2013 1915.) bio je srpski vojni \u010dasnik i jedan od istaknutih \u010dlanova tajne organizacije <strong>&#8220;Crna ruka&#8221;<\/strong>, koja je zagovarala \u0161irenje srpskog utjecaja na Balkanu, uklju\u010duju\u0107i ujedinjenje svih Ju\u017enih Slavena pod srpskom dominacijom. Bio je poznat po svojoj ulozi u organiziranju \u010detni\u010dkih odreda u Osmanskom Carstvu i kasnije u vojnim operacijama tijekom Balkanskih ratova i Prvog svjetskog rata.<\/p>\n\n\n\n<h3 class=\"wp-block-heading\">Klju\u010dne \u010dinjenice o njemu:<\/h3>\n\n\n\n<ul class=\"wp-block-list\">\n<li><strong>Ro\u0111enje<\/strong>: 1880. u Radu\u0161i, tada u Osmanskom Carstvu (danas Srbija).<\/li>\n\n\n\n<li><strong>Vojna karijera<\/strong>: Sudjelovao u \u010detni\u010dkim operacijama na Kosovu i u Makedoniji po\u010detkom 20. stolje\u0107a.<\/li>\n\n\n\n<li><strong>Crna ruka<\/strong>: Bio je jedan od klju\u010dnih \u010dlanova ove tajne organizacije, koju je predvodio Dragutin Dimitrijevi\u0107 Apis.<\/li>\n\n\n\n<li><strong>Sarajevski atentat<\/strong>: Postoje indicije da je sudjelovao u obuci i naoru\u017eavanju Gavrila Principa i drugih zavjerenika koji su izveli atentat na nadvojvodu <strong>Franza Ferdinanda<\/strong> 1914.<\/li>\n\n\n\n<li><strong>Prvi svjetski rat<\/strong>: Borio se kao major u srpskoj vojsci, ali je 1915. ubijen u borbi s austrougarskim snagama.<\/li>\n<\/ul>\n\n\n\n<p>Tankosi\u0107 je bio kontroverzna figura \u2013 s jedne strane smatran herojem me\u0111u srpskim nacionalistima, a s druge strane okrivljivan za teroristi\u010dke aktivnosti koje su pridonijele izbijanju Prvog svjetskog rata.<\/p>\n\n\n\n<figure class=\"wp-block-image size-full\"><img loading=\"lazy\" decoding=\"async\" width=\"474\" height=\"474\" src=\"https:\/\/odabrano.com\/wp-content\/uploads\/2025\/02\/voja2.jpg\" alt=\"\" class=\"wp-image-5778\" srcset=\"https:\/\/odabrano.com\/wp-content\/uploads\/2025\/02\/voja2.jpg 474w, https:\/\/odabrano.com\/wp-content\/uploads\/2025\/02\/voja2-300x300.jpg 300w, https:\/\/odabrano.com\/wp-content\/uploads\/2025\/02\/voja2-150x150.jpg 150w\" sizes=\"auto, (max-width: 474px) 100vw, 474px\" \/><\/figure>\n\n\n\n<p>Vojislav Tankosi\u0107 bio je jedan od klju\u010dnih sudionika <strong>Majskog prevrata 1903.<\/strong> i <strong>Sarajevskog atentata 1914.<\/strong>, dvaju doga\u0111aja koji su imali veliki utjecaj na povijest Srbije i Balkana.<\/p>\n\n\n\n<h3 class=\"wp-block-heading\"><strong>Majski prevrat (1903.)<\/strong><\/h3>\n\n\n\n<p>Tankosi\u0107 je bio jedan od mladih zavjerenika u tajnom vojnom krugu <strong>&#8220;Crna ruka&#8221;<\/strong> (tada jo\u0161 nije formalno postojala, ali su njezini \u010dlanovi bili aktivni u tajnim akcijama). U no\u0107i s 28. na 29. svibnja 1903. godine, sudjelovao je u atentatu na srpskog kralja <strong>Aleksandra Obrenovi\u0107a<\/strong> i kraljicu <strong>Dragu Ma\u0161in<\/strong>, koji su ubijeni u dvorskom prevratu koji su organizirali zavjerenici iz redova srpske vojske. Prevrat je doveo na vlast dinastiju Kara\u0111or\u0111evi\u0107, a Tankosi\u0107 je nakon toga postao jedan od najbli\u017eih suradnika pukovnika <strong>Dragutina Dimitrijevi\u0107a Apisa<\/strong>, vo\u0111e Crne ruke.<\/p>\n\n\n\n<h3 class=\"wp-block-heading\"><strong>Sarajevski atentat (1914.)<\/strong><\/h3>\n\n\n\n<p>Tankosi\u0107 je imao klju\u010dnu ulogu u pripremi atentata na <strong>Franza Ferdinanda<\/strong>, prijestolonasljednika Austro-Ugarske. On je bio osoba koja je organizirala obuku i naoru\u017eavanje atentatora <strong>Gavrila Principa, Nedeljka \u010cabrinovi\u0107a i Trifka Grabe\u017ea<\/strong>, koji su poslani u Bosnu kako bi izvr\u0161ili atentat.<\/p>\n\n\n\n<ul class=\"wp-block-list\">\n<li><strong>Naoru\u017eanje atentatora:<\/strong> Tankosi\u0107 je dao atentatorima pi\u0161tolje i bombe te im omogu\u0107io vojnu obuku prije nego \u0161to su poslani u Bosnu.<\/li>\n\n\n\n<li><strong>Povezanost s Crnom rukom:<\/strong> Iako je atentat tehni\u010dki organiziran preko organizacije <strong>&#8220;Mlada Bosna&#8221;<\/strong>, Crna ruka, a time i Tankosi\u0107, bili su izravno uklju\u010deni u pru\u017eanje logisti\u010dke podr\u0161ke.<\/li>\n\n\n\n<li><strong>Nakon atentata:<\/strong> Nakon \u0161to je atentat uspje\u0161no izveden 28. lipnja 1914., austrijske vlasti su istra\u017eivale povezanost Srbije s atentatorima. Srpska vlada se slu\u017ebeno distancirala, ali je austrougarski ultimatum Srbiji bio temeljen upravo na optu\u017ebama da su srpski obavje\u0161tajci poput Tankosi\u0107a sudjelovali u organizaciji atentata.<\/li>\n<\/ul>\n\n\n\n<p>Tankosi\u0107 je bio <strong>uhi\u0107en nakon atentata<\/strong>, ali je ubrzo pu\u0161ten jer nije bilo dovoljno dokaza da je izravno sudjelovao u operaciji. Me\u0111utim, njegova uloga u obuci i pripremi atentatora ostala je neupitna.<\/p>\n\n\n\n<p>Njegova povezanost s ovim doga\u0111ajima u\u010dinila ga je jednom od najkontroverznijih li\u010dnosti srpske povijesti, a njegov utjecaj na balkanske politi\u010dke prevrate bio je zna\u010dajan.<\/p>\n\n\n\n<figure class=\"wp-block-image size-full\"><img loading=\"lazy\" decoding=\"async\" width=\"316\" height=\"316\" src=\"https:\/\/odabrano.com\/wp-content\/uploads\/2025\/02\/voja3.jpg\" alt=\"\" class=\"wp-image-5779\" srcset=\"https:\/\/odabrano.com\/wp-content\/uploads\/2025\/02\/voja3.jpg 316w, https:\/\/odabrano.com\/wp-content\/uploads\/2025\/02\/voja3-300x300.jpg 300w, https:\/\/odabrano.com\/wp-content\/uploads\/2025\/02\/voja3-150x150.jpg 150w\" sizes=\"auto, (max-width: 316px) 100vw, 316px\" \/><\/figure>\n\n\n\n<p>Vojislav Tankosi\u0107 poginuo je 2. novembra 1915. godine kod \u0106uprije, tijekom povla\u010denja srpske vojske u Prvom svjetskom ratu. Pogodila ga je granata austrougarske artiljerije.<\/p>\n\n\n\n<p>Tankosi\u0107 je bio poznat kao jedan od vo\u0111a \u010detni\u010dkih odreda i \u010dlan tajne organizacije <strong>Crna ruka<\/strong>, a sudjelovao je i u pripremi atentata na nadvojvodu <strong>Franza Ferdinanda<\/strong> u Sarajevu 1914. godine.<\/p>\n\n\n\n<p>Njegova smrt dogodila se u jeku <strong>povla\u010denja srpske vojske prema Albaniji<\/strong>, dok su austrougarske i njema\u010dke trupe napredovale kroz Srbiju. Prema nekim izvorima, smrt mu je bila trenutna, dok drugi izvori navode da je preminuo od zadobivenih rana nekoliko sati kasnije.<\/p>\n\n\n\n<figure class=\"wp-block-image size-full\"><img loading=\"lazy\" decoding=\"async\" width=\"474\" height=\"474\" src=\"https:\/\/odabrano.com\/wp-content\/uploads\/2025\/02\/voja4.jpg\" alt=\"\" class=\"wp-image-5780\" srcset=\"https:\/\/odabrano.com\/wp-content\/uploads\/2025\/02\/voja4.jpg 474w, https:\/\/odabrano.com\/wp-content\/uploads\/2025\/02\/voja4-300x300.jpg 300w, https:\/\/odabrano.com\/wp-content\/uploads\/2025\/02\/voja4-150x150.jpg 150w\" sizes=\"auto, (max-width: 474px) 100vw, 474px\" \/><\/figure>\n\n\n\n<p><\/p>\n\n\n\n<p>Povjesni\u010dar dr. sc. Tihomir Raj\u010di\u0107 u svojim radovima detaljno analizira ulogu Vojislava Tankosi\u0107a u klju\u010dnim povijesnim doga\u0111ajima Srbije po\u010detkom 20. stolje\u0107a. Prema Raj\u010di\u0107u, Tankosi\u0107 je bio regularni \u010dasnik srpske vojske kojeg je premijer Nikola Pa\u0161i\u0107 tajno postavio za \u010detni\u010dkog vojvodu, s punim znanjem o njegovim aktivnostima. Iako je slu\u017ebeno bio zapovjednik satnije regularne vojske, u stvarnosti je organizirao i obu\u010davao \u010detnike, za \u0161to je dobivao financijsku i organizacijsku potporu beogradske vlade.<\/p>\n\n\n\n<p><a href=\"https:\/\/www.slobodna-bosna.ba\/vijest\/375655\/profesor_tihomir_rajchic_za_jutarnji_list_u_beogradskim_arhivama_nasao_sam_da_je_srbija_na_sarajevski_atentat_potrosila_ogromne_novce.html?utm_source=chatgpt.com\" target=\"_blank\" rel=\"noreferrer noopener\">slobodna-bosna.ba<\/a><\/p>\n\n\n\n<p>Raj\u010di\u0107 isti\u010de da je Tankosi\u0107 bio jedan od klju\u010dnih organizatora Sarajevskog atentata 1914. godine. Nakon atentata, Austro-Ugarska je razotkrila Tankosi\u0107evu teroristi\u010dku djelatnost i zatra\u017eila njegovo izru\u010denje, \u0161to je slu\u017ebeni Beograd odbio, uspje\u0161no zata\u0161kav\u0161i svoju revolucionarno-teroristi\u010dku mre\u017eu pred europskom javno\u0161\u0107u.<\/p>\n\n\n\n<p><a href=\"https:\/\/www.hkv.hr\/razgovori\/42717-razgovor-s-t-rajcicem-nasa-je-duznost-paziti-da-vuk-i-njegovi-rodaci-ne-ugrozavaju-hrvatsku.html?utm_source=chatgpt.com\" target=\"_blank\" rel=\"noreferrer noopener\">hkv.hr<\/a><\/p>\n\n\n\n<p>U svojoj knjizi &#8220;Beogradske tajne Prvog svjetskog rata&#8221;, Raj\u010di\u0107 detaljno prikazuje beogradsku obavje\u0161tajnu i revolucionarno-teroristi\u010dku mre\u017eu, koju je srbijanski dr\u017eavni vrh, kroz Ministarstvo vanjskih poslova, izravno nadzirao i financirao.<\/p>\n\n\n\n<p><a href=\"https:\/\/trogirskiportal.hr\/beogradske-tajne-prvog-svjetskog-rata\/?utm_source=chatgpt.com\" target=\"_blank\" rel=\"noreferrer noopener\">trogirskiportal.hr<\/a><\/p>\n\n\n\n<p>Raj\u010di\u0107eva istra\u017eivanja pru\u017eaju dublji uvid u Tankosi\u0107evu ulogu u tim povijesnim doga\u0111ajima, nagla\u0161avaju\u0107i njegovu povezanost s vrhom srbijanske politike i obavje\u0161tajnih struktura.<\/p>\n","protected":false},"excerpt":{"rendered":"<p>Vojislav Tankosi\u0107 (1880. \u2013 1915.) bio je srpski vojni \u010dasnik i jedan od istaknutih \u010dlanova tajne organizacije &#8220;Crna ruka&#8221;, koja je zagovarala \u0161irenje srpskog utjecaja na Balkanu, uklju\u010duju\u0107i ujedinjenje svih Ju\u017enih Slavena pod srpskom dominacijom. Bio je poznat po svojoj ulozi u organiziranju \u010detni\u010dkih odreda u Osmanskom Carstvu i kasnije u vojnim operacijama tijekom Balkanskih &hellip;<\/p>\n","protected":false},"author":1,"featured_media":5777,"comment_status":"closed","ping_status":"open","sticky":false,"template":"","format":"standard","meta":{"_monsterinsights_skip_tracking":false,"_monsterinsights_sitenote_active":false,"_monsterinsights_sitenote_note":"","_monsterinsights_sitenote_category":0,"footnotes":""},"categories":[6],"tags":[1197],"class_list":["post-5776","post","type-post","status-publish","format-standard","has-post-thumbnail","","category-istok","tag-tankosic"],"yoast_head":"<!-- This site is optimized with the Yoast SEO plugin v22.1 - https:\/\/yoast.com\/wordpress\/plugins\/seo\/ -->\n<title>Vojislav Tankosi\u0107 - odabrano<\/title>\n<meta name=\"robots\" content=\"index, follow, max-snippet:-1, max-image-preview:large, max-video-preview:-1\" \/>\n<link rel=\"canonical\" href=\"https:\/\/odabrano.com\/index.php\/2025\/02\/13\/vojislav-tankosic\/\" \/>\n<meta property=\"og:locale\" content=\"en_US\" \/>\n<meta property=\"og:type\" content=\"article\" \/>\n<meta property=\"og:title\" content=\"Vojislav Tankosi\u0107 - odabrano\" \/>\n<meta property=\"og:description\" content=\"Vojislav Tankosi\u0107 (1880. \u2013 1915.) bio je srpski vojni \u010dasnik i jedan od istaknutih \u010dlanova tajne organizacije &#8220;Crna ruka&#8221;, koja je zagovarala \u0161irenje srpskog utjecaja na Balkanu, uklju\u010duju\u0107i ujedinjenje svih Ju\u017enih Slavena pod srpskom dominacijom. Bio je poznat po svojoj ulozi u organiziranju \u010detni\u010dkih odreda u Osmanskom Carstvu i kasnije u vojnim operacijama tijekom Balkanskih &hellip;\" \/>\n<meta property=\"og:url\" content=\"https:\/\/odabrano.com\/index.php\/2025\/02\/13\/vojislav-tankosic\/\" \/>\n<meta property=\"og:site_name\" content=\"odabrano\" \/>\n<meta property=\"article:published_time\" content=\"2025-02-13T09:10:08+00:00\" \/>\n<meta property=\"article:modified_time\" content=\"2025-02-13T09:20:59+00:00\" \/>\n<meta property=\"og:image\" content=\"http:\/\/odabrano.com\/wp-content\/uploads\/2025\/02\/voja1.jpg\" \/>\n\t<meta property=\"og:image:width\" content=\"474\" \/>\n\t<meta property=\"og:image:height\" content=\"474\" \/>\n\t<meta property=\"og:image:type\" content=\"image\/jpeg\" \/>\n<meta name=\"author\" content=\"admin\" \/>\n<meta name=\"twitter:card\" content=\"summary_large_image\" \/>\n<meta name=\"twitter:label1\" content=\"Written by\" \/>\n\t<meta name=\"twitter:data1\" content=\"admin\" \/>\n\t<meta name=\"twitter:label2\" content=\"Est. reading time\" \/>\n\t<meta name=\"twitter:data2\" content=\"4 minutes\" \/>\n<script type=\"application\/ld+json\" class=\"yoast-schema-graph\">{\"@context\":\"https:\/\/schema.org\",\"@graph\":[{\"@type\":\"Article\",\"@id\":\"https:\/\/odabrano.com\/index.php\/2025\/02\/13\/vojislav-tankosic\/#article\",\"isPartOf\":{\"@id\":\"https:\/\/odabrano.com\/index.php\/2025\/02\/13\/vojislav-tankosic\/\"},\"author\":{\"name\":\"admin\",\"@id\":\"https:\/\/odabrano.com\/#\/schema\/person\/460f2b14657879743f23c4f6a7cd3236\"},\"headline\":\"Vojislav Tankosi\u0107\",\"datePublished\":\"2025-02-13T09:10:08+00:00\",\"dateModified\":\"2025-02-13T09:20:59+00:00\",\"mainEntityOfPage\":{\"@id\":\"https:\/\/odabrano.com\/index.php\/2025\/02\/13\/vojislav-tankosic\/\"},\"wordCount\":826,\"publisher\":{\"@id\":\"https:\/\/odabrano.com\/#\/schema\/person\/460f2b14657879743f23c4f6a7cd3236\"},\"keywords\":[\"tankosi\u0107\"],\"articleSection\":[\"Istok\"],\"inLanguage\":\"en-US\"},{\"@type\":\"WebPage\",\"@id\":\"https:\/\/odabrano.com\/index.php\/2025\/02\/13\/vojislav-tankosic\/\",\"url\":\"https:\/\/odabrano.com\/index.php\/2025\/02\/13\/vojislav-tankosic\/\",\"name\":\"Vojislav Tankosi\u0107 - odabrano\",\"isPartOf\":{\"@id\":\"https:\/\/odabrano.com\/#website\"},\"datePublished\":\"2025-02-13T09:10:08+00:00\",\"dateModified\":\"2025-02-13T09:20:59+00:00\",\"breadcrumb\":{\"@id\":\"https:\/\/odabrano.com\/index.php\/2025\/02\/13\/vojislav-tankosic\/#breadcrumb\"},\"inLanguage\":\"en-US\",\"potentialAction\":[{\"@type\":\"ReadAction\",\"target\":[\"https:\/\/odabrano.com\/index.php\/2025\/02\/13\/vojislav-tankosic\/\"]}]},{\"@type\":\"BreadcrumbList\",\"@id\":\"https:\/\/odabrano.com\/index.php\/2025\/02\/13\/vojislav-tankosic\/#breadcrumb\",\"itemListElement\":[{\"@type\":\"ListItem\",\"position\":1,\"name\":\"Home\",\"item\":\"https:\/\/odabrano.com\/\"},{\"@type\":\"ListItem\",\"position\":2,\"name\":\"Vojislav Tankosi\u0107\"}]},{\"@type\":\"WebSite\",\"@id\":\"https:\/\/odabrano.com\/#website\",\"url\":\"https:\/\/odabrano.com\/\",\"name\":\"odabrano\",\"description\":\"news portal koji nudi odabrane vijesti i informacije\",\"publisher\":{\"@id\":\"https:\/\/odabrano.com\/#\/schema\/person\/460f2b14657879743f23c4f6a7cd3236\"},\"alternateName\":\"vijesti i informacije iz Hrvatske i svijeta\",\"potentialAction\":[{\"@type\":\"SearchAction\",\"target\":{\"@type\":\"EntryPoint\",\"urlTemplate\":\"https:\/\/odabrano.com\/?s={search_term_string}\"},\"query-input\":\"required name=search_term_string\"}],\"inLanguage\":\"en-US\"},{\"@type\":[\"Person\",\"Organization\"],\"@id\":\"https:\/\/odabrano.com\/#\/schema\/person\/460f2b14657879743f23c4f6a7cd3236\",\"name\":\"admin\",\"image\":{\"@type\":\"ImageObject\",\"inLanguage\":\"en-US\",\"@id\":\"https:\/\/odabrano.com\/#\/schema\/person\/image\/\",\"url\":\"https:\/\/odabrano.com\/wp-content\/uploads\/2024\/04\/dolar.jpg\",\"contentUrl\":\"https:\/\/odabrano.com\/wp-content\/uploads\/2024\/04\/dolar.jpg\",\"width\":1216,\"height\":519,\"caption\":\"admin\"},\"logo\":{\"@id\":\"https:\/\/odabrano.com\/#\/schema\/person\/image\/\"},\"sameAs\":[\"http:\/\/odabrano.com\"],\"url\":\"https:\/\/odabrano.com\/index.php\/author\/sokolneno_u3xb387h\/\"}]}<\/script>\n<!-- \/ Yoast SEO plugin. -->","yoast_head_json":{"title":"Vojislav Tankosi\u0107 - odabrano","robots":{"index":"index","follow":"follow","max-snippet":"max-snippet:-1","max-image-preview":"max-image-preview:large","max-video-preview":"max-video-preview:-1"},"canonical":"https:\/\/odabrano.com\/index.php\/2025\/02\/13\/vojislav-tankosic\/","og_locale":"en_US","og_type":"article","og_title":"Vojislav Tankosi\u0107 - odabrano","og_description":"Vojislav Tankosi\u0107 (1880. \u2013 1915.) bio je srpski vojni \u010dasnik i jedan od istaknutih \u010dlanova tajne organizacije &#8220;Crna ruka&#8221;, koja je zagovarala \u0161irenje srpskog utjecaja na Balkanu, uklju\u010duju\u0107i ujedinjenje svih Ju\u017enih Slavena pod srpskom dominacijom. Bio je poznat po svojoj ulozi u organiziranju \u010detni\u010dkih odreda u Osmanskom Carstvu i kasnije u vojnim operacijama tijekom Balkanskih &hellip;","og_url":"https:\/\/odabrano.com\/index.php\/2025\/02\/13\/vojislav-tankosic\/","og_site_name":"odabrano","article_published_time":"2025-02-13T09:10:08+00:00","article_modified_time":"2025-02-13T09:20:59+00:00","og_image":[{"width":474,"height":474,"url":"http:\/\/odabrano.com\/wp-content\/uploads\/2025\/02\/voja1.jpg","type":"image\/jpeg"}],"author":"admin","twitter_card":"summary_large_image","twitter_misc":{"Written by":"admin","Est. reading time":"4 minutes"},"schema":{"@context":"https:\/\/schema.org","@graph":[{"@type":"Article","@id":"https:\/\/odabrano.com\/index.php\/2025\/02\/13\/vojislav-tankosic\/#article","isPartOf":{"@id":"https:\/\/odabrano.com\/index.php\/2025\/02\/13\/vojislav-tankosic\/"},"author":{"name":"admin","@id":"https:\/\/odabrano.com\/#\/schema\/person\/460f2b14657879743f23c4f6a7cd3236"},"headline":"Vojislav Tankosi\u0107","datePublished":"2025-02-13T09:10:08+00:00","dateModified":"2025-02-13T09:20:59+00:00","mainEntityOfPage":{"@id":"https:\/\/odabrano.com\/index.php\/2025\/02\/13\/vojislav-tankosic\/"},"wordCount":826,"publisher":{"@id":"https:\/\/odabrano.com\/#\/schema\/person\/460f2b14657879743f23c4f6a7cd3236"},"keywords":["tankosi\u0107"],"articleSection":["Istok"],"inLanguage":"en-US"},{"@type":"WebPage","@id":"https:\/\/odabrano.com\/index.php\/2025\/02\/13\/vojislav-tankosic\/","url":"https:\/\/odabrano.com\/index.php\/2025\/02\/13\/vojislav-tankosic\/","name":"Vojislav Tankosi\u0107 - odabrano","isPartOf":{"@id":"https:\/\/odabrano.com\/#website"},"datePublished":"2025-02-13T09:10:08+00:00","dateModified":"2025-02-13T09:20:59+00:00","breadcrumb":{"@id":"https:\/\/odabrano.com\/index.php\/2025\/02\/13\/vojislav-tankosic\/#breadcrumb"},"inLanguage":"en-US","potentialAction":[{"@type":"ReadAction","target":["https:\/\/odabrano.com\/index.php\/2025\/02\/13\/vojislav-tankosic\/"]}]},{"@type":"BreadcrumbList","@id":"https:\/\/odabrano.com\/index.php\/2025\/02\/13\/vojislav-tankosic\/#breadcrumb","itemListElement":[{"@type":"ListItem","position":1,"name":"Home","item":"https:\/\/odabrano.com\/"},{"@type":"ListItem","position":2,"name":"Vojislav Tankosi\u0107"}]},{"@type":"WebSite","@id":"https:\/\/odabrano.com\/#website","url":"https:\/\/odabrano.com\/","name":"odabrano","description":"news portal koji nudi odabrane vijesti i informacije","publisher":{"@id":"https:\/\/odabrano.com\/#\/schema\/person\/460f2b14657879743f23c4f6a7cd3236"},"alternateName":"vijesti i informacije iz Hrvatske i svijeta","potentialAction":[{"@type":"SearchAction","target":{"@type":"EntryPoint","urlTemplate":"https:\/\/odabrano.com\/?s={search_term_string}"},"query-input":"required name=search_term_string"}],"inLanguage":"en-US"},{"@type":["Person","Organization"],"@id":"https:\/\/odabrano.com\/#\/schema\/person\/460f2b14657879743f23c4f6a7cd3236","name":"admin","image":{"@type":"ImageObject","inLanguage":"en-US","@id":"https:\/\/odabrano.com\/#\/schema\/person\/image\/","url":"https:\/\/odabrano.com\/wp-content\/uploads\/2024\/04\/dolar.jpg","contentUrl":"https:\/\/odabrano.com\/wp-content\/uploads\/2024\/04\/dolar.jpg","width":1216,"height":519,"caption":"admin"},"logo":{"@id":"https:\/\/odabrano.com\/#\/schema\/person\/image\/"},"sameAs":["http:\/\/odabrano.com"],"url":"https:\/\/odabrano.com\/index.php\/author\/sokolneno_u3xb387h\/"}]}},"_links":{"self":[{"href":"https:\/\/odabrano.com\/index.php\/wp-json\/wp\/v2\/posts\/5776","targetHints":{"allow":["GET"]}}],"collection":[{"href":"https:\/\/odabrano.com\/index.php\/wp-json\/wp\/v2\/posts"}],"about":[{"href":"https:\/\/odabrano.com\/index.php\/wp-json\/wp\/v2\/types\/post"}],"author":[{"embeddable":true,"href":"https:\/\/odabrano.com\/index.php\/wp-json\/wp\/v2\/users\/1"}],"replies":[{"embeddable":true,"href":"https:\/\/odabrano.com\/index.php\/wp-json\/wp\/v2\/comments?post=5776"}],"version-history":[{"count":5,"href":"https:\/\/odabrano.com\/index.php\/wp-json\/wp\/v2\/posts\/5776\/revisions"}],"predecessor-version":[{"id":5785,"href":"https:\/\/odabrano.com\/index.php\/wp-json\/wp\/v2\/posts\/5776\/revisions\/5785"}],"wp:featuredmedia":[{"embeddable":true,"href":"https:\/\/odabrano.com\/index.php\/wp-json\/wp\/v2\/media\/5777"}],"wp:attachment":[{"href":"https:\/\/odabrano.com\/index.php\/wp-json\/wp\/v2\/media?parent=5776"}],"wp:term":[{"taxonomy":"category","embeddable":true,"href":"https:\/\/odabrano.com\/index.php\/wp-json\/wp\/v2\/categories?post=5776"},{"taxonomy":"post_tag","embeddable":true,"href":"https:\/\/odabrano.com\/index.php\/wp-json\/wp\/v2\/tags?post=5776"}],"curies":[{"name":"wp","href":"https:\/\/api.w.org\/{rel}","templated":true}]}}