{"id":5755,"date":"2025-02-08T04:23:41","date_gmt":"2025-02-08T03:23:41","guid":{"rendered":"https:\/\/odabrano.com\/?p=5755"},"modified":"2025-02-08T04:23:42","modified_gmt":"2025-02-08T03:23:42","slug":"hamas-objavio-imena-tri-izraelska-taoca-koje-ce-osloboditi","status":"publish","type":"post","link":"https:\/\/odabrano.com\/index.php\/2025\/02\/08\/hamas-objavio-imena-tri-izraelska-taoca-koje-ce-osloboditi\/","title":{"rendered":"Hamas objavio imena tri izraelska taoca koje \u0107e osloboditi"},"content":{"rendered":"\n<p><strong>Hamas je u petak objavio imena tri izraelska taoca koje \u0107e osloboditi u subotu u zamjenu za palestinske zarobljenike, nakon odgode koja je pokazala koliko je krhak sporazum koji treba okon\u010dati rat u Gazi.<\/strong><\/p>\n\n\n\n<p><strong>Ohad Ben Ami<\/strong>&nbsp;(56) i&nbsp;<strong>Eli Sharabi&nbsp;<\/strong>(52), taoci koji su oteti iz kibuca Be&#8217;eri tijekom prekograni\u010dnog Hamasovog napada te&nbsp;<strong>Or Levy<\/strong>&nbsp;(34), talac koji je otet s glazbenog festivala Nova, bit \u0107e predani u subotu, izvijestio je Hamas.<br><br>Osamnaest taoca oslobo\u0111eno je od po\u010detka primirja 19. sije\u010dnja, a Izrael je zauzvrat oslobodio 383 zatvorenika.<br><br>Hamas ka\u017ee da \u0107e jo\u0161 183 zatvorenika biti oslobo\u0111ena u subotu, uklju\u010duju\u0107i 18 osoba koje slu\u017ee do\u017eivotne kazne, 54 osoba koje slu\u017ee duge kazne i 111 osoba koje su bile zato\u010dene u Pojasu Gaze tijekom rata.<br><br>Otprilike 33 taoca i 1900 zatvorenika trebalo bi biti oslobo\u0111eno do kraja prve faze primirja za tri tjedna. Izrael ka\u017ee da je osmero taoca mrtvo.<br><br>Hamas je zarobio 251 taoca i ubio oko 1200 ljudi kada je napao Izrael 7. listopada 2023., \u0161to je izazvalo rat.<br><br>Najmanje 47.500 Palestinaca ubijeno je u izraelskoj ofenzivi, prema ministarstvu zdravstva Gaze kojim upravlja Hamas.<\/p>\n\n\n\n<p>Hamas je u petak optu\u017eio Izrael da je odgodio ulazak stotina kamiona s hranom i drugim humanitarnim potrep\u0161tinama dogovorenim u okviru sporazuma o primirju.<\/p>\n\n\n\n<p>\u0160ef Hamasovog ureda za medije u&nbsp;<strong>Gazi Salama Maruf<\/strong>&nbsp;rekao je na konferenciji za novinare u gradu Gazi da je &#8220;humanitarna situacija i dalje katastrofalna zbog izraelske opstrukcije&#8221;, prema medijskim izvje\u0161\u0107ima.<\/p>\n\n\n\n<p>Rekao je da je samo 8500 od o\u010dekivanih 12.000 kamiona pomo\u0107i u\u0161lo u Gazu otkako je primirje stupilo na snagu.<\/p>\n\n\n\n<p>Ta tvrdnja u suprotnosti je s onom UN-ovog koordinatora za humanitarna pitanja&nbsp;<strong>Toma Fletchera<\/strong>&nbsp;koji je u \u010detvrtak kazao da je 10.000 kamiona s hranom, lijekovima i \u0161atorima pre\u0161lo u Gazu od po\u010detka primirja \u0161to je nazvao &#8220;velikim porastom&#8221;.<\/p>\n","protected":false},"excerpt":{"rendered":"<p>Hamas je u petak objavio imena tri izraelska taoca koje \u0107e osloboditi u subotu u zamjenu za palestinske zarobljenike, nakon odgode koja je pokazala koliko je krhak sporazum koji treba okon\u010dati rat u Gazi. Ohad Ben Ami&nbsp;(56) i&nbsp;Eli Sharabi&nbsp;(52), taoci koji su oteti iz kibuca Be&#8217;eri tijekom prekograni\u010dnog Hamasovog napada te&nbsp;Or Levy&nbsp;(34), talac koji je &hellip;<\/p>\n","protected":false},"author":1,"featured_media":5756,"comment_status":"closed","ping_status":"open","sticky":false,"template":"","format":"standard","meta":{"_monsterinsights_skip_tracking":false,"_monsterinsights_sitenote_active":false,"_monsterinsights_sitenote_note":"","_monsterinsights_sitenote_category":0,"footnotes":""},"categories":[9],"tags":[21,1194,82],"class_list":["post-5755","post","type-post","status-publish","format-standard","has-post-thumbnail","","category-svijet","tag-gaza","tag-hmas","tag-taoci"],"yoast_head":"<!-- This site is optimized with the Yoast SEO plugin v22.1 - https:\/\/yoast.com\/wordpress\/plugins\/seo\/ -->\n<title>Hamas objavio imena tri izraelska taoca koje \u0107e osloboditi - odabrano<\/title>\n<meta name=\"robots\" content=\"index, follow, max-snippet:-1, max-image-preview:large, max-video-preview:-1\" \/>\n<link rel=\"canonical\" href=\"https:\/\/odabrano.com\/index.php\/2025\/02\/08\/hamas-objavio-imena-tri-izraelska-taoca-koje-ce-osloboditi\/\" \/>\n<meta property=\"og:locale\" content=\"en_US\" \/>\n<meta property=\"og:type\" content=\"article\" \/>\n<meta property=\"og:title\" content=\"Hamas objavio imena tri izraelska taoca koje \u0107e osloboditi - odabrano\" \/>\n<meta property=\"og:description\" content=\"Hamas je u petak objavio imena tri izraelska taoca koje \u0107e osloboditi u subotu u zamjenu za palestinske zarobljenike, nakon odgode koja je pokazala koliko je krhak sporazum koji treba okon\u010dati rat u Gazi. Ohad Ben Ami&nbsp;(56) i&nbsp;Eli Sharabi&nbsp;(52), taoci koji su oteti iz kibuca Be&#8217;eri tijekom prekograni\u010dnog Hamasovog napada te&nbsp;Or Levy&nbsp;(34), talac koji je &hellip;\" \/>\n<meta property=\"og:url\" content=\"https:\/\/odabrano.com\/index.php\/2025\/02\/08\/hamas-objavio-imena-tri-izraelska-taoca-koje-ce-osloboditi\/\" \/>\n<meta property=\"og:site_name\" content=\"odabrano\" \/>\n<meta property=\"article:published_time\" content=\"2025-02-08T03:23:41+00:00\" \/>\n<meta property=\"article:modified_time\" content=\"2025-02-08T03:23:42+00:00\" \/>\n<meta property=\"og:image\" content=\"http:\/\/odabrano.com\/wp-content\/uploads\/2025\/02\/hamas.webp\" \/>\n\t<meta property=\"og:image:width\" content=\"740\" \/>\n\t<meta property=\"og:image:height\" content=\"438\" \/>\n\t<meta property=\"og:image:type\" content=\"image\/webp\" \/>\n<meta name=\"author\" content=\"admin\" \/>\n<meta name=\"twitter:card\" content=\"summary_large_image\" \/>\n<meta name=\"twitter:label1\" content=\"Written by\" \/>\n\t<meta name=\"twitter:data1\" content=\"admin\" \/>\n\t<meta name=\"twitter:label2\" content=\"Est. reading time\" \/>\n\t<meta name=\"twitter:data2\" content=\"2 minutes\" \/>\n<script type=\"application\/ld+json\" class=\"yoast-schema-graph\">{\"@context\":\"https:\/\/schema.org\",\"@graph\":[{\"@type\":\"Article\",\"@id\":\"https:\/\/odabrano.com\/index.php\/2025\/02\/08\/hamas-objavio-imena-tri-izraelska-taoca-koje-ce-osloboditi\/#article\",\"isPartOf\":{\"@id\":\"https:\/\/odabrano.com\/index.php\/2025\/02\/08\/hamas-objavio-imena-tri-izraelska-taoca-koje-ce-osloboditi\/\"},\"author\":{\"name\":\"admin\",\"@id\":\"https:\/\/odabrano.com\/#\/schema\/person\/460f2b14657879743f23c4f6a7cd3236\"},\"headline\":\"Hamas objavio imena tri izraelska taoca koje \u0107e osloboditi\",\"datePublished\":\"2025-02-08T03:23:41+00:00\",\"dateModified\":\"2025-02-08T03:23:42+00:00\",\"mainEntityOfPage\":{\"@id\":\"https:\/\/odabrano.com\/index.php\/2025\/02\/08\/hamas-objavio-imena-tri-izraelska-taoca-koje-ce-osloboditi\/\"},\"wordCount\":323,\"publisher\":{\"@id\":\"https:\/\/odabrano.com\/#\/schema\/person\/460f2b14657879743f23c4f6a7cd3236\"},\"keywords\":[\"gaza\",\"hmas\",\"taoci\"],\"articleSection\":[\"Svijet\"],\"inLanguage\":\"en-US\"},{\"@type\":\"WebPage\",\"@id\":\"https:\/\/odabrano.com\/index.php\/2025\/02\/08\/hamas-objavio-imena-tri-izraelska-taoca-koje-ce-osloboditi\/\",\"url\":\"https:\/\/odabrano.com\/index.php\/2025\/02\/08\/hamas-objavio-imena-tri-izraelska-taoca-koje-ce-osloboditi\/\",\"name\":\"Hamas objavio imena tri izraelska taoca koje \u0107e osloboditi - odabrano\",\"isPartOf\":{\"@id\":\"https:\/\/odabrano.com\/#website\"},\"datePublished\":\"2025-02-08T03:23:41+00:00\",\"dateModified\":\"2025-02-08T03:23:42+00:00\",\"breadcrumb\":{\"@id\":\"https:\/\/odabrano.com\/index.php\/2025\/02\/08\/hamas-objavio-imena-tri-izraelska-taoca-koje-ce-osloboditi\/#breadcrumb\"},\"inLanguage\":\"en-US\",\"potentialAction\":[{\"@type\":\"ReadAction\",\"target\":[\"https:\/\/odabrano.com\/index.php\/2025\/02\/08\/hamas-objavio-imena-tri-izraelska-taoca-koje-ce-osloboditi\/\"]}]},{\"@type\":\"BreadcrumbList\",\"@id\":\"https:\/\/odabrano.com\/index.php\/2025\/02\/08\/hamas-objavio-imena-tri-izraelska-taoca-koje-ce-osloboditi\/#breadcrumb\",\"itemListElement\":[{\"@type\":\"ListItem\",\"position\":1,\"name\":\"Home\",\"item\":\"https:\/\/odabrano.com\/\"},{\"@type\":\"ListItem\",\"position\":2,\"name\":\"Hamas objavio imena tri izraelska taoca koje \u0107e osloboditi\"}]},{\"@type\":\"WebSite\",\"@id\":\"https:\/\/odabrano.com\/#website\",\"url\":\"https:\/\/odabrano.com\/\",\"name\":\"odabrano\",\"description\":\"news portal koji nudi odabrane vijesti i informacije\",\"publisher\":{\"@id\":\"https:\/\/odabrano.com\/#\/schema\/person\/460f2b14657879743f23c4f6a7cd3236\"},\"alternateName\":\"vijesti i informacije iz Hrvatske i svijeta\",\"potentialAction\":[{\"@type\":\"SearchAction\",\"target\":{\"@type\":\"EntryPoint\",\"urlTemplate\":\"https:\/\/odabrano.com\/?s={search_term_string}\"},\"query-input\":\"required name=search_term_string\"}],\"inLanguage\":\"en-US\"},{\"@type\":[\"Person\",\"Organization\"],\"@id\":\"https:\/\/odabrano.com\/#\/schema\/person\/460f2b14657879743f23c4f6a7cd3236\",\"name\":\"admin\",\"image\":{\"@type\":\"ImageObject\",\"inLanguage\":\"en-US\",\"@id\":\"https:\/\/odabrano.com\/#\/schema\/person\/image\/\",\"url\":\"https:\/\/odabrano.com\/wp-content\/uploads\/2024\/04\/dolar.jpg\",\"contentUrl\":\"https:\/\/odabrano.com\/wp-content\/uploads\/2024\/04\/dolar.jpg\",\"width\":1216,\"height\":519,\"caption\":\"admin\"},\"logo\":{\"@id\":\"https:\/\/odabrano.com\/#\/schema\/person\/image\/\"},\"sameAs\":[\"http:\/\/odabrano.com\"],\"url\":\"https:\/\/odabrano.com\/index.php\/author\/sokolneno_u3xb387h\/\"}]}<\/script>\n<!-- \/ Yoast SEO plugin. -->","yoast_head_json":{"title":"Hamas objavio imena tri izraelska taoca koje \u0107e osloboditi - odabrano","robots":{"index":"index","follow":"follow","max-snippet":"max-snippet:-1","max-image-preview":"max-image-preview:large","max-video-preview":"max-video-preview:-1"},"canonical":"https:\/\/odabrano.com\/index.php\/2025\/02\/08\/hamas-objavio-imena-tri-izraelska-taoca-koje-ce-osloboditi\/","og_locale":"en_US","og_type":"article","og_title":"Hamas objavio imena tri izraelska taoca koje \u0107e osloboditi - odabrano","og_description":"Hamas je u petak objavio imena tri izraelska taoca koje \u0107e osloboditi u subotu u zamjenu za palestinske zarobljenike, nakon odgode koja je pokazala koliko je krhak sporazum koji treba okon\u010dati rat u Gazi. Ohad Ben Ami&nbsp;(56) i&nbsp;Eli Sharabi&nbsp;(52), taoci koji su oteti iz kibuca Be&#8217;eri tijekom prekograni\u010dnog Hamasovog napada te&nbsp;Or Levy&nbsp;(34), talac koji je &hellip;","og_url":"https:\/\/odabrano.com\/index.php\/2025\/02\/08\/hamas-objavio-imena-tri-izraelska-taoca-koje-ce-osloboditi\/","og_site_name":"odabrano","article_published_time":"2025-02-08T03:23:41+00:00","article_modified_time":"2025-02-08T03:23:42+00:00","og_image":[{"width":740,"height":438,"url":"http:\/\/odabrano.com\/wp-content\/uploads\/2025\/02\/hamas.webp","type":"image\/webp"}],"author":"admin","twitter_card":"summary_large_image","twitter_misc":{"Written by":"admin","Est. reading time":"2 minutes"},"schema":{"@context":"https:\/\/schema.org","@graph":[{"@type":"Article","@id":"https:\/\/odabrano.com\/index.php\/2025\/02\/08\/hamas-objavio-imena-tri-izraelska-taoca-koje-ce-osloboditi\/#article","isPartOf":{"@id":"https:\/\/odabrano.com\/index.php\/2025\/02\/08\/hamas-objavio-imena-tri-izraelska-taoca-koje-ce-osloboditi\/"},"author":{"name":"admin","@id":"https:\/\/odabrano.com\/#\/schema\/person\/460f2b14657879743f23c4f6a7cd3236"},"headline":"Hamas objavio imena tri izraelska taoca koje \u0107e osloboditi","datePublished":"2025-02-08T03:23:41+00:00","dateModified":"2025-02-08T03:23:42+00:00","mainEntityOfPage":{"@id":"https:\/\/odabrano.com\/index.php\/2025\/02\/08\/hamas-objavio-imena-tri-izraelska-taoca-koje-ce-osloboditi\/"},"wordCount":323,"publisher":{"@id":"https:\/\/odabrano.com\/#\/schema\/person\/460f2b14657879743f23c4f6a7cd3236"},"keywords":["gaza","hmas","taoci"],"articleSection":["Svijet"],"inLanguage":"en-US"},{"@type":"WebPage","@id":"https:\/\/odabrano.com\/index.php\/2025\/02\/08\/hamas-objavio-imena-tri-izraelska-taoca-koje-ce-osloboditi\/","url":"https:\/\/odabrano.com\/index.php\/2025\/02\/08\/hamas-objavio-imena-tri-izraelska-taoca-koje-ce-osloboditi\/","name":"Hamas objavio imena tri izraelska taoca koje \u0107e osloboditi - odabrano","isPartOf":{"@id":"https:\/\/odabrano.com\/#website"},"datePublished":"2025-02-08T03:23:41+00:00","dateModified":"2025-02-08T03:23:42+00:00","breadcrumb":{"@id":"https:\/\/odabrano.com\/index.php\/2025\/02\/08\/hamas-objavio-imena-tri-izraelska-taoca-koje-ce-osloboditi\/#breadcrumb"},"inLanguage":"en-US","potentialAction":[{"@type":"ReadAction","target":["https:\/\/odabrano.com\/index.php\/2025\/02\/08\/hamas-objavio-imena-tri-izraelska-taoca-koje-ce-osloboditi\/"]}]},{"@type":"BreadcrumbList","@id":"https:\/\/odabrano.com\/index.php\/2025\/02\/08\/hamas-objavio-imena-tri-izraelska-taoca-koje-ce-osloboditi\/#breadcrumb","itemListElement":[{"@type":"ListItem","position":1,"name":"Home","item":"https:\/\/odabrano.com\/"},{"@type":"ListItem","position":2,"name":"Hamas objavio imena tri izraelska taoca koje \u0107e osloboditi"}]},{"@type":"WebSite","@id":"https:\/\/odabrano.com\/#website","url":"https:\/\/odabrano.com\/","name":"odabrano","description":"news portal koji nudi odabrane vijesti i informacije","publisher":{"@id":"https:\/\/odabrano.com\/#\/schema\/person\/460f2b14657879743f23c4f6a7cd3236"},"alternateName":"vijesti i informacije iz Hrvatske i svijeta","potentialAction":[{"@type":"SearchAction","target":{"@type":"EntryPoint","urlTemplate":"https:\/\/odabrano.com\/?s={search_term_string}"},"query-input":"required name=search_term_string"}],"inLanguage":"en-US"},{"@type":["Person","Organization"],"@id":"https:\/\/odabrano.com\/#\/schema\/person\/460f2b14657879743f23c4f6a7cd3236","name":"admin","image":{"@type":"ImageObject","inLanguage":"en-US","@id":"https:\/\/odabrano.com\/#\/schema\/person\/image\/","url":"https:\/\/odabrano.com\/wp-content\/uploads\/2024\/04\/dolar.jpg","contentUrl":"https:\/\/odabrano.com\/wp-content\/uploads\/2024\/04\/dolar.jpg","width":1216,"height":519,"caption":"admin"},"logo":{"@id":"https:\/\/odabrano.com\/#\/schema\/person\/image\/"},"sameAs":["http:\/\/odabrano.com"],"url":"https:\/\/odabrano.com\/index.php\/author\/sokolneno_u3xb387h\/"}]}},"_links":{"self":[{"href":"https:\/\/odabrano.com\/index.php\/wp-json\/wp\/v2\/posts\/5755","targetHints":{"allow":["GET"]}}],"collection":[{"href":"https:\/\/odabrano.com\/index.php\/wp-json\/wp\/v2\/posts"}],"about":[{"href":"https:\/\/odabrano.com\/index.php\/wp-json\/wp\/v2\/types\/post"}],"author":[{"embeddable":true,"href":"https:\/\/odabrano.com\/index.php\/wp-json\/wp\/v2\/users\/1"}],"replies":[{"embeddable":true,"href":"https:\/\/odabrano.com\/index.php\/wp-json\/wp\/v2\/comments?post=5755"}],"version-history":[{"count":1,"href":"https:\/\/odabrano.com\/index.php\/wp-json\/wp\/v2\/posts\/5755\/revisions"}],"predecessor-version":[{"id":5757,"href":"https:\/\/odabrano.com\/index.php\/wp-json\/wp\/v2\/posts\/5755\/revisions\/5757"}],"wp:featuredmedia":[{"embeddable":true,"href":"https:\/\/odabrano.com\/index.php\/wp-json\/wp\/v2\/media\/5756"}],"wp:attachment":[{"href":"https:\/\/odabrano.com\/index.php\/wp-json\/wp\/v2\/media?parent=5755"}],"wp:term":[{"taxonomy":"category","embeddable":true,"href":"https:\/\/odabrano.com\/index.php\/wp-json\/wp\/v2\/categories?post=5755"},{"taxonomy":"post_tag","embeddable":true,"href":"https:\/\/odabrano.com\/index.php\/wp-json\/wp\/v2\/tags?post=5755"}],"curies":[{"name":"wp","href":"https:\/\/api.w.org\/{rel}","templated":true}]}}