{"id":5748,"date":"2025-02-05T09:18:45","date_gmt":"2025-02-05T08:18:45","guid":{"rendered":"https:\/\/odabrano.com\/?p=5748"},"modified":"2025-02-05T09:18:46","modified_gmt":"2025-02-05T08:18:46","slug":"grenland-raspisuje-izbore-za-11-ozujka","status":"publish","type":"post","link":"https:\/\/odabrano.com\/index.php\/2025\/02\/05\/grenland-raspisuje-izbore-za-11-ozujka\/","title":{"rendered":"Grenland raspisuje izbore za 11. o\u017eujka"},"content":{"rendered":"\n<p><strong>Grenlandski premijer\u00a0Mute Egede\u00a0najavio je u utorak da \u0107e poluautonomni danski teritorij odr\u017eati op\u0107e izbore 11. o\u017eujka, dok ameri\u010dki predsjednik\u00a0Donald Trump\u00a0pokazuje interes za kupnju tog arkti\u010dkog otoka.<\/strong><\/p>\n\n\n\n<p>O\u010dekuje se da \u0107e glavna pitanja u predizbornoj kampanji biti te\u017enje Grenlanda za neovisno\u0161\u0107u te odnosi s Danskom i Sjedinjenim Dr\u017eavama, kao i krhko gospodarstvo koje ovisi o ribolovu i danskim potporama.<\/p>\n\n\n\n<p>O\u017eivljavaju\u0107i ideju koju je iznio jo\u0161 tijekom svog prvog mandata 2019., Trump je pro\u0161log mjeseca izrazio \u017eelju da &#8220;dobije&#8221; strate\u0161ki va\u017ean otok, ostavljaju\u0107i otvorenom mogu\u0107nost kori\u0161tenja vojne ili ekonomske sile kako bi to postigao.<\/p>\n\n\n\n<p>Grenland, koji ima goleme neiskori\u0161tene mineralne resurse, rekao je da je otvoren za poslovne prijedloge, ali ne \u017eeli biti dio Sjedinjenih Dr\u017eava.<\/p>\n\n\n\n<p>Kao odgovor na Trumpov interes i strah od stranih upletanja, parlament je u utorak zabranio strane i anonimne donacije politi\u010dkim strankama.<\/p>\n\n\n\n<p>Interes SAD-a tako\u0111er je potaknuo zakonodavce da ovaj tjedan postro\u017ee propise o stranim nekretninama i ulaganjima u nekretnine.<\/p>\n\n\n\n<p>&#8211; Prolazimo kroz vrlo ozbiljno razdoblje, kakvo nismo nikada do\u017eivjeli u na\u0161oj zemlji. Ovo nije vrijeme za unutarnje podjele, rekao je premijer Egede u objavi na dru\u0161tvenim mre\u017eama, u kojoj nije spominjao Trumpa.<\/p>\n\n\n\n<p>Pokret prema potpunoj neovisnosti od biv\u0161eg kolonijalnog vladara Danske dobio je zamah posljednjih godina.<\/p>\n\n\n\n<p>Egede, koji \u0107e&nbsp;na dan izbora&nbsp;napuniti 38 godina, podr\u017eava neovisnost, ali nije predlo\u017eio plan za postizanje tog cilja.&nbsp;<\/p>\n\n\n\n<p>Predvodi vladaju\u0107u koaliciju sastavljenu od svoje ljevi\u010darske stranke Inuit Ataqatigiit i socijaldemokratske stranke Siumut.<\/p>\n\n\n\n<p>Iako svih pet parlamentarnih stranaka podr\u017eava neovisnost, razilaze se oko toga kako i kada to treba posti\u0107i.&nbsp;<\/p>\n\n\n\n<p>Samo oporbena stranka Naleraq, koja trenuta\u010dno ima pet mjesta u parlamentu od ukupno 31, \u017eeli odmah raskinuti veze s Danskom.<\/p>\n\n\n\n<p>&#8211; Najva\u017eniji dio na\u0161e izborne kampanje bit \u0107e pokretanje procesa neovisnosti od Danske, rekao je \u010delnik stranke Naleraq&nbsp;<strong>Pele Broberg<\/strong>&nbsp;za Reuters.<\/p>\n\n\n\n<p>Ve\u0107ina Grenlan\u0111ana glasala bi za neovisnost kada bi se takav referendum odr\u017eao sada, pokazala je nedavna anketa koju je proveo Verian, a naru\u010dili mediji.<\/p>\n\n\n\n<p>Me\u0111utim, anketa je tako\u0111er pokazala da bi se njih 45 posto protivilo neovisnosti ako bi to negativno utjecalo na \u017eivotni standard, \u0161to ukazuje na to da je put prema neovisnosti i dalje neizvjestan.&nbsp;<\/p>\n","protected":false},"excerpt":{"rendered":"<p>Grenlandski premijer\u00a0Mute Egede\u00a0najavio je u utorak da \u0107e poluautonomni danski teritorij odr\u017eati op\u0107e izbore 11. o\u017eujka, dok ameri\u010dki predsjednik\u00a0Donald Trump\u00a0pokazuje interes za kupnju tog arkti\u010dkog otoka. O\u010dekuje se da \u0107e glavna pitanja u predizbornoj kampanji biti te\u017enje Grenlanda za neovisno\u0161\u0107u te odnosi s Danskom i Sjedinjenim Dr\u017eavama, kao i krhko gospodarstvo koje ovisi o ribolovu &hellip;<\/p>\n","protected":false},"author":1,"featured_media":5749,"comment_status":"closed","ping_status":"open","sticky":false,"template":"","format":"standard","meta":{"_monsterinsights_skip_tracking":false,"_monsterinsights_sitenote_active":false,"_monsterinsights_sitenote_note":"","_monsterinsights_sitenote_category":0,"footnotes":""},"categories":[9],"tags":[1192,88],"class_list":["post-5748","post","type-post","status-publish","format-standard","has-post-thumbnail","","category-svijet","tag-grenland","tag-izbori"],"yoast_head":"<!-- This site is optimized with the Yoast SEO plugin v22.1 - https:\/\/yoast.com\/wordpress\/plugins\/seo\/ -->\n<title>Grenland raspisuje izbore za 11. o\u017eujka - odabrano<\/title>\n<meta name=\"robots\" content=\"index, follow, max-snippet:-1, max-image-preview:large, max-video-preview:-1\" \/>\n<link rel=\"canonical\" href=\"https:\/\/odabrano.com\/index.php\/2025\/02\/05\/grenland-raspisuje-izbore-za-11-ozujka\/\" \/>\n<meta property=\"og:locale\" content=\"en_US\" \/>\n<meta property=\"og:type\" content=\"article\" \/>\n<meta property=\"og:title\" content=\"Grenland raspisuje izbore za 11. o\u017eujka - odabrano\" \/>\n<meta property=\"og:description\" content=\"Grenlandski premijer\u00a0Mute Egede\u00a0najavio je u utorak da \u0107e poluautonomni danski teritorij odr\u017eati op\u0107e izbore 11. o\u017eujka, dok ameri\u010dki predsjednik\u00a0Donald Trump\u00a0pokazuje interes za kupnju tog arkti\u010dkog otoka. O\u010dekuje se da \u0107e glavna pitanja u predizbornoj kampanji biti te\u017enje Grenlanda za neovisno\u0161\u0107u te odnosi s Danskom i Sjedinjenim Dr\u017eavama, kao i krhko gospodarstvo koje ovisi o ribolovu &hellip;\" \/>\n<meta property=\"og:url\" content=\"https:\/\/odabrano.com\/index.php\/2025\/02\/05\/grenland-raspisuje-izbore-za-11-ozujka\/\" \/>\n<meta property=\"og:site_name\" content=\"odabrano\" \/>\n<meta property=\"article:published_time\" content=\"2025-02-05T08:18:45+00:00\" \/>\n<meta property=\"article:modified_time\" content=\"2025-02-05T08:18:46+00:00\" \/>\n<meta property=\"og:image\" content=\"http:\/\/odabrano.com\/wp-content\/uploads\/2025\/02\/grenland.webp\" \/>\n\t<meta property=\"og:image:width\" content=\"740\" \/>\n\t<meta property=\"og:image:height\" content=\"438\" \/>\n\t<meta property=\"og:image:type\" content=\"image\/webp\" \/>\n<meta name=\"author\" content=\"admin\" \/>\n<meta name=\"twitter:card\" content=\"summary_large_image\" \/>\n<meta name=\"twitter:label1\" content=\"Written by\" \/>\n\t<meta name=\"twitter:data1\" content=\"admin\" \/>\n\t<meta name=\"twitter:label2\" content=\"Est. reading time\" \/>\n\t<meta name=\"twitter:data2\" content=\"2 minutes\" \/>\n<script type=\"application\/ld+json\" class=\"yoast-schema-graph\">{\"@context\":\"https:\/\/schema.org\",\"@graph\":[{\"@type\":\"Article\",\"@id\":\"https:\/\/odabrano.com\/index.php\/2025\/02\/05\/grenland-raspisuje-izbore-za-11-ozujka\/#article\",\"isPartOf\":{\"@id\":\"https:\/\/odabrano.com\/index.php\/2025\/02\/05\/grenland-raspisuje-izbore-za-11-ozujka\/\"},\"author\":{\"name\":\"admin\",\"@id\":\"https:\/\/odabrano.com\/#\/schema\/person\/460f2b14657879743f23c4f6a7cd3236\"},\"headline\":\"Grenland raspisuje izbore za 11. o\u017eujka\",\"datePublished\":\"2025-02-05T08:18:45+00:00\",\"dateModified\":\"2025-02-05T08:18:46+00:00\",\"mainEntityOfPage\":{\"@id\":\"https:\/\/odabrano.com\/index.php\/2025\/02\/05\/grenland-raspisuje-izbore-za-11-ozujka\/\"},\"wordCount\":403,\"publisher\":{\"@id\":\"https:\/\/odabrano.com\/#\/schema\/person\/460f2b14657879743f23c4f6a7cd3236\"},\"keywords\":[\"grenland\",\"izbori\"],\"articleSection\":[\"Svijet\"],\"inLanguage\":\"en-US\"},{\"@type\":\"WebPage\",\"@id\":\"https:\/\/odabrano.com\/index.php\/2025\/02\/05\/grenland-raspisuje-izbore-za-11-ozujka\/\",\"url\":\"https:\/\/odabrano.com\/index.php\/2025\/02\/05\/grenland-raspisuje-izbore-za-11-ozujka\/\",\"name\":\"Grenland raspisuje izbore za 11. o\u017eujka - odabrano\",\"isPartOf\":{\"@id\":\"https:\/\/odabrano.com\/#website\"},\"datePublished\":\"2025-02-05T08:18:45+00:00\",\"dateModified\":\"2025-02-05T08:18:46+00:00\",\"breadcrumb\":{\"@id\":\"https:\/\/odabrano.com\/index.php\/2025\/02\/05\/grenland-raspisuje-izbore-za-11-ozujka\/#breadcrumb\"},\"inLanguage\":\"en-US\",\"potentialAction\":[{\"@type\":\"ReadAction\",\"target\":[\"https:\/\/odabrano.com\/index.php\/2025\/02\/05\/grenland-raspisuje-izbore-za-11-ozujka\/\"]}]},{\"@type\":\"BreadcrumbList\",\"@id\":\"https:\/\/odabrano.com\/index.php\/2025\/02\/05\/grenland-raspisuje-izbore-za-11-ozujka\/#breadcrumb\",\"itemListElement\":[{\"@type\":\"ListItem\",\"position\":1,\"name\":\"Home\",\"item\":\"https:\/\/odabrano.com\/\"},{\"@type\":\"ListItem\",\"position\":2,\"name\":\"Grenland raspisuje izbore za 11. o\u017eujka\"}]},{\"@type\":\"WebSite\",\"@id\":\"https:\/\/odabrano.com\/#website\",\"url\":\"https:\/\/odabrano.com\/\",\"name\":\"odabrano\",\"description\":\"news portal koji nudi odabrane vijesti i informacije\",\"publisher\":{\"@id\":\"https:\/\/odabrano.com\/#\/schema\/person\/460f2b14657879743f23c4f6a7cd3236\"},\"alternateName\":\"vijesti i informacije iz Hrvatske i svijeta\",\"potentialAction\":[{\"@type\":\"SearchAction\",\"target\":{\"@type\":\"EntryPoint\",\"urlTemplate\":\"https:\/\/odabrano.com\/?s={search_term_string}\"},\"query-input\":\"required name=search_term_string\"}],\"inLanguage\":\"en-US\"},{\"@type\":[\"Person\",\"Organization\"],\"@id\":\"https:\/\/odabrano.com\/#\/schema\/person\/460f2b14657879743f23c4f6a7cd3236\",\"name\":\"admin\",\"image\":{\"@type\":\"ImageObject\",\"inLanguage\":\"en-US\",\"@id\":\"https:\/\/odabrano.com\/#\/schema\/person\/image\/\",\"url\":\"https:\/\/odabrano.com\/wp-content\/uploads\/2024\/04\/dolar.jpg\",\"contentUrl\":\"https:\/\/odabrano.com\/wp-content\/uploads\/2024\/04\/dolar.jpg\",\"width\":1216,\"height\":519,\"caption\":\"admin\"},\"logo\":{\"@id\":\"https:\/\/odabrano.com\/#\/schema\/person\/image\/\"},\"sameAs\":[\"http:\/\/odabrano.com\"],\"url\":\"https:\/\/odabrano.com\/index.php\/author\/sokolneno_u3xb387h\/\"}]}<\/script>\n<!-- \/ Yoast SEO plugin. -->","yoast_head_json":{"title":"Grenland raspisuje izbore za 11. o\u017eujka - odabrano","robots":{"index":"index","follow":"follow","max-snippet":"max-snippet:-1","max-image-preview":"max-image-preview:large","max-video-preview":"max-video-preview:-1"},"canonical":"https:\/\/odabrano.com\/index.php\/2025\/02\/05\/grenland-raspisuje-izbore-za-11-ozujka\/","og_locale":"en_US","og_type":"article","og_title":"Grenland raspisuje izbore za 11. o\u017eujka - odabrano","og_description":"Grenlandski premijer\u00a0Mute Egede\u00a0najavio je u utorak da \u0107e poluautonomni danski teritorij odr\u017eati op\u0107e izbore 11. o\u017eujka, dok ameri\u010dki predsjednik\u00a0Donald Trump\u00a0pokazuje interes za kupnju tog arkti\u010dkog otoka. O\u010dekuje se da \u0107e glavna pitanja u predizbornoj kampanji biti te\u017enje Grenlanda za neovisno\u0161\u0107u te odnosi s Danskom i Sjedinjenim Dr\u017eavama, kao i krhko gospodarstvo koje ovisi o ribolovu &hellip;","og_url":"https:\/\/odabrano.com\/index.php\/2025\/02\/05\/grenland-raspisuje-izbore-za-11-ozujka\/","og_site_name":"odabrano","article_published_time":"2025-02-05T08:18:45+00:00","article_modified_time":"2025-02-05T08:18:46+00:00","og_image":[{"width":740,"height":438,"url":"http:\/\/odabrano.com\/wp-content\/uploads\/2025\/02\/grenland.webp","type":"image\/webp"}],"author":"admin","twitter_card":"summary_large_image","twitter_misc":{"Written by":"admin","Est. reading time":"2 minutes"},"schema":{"@context":"https:\/\/schema.org","@graph":[{"@type":"Article","@id":"https:\/\/odabrano.com\/index.php\/2025\/02\/05\/grenland-raspisuje-izbore-za-11-ozujka\/#article","isPartOf":{"@id":"https:\/\/odabrano.com\/index.php\/2025\/02\/05\/grenland-raspisuje-izbore-za-11-ozujka\/"},"author":{"name":"admin","@id":"https:\/\/odabrano.com\/#\/schema\/person\/460f2b14657879743f23c4f6a7cd3236"},"headline":"Grenland raspisuje izbore za 11. o\u017eujka","datePublished":"2025-02-05T08:18:45+00:00","dateModified":"2025-02-05T08:18:46+00:00","mainEntityOfPage":{"@id":"https:\/\/odabrano.com\/index.php\/2025\/02\/05\/grenland-raspisuje-izbore-za-11-ozujka\/"},"wordCount":403,"publisher":{"@id":"https:\/\/odabrano.com\/#\/schema\/person\/460f2b14657879743f23c4f6a7cd3236"},"keywords":["grenland","izbori"],"articleSection":["Svijet"],"inLanguage":"en-US"},{"@type":"WebPage","@id":"https:\/\/odabrano.com\/index.php\/2025\/02\/05\/grenland-raspisuje-izbore-za-11-ozujka\/","url":"https:\/\/odabrano.com\/index.php\/2025\/02\/05\/grenland-raspisuje-izbore-za-11-ozujka\/","name":"Grenland raspisuje izbore za 11. o\u017eujka - odabrano","isPartOf":{"@id":"https:\/\/odabrano.com\/#website"},"datePublished":"2025-02-05T08:18:45+00:00","dateModified":"2025-02-05T08:18:46+00:00","breadcrumb":{"@id":"https:\/\/odabrano.com\/index.php\/2025\/02\/05\/grenland-raspisuje-izbore-za-11-ozujka\/#breadcrumb"},"inLanguage":"en-US","potentialAction":[{"@type":"ReadAction","target":["https:\/\/odabrano.com\/index.php\/2025\/02\/05\/grenland-raspisuje-izbore-za-11-ozujka\/"]}]},{"@type":"BreadcrumbList","@id":"https:\/\/odabrano.com\/index.php\/2025\/02\/05\/grenland-raspisuje-izbore-za-11-ozujka\/#breadcrumb","itemListElement":[{"@type":"ListItem","position":1,"name":"Home","item":"https:\/\/odabrano.com\/"},{"@type":"ListItem","position":2,"name":"Grenland raspisuje izbore za 11. o\u017eujka"}]},{"@type":"WebSite","@id":"https:\/\/odabrano.com\/#website","url":"https:\/\/odabrano.com\/","name":"odabrano","description":"news portal koji nudi odabrane vijesti i informacije","publisher":{"@id":"https:\/\/odabrano.com\/#\/schema\/person\/460f2b14657879743f23c4f6a7cd3236"},"alternateName":"vijesti i informacije iz Hrvatske i svijeta","potentialAction":[{"@type":"SearchAction","target":{"@type":"EntryPoint","urlTemplate":"https:\/\/odabrano.com\/?s={search_term_string}"},"query-input":"required name=search_term_string"}],"inLanguage":"en-US"},{"@type":["Person","Organization"],"@id":"https:\/\/odabrano.com\/#\/schema\/person\/460f2b14657879743f23c4f6a7cd3236","name":"admin","image":{"@type":"ImageObject","inLanguage":"en-US","@id":"https:\/\/odabrano.com\/#\/schema\/person\/image\/","url":"https:\/\/odabrano.com\/wp-content\/uploads\/2024\/04\/dolar.jpg","contentUrl":"https:\/\/odabrano.com\/wp-content\/uploads\/2024\/04\/dolar.jpg","width":1216,"height":519,"caption":"admin"},"logo":{"@id":"https:\/\/odabrano.com\/#\/schema\/person\/image\/"},"sameAs":["http:\/\/odabrano.com"],"url":"https:\/\/odabrano.com\/index.php\/author\/sokolneno_u3xb387h\/"}]}},"_links":{"self":[{"href":"https:\/\/odabrano.com\/index.php\/wp-json\/wp\/v2\/posts\/5748","targetHints":{"allow":["GET"]}}],"collection":[{"href":"https:\/\/odabrano.com\/index.php\/wp-json\/wp\/v2\/posts"}],"about":[{"href":"https:\/\/odabrano.com\/index.php\/wp-json\/wp\/v2\/types\/post"}],"author":[{"embeddable":true,"href":"https:\/\/odabrano.com\/index.php\/wp-json\/wp\/v2\/users\/1"}],"replies":[{"embeddable":true,"href":"https:\/\/odabrano.com\/index.php\/wp-json\/wp\/v2\/comments?post=5748"}],"version-history":[{"count":1,"href":"https:\/\/odabrano.com\/index.php\/wp-json\/wp\/v2\/posts\/5748\/revisions"}],"predecessor-version":[{"id":5750,"href":"https:\/\/odabrano.com\/index.php\/wp-json\/wp\/v2\/posts\/5748\/revisions\/5750"}],"wp:featuredmedia":[{"embeddable":true,"href":"https:\/\/odabrano.com\/index.php\/wp-json\/wp\/v2\/media\/5749"}],"wp:attachment":[{"href":"https:\/\/odabrano.com\/index.php\/wp-json\/wp\/v2\/media?parent=5748"}],"wp:term":[{"taxonomy":"category","embeddable":true,"href":"https:\/\/odabrano.com\/index.php\/wp-json\/wp\/v2\/categories?post=5748"},{"taxonomy":"post_tag","embeddable":true,"href":"https:\/\/odabrano.com\/index.php\/wp-json\/wp\/v2\/tags?post=5748"}],"curies":[{"name":"wp","href":"https:\/\/api.w.org\/{rel}","templated":true}]}}