{"id":5734,"date":"2025-01-26T15:01:21","date_gmt":"2025-01-26T14:01:21","guid":{"rendered":"https:\/\/odabrano.com\/?p=5734"},"modified":"2025-01-26T15:01:22","modified_gmt":"2025-01-26T14:01:22","slug":"u-bih-po-uzoru-na-rh-pozivi-na-bojkot-trgovina-benzinskih-kafica","status":"publish","type":"post","link":"https:\/\/odabrano.com\/index.php\/2025\/01\/26\/u-bih-po-uzoru-na-rh-pozivi-na-bojkot-trgovina-benzinskih-kafica\/","title":{"rendered":"U BiH po uzoru na RH pozivi na bojkot trgovina, benzinskih, kafi\u0107a"},"content":{"rendered":"\n<p><strong>Dru\u0161tvenim mre\u017eama u Bosni i Hercegovini se nakon uspjele gra\u0111anske akcije u Hrvatskoj \u0161ire pozivi na bojkot trgovina, benzinskih pumpi, kafi\u0107a i restorana u petak, 31. sije\u010dnja 2025. godine, kao izraz nezadovoljstva zbog visokih cijena i niskog \u017eivotnog standarda.\u00a0<\/strong><\/p>\n\n\n\n<p>Inicijatori akcije pozivaju gra\u0111ane da taj dan ne kupuju ni\u0161ta i da unaprijed osiguraju potrebne namirnice, kuhaju kod ku\u0107e i izbjegavaju potro\u0161nju u ugostiteljskim objektima.<\/p>\n\n\n\n<p>&#8211; Ovo je na\u010din da poka\u017eemo nezadovoljstvo zbog rasta cijena hrane i energije, dok su pla\u0107e gra\u0111ana ostale niske. Jedan dan bojkota mo\u017ee poslati sna\u017enu poruku, stoji u jednoj od poruka koja se dijeli na dru\u0161tvenim mre\u017eama.<\/p>\n\n\n\n<p>Gra\u0111ani na internetskim forumima isti\u010du da su cijene hrane u BiH vi\u0161e nego u nekim razvijenim zemljama poput Njema\u010dke, dok su tro\u0161kovi stanovanja i dalje nepodno\u0161ljivi.<br><br>Prema rije\u010dima<strong>\u00a0Adisa Ke\u010de<\/strong>, predstavnika Saveza samostalnih sindikata BiH, ovakve akcije ukazuju na ozbiljne dru\u0161tveno-ekonomske probleme u zemlji.<br><br>On upozorava da dobit poslodavaca raste, dok to ne prate pla\u0107e radnika koje su nedovoljne za pokrivanje osnovnih \u017eivotnih tro\u0161kova.<br><br>Inicijatori bojkota isti\u010du kako je cilj akcije pritisnuti vlasti i poslodavce da poduzmu konkretne mjere za smanjenje inflacije, pove\u0107anje minimalne pla\u0107e i pobolj\u0161anje ukupnog \u017eivotnog standarda gra\u0111ana.<\/p>\n\n\n\n<p>Vlasti u Bosni i Hercegovini su u vi\u0161e navrata uvodile zamrzavanja cijena najva\u017enijih namirnica.<\/p>\n","protected":false},"excerpt":{"rendered":"<p>Dru\u0161tvenim mre\u017eama u Bosni i Hercegovini se nakon uspjele gra\u0111anske akcije u Hrvatskoj \u0161ire pozivi na bojkot trgovina, benzinskih pumpi, kafi\u0107a i restorana u petak, 31. sije\u010dnja 2025. godine, kao izraz nezadovoljstva zbog visokih cijena i niskog \u017eivotnog standarda.\u00a0 Inicijatori akcije pozivaju gra\u0111ane da taj dan ne kupuju ni\u0161ta i da unaprijed osiguraju potrebne namirnice, &hellip;<\/p>\n","protected":false},"author":1,"featured_media":5735,"comment_status":"closed","ping_status":"open","sticky":false,"template":"","format":"standard","meta":{"_monsterinsights_skip_tracking":false,"_monsterinsights_sitenote_active":false,"_monsterinsights_sitenote_note":"","_monsterinsights_sitenote_category":0,"footnotes":""},"categories":[6],"tags":[1184,169],"class_list":["post-5734","post","type-post","status-publish","format-standard","has-post-thumbnail","","category-istok","tag-bojkot","tag-bosna"],"yoast_head":"<!-- This site is optimized with the Yoast SEO plugin v22.1 - https:\/\/yoast.com\/wordpress\/plugins\/seo\/ -->\n<title>U BiH po uzoru na RH pozivi na bojkot trgovina, benzinskih, kafi\u0107a - odabrano<\/title>\n<meta name=\"robots\" content=\"index, follow, max-snippet:-1, max-image-preview:large, max-video-preview:-1\" \/>\n<link rel=\"canonical\" href=\"https:\/\/odabrano.com\/index.php\/2025\/01\/26\/u-bih-po-uzoru-na-rh-pozivi-na-bojkot-trgovina-benzinskih-kafica\/\" \/>\n<meta property=\"og:locale\" content=\"en_US\" \/>\n<meta property=\"og:type\" content=\"article\" \/>\n<meta property=\"og:title\" content=\"U BiH po uzoru na RH pozivi na bojkot trgovina, benzinskih, kafi\u0107a - odabrano\" \/>\n<meta property=\"og:description\" content=\"Dru\u0161tvenim mre\u017eama u Bosni i Hercegovini se nakon uspjele gra\u0111anske akcije u Hrvatskoj \u0161ire pozivi na bojkot trgovina, benzinskih pumpi, kafi\u0107a i restorana u petak, 31. sije\u010dnja 2025. godine, kao izraz nezadovoljstva zbog visokih cijena i niskog \u017eivotnog standarda.\u00a0 Inicijatori akcije pozivaju gra\u0111ane da taj dan ne kupuju ni\u0161ta i da unaprijed osiguraju potrebne namirnice, &hellip;\" \/>\n<meta property=\"og:url\" content=\"https:\/\/odabrano.com\/index.php\/2025\/01\/26\/u-bih-po-uzoru-na-rh-pozivi-na-bojkot-trgovina-benzinskih-kafica\/\" \/>\n<meta property=\"og:site_name\" content=\"odabrano\" \/>\n<meta property=\"article:published_time\" content=\"2025-01-26T14:01:21+00:00\" \/>\n<meta property=\"article:modified_time\" content=\"2025-01-26T14:01:22+00:00\" \/>\n<meta property=\"og:image\" content=\"http:\/\/odabrano.com\/wp-content\/uploads\/2025\/01\/bosna-ducan.webp\" \/>\n\t<meta property=\"og:image:width\" content=\"740\" \/>\n\t<meta property=\"og:image:height\" content=\"438\" \/>\n\t<meta property=\"og:image:type\" content=\"image\/webp\" \/>\n<meta name=\"author\" content=\"admin\" \/>\n<meta name=\"twitter:card\" content=\"summary_large_image\" \/>\n<meta name=\"twitter:label1\" content=\"Written by\" \/>\n\t<meta name=\"twitter:data1\" content=\"admin\" \/>\n\t<meta name=\"twitter:label2\" content=\"Est. reading time\" \/>\n\t<meta name=\"twitter:data2\" content=\"2 minutes\" \/>\n<script type=\"application\/ld+json\" class=\"yoast-schema-graph\">{\"@context\":\"https:\/\/schema.org\",\"@graph\":[{\"@type\":\"Article\",\"@id\":\"https:\/\/odabrano.com\/index.php\/2025\/01\/26\/u-bih-po-uzoru-na-rh-pozivi-na-bojkot-trgovina-benzinskih-kafica\/#article\",\"isPartOf\":{\"@id\":\"https:\/\/odabrano.com\/index.php\/2025\/01\/26\/u-bih-po-uzoru-na-rh-pozivi-na-bojkot-trgovina-benzinskih-kafica\/\"},\"author\":{\"name\":\"admin\",\"@id\":\"https:\/\/odabrano.com\/#\/schema\/person\/460f2b14657879743f23c4f6a7cd3236\"},\"headline\":\"U BiH po uzoru na RH pozivi na bojkot trgovina, benzinskih, kafi\u0107a\",\"datePublished\":\"2025-01-26T14:01:21+00:00\",\"dateModified\":\"2025-01-26T14:01:22+00:00\",\"mainEntityOfPage\":{\"@id\":\"https:\/\/odabrano.com\/index.php\/2025\/01\/26\/u-bih-po-uzoru-na-rh-pozivi-na-bojkot-trgovina-benzinskih-kafica\/\"},\"wordCount\":252,\"publisher\":{\"@id\":\"https:\/\/odabrano.com\/#\/schema\/person\/460f2b14657879743f23c4f6a7cd3236\"},\"keywords\":[\"bojkot\",\"bosna\"],\"articleSection\":[\"Istok\"],\"inLanguage\":\"en-US\"},{\"@type\":\"WebPage\",\"@id\":\"https:\/\/odabrano.com\/index.php\/2025\/01\/26\/u-bih-po-uzoru-na-rh-pozivi-na-bojkot-trgovina-benzinskih-kafica\/\",\"url\":\"https:\/\/odabrano.com\/index.php\/2025\/01\/26\/u-bih-po-uzoru-na-rh-pozivi-na-bojkot-trgovina-benzinskih-kafica\/\",\"name\":\"U BiH po uzoru na RH pozivi na bojkot trgovina, benzinskih, kafi\u0107a - odabrano\",\"isPartOf\":{\"@id\":\"https:\/\/odabrano.com\/#website\"},\"datePublished\":\"2025-01-26T14:01:21+00:00\",\"dateModified\":\"2025-01-26T14:01:22+00:00\",\"breadcrumb\":{\"@id\":\"https:\/\/odabrano.com\/index.php\/2025\/01\/26\/u-bih-po-uzoru-na-rh-pozivi-na-bojkot-trgovina-benzinskih-kafica\/#breadcrumb\"},\"inLanguage\":\"en-US\",\"potentialAction\":[{\"@type\":\"ReadAction\",\"target\":[\"https:\/\/odabrano.com\/index.php\/2025\/01\/26\/u-bih-po-uzoru-na-rh-pozivi-na-bojkot-trgovina-benzinskih-kafica\/\"]}]},{\"@type\":\"BreadcrumbList\",\"@id\":\"https:\/\/odabrano.com\/index.php\/2025\/01\/26\/u-bih-po-uzoru-na-rh-pozivi-na-bojkot-trgovina-benzinskih-kafica\/#breadcrumb\",\"itemListElement\":[{\"@type\":\"ListItem\",\"position\":1,\"name\":\"Home\",\"item\":\"https:\/\/odabrano.com\/\"},{\"@type\":\"ListItem\",\"position\":2,\"name\":\"U BiH po uzoru na RH pozivi na bojkot trgovina, benzinskih, kafi\u0107a\"}]},{\"@type\":\"WebSite\",\"@id\":\"https:\/\/odabrano.com\/#website\",\"url\":\"https:\/\/odabrano.com\/\",\"name\":\"odabrano\",\"description\":\"news portal koji nudi odabrane vijesti i informacije\",\"publisher\":{\"@id\":\"https:\/\/odabrano.com\/#\/schema\/person\/460f2b14657879743f23c4f6a7cd3236\"},\"alternateName\":\"vijesti i informacije iz Hrvatske i svijeta\",\"potentialAction\":[{\"@type\":\"SearchAction\",\"target\":{\"@type\":\"EntryPoint\",\"urlTemplate\":\"https:\/\/odabrano.com\/?s={search_term_string}\"},\"query-input\":\"required name=search_term_string\"}],\"inLanguage\":\"en-US\"},{\"@type\":[\"Person\",\"Organization\"],\"@id\":\"https:\/\/odabrano.com\/#\/schema\/person\/460f2b14657879743f23c4f6a7cd3236\",\"name\":\"admin\",\"image\":{\"@type\":\"ImageObject\",\"inLanguage\":\"en-US\",\"@id\":\"https:\/\/odabrano.com\/#\/schema\/person\/image\/\",\"url\":\"https:\/\/odabrano.com\/wp-content\/uploads\/2024\/04\/dolar.jpg\",\"contentUrl\":\"https:\/\/odabrano.com\/wp-content\/uploads\/2024\/04\/dolar.jpg\",\"width\":1216,\"height\":519,\"caption\":\"admin\"},\"logo\":{\"@id\":\"https:\/\/odabrano.com\/#\/schema\/person\/image\/\"},\"sameAs\":[\"http:\/\/odabrano.com\"],\"url\":\"https:\/\/odabrano.com\/index.php\/author\/sokolneno_u3xb387h\/\"}]}<\/script>\n<!-- \/ Yoast SEO plugin. -->","yoast_head_json":{"title":"U BiH po uzoru na RH pozivi na bojkot trgovina, benzinskih, kafi\u0107a - odabrano","robots":{"index":"index","follow":"follow","max-snippet":"max-snippet:-1","max-image-preview":"max-image-preview:large","max-video-preview":"max-video-preview:-1"},"canonical":"https:\/\/odabrano.com\/index.php\/2025\/01\/26\/u-bih-po-uzoru-na-rh-pozivi-na-bojkot-trgovina-benzinskih-kafica\/","og_locale":"en_US","og_type":"article","og_title":"U BiH po uzoru na RH pozivi na bojkot trgovina, benzinskih, kafi\u0107a - odabrano","og_description":"Dru\u0161tvenim mre\u017eama u Bosni i Hercegovini se nakon uspjele gra\u0111anske akcije u Hrvatskoj \u0161ire pozivi na bojkot trgovina, benzinskih pumpi, kafi\u0107a i restorana u petak, 31. sije\u010dnja 2025. godine, kao izraz nezadovoljstva zbog visokih cijena i niskog \u017eivotnog standarda.\u00a0 Inicijatori akcije pozivaju gra\u0111ane da taj dan ne kupuju ni\u0161ta i da unaprijed osiguraju potrebne namirnice, &hellip;","og_url":"https:\/\/odabrano.com\/index.php\/2025\/01\/26\/u-bih-po-uzoru-na-rh-pozivi-na-bojkot-trgovina-benzinskih-kafica\/","og_site_name":"odabrano","article_published_time":"2025-01-26T14:01:21+00:00","article_modified_time":"2025-01-26T14:01:22+00:00","og_image":[{"width":740,"height":438,"url":"http:\/\/odabrano.com\/wp-content\/uploads\/2025\/01\/bosna-ducan.webp","type":"image\/webp"}],"author":"admin","twitter_card":"summary_large_image","twitter_misc":{"Written by":"admin","Est. reading time":"2 minutes"},"schema":{"@context":"https:\/\/schema.org","@graph":[{"@type":"Article","@id":"https:\/\/odabrano.com\/index.php\/2025\/01\/26\/u-bih-po-uzoru-na-rh-pozivi-na-bojkot-trgovina-benzinskih-kafica\/#article","isPartOf":{"@id":"https:\/\/odabrano.com\/index.php\/2025\/01\/26\/u-bih-po-uzoru-na-rh-pozivi-na-bojkot-trgovina-benzinskih-kafica\/"},"author":{"name":"admin","@id":"https:\/\/odabrano.com\/#\/schema\/person\/460f2b14657879743f23c4f6a7cd3236"},"headline":"U BiH po uzoru na RH pozivi na bojkot trgovina, benzinskih, kafi\u0107a","datePublished":"2025-01-26T14:01:21+00:00","dateModified":"2025-01-26T14:01:22+00:00","mainEntityOfPage":{"@id":"https:\/\/odabrano.com\/index.php\/2025\/01\/26\/u-bih-po-uzoru-na-rh-pozivi-na-bojkot-trgovina-benzinskih-kafica\/"},"wordCount":252,"publisher":{"@id":"https:\/\/odabrano.com\/#\/schema\/person\/460f2b14657879743f23c4f6a7cd3236"},"keywords":["bojkot","bosna"],"articleSection":["Istok"],"inLanguage":"en-US"},{"@type":"WebPage","@id":"https:\/\/odabrano.com\/index.php\/2025\/01\/26\/u-bih-po-uzoru-na-rh-pozivi-na-bojkot-trgovina-benzinskih-kafica\/","url":"https:\/\/odabrano.com\/index.php\/2025\/01\/26\/u-bih-po-uzoru-na-rh-pozivi-na-bojkot-trgovina-benzinskih-kafica\/","name":"U BiH po uzoru na RH pozivi na bojkot trgovina, benzinskih, kafi\u0107a - odabrano","isPartOf":{"@id":"https:\/\/odabrano.com\/#website"},"datePublished":"2025-01-26T14:01:21+00:00","dateModified":"2025-01-26T14:01:22+00:00","breadcrumb":{"@id":"https:\/\/odabrano.com\/index.php\/2025\/01\/26\/u-bih-po-uzoru-na-rh-pozivi-na-bojkot-trgovina-benzinskih-kafica\/#breadcrumb"},"inLanguage":"en-US","potentialAction":[{"@type":"ReadAction","target":["https:\/\/odabrano.com\/index.php\/2025\/01\/26\/u-bih-po-uzoru-na-rh-pozivi-na-bojkot-trgovina-benzinskih-kafica\/"]}]},{"@type":"BreadcrumbList","@id":"https:\/\/odabrano.com\/index.php\/2025\/01\/26\/u-bih-po-uzoru-na-rh-pozivi-na-bojkot-trgovina-benzinskih-kafica\/#breadcrumb","itemListElement":[{"@type":"ListItem","position":1,"name":"Home","item":"https:\/\/odabrano.com\/"},{"@type":"ListItem","position":2,"name":"U BiH po uzoru na RH pozivi na bojkot trgovina, benzinskih, kafi\u0107a"}]},{"@type":"WebSite","@id":"https:\/\/odabrano.com\/#website","url":"https:\/\/odabrano.com\/","name":"odabrano","description":"news portal koji nudi odabrane vijesti i informacije","publisher":{"@id":"https:\/\/odabrano.com\/#\/schema\/person\/460f2b14657879743f23c4f6a7cd3236"},"alternateName":"vijesti i informacije iz Hrvatske i svijeta","potentialAction":[{"@type":"SearchAction","target":{"@type":"EntryPoint","urlTemplate":"https:\/\/odabrano.com\/?s={search_term_string}"},"query-input":"required name=search_term_string"}],"inLanguage":"en-US"},{"@type":["Person","Organization"],"@id":"https:\/\/odabrano.com\/#\/schema\/person\/460f2b14657879743f23c4f6a7cd3236","name":"admin","image":{"@type":"ImageObject","inLanguage":"en-US","@id":"https:\/\/odabrano.com\/#\/schema\/person\/image\/","url":"https:\/\/odabrano.com\/wp-content\/uploads\/2024\/04\/dolar.jpg","contentUrl":"https:\/\/odabrano.com\/wp-content\/uploads\/2024\/04\/dolar.jpg","width":1216,"height":519,"caption":"admin"},"logo":{"@id":"https:\/\/odabrano.com\/#\/schema\/person\/image\/"},"sameAs":["http:\/\/odabrano.com"],"url":"https:\/\/odabrano.com\/index.php\/author\/sokolneno_u3xb387h\/"}]}},"_links":{"self":[{"href":"https:\/\/odabrano.com\/index.php\/wp-json\/wp\/v2\/posts\/5734","targetHints":{"allow":["GET"]}}],"collection":[{"href":"https:\/\/odabrano.com\/index.php\/wp-json\/wp\/v2\/posts"}],"about":[{"href":"https:\/\/odabrano.com\/index.php\/wp-json\/wp\/v2\/types\/post"}],"author":[{"embeddable":true,"href":"https:\/\/odabrano.com\/index.php\/wp-json\/wp\/v2\/users\/1"}],"replies":[{"embeddable":true,"href":"https:\/\/odabrano.com\/index.php\/wp-json\/wp\/v2\/comments?post=5734"}],"version-history":[{"count":1,"href":"https:\/\/odabrano.com\/index.php\/wp-json\/wp\/v2\/posts\/5734\/revisions"}],"predecessor-version":[{"id":5736,"href":"https:\/\/odabrano.com\/index.php\/wp-json\/wp\/v2\/posts\/5734\/revisions\/5736"}],"wp:featuredmedia":[{"embeddable":true,"href":"https:\/\/odabrano.com\/index.php\/wp-json\/wp\/v2\/media\/5735"}],"wp:attachment":[{"href":"https:\/\/odabrano.com\/index.php\/wp-json\/wp\/v2\/media?parent=5734"}],"wp:term":[{"taxonomy":"category","embeddable":true,"href":"https:\/\/odabrano.com\/index.php\/wp-json\/wp\/v2\/categories?post=5734"},{"taxonomy":"post_tag","embeddable":true,"href":"https:\/\/odabrano.com\/index.php\/wp-json\/wp\/v2\/tags?post=5734"}],"curies":[{"name":"wp","href":"https:\/\/api.w.org\/{rel}","templated":true}]}}