{"id":5715,"date":"2025-01-15T20:55:23","date_gmt":"2025-01-15T19:55:23","guid":{"rendered":"https:\/\/odabrano.com\/?p=5715"},"modified":"2025-01-15T20:55:24","modified_gmt":"2025-01-15T19:55:24","slug":"dogovor-hamasa-i-izraela-o-prekidu-vatre-u-gazi-i-oslobadanju-talaca","status":"publish","type":"post","link":"https:\/\/odabrano.com\/index.php\/2025\/01\/15\/dogovor-hamasa-i-izraela-o-prekidu-vatre-u-gazi-i-oslobadanju-talaca\/","title":{"rendered":"Dogovor Hamasa i Izraela o prekidu vatre u Gazi i osloba\u0111anju talaca"},"content":{"rendered":"\n<p><strong>Nakon vi\u0161emjese\u010dnih pregovora u kojima su sudjelovali egipatski i katarski posrednici, uz potporu Sjedinjenih Dr\u017eava, \u010dini se da je postignut dogovor o prekidu vatre u Gazi.\u00a0<\/strong><\/p>\n\n\n\n<p>Hamas je objavio da je usmeno odobrio primirje i prijedlog o povratku talaca. Za slu\u017ebenu potvrdu treba pri\u010dekati konferenciju za novinare katarskog premijera koji je bio jedan od pregovara\u010da. Dogovor, koji jo\u0161 nije slu\u017ebeno objavljen, podrazumijeva po\u010detnu fazu prekida vatre od \u0161est tjedana, postupno povla\u010denje izraelskih snaga iz Gaze i osloba\u0111anje talaca koje dr\u017ei Hamas u zamjenu za palestinske zato\u010denike koje dr\u017ei Izrael. Ministarstvo obrane Izraela i IDF dobili su upute da se pripreme za provedbu sporazuma o taocima u pojasu Gaze. O postignutom dogovoru oglasio se i novoizabrani ameri\u010dki predsjednik&nbsp;<strong>Donald Trump<\/strong>.<\/p>\n\n\n\n<p>&#8211; Imamo dogovor vezano za taoce na Bliskom istoku. Uskoro \u0107e biti pu\u0161teni. Hvala!, poru\u010dio je Trump na TS-u.<\/p>\n\n\n\n<p>&#8211; Va\u017eno je re\u0107i da je klju\u010dno ne dovoditi u pitanje ovaj sporazum jer mo\u017eda ne\u0107emo imati drugu priliku, nemojte je propustiti i u\u010dinite sve da se sporazum provede i svi taoci oslobode, rekla je majka taoca Dorona,&nbsp;<strong>Simona Steinbrecher<\/strong>.<\/p>\n\n\n\n<h4 class=\"wp-block-heading\"><strong>Izvor: Dogovor o primirju Hamasa i Izraela ima tri inicijalne faze<\/strong><\/h4>\n\n\n\n<p>Pregovara\u010di su u srijedu postigli dogovor od nekoliko faza kojim \u0107e se zavr\u0161iti rat u Gazi izme\u0111u Izraela i Hamasa, rekao je izvor upoznat s razgovorima vo\u0111enima nakon 15 mjeseci rata koji je odnio desetak tisu\u0107a \u017eivota i u pretvorio palestinsku enklavu u ru\u0161evine.&nbsp;<\/p>\n\n\n\n<p>Dogovor, koji jo\u0161 nije formalno objavljen, predvi\u0111a inicijalni prekid vatre dug \u0161est tjedana, postepeno povla\u010denje izraelskih snaga iz Pojasa Gaze i osloba\u0111anje taoca koje je zato\u010dio Hamas u zamjenu za Palestince pritvorene u Izraelu, rekao je du\u017enosnik Izraelu.&nbsp;<\/p>\n\n\n\n<p>U prvoj fazi \u0107e se osloboditi 33 izraelskih taoca \u017eena, djeca i mu\u0161karci stariji od 50.&nbsp;<\/p>\n\n\n\n<p>Pregovori o implementacije druge faze po\u010det \u0107e 16. dana prve, a o\u010dekuje se da \u0107e ona uklju\u010divati osloba\u0111anje svih preostalih taoca, trajno primirje i potpuno povla\u010denje izraelskih snaga iz palestinske enklave.&nbsp;<\/p>\n\n\n\n<p>O\u010dekuje se da \u0107e se u tre\u0107oj fazi vratiti tijela svih poginulih te \u0107e zapo\u010deti obnova koju \u0107e nadzirati Egipat, Katar i Ujedinjeni narodi.&nbsp;<\/p>\n\n\n\n<p>Dogovor dviju strana dolazi nakon mjeseci te\u0161kih pregovora kojima su posredovali Egip\u0107ani i Katarci uz podr\u0161ku SAD-a, te nekoliko dana uo\u010di inauguracije novoizabranog ameri\u010dkog predsjednika Donalda Trumpa 20. sije\u010dnja.&nbsp;<\/p>\n\n\n\n<p>Hamas, dominantna palestinska militantna skupina, Reutersu je rekao da je njegova delegacija svojim pregovara\u010dima dala odobrenje da pristanu na dogovor i povratak taoca.<\/p>\n\n\n\n<h4 class=\"wp-block-heading\"><strong>Hamas je dao verbalno odobrenje na primirje\u00a0<\/strong><\/h4>\n\n\n\n<p>Palestinski du\u017enosnik je pod uvjetom anonimnosti ranije rekao da je Hamas dao verbalno odobrenje na primirje te da \u010deka vi\u0161e informacija kako bi dao i i svoj potpis.&nbsp;<\/p>\n\n\n\n<p>Ako bude uspje\u0161an, ovaj dogovor zaustavit \u0107e borbe koje su gotovo uni\u0161tile Gazu, iz svojih domova protjerale gotovo cjelokupnu populaciju od 2,3 milijuna stanovnika i odnijele desetke tisu\u0107a \u017eivota.&nbsp;<\/p>\n\n\n\n<p>Sporazum bi mogao i sniziti tenzije na \u0161irem Bliskom istoku. Rat u Gazi pro\u0161irio je nestabilnost i na okupiranu Zapadnu obalu, Libanon, Siriju, Jemen i Irak, te potaknuo strahove od otvorenog rata Izraela i Irana.&nbsp;<\/p>\n\n\n\n<p>\u010cak i ako dvije strane implementiraju trenutni dogovor, bit \u0107e potrebni dodatni pregovori prije postizanja trajnog mira i osloba\u0111anja svih taoca.&nbsp;<\/p>\n\n\n\n<h4 class=\"wp-block-heading\"><strong>Masovna obnova<\/strong><\/h4>\n\n\n\n<p>Ako sve pro\u0111e uspje\u0161no, Palestinci, arapske dr\u017eave i Izrael i dalje se moraju usuglasiti o viziji postratne Gaze, \u0161to je te\u017eak zadatak koji \u0107e uklju\u010divati sigurnosne garancije za Izrael i milijarde dolara investicija za obnovu.&nbsp;<\/p>\n\n\n\n<p>Nerije\u0161eno pitanje je tko \u0107e upravljati Pojasom nakon rata. Izrael odbacuje da to mo\u017ee biti Hamas, skupina koja vlada Gazom od 2007., ali se jednako tako protivi i vlasti Palestinske samouprave, tijela uspostavljenog sporazumima iz Osla prije tri desetlje\u0107a.<\/p>\n\n\n\n<p>Izraelski ministar vanjskih poslova&nbsp;<strong>Gideon Saar<\/strong>&nbsp;objavio je da \u0107e skratiti posjet Europi i vratiti se u Izrael kako bi sudjelovao na sastanku sigurnosnog kabineta i glasanja vlade o sporazumu, \u0161to zna\u010di da bi se ono moglo odr\u017eati ve\u0107 do \u010detvrtka.<\/p>\n","protected":false},"excerpt":{"rendered":"<p>Nakon vi\u0161emjese\u010dnih pregovora u kojima su sudjelovali egipatski i katarski posrednici, uz potporu Sjedinjenih Dr\u017eava, \u010dini se da je postignut dogovor o prekidu vatre u Gazi.\u00a0 Hamas je objavio da je usmeno odobrio primirje i prijedlog o povratku talaca. Za slu\u017ebenu potvrdu treba pri\u010dekati konferenciju za novinare katarskog premijera koji je bio jedan od pregovara\u010da. &hellip;<\/p>\n","protected":false},"author":1,"featured_media":5716,"comment_status":"closed","ping_status":"open","sticky":false,"template":"","format":"standard","meta":{"_monsterinsights_skip_tracking":false,"_monsterinsights_sitenote_active":false,"_monsterinsights_sitenote_note":"","_monsterinsights_sitenote_category":0,"footnotes":""},"categories":[9],"tags":[21,292,293,82],"class_list":["post-5715","post","type-post","status-publish","format-standard","has-post-thumbnail","","category-svijet","tag-gaza","tag-hamas","tag-primirje","tag-taoci"],"yoast_head":"<!-- This site is optimized with the Yoast SEO plugin v22.1 - https:\/\/yoast.com\/wordpress\/plugins\/seo\/ -->\n<title>Dogovor Hamasa i Izraela o prekidu vatre u Gazi i osloba\u0111anju talaca - odabrano<\/title>\n<meta name=\"robots\" content=\"index, follow, max-snippet:-1, max-image-preview:large, max-video-preview:-1\" \/>\n<link rel=\"canonical\" href=\"https:\/\/odabrano.com\/index.php\/2025\/01\/15\/dogovor-hamasa-i-izraela-o-prekidu-vatre-u-gazi-i-oslobadanju-talaca\/\" \/>\n<meta property=\"og:locale\" content=\"en_US\" \/>\n<meta property=\"og:type\" content=\"article\" \/>\n<meta property=\"og:title\" content=\"Dogovor Hamasa i Izraela o prekidu vatre u Gazi i osloba\u0111anju talaca - odabrano\" \/>\n<meta property=\"og:description\" content=\"Nakon vi\u0161emjese\u010dnih pregovora u kojima su sudjelovali egipatski i katarski posrednici, uz potporu Sjedinjenih Dr\u017eava, \u010dini se da je postignut dogovor o prekidu vatre u Gazi.\u00a0 Hamas je objavio da je usmeno odobrio primirje i prijedlog o povratku talaca. Za slu\u017ebenu potvrdu treba pri\u010dekati konferenciju za novinare katarskog premijera koji je bio jedan od pregovara\u010da. &hellip;\" \/>\n<meta property=\"og:url\" content=\"https:\/\/odabrano.com\/index.php\/2025\/01\/15\/dogovor-hamasa-i-izraela-o-prekidu-vatre-u-gazi-i-oslobadanju-talaca\/\" \/>\n<meta property=\"og:site_name\" content=\"odabrano\" \/>\n<meta property=\"article:published_time\" content=\"2025-01-15T19:55:23+00:00\" \/>\n<meta property=\"article:modified_time\" content=\"2025-01-15T19:55:24+00:00\" \/>\n<meta property=\"og:image\" content=\"http:\/\/odabrano.com\/wp-content\/uploads\/2025\/01\/gaza.webp\" \/>\n\t<meta property=\"og:image:width\" content=\"740\" \/>\n\t<meta property=\"og:image:height\" content=\"438\" \/>\n\t<meta property=\"og:image:type\" content=\"image\/webp\" \/>\n<meta name=\"author\" content=\"admin\" \/>\n<meta name=\"twitter:card\" content=\"summary_large_image\" \/>\n<meta name=\"twitter:label1\" content=\"Written by\" \/>\n\t<meta name=\"twitter:data1\" content=\"admin\" \/>\n\t<meta name=\"twitter:label2\" content=\"Est. reading time\" \/>\n\t<meta name=\"twitter:data2\" content=\"3 minutes\" \/>\n<script type=\"application\/ld+json\" class=\"yoast-schema-graph\">{\"@context\":\"https:\/\/schema.org\",\"@graph\":[{\"@type\":\"Article\",\"@id\":\"https:\/\/odabrano.com\/index.php\/2025\/01\/15\/dogovor-hamasa-i-izraela-o-prekidu-vatre-u-gazi-i-oslobadanju-talaca\/#article\",\"isPartOf\":{\"@id\":\"https:\/\/odabrano.com\/index.php\/2025\/01\/15\/dogovor-hamasa-i-izraela-o-prekidu-vatre-u-gazi-i-oslobadanju-talaca\/\"},\"author\":{\"name\":\"admin\",\"@id\":\"https:\/\/odabrano.com\/#\/schema\/person\/460f2b14657879743f23c4f6a7cd3236\"},\"headline\":\"Dogovor Hamasa i Izraela o prekidu vatre u Gazi i osloba\u0111anju talaca\",\"datePublished\":\"2025-01-15T19:55:23+00:00\",\"dateModified\":\"2025-01-15T19:55:24+00:00\",\"mainEntityOfPage\":{\"@id\":\"https:\/\/odabrano.com\/index.php\/2025\/01\/15\/dogovor-hamasa-i-izraela-o-prekidu-vatre-u-gazi-i-oslobadanju-talaca\/\"},\"wordCount\":718,\"publisher\":{\"@id\":\"https:\/\/odabrano.com\/#\/schema\/person\/460f2b14657879743f23c4f6a7cd3236\"},\"keywords\":[\"gaza\",\"hamas\",\"primirje\",\"taoci\"],\"articleSection\":[\"Svijet\"],\"inLanguage\":\"en-US\"},{\"@type\":\"WebPage\",\"@id\":\"https:\/\/odabrano.com\/index.php\/2025\/01\/15\/dogovor-hamasa-i-izraela-o-prekidu-vatre-u-gazi-i-oslobadanju-talaca\/\",\"url\":\"https:\/\/odabrano.com\/index.php\/2025\/01\/15\/dogovor-hamasa-i-izraela-o-prekidu-vatre-u-gazi-i-oslobadanju-talaca\/\",\"name\":\"Dogovor Hamasa i Izraela o prekidu vatre u Gazi i osloba\u0111anju talaca - odabrano\",\"isPartOf\":{\"@id\":\"https:\/\/odabrano.com\/#website\"},\"datePublished\":\"2025-01-15T19:55:23+00:00\",\"dateModified\":\"2025-01-15T19:55:24+00:00\",\"breadcrumb\":{\"@id\":\"https:\/\/odabrano.com\/index.php\/2025\/01\/15\/dogovor-hamasa-i-izraela-o-prekidu-vatre-u-gazi-i-oslobadanju-talaca\/#breadcrumb\"},\"inLanguage\":\"en-US\",\"potentialAction\":[{\"@type\":\"ReadAction\",\"target\":[\"https:\/\/odabrano.com\/index.php\/2025\/01\/15\/dogovor-hamasa-i-izraela-o-prekidu-vatre-u-gazi-i-oslobadanju-talaca\/\"]}]},{\"@type\":\"BreadcrumbList\",\"@id\":\"https:\/\/odabrano.com\/index.php\/2025\/01\/15\/dogovor-hamasa-i-izraela-o-prekidu-vatre-u-gazi-i-oslobadanju-talaca\/#breadcrumb\",\"itemListElement\":[{\"@type\":\"ListItem\",\"position\":1,\"name\":\"Home\",\"item\":\"https:\/\/odabrano.com\/\"},{\"@type\":\"ListItem\",\"position\":2,\"name\":\"Dogovor Hamasa i Izraela o prekidu vatre u Gazi i osloba\u0111anju talaca\"}]},{\"@type\":\"WebSite\",\"@id\":\"https:\/\/odabrano.com\/#website\",\"url\":\"https:\/\/odabrano.com\/\",\"name\":\"odabrano\",\"description\":\"news portal koji nudi odabrane vijesti i informacije\",\"publisher\":{\"@id\":\"https:\/\/odabrano.com\/#\/schema\/person\/460f2b14657879743f23c4f6a7cd3236\"},\"alternateName\":\"vijesti i informacije iz Hrvatske i svijeta\",\"potentialAction\":[{\"@type\":\"SearchAction\",\"target\":{\"@type\":\"EntryPoint\",\"urlTemplate\":\"https:\/\/odabrano.com\/?s={search_term_string}\"},\"query-input\":\"required name=search_term_string\"}],\"inLanguage\":\"en-US\"},{\"@type\":[\"Person\",\"Organization\"],\"@id\":\"https:\/\/odabrano.com\/#\/schema\/person\/460f2b14657879743f23c4f6a7cd3236\",\"name\":\"admin\",\"image\":{\"@type\":\"ImageObject\",\"inLanguage\":\"en-US\",\"@id\":\"https:\/\/odabrano.com\/#\/schema\/person\/image\/\",\"url\":\"https:\/\/odabrano.com\/wp-content\/uploads\/2024\/04\/dolar.jpg\",\"contentUrl\":\"https:\/\/odabrano.com\/wp-content\/uploads\/2024\/04\/dolar.jpg\",\"width\":1216,\"height\":519,\"caption\":\"admin\"},\"logo\":{\"@id\":\"https:\/\/odabrano.com\/#\/schema\/person\/image\/\"},\"sameAs\":[\"http:\/\/odabrano.com\"],\"url\":\"https:\/\/odabrano.com\/index.php\/author\/sokolneno_u3xb387h\/\"}]}<\/script>\n<!-- \/ Yoast SEO plugin. -->","yoast_head_json":{"title":"Dogovor Hamasa i Izraela o prekidu vatre u Gazi i osloba\u0111anju talaca - odabrano","robots":{"index":"index","follow":"follow","max-snippet":"max-snippet:-1","max-image-preview":"max-image-preview:large","max-video-preview":"max-video-preview:-1"},"canonical":"https:\/\/odabrano.com\/index.php\/2025\/01\/15\/dogovor-hamasa-i-izraela-o-prekidu-vatre-u-gazi-i-oslobadanju-talaca\/","og_locale":"en_US","og_type":"article","og_title":"Dogovor Hamasa i Izraela o prekidu vatre u Gazi i osloba\u0111anju talaca - odabrano","og_description":"Nakon vi\u0161emjese\u010dnih pregovora u kojima su sudjelovali egipatski i katarski posrednici, uz potporu Sjedinjenih Dr\u017eava, \u010dini se da je postignut dogovor o prekidu vatre u Gazi.\u00a0 Hamas je objavio da je usmeno odobrio primirje i prijedlog o povratku talaca. Za slu\u017ebenu potvrdu treba pri\u010dekati konferenciju za novinare katarskog premijera koji je bio jedan od pregovara\u010da. &hellip;","og_url":"https:\/\/odabrano.com\/index.php\/2025\/01\/15\/dogovor-hamasa-i-izraela-o-prekidu-vatre-u-gazi-i-oslobadanju-talaca\/","og_site_name":"odabrano","article_published_time":"2025-01-15T19:55:23+00:00","article_modified_time":"2025-01-15T19:55:24+00:00","og_image":[{"width":740,"height":438,"url":"http:\/\/odabrano.com\/wp-content\/uploads\/2025\/01\/gaza.webp","type":"image\/webp"}],"author":"admin","twitter_card":"summary_large_image","twitter_misc":{"Written by":"admin","Est. reading time":"3 minutes"},"schema":{"@context":"https:\/\/schema.org","@graph":[{"@type":"Article","@id":"https:\/\/odabrano.com\/index.php\/2025\/01\/15\/dogovor-hamasa-i-izraela-o-prekidu-vatre-u-gazi-i-oslobadanju-talaca\/#article","isPartOf":{"@id":"https:\/\/odabrano.com\/index.php\/2025\/01\/15\/dogovor-hamasa-i-izraela-o-prekidu-vatre-u-gazi-i-oslobadanju-talaca\/"},"author":{"name":"admin","@id":"https:\/\/odabrano.com\/#\/schema\/person\/460f2b14657879743f23c4f6a7cd3236"},"headline":"Dogovor Hamasa i Izraela o prekidu vatre u Gazi i osloba\u0111anju talaca","datePublished":"2025-01-15T19:55:23+00:00","dateModified":"2025-01-15T19:55:24+00:00","mainEntityOfPage":{"@id":"https:\/\/odabrano.com\/index.php\/2025\/01\/15\/dogovor-hamasa-i-izraela-o-prekidu-vatre-u-gazi-i-oslobadanju-talaca\/"},"wordCount":718,"publisher":{"@id":"https:\/\/odabrano.com\/#\/schema\/person\/460f2b14657879743f23c4f6a7cd3236"},"keywords":["gaza","hamas","primirje","taoci"],"articleSection":["Svijet"],"inLanguage":"en-US"},{"@type":"WebPage","@id":"https:\/\/odabrano.com\/index.php\/2025\/01\/15\/dogovor-hamasa-i-izraela-o-prekidu-vatre-u-gazi-i-oslobadanju-talaca\/","url":"https:\/\/odabrano.com\/index.php\/2025\/01\/15\/dogovor-hamasa-i-izraela-o-prekidu-vatre-u-gazi-i-oslobadanju-talaca\/","name":"Dogovor Hamasa i Izraela o prekidu vatre u Gazi i osloba\u0111anju talaca - odabrano","isPartOf":{"@id":"https:\/\/odabrano.com\/#website"},"datePublished":"2025-01-15T19:55:23+00:00","dateModified":"2025-01-15T19:55:24+00:00","breadcrumb":{"@id":"https:\/\/odabrano.com\/index.php\/2025\/01\/15\/dogovor-hamasa-i-izraela-o-prekidu-vatre-u-gazi-i-oslobadanju-talaca\/#breadcrumb"},"inLanguage":"en-US","potentialAction":[{"@type":"ReadAction","target":["https:\/\/odabrano.com\/index.php\/2025\/01\/15\/dogovor-hamasa-i-izraela-o-prekidu-vatre-u-gazi-i-oslobadanju-talaca\/"]}]},{"@type":"BreadcrumbList","@id":"https:\/\/odabrano.com\/index.php\/2025\/01\/15\/dogovor-hamasa-i-izraela-o-prekidu-vatre-u-gazi-i-oslobadanju-talaca\/#breadcrumb","itemListElement":[{"@type":"ListItem","position":1,"name":"Home","item":"https:\/\/odabrano.com\/"},{"@type":"ListItem","position":2,"name":"Dogovor Hamasa i Izraela o prekidu vatre u Gazi i osloba\u0111anju talaca"}]},{"@type":"WebSite","@id":"https:\/\/odabrano.com\/#website","url":"https:\/\/odabrano.com\/","name":"odabrano","description":"news portal koji nudi odabrane vijesti i informacije","publisher":{"@id":"https:\/\/odabrano.com\/#\/schema\/person\/460f2b14657879743f23c4f6a7cd3236"},"alternateName":"vijesti i informacije iz Hrvatske i svijeta","potentialAction":[{"@type":"SearchAction","target":{"@type":"EntryPoint","urlTemplate":"https:\/\/odabrano.com\/?s={search_term_string}"},"query-input":"required name=search_term_string"}],"inLanguage":"en-US"},{"@type":["Person","Organization"],"@id":"https:\/\/odabrano.com\/#\/schema\/person\/460f2b14657879743f23c4f6a7cd3236","name":"admin","image":{"@type":"ImageObject","inLanguage":"en-US","@id":"https:\/\/odabrano.com\/#\/schema\/person\/image\/","url":"https:\/\/odabrano.com\/wp-content\/uploads\/2024\/04\/dolar.jpg","contentUrl":"https:\/\/odabrano.com\/wp-content\/uploads\/2024\/04\/dolar.jpg","width":1216,"height":519,"caption":"admin"},"logo":{"@id":"https:\/\/odabrano.com\/#\/schema\/person\/image\/"},"sameAs":["http:\/\/odabrano.com"],"url":"https:\/\/odabrano.com\/index.php\/author\/sokolneno_u3xb387h\/"}]}},"_links":{"self":[{"href":"https:\/\/odabrano.com\/index.php\/wp-json\/wp\/v2\/posts\/5715","targetHints":{"allow":["GET"]}}],"collection":[{"href":"https:\/\/odabrano.com\/index.php\/wp-json\/wp\/v2\/posts"}],"about":[{"href":"https:\/\/odabrano.com\/index.php\/wp-json\/wp\/v2\/types\/post"}],"author":[{"embeddable":true,"href":"https:\/\/odabrano.com\/index.php\/wp-json\/wp\/v2\/users\/1"}],"replies":[{"embeddable":true,"href":"https:\/\/odabrano.com\/index.php\/wp-json\/wp\/v2\/comments?post=5715"}],"version-history":[{"count":1,"href":"https:\/\/odabrano.com\/index.php\/wp-json\/wp\/v2\/posts\/5715\/revisions"}],"predecessor-version":[{"id":5717,"href":"https:\/\/odabrano.com\/index.php\/wp-json\/wp\/v2\/posts\/5715\/revisions\/5717"}],"wp:featuredmedia":[{"embeddable":true,"href":"https:\/\/odabrano.com\/index.php\/wp-json\/wp\/v2\/media\/5716"}],"wp:attachment":[{"href":"https:\/\/odabrano.com\/index.php\/wp-json\/wp\/v2\/media?parent=5715"}],"wp:term":[{"taxonomy":"category","embeddable":true,"href":"https:\/\/odabrano.com\/index.php\/wp-json\/wp\/v2\/categories?post=5715"},{"taxonomy":"post_tag","embeddable":true,"href":"https:\/\/odabrano.com\/index.php\/wp-json\/wp\/v2\/tags?post=5715"}],"curies":[{"name":"wp","href":"https:\/\/api.w.org\/{rel}","templated":true}]}}