{"id":5701,"date":"2025-01-12T19:06:39","date_gmt":"2025-01-12T18:06:39","guid":{"rendered":"https:\/\/odabrano.com\/?p=5701"},"modified":"2025-01-12T20:28:00","modified_gmt":"2025-01-12T19:28:00","slug":"zoran-milanovic-uvjerljivo-pobijedio-u-drugom-krugu-i-osigurao-drugi-predsjednicki-mandat","status":"publish","type":"post","link":"https:\/\/odabrano.com\/index.php\/2025\/01\/12\/zoran-milanovic-uvjerljivo-pobijedio-u-drugom-krugu-i-osigurao-drugi-predsjednicki-mandat\/","title":{"rendered":"Zoran Milanovi\u0107 uvjerljivo pobijedio u drugom krugu i osigurao drugi predsjedni\u010dki mandat"},"content":{"rendered":"\n<p>Zoran Milanovi\u0107, dosada\u0161nji predsjednik Hrvatske, ostvario je uvjerljivu pobjedu u drugom krugu predsjedni\u010dkih izbora, osvojiv\u0161i \u010dak 74% glasova. Njegova dominacija nad protukandidatom Draganom Primorcem iz HDZ-a, koji je osvojio 26%, potvr\u0111uje Milanovi\u0107ev status kao jedne od najistaknutijih politi\u010dkih figura u modernoj Hrvatskoj.<\/p>\n\n\n\n<p>U pobjedni\u010dkom govoru odr\u017eanom pred tisu\u0107ama okupljenih prista\u0161a u Zagrebu, Milanovi\u0107 je zahvalio bira\u010dima na povjerenju i podr\u0161ci, istaknuv\u0161i kako \u0107e njegov drugi mandat biti usmjeren na &#8220;u\u010dvr\u0161\u0107ivanje Hrvatske kao suverene, pravedne i prosperitetne dr\u017eave&#8221;. &#8220;Ovo nije pobjeda samo mene kao pojedinca, ve\u0107 svih gra\u0111ana koji \u017eele druga\u010diju, neovisnu Hrvatsku. Ruka pomirenja pru\u017eena je svima, bez obzira na politi\u010dke ili ideolo\u0161ke razlike&#8221;, poru\u010dio je Milanovi\u0107.<\/p>\n\n\n\n<h4 class=\"wp-block-heading\"><strong>Klju\u010dni razlozi pobjede<\/strong><\/h4>\n\n\n\n<p>Milanovi\u0107ev uspjeh le\u017ei u njegovoj sposobnosti da pove\u017ee \u0161irok spektar bira\u010da. Tijekom kampanje uspio je pridobiti potporu lijevih bira\u010da, ali i dijela desnice nezadovoljne dugogodi\u0161njom dominacijom HDZ-a. Njegovi euroskepti\u010dni stavovi i kritika NATO-a, iako kontroverzni, nai\u0161li su na plodno tlo me\u0111u gra\u0111anima koji su umorni od, kako Milanovi\u0107 ka\u017ee, &#8220;politikantstva bez rezultata&#8221;.<\/p>\n\n\n\n<p>Uz to, mnogi bira\u010di odlu\u010dili su se za Milanovi\u0107a jer &#8220;ne \u017eele stavljati sva jaja u jednu ko\u0161aru&#8221;. Prevlast HDZ-a u parlamentu i Vladi, u kombinaciji s mogu\u0107no\u0161\u0107u da HDZ-ov kandidat osvoji i predsjedni\u010dku poziciju, stvorila je bojazan me\u0111u gra\u0111anima da bi prevelika koncentracija mo\u0107i u rukama jedne politi\u010dke opcije mogla ugroziti demokratsku ravnote\u017eu.<\/p>\n\n\n\n<h4 class=\"wp-block-heading\"><strong>Kritika protivnika<\/strong><\/h4>\n\n\n\n<p>Tijekom kampanje, Milanovi\u0107 je u nekoliko navrata javno kritizirao Dragana Primorca, optu\u017euju\u0107i ga za uljep\u0161avanje i pretjerano nagla\u0161avanje svojih profesionalnih i \u017eivotnih uspjeha. U jednoj od televizijskih debata, Milanovi\u0107 je Primorca nazvao &#8220;japajalko&#8221;, aludiraju\u0107i na njegovu sklonost da se \u010desto stavlja u prvi plan i isti\u010de svoja postignu\u0107a, ponekad i iznad realnih okvira.<\/p>\n\n\n\n<p>&#8220;Dragan Primorac je majstor samopromocije, ali to nije ono \u0161to Hrvatskoj treba. Trebaju nam ljudi koji znaju raditi, a ne oni koji samo pri\u010daju o tome koliko su uspje\u0161ni&#8221;, izjavio je Milanovi\u0107 tijekom kampanje. Ova kritika nai\u0161la je na odobravanje me\u0111u bira\u010dima koji su ve\u0107 ionako bili skepti\u010dni prema Primor\u010devoj vjerodostojnosti i njegovim vezama s vladaju\u0107im HDZ-om.<\/p>\n\n\n\n<h4 class=\"wp-block-heading\"><strong>Uloga HDZ-a i slabosti protukandidata<\/strong><\/h4>\n\n\n\n<p>Dragan Primorac, unato\u010d solidnoj podr\u0161ci u prvom krugu, nije uspio pridobiti bira\u010de izvan svoje baze. Njegova bliskost s aktualnim premijerom Andrejom Plenkovi\u0107em, kojeg mnogi do\u017eivljavaju kao simbol birokratske, &#8220;knji\u0161ke&#8221; politike podre\u0111ene Bruxellesu, udaljila je dio konzervativnih i euroskepti\u010dnih glasa\u010da.<\/p>\n\n\n\n<p>Milanovi\u0107 je tijekom kampanje vje\u0161to iskoristio seriju korupcijskih skandala povezanih s HDZ-ovim ministrima, kojih je vi\u0161e od 30 bilo prisiljeno odstupiti tijekom Plenkovi\u0107eva mandata. Njegova poruka o potrebi dubinskih reformi i transparentnosti sna\u017eno je odjeknula me\u0111u bira\u010dima, osobito onima koji su htjeli sprije\u010diti dominaciju jedne politi\u010dke opcije u svim granama vlasti.<\/p>\n\n\n\n<h4 class=\"wp-block-heading\"><strong>\u0160to o\u010dekivati u drugom mandatu?<\/strong><\/h4>\n\n\n\n<p>Predsjedni\u010dka funkcija u Hrvatskoj ima ograni\u010dene ovlasti, ali Milanovi\u0107 je tijekom prvog mandata pokazao da mo\u017ee zna\u010dajno utjecati na politi\u010dki diskurs. Njegove odluke, poput blokiranja pojedinih odluka vlade vezanih uz vanjsku politiku, pokazale su da ne namjerava biti samo simboli\u010dki vo\u0111a.<\/p>\n\n\n\n<p>U drugom mandatu Milanovi\u0107 planira nastaviti borbu protiv korupcije, oja\u010dati socijalnu pravdu i za\u0161tititi hrvatske interese na me\u0111unarodnoj sceni. Iako kriti\u010dari upozoravaju da njegova retorika ponekad prelazi granice politi\u010dkog bontona, Milanovi\u0107 je uspio mobilizirati gra\u0111ane nezadovoljne trenutnim stanjem i pru\u017eiti im nadu u promjene.<\/p>\n\n\n\n<p>Kako \u0107e izgledati Hrvatska pod njegovim vodstvom u sljede\u0107ih pet godina, ostaje za vidjeti, ali jedno je sigurno \u2013 Milanovi\u0107 je u\u010dvrstio svoj status kao figura koja izaziva podjele, ali i pokre\u0107e emocije me\u0111u bira\u010dima.<\/p>\n\n\n\n<p><\/p>\n","protected":false},"excerpt":{"rendered":"<p>Zoran Milanovi\u0107, dosada\u0161nji predsjednik Hrvatske, ostvario je uvjerljivu pobjedu u drugom krugu predsjedni\u010dkih izbora, osvojiv\u0161i \u010dak 74% glasova. Njegova dominacija nad protukandidatom Draganom Primorcem iz HDZ-a, koji je osvojio 26%, potvr\u0111uje Milanovi\u0107ev status kao jedne od najistaknutijih politi\u010dkih figura u modernoj Hrvatskoj. U pobjedni\u010dkom govoru odr\u017eanom pred tisu\u0107ama okupljenih prista\u0161a u Zagrebu, Milanovi\u0107 je zahvalio &hellip;<\/p>\n","protected":false},"author":1,"featured_media":5702,"comment_status":"closed","ping_status":"open","sticky":false,"template":"","format":"standard","meta":{"_monsterinsights_skip_tracking":false,"_monsterinsights_sitenote_active":false,"_monsterinsights_sitenote_note":"","_monsterinsights_sitenote_category":0,"footnotes":""},"categories":[25],"tags":[366,375,1181],"class_list":["post-5701","post","type-post","status-publish","format-standard","has-post-thumbnail","","category-hrvatska","tag-pobjeda","tag-predsjednik","tag-zoran-milanovic"],"yoast_head":"<!-- This site is optimized with the Yoast SEO plugin v22.1 - https:\/\/yoast.com\/wordpress\/plugins\/seo\/ -->\n<title>Zoran Milanovi\u0107 uvjerljivo pobijedio u drugom krugu i osigurao drugi predsjedni\u010dki mandat - odabrano<\/title>\n<meta name=\"robots\" content=\"index, follow, max-snippet:-1, max-image-preview:large, max-video-preview:-1\" \/>\n<link rel=\"canonical\" href=\"https:\/\/odabrano.com\/index.php\/2025\/01\/12\/zoran-milanovic-uvjerljivo-pobijedio-u-drugom-krugu-i-osigurao-drugi-predsjednicki-mandat\/\" \/>\n<meta property=\"og:locale\" content=\"en_US\" \/>\n<meta property=\"og:type\" content=\"article\" \/>\n<meta property=\"og:title\" content=\"Zoran Milanovi\u0107 uvjerljivo pobijedio u drugom krugu i osigurao drugi predsjedni\u010dki mandat - odabrano\" \/>\n<meta property=\"og:description\" content=\"Zoran Milanovi\u0107, dosada\u0161nji predsjednik Hrvatske, ostvario je uvjerljivu pobjedu u drugom krugu predsjedni\u010dkih izbora, osvojiv\u0161i \u010dak 74% glasova. Njegova dominacija nad protukandidatom Draganom Primorcem iz HDZ-a, koji je osvojio 26%, potvr\u0111uje Milanovi\u0107ev status kao jedne od najistaknutijih politi\u010dkih figura u modernoj Hrvatskoj. U pobjedni\u010dkom govoru odr\u017eanom pred tisu\u0107ama okupljenih prista\u0161a u Zagrebu, Milanovi\u0107 je zahvalio &hellip;\" \/>\n<meta property=\"og:url\" content=\"https:\/\/odabrano.com\/index.php\/2025\/01\/12\/zoran-milanovic-uvjerljivo-pobijedio-u-drugom-krugu-i-osigurao-drugi-predsjednicki-mandat\/\" \/>\n<meta property=\"og:site_name\" content=\"odabrano\" \/>\n<meta property=\"article:published_time\" content=\"2025-01-12T18:06:39+00:00\" \/>\n<meta property=\"article:modified_time\" content=\"2025-01-12T19:28:00+00:00\" \/>\n<meta property=\"og:image\" content=\"http:\/\/odabrano.com\/wp-content\/uploads\/2025\/01\/milanovic-zastave.jpg\" \/>\n\t<meta property=\"og:image:width\" content=\"1600\" \/>\n\t<meta property=\"og:image:height\" content=\"900\" \/>\n\t<meta property=\"og:image:type\" content=\"image\/jpeg\" \/>\n<meta name=\"author\" content=\"admin\" \/>\n<meta name=\"twitter:card\" content=\"summary_large_image\" \/>\n<meta name=\"twitter:label1\" content=\"Written by\" \/>\n\t<meta name=\"twitter:data1\" content=\"admin\" \/>\n\t<meta name=\"twitter:label2\" content=\"Est. reading time\" \/>\n\t<meta name=\"twitter:data2\" content=\"3 minutes\" \/>\n<script type=\"application\/ld+json\" class=\"yoast-schema-graph\">{\"@context\":\"https:\/\/schema.org\",\"@graph\":[{\"@type\":\"Article\",\"@id\":\"https:\/\/odabrano.com\/index.php\/2025\/01\/12\/zoran-milanovic-uvjerljivo-pobijedio-u-drugom-krugu-i-osigurao-drugi-predsjednicki-mandat\/#article\",\"isPartOf\":{\"@id\":\"https:\/\/odabrano.com\/index.php\/2025\/01\/12\/zoran-milanovic-uvjerljivo-pobijedio-u-drugom-krugu-i-osigurao-drugi-predsjednicki-mandat\/\"},\"author\":{\"name\":\"admin\",\"@id\":\"https:\/\/odabrano.com\/#\/schema\/person\/460f2b14657879743f23c4f6a7cd3236\"},\"headline\":\"Zoran Milanovi\u0107 uvjerljivo pobijedio u drugom krugu i osigurao drugi predsjedni\u010dki mandat\",\"datePublished\":\"2025-01-12T18:06:39+00:00\",\"dateModified\":\"2025-01-12T19:28:00+00:00\",\"mainEntityOfPage\":{\"@id\":\"https:\/\/odabrano.com\/index.php\/2025\/01\/12\/zoran-milanovic-uvjerljivo-pobijedio-u-drugom-krugu-i-osigurao-drugi-predsjednicki-mandat\/\"},\"wordCount\":654,\"publisher\":{\"@id\":\"https:\/\/odabrano.com\/#\/schema\/person\/460f2b14657879743f23c4f6a7cd3236\"},\"keywords\":[\"pobjeda\",\"predsjednik\",\"zoran milanovi\u0107.\"],\"articleSection\":[\"Hrvatska\"],\"inLanguage\":\"en-US\"},{\"@type\":\"WebPage\",\"@id\":\"https:\/\/odabrano.com\/index.php\/2025\/01\/12\/zoran-milanovic-uvjerljivo-pobijedio-u-drugom-krugu-i-osigurao-drugi-predsjednicki-mandat\/\",\"url\":\"https:\/\/odabrano.com\/index.php\/2025\/01\/12\/zoran-milanovic-uvjerljivo-pobijedio-u-drugom-krugu-i-osigurao-drugi-predsjednicki-mandat\/\",\"name\":\"Zoran Milanovi\u0107 uvjerljivo pobijedio u drugom krugu i osigurao drugi predsjedni\u010dki mandat - odabrano\",\"isPartOf\":{\"@id\":\"https:\/\/odabrano.com\/#website\"},\"datePublished\":\"2025-01-12T18:06:39+00:00\",\"dateModified\":\"2025-01-12T19:28:00+00:00\",\"breadcrumb\":{\"@id\":\"https:\/\/odabrano.com\/index.php\/2025\/01\/12\/zoran-milanovic-uvjerljivo-pobijedio-u-drugom-krugu-i-osigurao-drugi-predsjednicki-mandat\/#breadcrumb\"},\"inLanguage\":\"en-US\",\"potentialAction\":[{\"@type\":\"ReadAction\",\"target\":[\"https:\/\/odabrano.com\/index.php\/2025\/01\/12\/zoran-milanovic-uvjerljivo-pobijedio-u-drugom-krugu-i-osigurao-drugi-predsjednicki-mandat\/\"]}]},{\"@type\":\"BreadcrumbList\",\"@id\":\"https:\/\/odabrano.com\/index.php\/2025\/01\/12\/zoran-milanovic-uvjerljivo-pobijedio-u-drugom-krugu-i-osigurao-drugi-predsjednicki-mandat\/#breadcrumb\",\"itemListElement\":[{\"@type\":\"ListItem\",\"position\":1,\"name\":\"Home\",\"item\":\"https:\/\/odabrano.com\/\"},{\"@type\":\"ListItem\",\"position\":2,\"name\":\"Zoran Milanovi\u0107 uvjerljivo pobijedio u drugom krugu i osigurao drugi predsjedni\u010dki mandat\"}]},{\"@type\":\"WebSite\",\"@id\":\"https:\/\/odabrano.com\/#website\",\"url\":\"https:\/\/odabrano.com\/\",\"name\":\"odabrano\",\"description\":\"news portal koji nudi odabrane vijesti i informacije\",\"publisher\":{\"@id\":\"https:\/\/odabrano.com\/#\/schema\/person\/460f2b14657879743f23c4f6a7cd3236\"},\"alternateName\":\"vijesti i informacije iz Hrvatske i svijeta\",\"potentialAction\":[{\"@type\":\"SearchAction\",\"target\":{\"@type\":\"EntryPoint\",\"urlTemplate\":\"https:\/\/odabrano.com\/?s={search_term_string}\"},\"query-input\":\"required name=search_term_string\"}],\"inLanguage\":\"en-US\"},{\"@type\":[\"Person\",\"Organization\"],\"@id\":\"https:\/\/odabrano.com\/#\/schema\/person\/460f2b14657879743f23c4f6a7cd3236\",\"name\":\"admin\",\"image\":{\"@type\":\"ImageObject\",\"inLanguage\":\"en-US\",\"@id\":\"https:\/\/odabrano.com\/#\/schema\/person\/image\/\",\"url\":\"https:\/\/odabrano.com\/wp-content\/uploads\/2024\/04\/dolar.jpg\",\"contentUrl\":\"https:\/\/odabrano.com\/wp-content\/uploads\/2024\/04\/dolar.jpg\",\"width\":1216,\"height\":519,\"caption\":\"admin\"},\"logo\":{\"@id\":\"https:\/\/odabrano.com\/#\/schema\/person\/image\/\"},\"sameAs\":[\"http:\/\/odabrano.com\"],\"url\":\"https:\/\/odabrano.com\/index.php\/author\/sokolneno_u3xb387h\/\"}]}<\/script>\n<!-- \/ Yoast SEO plugin. -->","yoast_head_json":{"title":"Zoran Milanovi\u0107 uvjerljivo pobijedio u drugom krugu i osigurao drugi predsjedni\u010dki mandat - odabrano","robots":{"index":"index","follow":"follow","max-snippet":"max-snippet:-1","max-image-preview":"max-image-preview:large","max-video-preview":"max-video-preview:-1"},"canonical":"https:\/\/odabrano.com\/index.php\/2025\/01\/12\/zoran-milanovic-uvjerljivo-pobijedio-u-drugom-krugu-i-osigurao-drugi-predsjednicki-mandat\/","og_locale":"en_US","og_type":"article","og_title":"Zoran Milanovi\u0107 uvjerljivo pobijedio u drugom krugu i osigurao drugi predsjedni\u010dki mandat - odabrano","og_description":"Zoran Milanovi\u0107, dosada\u0161nji predsjednik Hrvatske, ostvario je uvjerljivu pobjedu u drugom krugu predsjedni\u010dkih izbora, osvojiv\u0161i \u010dak 74% glasova. Njegova dominacija nad protukandidatom Draganom Primorcem iz HDZ-a, koji je osvojio 26%, potvr\u0111uje Milanovi\u0107ev status kao jedne od najistaknutijih politi\u010dkih figura u modernoj Hrvatskoj. U pobjedni\u010dkom govoru odr\u017eanom pred tisu\u0107ama okupljenih prista\u0161a u Zagrebu, Milanovi\u0107 je zahvalio &hellip;","og_url":"https:\/\/odabrano.com\/index.php\/2025\/01\/12\/zoran-milanovic-uvjerljivo-pobijedio-u-drugom-krugu-i-osigurao-drugi-predsjednicki-mandat\/","og_site_name":"odabrano","article_published_time":"2025-01-12T18:06:39+00:00","article_modified_time":"2025-01-12T19:28:00+00:00","og_image":[{"width":1600,"height":900,"url":"http:\/\/odabrano.com\/wp-content\/uploads\/2025\/01\/milanovic-zastave.jpg","type":"image\/jpeg"}],"author":"admin","twitter_card":"summary_large_image","twitter_misc":{"Written by":"admin","Est. reading time":"3 minutes"},"schema":{"@context":"https:\/\/schema.org","@graph":[{"@type":"Article","@id":"https:\/\/odabrano.com\/index.php\/2025\/01\/12\/zoran-milanovic-uvjerljivo-pobijedio-u-drugom-krugu-i-osigurao-drugi-predsjednicki-mandat\/#article","isPartOf":{"@id":"https:\/\/odabrano.com\/index.php\/2025\/01\/12\/zoran-milanovic-uvjerljivo-pobijedio-u-drugom-krugu-i-osigurao-drugi-predsjednicki-mandat\/"},"author":{"name":"admin","@id":"https:\/\/odabrano.com\/#\/schema\/person\/460f2b14657879743f23c4f6a7cd3236"},"headline":"Zoran Milanovi\u0107 uvjerljivo pobijedio u drugom krugu i osigurao drugi predsjedni\u010dki mandat","datePublished":"2025-01-12T18:06:39+00:00","dateModified":"2025-01-12T19:28:00+00:00","mainEntityOfPage":{"@id":"https:\/\/odabrano.com\/index.php\/2025\/01\/12\/zoran-milanovic-uvjerljivo-pobijedio-u-drugom-krugu-i-osigurao-drugi-predsjednicki-mandat\/"},"wordCount":654,"publisher":{"@id":"https:\/\/odabrano.com\/#\/schema\/person\/460f2b14657879743f23c4f6a7cd3236"},"keywords":["pobjeda","predsjednik","zoran milanovi\u0107."],"articleSection":["Hrvatska"],"inLanguage":"en-US"},{"@type":"WebPage","@id":"https:\/\/odabrano.com\/index.php\/2025\/01\/12\/zoran-milanovic-uvjerljivo-pobijedio-u-drugom-krugu-i-osigurao-drugi-predsjednicki-mandat\/","url":"https:\/\/odabrano.com\/index.php\/2025\/01\/12\/zoran-milanovic-uvjerljivo-pobijedio-u-drugom-krugu-i-osigurao-drugi-predsjednicki-mandat\/","name":"Zoran Milanovi\u0107 uvjerljivo pobijedio u drugom krugu i osigurao drugi predsjedni\u010dki mandat - odabrano","isPartOf":{"@id":"https:\/\/odabrano.com\/#website"},"datePublished":"2025-01-12T18:06:39+00:00","dateModified":"2025-01-12T19:28:00+00:00","breadcrumb":{"@id":"https:\/\/odabrano.com\/index.php\/2025\/01\/12\/zoran-milanovic-uvjerljivo-pobijedio-u-drugom-krugu-i-osigurao-drugi-predsjednicki-mandat\/#breadcrumb"},"inLanguage":"en-US","potentialAction":[{"@type":"ReadAction","target":["https:\/\/odabrano.com\/index.php\/2025\/01\/12\/zoran-milanovic-uvjerljivo-pobijedio-u-drugom-krugu-i-osigurao-drugi-predsjednicki-mandat\/"]}]},{"@type":"BreadcrumbList","@id":"https:\/\/odabrano.com\/index.php\/2025\/01\/12\/zoran-milanovic-uvjerljivo-pobijedio-u-drugom-krugu-i-osigurao-drugi-predsjednicki-mandat\/#breadcrumb","itemListElement":[{"@type":"ListItem","position":1,"name":"Home","item":"https:\/\/odabrano.com\/"},{"@type":"ListItem","position":2,"name":"Zoran Milanovi\u0107 uvjerljivo pobijedio u drugom krugu i osigurao drugi predsjedni\u010dki mandat"}]},{"@type":"WebSite","@id":"https:\/\/odabrano.com\/#website","url":"https:\/\/odabrano.com\/","name":"odabrano","description":"news portal koji nudi odabrane vijesti i informacije","publisher":{"@id":"https:\/\/odabrano.com\/#\/schema\/person\/460f2b14657879743f23c4f6a7cd3236"},"alternateName":"vijesti i informacije iz Hrvatske i svijeta","potentialAction":[{"@type":"SearchAction","target":{"@type":"EntryPoint","urlTemplate":"https:\/\/odabrano.com\/?s={search_term_string}"},"query-input":"required name=search_term_string"}],"inLanguage":"en-US"},{"@type":["Person","Organization"],"@id":"https:\/\/odabrano.com\/#\/schema\/person\/460f2b14657879743f23c4f6a7cd3236","name":"admin","image":{"@type":"ImageObject","inLanguage":"en-US","@id":"https:\/\/odabrano.com\/#\/schema\/person\/image\/","url":"https:\/\/odabrano.com\/wp-content\/uploads\/2024\/04\/dolar.jpg","contentUrl":"https:\/\/odabrano.com\/wp-content\/uploads\/2024\/04\/dolar.jpg","width":1216,"height":519,"caption":"admin"},"logo":{"@id":"https:\/\/odabrano.com\/#\/schema\/person\/image\/"},"sameAs":["http:\/\/odabrano.com"],"url":"https:\/\/odabrano.com\/index.php\/author\/sokolneno_u3xb387h\/"}]}},"_links":{"self":[{"href":"https:\/\/odabrano.com\/index.php\/wp-json\/wp\/v2\/posts\/5701","targetHints":{"allow":["GET"]}}],"collection":[{"href":"https:\/\/odabrano.com\/index.php\/wp-json\/wp\/v2\/posts"}],"about":[{"href":"https:\/\/odabrano.com\/index.php\/wp-json\/wp\/v2\/types\/post"}],"author":[{"embeddable":true,"href":"https:\/\/odabrano.com\/index.php\/wp-json\/wp\/v2\/users\/1"}],"replies":[{"embeddable":true,"href":"https:\/\/odabrano.com\/index.php\/wp-json\/wp\/v2\/comments?post=5701"}],"version-history":[{"count":6,"href":"https:\/\/odabrano.com\/index.php\/wp-json\/wp\/v2\/posts\/5701\/revisions"}],"predecessor-version":[{"id":5710,"href":"https:\/\/odabrano.com\/index.php\/wp-json\/wp\/v2\/posts\/5701\/revisions\/5710"}],"wp:featuredmedia":[{"embeddable":true,"href":"https:\/\/odabrano.com\/index.php\/wp-json\/wp\/v2\/media\/5702"}],"wp:attachment":[{"href":"https:\/\/odabrano.com\/index.php\/wp-json\/wp\/v2\/media?parent=5701"}],"wp:term":[{"taxonomy":"category","embeddable":true,"href":"https:\/\/odabrano.com\/index.php\/wp-json\/wp\/v2\/categories?post=5701"},{"taxonomy":"post_tag","embeddable":true,"href":"https:\/\/odabrano.com\/index.php\/wp-json\/wp\/v2\/tags?post=5701"}],"curies":[{"name":"wp","href":"https:\/\/api.w.org\/{rel}","templated":true}]}}