{"id":5692,"date":"2025-01-11T18:16:58","date_gmt":"2025-01-11T17:16:58","guid":{"rendered":"https:\/\/odabrano.com\/?p=5692"},"modified":"2025-01-11T18:16:59","modified_gmt":"2025-01-11T17:16:59","slug":"vucic-obustavljen-dotok-plina-iz-azerbajdzana-u-srbiju","status":"publish","type":"post","link":"https:\/\/odabrano.com\/index.php\/2025\/01\/11\/vucic-obustavljen-dotok-plina-iz-azerbajdzana-u-srbiju\/","title":{"rendered":"Vu\u010di\u0107: Obustavljen dotok plina iz Azerbajd\u017eana u Srbiju"},"content":{"rendered":"\n<p>Dotok plina iz Azerbajd\u017eana u Srbiju je obustavljen, a nije poznato do kada \u0107e trajati takva situacija, poru\u010dio je u subotu srbijanski predsjednik&nbsp;<strong>Aleksandar Vu\u010di\u0107<\/strong>.<\/p>\n\n\n\n<p>&#8211; Dobili smo informaciju od Azerbajd\u017eana da zbog vi\u0161e sile, problema koje imaju, od danas ne mo\u017eemo vi\u0161e ra\u010dunati na 1,7 milijuna kubnih metara plina koji je dolazio svakog dana u na\u0161u zemlju, kazao je Vu\u010di\u0107 novinarima.<br><br>Vu\u010di\u0107 je kazao da \u0107e od nedjelje Srbija tro\u0161iti rezerve plina te je dodao kako se nada da \u0107e u roku od mjesec ili dva biti ponovno uspostavljena isporuka plina.<br><br>Srbija, koja godi\u0161nje tro\u0161i vi\u0161e od 3 milijarde kubnih metara plina, potpisala je 2023. ugovor s Azerbajd\u017eanom o kupnji 400 milijuna kubnih metara prirodnog plina godi\u0161nje po\u010dev\u0161i od 2024. godine.<br><br>Ostatak plina u Srbiju dolazi iz Rusije.<\/p>\n\n\n\n<p>SAD je u petak uveo sankcije Naftnoj industriji Srbije (NIS) jer je kompanija ve\u0107inski u ruskom vlasni\u0161tvu, a rok za promjenu vlasni\u010dke strukture je 45 dana.<\/p>\n\n\n\n<p>Prema slu\u017ebenim podacima Gazprom Njeft i Gazprom imaju 56,15 posto vlasni\u0161tva, dok je 29,87 posto u vlasni\u0161tvu dr\u017eave Srbije, a ostalo u rukama gra\u0111ana, zaposlenih i biv\u0161ih zaposlenih te drugih.<\/p>\n\n\n\n<p>Bugarska je tako\u0111er ranije ovog tjedna objavila da je Azerbajd\u017ean obustavio ugovorenu isporuku plina od 7. do 11. sije\u010dnja zbog neodre\u0111enih tehni\u010dkih razloga.<\/p>\n\n\n\n<p>Prekid se dogodio nakon \u0161to je azerbajd\u017eanska podru\u017enica BP-a u petak objavila da je obustavila rad platforme Shah Deniz Alfa (SDA) nakon otkrivanja tehni\u010dkog problema na podmorskom izvoznom plinovodu za plinski kondenzat.<\/p>\n","protected":false},"excerpt":{"rendered":"<p>Dotok plina iz Azerbajd\u017eana u Srbiju je obustavljen, a nije poznato do kada \u0107e trajati takva situacija, poru\u010dio je u subotu srbijanski predsjednik&nbsp;Aleksandar Vu\u010di\u0107. &#8211; Dobili smo informaciju od Azerbajd\u017eana da zbog vi\u0161e sile, problema koje imaju, od danas ne mo\u017eemo vi\u0161e ra\u010dunati na 1,7 milijuna kubnih metara plina koji je dolazio svakog dana u &hellip;<\/p>\n","protected":false},"author":1,"featured_media":5693,"comment_status":"closed","ping_status":"open","sticky":false,"template":"","format":"standard","meta":{"_monsterinsights_skip_tracking":false,"_monsterinsights_sitenote_active":false,"_monsterinsights_sitenote_note":"","_monsterinsights_sitenote_category":0,"footnotes":""},"categories":[6],"tags":[1179,686,33],"class_list":["post-5692","post","type-post","status-publish","format-standard","has-post-thumbnail","","category-istok","tag-azerbejdan","tag-plin","tag-srbija"],"yoast_head":"<!-- This site is optimized with the Yoast SEO plugin v22.1 - https:\/\/yoast.com\/wordpress\/plugins\/seo\/ -->\n<title>Vu\u010di\u0107: Obustavljen dotok plina iz Azerbajd\u017eana u Srbiju - odabrano<\/title>\n<meta name=\"robots\" content=\"index, follow, max-snippet:-1, max-image-preview:large, max-video-preview:-1\" \/>\n<link rel=\"canonical\" href=\"https:\/\/odabrano.com\/index.php\/2025\/01\/11\/vucic-obustavljen-dotok-plina-iz-azerbajdzana-u-srbiju\/\" \/>\n<meta property=\"og:locale\" content=\"en_US\" \/>\n<meta property=\"og:type\" content=\"article\" \/>\n<meta property=\"og:title\" content=\"Vu\u010di\u0107: Obustavljen dotok plina iz Azerbajd\u017eana u Srbiju - odabrano\" \/>\n<meta property=\"og:description\" content=\"Dotok plina iz Azerbajd\u017eana u Srbiju je obustavljen, a nije poznato do kada \u0107e trajati takva situacija, poru\u010dio je u subotu srbijanski predsjednik&nbsp;Aleksandar Vu\u010di\u0107. &#8211; Dobili smo informaciju od Azerbajd\u017eana da zbog vi\u0161e sile, problema koje imaju, od danas ne mo\u017eemo vi\u0161e ra\u010dunati na 1,7 milijuna kubnih metara plina koji je dolazio svakog dana u &hellip;\" \/>\n<meta property=\"og:url\" content=\"https:\/\/odabrano.com\/index.php\/2025\/01\/11\/vucic-obustavljen-dotok-plina-iz-azerbajdzana-u-srbiju\/\" \/>\n<meta property=\"og:site_name\" content=\"odabrano\" \/>\n<meta property=\"article:published_time\" content=\"2025-01-11T17:16:58+00:00\" \/>\n<meta property=\"article:modified_time\" content=\"2025-01-11T17:16:59+00:00\" \/>\n<meta property=\"og:image\" content=\"http:\/\/odabrano.com\/wp-content\/uploads\/2025\/01\/vucic.webp\" \/>\n\t<meta property=\"og:image:width\" content=\"740\" \/>\n\t<meta property=\"og:image:height\" content=\"438\" \/>\n\t<meta property=\"og:image:type\" content=\"image\/webp\" \/>\n<meta name=\"author\" content=\"admin\" \/>\n<meta name=\"twitter:card\" content=\"summary_large_image\" \/>\n<meta name=\"twitter:label1\" content=\"Written by\" \/>\n\t<meta name=\"twitter:data1\" content=\"admin\" \/>\n\t<meta name=\"twitter:label2\" content=\"Est. reading time\" \/>\n\t<meta name=\"twitter:data2\" content=\"2 minutes\" \/>\n<script type=\"application\/ld+json\" class=\"yoast-schema-graph\">{\"@context\":\"https:\/\/schema.org\",\"@graph\":[{\"@type\":\"Article\",\"@id\":\"https:\/\/odabrano.com\/index.php\/2025\/01\/11\/vucic-obustavljen-dotok-plina-iz-azerbajdzana-u-srbiju\/#article\",\"isPartOf\":{\"@id\":\"https:\/\/odabrano.com\/index.php\/2025\/01\/11\/vucic-obustavljen-dotok-plina-iz-azerbajdzana-u-srbiju\/\"},\"author\":{\"name\":\"admin\",\"@id\":\"https:\/\/odabrano.com\/#\/schema\/person\/460f2b14657879743f23c4f6a7cd3236\"},\"headline\":\"Vu\u010di\u0107: Obustavljen dotok plina iz Azerbajd\u017eana u Srbiju\",\"datePublished\":\"2025-01-11T17:16:58+00:00\",\"dateModified\":\"2025-01-11T17:16:59+00:00\",\"mainEntityOfPage\":{\"@id\":\"https:\/\/odabrano.com\/index.php\/2025\/01\/11\/vucic-obustavljen-dotok-plina-iz-azerbajdzana-u-srbiju\/\"},\"wordCount\":277,\"publisher\":{\"@id\":\"https:\/\/odabrano.com\/#\/schema\/person\/460f2b14657879743f23c4f6a7cd3236\"},\"keywords\":[\"azerbej\u0111an\",\"plin\",\"srbija\"],\"articleSection\":[\"Istok\"],\"inLanguage\":\"en-US\"},{\"@type\":\"WebPage\",\"@id\":\"https:\/\/odabrano.com\/index.php\/2025\/01\/11\/vucic-obustavljen-dotok-plina-iz-azerbajdzana-u-srbiju\/\",\"url\":\"https:\/\/odabrano.com\/index.php\/2025\/01\/11\/vucic-obustavljen-dotok-plina-iz-azerbajdzana-u-srbiju\/\",\"name\":\"Vu\u010di\u0107: Obustavljen dotok plina iz Azerbajd\u017eana u Srbiju - odabrano\",\"isPartOf\":{\"@id\":\"https:\/\/odabrano.com\/#website\"},\"datePublished\":\"2025-01-11T17:16:58+00:00\",\"dateModified\":\"2025-01-11T17:16:59+00:00\",\"breadcrumb\":{\"@id\":\"https:\/\/odabrano.com\/index.php\/2025\/01\/11\/vucic-obustavljen-dotok-plina-iz-azerbajdzana-u-srbiju\/#breadcrumb\"},\"inLanguage\":\"en-US\",\"potentialAction\":[{\"@type\":\"ReadAction\",\"target\":[\"https:\/\/odabrano.com\/index.php\/2025\/01\/11\/vucic-obustavljen-dotok-plina-iz-azerbajdzana-u-srbiju\/\"]}]},{\"@type\":\"BreadcrumbList\",\"@id\":\"https:\/\/odabrano.com\/index.php\/2025\/01\/11\/vucic-obustavljen-dotok-plina-iz-azerbajdzana-u-srbiju\/#breadcrumb\",\"itemListElement\":[{\"@type\":\"ListItem\",\"position\":1,\"name\":\"Home\",\"item\":\"https:\/\/odabrano.com\/\"},{\"@type\":\"ListItem\",\"position\":2,\"name\":\"Vu\u010di\u0107: Obustavljen dotok plina iz Azerbajd\u017eana u Srbiju\"}]},{\"@type\":\"WebSite\",\"@id\":\"https:\/\/odabrano.com\/#website\",\"url\":\"https:\/\/odabrano.com\/\",\"name\":\"odabrano\",\"description\":\"news portal koji nudi odabrane vijesti i informacije\",\"publisher\":{\"@id\":\"https:\/\/odabrano.com\/#\/schema\/person\/460f2b14657879743f23c4f6a7cd3236\"},\"alternateName\":\"vijesti i informacije iz Hrvatske i svijeta\",\"potentialAction\":[{\"@type\":\"SearchAction\",\"target\":{\"@type\":\"EntryPoint\",\"urlTemplate\":\"https:\/\/odabrano.com\/?s={search_term_string}\"},\"query-input\":\"required name=search_term_string\"}],\"inLanguage\":\"en-US\"},{\"@type\":[\"Person\",\"Organization\"],\"@id\":\"https:\/\/odabrano.com\/#\/schema\/person\/460f2b14657879743f23c4f6a7cd3236\",\"name\":\"admin\",\"image\":{\"@type\":\"ImageObject\",\"inLanguage\":\"en-US\",\"@id\":\"https:\/\/odabrano.com\/#\/schema\/person\/image\/\",\"url\":\"https:\/\/odabrano.com\/wp-content\/uploads\/2024\/04\/dolar.jpg\",\"contentUrl\":\"https:\/\/odabrano.com\/wp-content\/uploads\/2024\/04\/dolar.jpg\",\"width\":1216,\"height\":519,\"caption\":\"admin\"},\"logo\":{\"@id\":\"https:\/\/odabrano.com\/#\/schema\/person\/image\/\"},\"sameAs\":[\"http:\/\/odabrano.com\"],\"url\":\"https:\/\/odabrano.com\/index.php\/author\/sokolneno_u3xb387h\/\"}]}<\/script>\n<!-- \/ Yoast SEO plugin. -->","yoast_head_json":{"title":"Vu\u010di\u0107: Obustavljen dotok plina iz Azerbajd\u017eana u Srbiju - odabrano","robots":{"index":"index","follow":"follow","max-snippet":"max-snippet:-1","max-image-preview":"max-image-preview:large","max-video-preview":"max-video-preview:-1"},"canonical":"https:\/\/odabrano.com\/index.php\/2025\/01\/11\/vucic-obustavljen-dotok-plina-iz-azerbajdzana-u-srbiju\/","og_locale":"en_US","og_type":"article","og_title":"Vu\u010di\u0107: Obustavljen dotok plina iz Azerbajd\u017eana u Srbiju - odabrano","og_description":"Dotok plina iz Azerbajd\u017eana u Srbiju je obustavljen, a nije poznato do kada \u0107e trajati takva situacija, poru\u010dio je u subotu srbijanski predsjednik&nbsp;Aleksandar Vu\u010di\u0107. &#8211; Dobili smo informaciju od Azerbajd\u017eana da zbog vi\u0161e sile, problema koje imaju, od danas ne mo\u017eemo vi\u0161e ra\u010dunati na 1,7 milijuna kubnih metara plina koji je dolazio svakog dana u &hellip;","og_url":"https:\/\/odabrano.com\/index.php\/2025\/01\/11\/vucic-obustavljen-dotok-plina-iz-azerbajdzana-u-srbiju\/","og_site_name":"odabrano","article_published_time":"2025-01-11T17:16:58+00:00","article_modified_time":"2025-01-11T17:16:59+00:00","og_image":[{"width":740,"height":438,"url":"http:\/\/odabrano.com\/wp-content\/uploads\/2025\/01\/vucic.webp","type":"image\/webp"}],"author":"admin","twitter_card":"summary_large_image","twitter_misc":{"Written by":"admin","Est. reading time":"2 minutes"},"schema":{"@context":"https:\/\/schema.org","@graph":[{"@type":"Article","@id":"https:\/\/odabrano.com\/index.php\/2025\/01\/11\/vucic-obustavljen-dotok-plina-iz-azerbajdzana-u-srbiju\/#article","isPartOf":{"@id":"https:\/\/odabrano.com\/index.php\/2025\/01\/11\/vucic-obustavljen-dotok-plina-iz-azerbajdzana-u-srbiju\/"},"author":{"name":"admin","@id":"https:\/\/odabrano.com\/#\/schema\/person\/460f2b14657879743f23c4f6a7cd3236"},"headline":"Vu\u010di\u0107: Obustavljen dotok plina iz Azerbajd\u017eana u Srbiju","datePublished":"2025-01-11T17:16:58+00:00","dateModified":"2025-01-11T17:16:59+00:00","mainEntityOfPage":{"@id":"https:\/\/odabrano.com\/index.php\/2025\/01\/11\/vucic-obustavljen-dotok-plina-iz-azerbajdzana-u-srbiju\/"},"wordCount":277,"publisher":{"@id":"https:\/\/odabrano.com\/#\/schema\/person\/460f2b14657879743f23c4f6a7cd3236"},"keywords":["azerbej\u0111an","plin","srbija"],"articleSection":["Istok"],"inLanguage":"en-US"},{"@type":"WebPage","@id":"https:\/\/odabrano.com\/index.php\/2025\/01\/11\/vucic-obustavljen-dotok-plina-iz-azerbajdzana-u-srbiju\/","url":"https:\/\/odabrano.com\/index.php\/2025\/01\/11\/vucic-obustavljen-dotok-plina-iz-azerbajdzana-u-srbiju\/","name":"Vu\u010di\u0107: Obustavljen dotok plina iz Azerbajd\u017eana u Srbiju - odabrano","isPartOf":{"@id":"https:\/\/odabrano.com\/#website"},"datePublished":"2025-01-11T17:16:58+00:00","dateModified":"2025-01-11T17:16:59+00:00","breadcrumb":{"@id":"https:\/\/odabrano.com\/index.php\/2025\/01\/11\/vucic-obustavljen-dotok-plina-iz-azerbajdzana-u-srbiju\/#breadcrumb"},"inLanguage":"en-US","potentialAction":[{"@type":"ReadAction","target":["https:\/\/odabrano.com\/index.php\/2025\/01\/11\/vucic-obustavljen-dotok-plina-iz-azerbajdzana-u-srbiju\/"]}]},{"@type":"BreadcrumbList","@id":"https:\/\/odabrano.com\/index.php\/2025\/01\/11\/vucic-obustavljen-dotok-plina-iz-azerbajdzana-u-srbiju\/#breadcrumb","itemListElement":[{"@type":"ListItem","position":1,"name":"Home","item":"https:\/\/odabrano.com\/"},{"@type":"ListItem","position":2,"name":"Vu\u010di\u0107: Obustavljen dotok plina iz Azerbajd\u017eana u Srbiju"}]},{"@type":"WebSite","@id":"https:\/\/odabrano.com\/#website","url":"https:\/\/odabrano.com\/","name":"odabrano","description":"news portal koji nudi odabrane vijesti i informacije","publisher":{"@id":"https:\/\/odabrano.com\/#\/schema\/person\/460f2b14657879743f23c4f6a7cd3236"},"alternateName":"vijesti i informacije iz Hrvatske i svijeta","potentialAction":[{"@type":"SearchAction","target":{"@type":"EntryPoint","urlTemplate":"https:\/\/odabrano.com\/?s={search_term_string}"},"query-input":"required name=search_term_string"}],"inLanguage":"en-US"},{"@type":["Person","Organization"],"@id":"https:\/\/odabrano.com\/#\/schema\/person\/460f2b14657879743f23c4f6a7cd3236","name":"admin","image":{"@type":"ImageObject","inLanguage":"en-US","@id":"https:\/\/odabrano.com\/#\/schema\/person\/image\/","url":"https:\/\/odabrano.com\/wp-content\/uploads\/2024\/04\/dolar.jpg","contentUrl":"https:\/\/odabrano.com\/wp-content\/uploads\/2024\/04\/dolar.jpg","width":1216,"height":519,"caption":"admin"},"logo":{"@id":"https:\/\/odabrano.com\/#\/schema\/person\/image\/"},"sameAs":["http:\/\/odabrano.com"],"url":"https:\/\/odabrano.com\/index.php\/author\/sokolneno_u3xb387h\/"}]}},"_links":{"self":[{"href":"https:\/\/odabrano.com\/index.php\/wp-json\/wp\/v2\/posts\/5692","targetHints":{"allow":["GET"]}}],"collection":[{"href":"https:\/\/odabrano.com\/index.php\/wp-json\/wp\/v2\/posts"}],"about":[{"href":"https:\/\/odabrano.com\/index.php\/wp-json\/wp\/v2\/types\/post"}],"author":[{"embeddable":true,"href":"https:\/\/odabrano.com\/index.php\/wp-json\/wp\/v2\/users\/1"}],"replies":[{"embeddable":true,"href":"https:\/\/odabrano.com\/index.php\/wp-json\/wp\/v2\/comments?post=5692"}],"version-history":[{"count":1,"href":"https:\/\/odabrano.com\/index.php\/wp-json\/wp\/v2\/posts\/5692\/revisions"}],"predecessor-version":[{"id":5694,"href":"https:\/\/odabrano.com\/index.php\/wp-json\/wp\/v2\/posts\/5692\/revisions\/5694"}],"wp:featuredmedia":[{"embeddable":true,"href":"https:\/\/odabrano.com\/index.php\/wp-json\/wp\/v2\/media\/5693"}],"wp:attachment":[{"href":"https:\/\/odabrano.com\/index.php\/wp-json\/wp\/v2\/media?parent=5692"}],"wp:term":[{"taxonomy":"category","embeddable":true,"href":"https:\/\/odabrano.com\/index.php\/wp-json\/wp\/v2\/categories?post=5692"},{"taxonomy":"post_tag","embeddable":true,"href":"https:\/\/odabrano.com\/index.php\/wp-json\/wp\/v2\/tags?post=5692"}],"curies":[{"name":"wp","href":"https:\/\/api.w.org\/{rel}","templated":true}]}}