{"id":5672,"date":"2025-01-05T13:41:14","date_gmt":"2025-01-05T12:41:14","guid":{"rendered":"https:\/\/odabrano.com\/?p=5672"},"modified":"2025-01-05T13:41:16","modified_gmt":"2025-01-05T12:41:16","slug":"njemacki-plan-za-povratak-izbjeglica-iz-sirije","status":"publish","type":"post","link":"https:\/\/odabrano.com\/index.php\/2025\/01\/05\/njemacki-plan-za-povratak-izbjeglica-iz-sirije\/","title":{"rendered":"Njema\u010dki plan za povratak izbjeglica iz Sirije"},"content":{"rendered":"\n<p><strong>Njema\u010dka ministrica unutarnjih poslova\u00a0Nancy Faeser\u00a0predstavila je u nedjelju plan povratka izbjeglica iz Sirije koji borave u Njema\u010dkoj i najavila provjeru njihova statusa.<\/strong><\/p>\n\n\n\n<p>&#8211; Shodno na\u0161im zakonima, Ured za izbjeglice i migracije provjerit \u0107e za\u0161titni status izbjeglica iz Sirije i po potrebi ga ukinuti zato \u0161to se stanje u Siriji stabiliziralo, rekla je ministrica (Socijaldemokratska stranka Njema\u010dke, SPD) za medijsku kompaniju Funke.<\/p>\n\n\n\n<p>Dodala je kako nakon pada re\u017eima&nbsp;<strong>Ba\u0161ara al-Asada<\/strong>&nbsp;po\u010detkom prosinca postoji nada za mir.<\/p>\n\n\n\n<p>Kada ta nada postane realnost, mnoge izbjeglice mo\u0107i \u0107e se vratiti u svoju zemlju, rekla je Faeser.<\/p>\n\n\n\n<p>Navela je kako njezino ministarstvo u suradnji s ministarstvom vanjskih poslova radi na stvaranju jasne slike o sigurnosnoj situaciji u Siriji te da se pritom djeluje u tijesnoj suradnji s europskim i me\u0111unarodnim partnerima.<\/p>\n\n\n\n<p>Plan njema\u010dke vlade predvi\u0111a pravo na ostanak u Njema\u010dkoj onih izbjeglica koji su u radnom odnosu ili u procesu naobrazbe, i koji su savladali njema\u010dki jezik te ondje prona\u0161li novu domovinu.<\/p>\n\n\n\n<p>Nadalje, previ\u0111en je program za one koji se \u017eele dobrovoljno vratiti u Siriju te je shodno tomu pro\u0161iren program vlade za pomo\u0107 dobrovoljnim povratnicima.<\/p>\n\n\n\n<p>One koji su po\u010dinili kazneno djelo ili vlastima upali u o\u010di kao islamisti trebalo bi \u0161to prije deportirati u Siriju, dodaje.<\/p>\n\n\n\n<p>&#8211; Pravne mogu\u0107nosti za to postoje i nedavno su pro\u0161irene i mi \u0107emo ih iskoristiti \u010dim sigurnosna situacija u Siriji to bude dopustila, rekla je Faeser.<\/p>\n\n\n\n<p>U Njema\u010dkoj \u017eivi oko 975.000 sirijskih dr\u017eavljana a oko 300.000 u\u017eiva tzv. supsidijarnu za\u0161titu koja nije zasnovana na individualnoj odluci o za\u0161titi, nego na temelju ratnog stanja u Siriji.<\/p>\n\n\n\n<p>Savezni ured za izbjeglice i migracije prije nekoliko tjedana zaustavio je obradu zahtjeva za azil podnositelja koji dolaze iz Sirije.<\/p>\n\n\n\n<p>Rasprava o statusu izbjeglica iz Sirije postaje sve va\u017enija tema predizborne kampanje za prijevremene parlamentarne izbore koji \u0107e se odr\u017eati potkraj velja\u010de, pri \u010demu stranke uglavnom tra\u017ee \u0161to br\u017ei povratak izbjeglica koji nisu integrirani u tr\u017ei\u0161te rada.<\/p>\n","protected":false},"excerpt":{"rendered":"<p>Njema\u010dka ministrica unutarnjih poslova\u00a0Nancy Faeser\u00a0predstavila je u nedjelju plan povratka izbjeglica iz Sirije koji borave u Njema\u010dkoj i najavila provjeru njihova statusa. &#8211; Shodno na\u0161im zakonima, Ured za izbjeglice i migracije provjerit \u0107e za\u0161titni status izbjeglica iz Sirije i po potrebi ga ukinuti zato \u0161to se stanje u Siriji stabiliziralo, rekla je ministrica (Socijaldemokratska stranka &hellip;<\/p>\n","protected":false},"author":1,"featured_media":5673,"comment_status":"closed","ping_status":"open","sticky":false,"template":"","format":"standard","meta":{"_monsterinsights_skip_tracking":false,"_monsterinsights_sitenote_active":false,"_monsterinsights_sitenote_note":"","_monsterinsights_sitenote_category":0,"footnotes":""},"categories":[9],"tags":[500,244,1155,1149],"class_list":["post-5672","post","type-post","status-publish","format-standard","has-post-thumbnail","","category-svijet","tag-izbjeglice","tag-njemacka","tag-povratak","tag-sirija"],"yoast_head":"<!-- This site is optimized with the Yoast SEO plugin v22.1 - https:\/\/yoast.com\/wordpress\/plugins\/seo\/ -->\n<title>Njema\u010dki plan za povratak izbjeglica iz Sirije - odabrano<\/title>\n<meta name=\"robots\" content=\"index, follow, max-snippet:-1, max-image-preview:large, max-video-preview:-1\" \/>\n<link rel=\"canonical\" href=\"https:\/\/odabrano.com\/index.php\/2025\/01\/05\/njemacki-plan-za-povratak-izbjeglica-iz-sirije\/\" \/>\n<meta property=\"og:locale\" content=\"en_US\" \/>\n<meta property=\"og:type\" content=\"article\" \/>\n<meta property=\"og:title\" content=\"Njema\u010dki plan za povratak izbjeglica iz Sirije - odabrano\" \/>\n<meta property=\"og:description\" content=\"Njema\u010dka ministrica unutarnjih poslova\u00a0Nancy Faeser\u00a0predstavila je u nedjelju plan povratka izbjeglica iz Sirije koji borave u Njema\u010dkoj i najavila provjeru njihova statusa. &#8211; Shodno na\u0161im zakonima, Ured za izbjeglice i migracije provjerit \u0107e za\u0161titni status izbjeglica iz Sirije i po potrebi ga ukinuti zato \u0161to se stanje u Siriji stabiliziralo, rekla je ministrica (Socijaldemokratska stranka &hellip;\" \/>\n<meta property=\"og:url\" content=\"https:\/\/odabrano.com\/index.php\/2025\/01\/05\/njemacki-plan-za-povratak-izbjeglica-iz-sirije\/\" \/>\n<meta property=\"og:site_name\" content=\"odabrano\" \/>\n<meta property=\"article:published_time\" content=\"2025-01-05T12:41:14+00:00\" \/>\n<meta property=\"article:modified_time\" content=\"2025-01-05T12:41:16+00:00\" \/>\n<meta property=\"og:image\" content=\"http:\/\/odabrano.com\/wp-content\/uploads\/2025\/01\/izbjeglice2.webp\" \/>\n\t<meta property=\"og:image:width\" content=\"740\" \/>\n\t<meta property=\"og:image:height\" content=\"438\" \/>\n\t<meta property=\"og:image:type\" content=\"image\/webp\" \/>\n<meta name=\"author\" content=\"admin\" \/>\n<meta name=\"twitter:card\" content=\"summary_large_image\" \/>\n<meta name=\"twitter:label1\" content=\"Written by\" \/>\n\t<meta name=\"twitter:data1\" content=\"admin\" \/>\n\t<meta name=\"twitter:label2\" content=\"Est. reading time\" \/>\n\t<meta name=\"twitter:data2\" content=\"2 minutes\" \/>\n<script type=\"application\/ld+json\" class=\"yoast-schema-graph\">{\"@context\":\"https:\/\/schema.org\",\"@graph\":[{\"@type\":\"Article\",\"@id\":\"https:\/\/odabrano.com\/index.php\/2025\/01\/05\/njemacki-plan-za-povratak-izbjeglica-iz-sirije\/#article\",\"isPartOf\":{\"@id\":\"https:\/\/odabrano.com\/index.php\/2025\/01\/05\/njemacki-plan-za-povratak-izbjeglica-iz-sirije\/\"},\"author\":{\"name\":\"admin\",\"@id\":\"https:\/\/odabrano.com\/#\/schema\/person\/460f2b14657879743f23c4f6a7cd3236\"},\"headline\":\"Njema\u010dki plan za povratak izbjeglica iz Sirije\",\"datePublished\":\"2025-01-05T12:41:14+00:00\",\"dateModified\":\"2025-01-05T12:41:16+00:00\",\"mainEntityOfPage\":{\"@id\":\"https:\/\/odabrano.com\/index.php\/2025\/01\/05\/njemacki-plan-za-povratak-izbjeglica-iz-sirije\/\"},\"wordCount\":357,\"publisher\":{\"@id\":\"https:\/\/odabrano.com\/#\/schema\/person\/460f2b14657879743f23c4f6a7cd3236\"},\"keywords\":[\"izbjeglice\",\"njema\u010dka\",\"povratak\",\"sirija\"],\"articleSection\":[\"Svijet\"],\"inLanguage\":\"en-US\"},{\"@type\":\"WebPage\",\"@id\":\"https:\/\/odabrano.com\/index.php\/2025\/01\/05\/njemacki-plan-za-povratak-izbjeglica-iz-sirije\/\",\"url\":\"https:\/\/odabrano.com\/index.php\/2025\/01\/05\/njemacki-plan-za-povratak-izbjeglica-iz-sirije\/\",\"name\":\"Njema\u010dki plan za povratak izbjeglica iz Sirije - odabrano\",\"isPartOf\":{\"@id\":\"https:\/\/odabrano.com\/#website\"},\"datePublished\":\"2025-01-05T12:41:14+00:00\",\"dateModified\":\"2025-01-05T12:41:16+00:00\",\"breadcrumb\":{\"@id\":\"https:\/\/odabrano.com\/index.php\/2025\/01\/05\/njemacki-plan-za-povratak-izbjeglica-iz-sirije\/#breadcrumb\"},\"inLanguage\":\"en-US\",\"potentialAction\":[{\"@type\":\"ReadAction\",\"target\":[\"https:\/\/odabrano.com\/index.php\/2025\/01\/05\/njemacki-plan-za-povratak-izbjeglica-iz-sirije\/\"]}]},{\"@type\":\"BreadcrumbList\",\"@id\":\"https:\/\/odabrano.com\/index.php\/2025\/01\/05\/njemacki-plan-za-povratak-izbjeglica-iz-sirije\/#breadcrumb\",\"itemListElement\":[{\"@type\":\"ListItem\",\"position\":1,\"name\":\"Home\",\"item\":\"https:\/\/odabrano.com\/\"},{\"@type\":\"ListItem\",\"position\":2,\"name\":\"Njema\u010dki plan za povratak izbjeglica iz Sirije\"}]},{\"@type\":\"WebSite\",\"@id\":\"https:\/\/odabrano.com\/#website\",\"url\":\"https:\/\/odabrano.com\/\",\"name\":\"odabrano\",\"description\":\"news portal koji nudi odabrane vijesti i informacije\",\"publisher\":{\"@id\":\"https:\/\/odabrano.com\/#\/schema\/person\/460f2b14657879743f23c4f6a7cd3236\"},\"alternateName\":\"vijesti i informacije iz Hrvatske i svijeta\",\"potentialAction\":[{\"@type\":\"SearchAction\",\"target\":{\"@type\":\"EntryPoint\",\"urlTemplate\":\"https:\/\/odabrano.com\/?s={search_term_string}\"},\"query-input\":\"required name=search_term_string\"}],\"inLanguage\":\"en-US\"},{\"@type\":[\"Person\",\"Organization\"],\"@id\":\"https:\/\/odabrano.com\/#\/schema\/person\/460f2b14657879743f23c4f6a7cd3236\",\"name\":\"admin\",\"image\":{\"@type\":\"ImageObject\",\"inLanguage\":\"en-US\",\"@id\":\"https:\/\/odabrano.com\/#\/schema\/person\/image\/\",\"url\":\"https:\/\/odabrano.com\/wp-content\/uploads\/2024\/04\/dolar.jpg\",\"contentUrl\":\"https:\/\/odabrano.com\/wp-content\/uploads\/2024\/04\/dolar.jpg\",\"width\":1216,\"height\":519,\"caption\":\"admin\"},\"logo\":{\"@id\":\"https:\/\/odabrano.com\/#\/schema\/person\/image\/\"},\"sameAs\":[\"http:\/\/odabrano.com\"],\"url\":\"https:\/\/odabrano.com\/index.php\/author\/sokolneno_u3xb387h\/\"}]}<\/script>\n<!-- \/ Yoast SEO plugin. -->","yoast_head_json":{"title":"Njema\u010dki plan za povratak izbjeglica iz Sirije - odabrano","robots":{"index":"index","follow":"follow","max-snippet":"max-snippet:-1","max-image-preview":"max-image-preview:large","max-video-preview":"max-video-preview:-1"},"canonical":"https:\/\/odabrano.com\/index.php\/2025\/01\/05\/njemacki-plan-za-povratak-izbjeglica-iz-sirije\/","og_locale":"en_US","og_type":"article","og_title":"Njema\u010dki plan za povratak izbjeglica iz Sirije - odabrano","og_description":"Njema\u010dka ministrica unutarnjih poslova\u00a0Nancy Faeser\u00a0predstavila je u nedjelju plan povratka izbjeglica iz Sirije koji borave u Njema\u010dkoj i najavila provjeru njihova statusa. &#8211; Shodno na\u0161im zakonima, Ured za izbjeglice i migracije provjerit \u0107e za\u0161titni status izbjeglica iz Sirije i po potrebi ga ukinuti zato \u0161to se stanje u Siriji stabiliziralo, rekla je ministrica (Socijaldemokratska stranka &hellip;","og_url":"https:\/\/odabrano.com\/index.php\/2025\/01\/05\/njemacki-plan-za-povratak-izbjeglica-iz-sirije\/","og_site_name":"odabrano","article_published_time":"2025-01-05T12:41:14+00:00","article_modified_time":"2025-01-05T12:41:16+00:00","og_image":[{"width":740,"height":438,"url":"http:\/\/odabrano.com\/wp-content\/uploads\/2025\/01\/izbjeglice2.webp","type":"image\/webp"}],"author":"admin","twitter_card":"summary_large_image","twitter_misc":{"Written by":"admin","Est. reading time":"2 minutes"},"schema":{"@context":"https:\/\/schema.org","@graph":[{"@type":"Article","@id":"https:\/\/odabrano.com\/index.php\/2025\/01\/05\/njemacki-plan-za-povratak-izbjeglica-iz-sirije\/#article","isPartOf":{"@id":"https:\/\/odabrano.com\/index.php\/2025\/01\/05\/njemacki-plan-za-povratak-izbjeglica-iz-sirije\/"},"author":{"name":"admin","@id":"https:\/\/odabrano.com\/#\/schema\/person\/460f2b14657879743f23c4f6a7cd3236"},"headline":"Njema\u010dki plan za povratak izbjeglica iz Sirije","datePublished":"2025-01-05T12:41:14+00:00","dateModified":"2025-01-05T12:41:16+00:00","mainEntityOfPage":{"@id":"https:\/\/odabrano.com\/index.php\/2025\/01\/05\/njemacki-plan-za-povratak-izbjeglica-iz-sirije\/"},"wordCount":357,"publisher":{"@id":"https:\/\/odabrano.com\/#\/schema\/person\/460f2b14657879743f23c4f6a7cd3236"},"keywords":["izbjeglice","njema\u010dka","povratak","sirija"],"articleSection":["Svijet"],"inLanguage":"en-US"},{"@type":"WebPage","@id":"https:\/\/odabrano.com\/index.php\/2025\/01\/05\/njemacki-plan-za-povratak-izbjeglica-iz-sirije\/","url":"https:\/\/odabrano.com\/index.php\/2025\/01\/05\/njemacki-plan-za-povratak-izbjeglica-iz-sirije\/","name":"Njema\u010dki plan za povratak izbjeglica iz Sirije - odabrano","isPartOf":{"@id":"https:\/\/odabrano.com\/#website"},"datePublished":"2025-01-05T12:41:14+00:00","dateModified":"2025-01-05T12:41:16+00:00","breadcrumb":{"@id":"https:\/\/odabrano.com\/index.php\/2025\/01\/05\/njemacki-plan-za-povratak-izbjeglica-iz-sirije\/#breadcrumb"},"inLanguage":"en-US","potentialAction":[{"@type":"ReadAction","target":["https:\/\/odabrano.com\/index.php\/2025\/01\/05\/njemacki-plan-za-povratak-izbjeglica-iz-sirije\/"]}]},{"@type":"BreadcrumbList","@id":"https:\/\/odabrano.com\/index.php\/2025\/01\/05\/njemacki-plan-za-povratak-izbjeglica-iz-sirije\/#breadcrumb","itemListElement":[{"@type":"ListItem","position":1,"name":"Home","item":"https:\/\/odabrano.com\/"},{"@type":"ListItem","position":2,"name":"Njema\u010dki plan za povratak izbjeglica iz Sirije"}]},{"@type":"WebSite","@id":"https:\/\/odabrano.com\/#website","url":"https:\/\/odabrano.com\/","name":"odabrano","description":"news portal koji nudi odabrane vijesti i informacije","publisher":{"@id":"https:\/\/odabrano.com\/#\/schema\/person\/460f2b14657879743f23c4f6a7cd3236"},"alternateName":"vijesti i informacije iz Hrvatske i svijeta","potentialAction":[{"@type":"SearchAction","target":{"@type":"EntryPoint","urlTemplate":"https:\/\/odabrano.com\/?s={search_term_string}"},"query-input":"required name=search_term_string"}],"inLanguage":"en-US"},{"@type":["Person","Organization"],"@id":"https:\/\/odabrano.com\/#\/schema\/person\/460f2b14657879743f23c4f6a7cd3236","name":"admin","image":{"@type":"ImageObject","inLanguage":"en-US","@id":"https:\/\/odabrano.com\/#\/schema\/person\/image\/","url":"https:\/\/odabrano.com\/wp-content\/uploads\/2024\/04\/dolar.jpg","contentUrl":"https:\/\/odabrano.com\/wp-content\/uploads\/2024\/04\/dolar.jpg","width":1216,"height":519,"caption":"admin"},"logo":{"@id":"https:\/\/odabrano.com\/#\/schema\/person\/image\/"},"sameAs":["http:\/\/odabrano.com"],"url":"https:\/\/odabrano.com\/index.php\/author\/sokolneno_u3xb387h\/"}]}},"_links":{"self":[{"href":"https:\/\/odabrano.com\/index.php\/wp-json\/wp\/v2\/posts\/5672","targetHints":{"allow":["GET"]}}],"collection":[{"href":"https:\/\/odabrano.com\/index.php\/wp-json\/wp\/v2\/posts"}],"about":[{"href":"https:\/\/odabrano.com\/index.php\/wp-json\/wp\/v2\/types\/post"}],"author":[{"embeddable":true,"href":"https:\/\/odabrano.com\/index.php\/wp-json\/wp\/v2\/users\/1"}],"replies":[{"embeddable":true,"href":"https:\/\/odabrano.com\/index.php\/wp-json\/wp\/v2\/comments?post=5672"}],"version-history":[{"count":1,"href":"https:\/\/odabrano.com\/index.php\/wp-json\/wp\/v2\/posts\/5672\/revisions"}],"predecessor-version":[{"id":5674,"href":"https:\/\/odabrano.com\/index.php\/wp-json\/wp\/v2\/posts\/5672\/revisions\/5674"}],"wp:featuredmedia":[{"embeddable":true,"href":"https:\/\/odabrano.com\/index.php\/wp-json\/wp\/v2\/media\/5673"}],"wp:attachment":[{"href":"https:\/\/odabrano.com\/index.php\/wp-json\/wp\/v2\/media?parent=5672"}],"wp:term":[{"taxonomy":"category","embeddable":true,"href":"https:\/\/odabrano.com\/index.php\/wp-json\/wp\/v2\/categories?post=5672"},{"taxonomy":"post_tag","embeddable":true,"href":"https:\/\/odabrano.com\/index.php\/wp-json\/wp\/v2\/tags?post=5672"}],"curies":[{"name":"wp","href":"https:\/\/api.w.org\/{rel}","templated":true}]}}