{"id":5668,"date":"2025-01-04T07:00:43","date_gmt":"2025-01-04T06:00:43","guid":{"rendered":"https:\/\/odabrano.com\/?p=5668"},"modified":"2025-01-04T07:00:45","modified_gmt":"2025-01-04T06:00:45","slug":"slovacka-ce-nastaviti-slati-struju-ukrajini-unatoc-sporu-oko-plina","status":"publish","type":"post","link":"https:\/\/odabrano.com\/index.php\/2025\/01\/04\/slovacka-ce-nastaviti-slati-struju-ukrajini-unatoc-sporu-oko-plina\/","title":{"rendered":"Slova\u010dka \u0107e nastaviti slati struju Ukrajini unato\u010d sporu oko plina"},"content":{"rendered":"\n<p>Slova\u010dki dr\u017eavni operator elektroenergetske mre\u017ee SEPS objavio je da \u0107e nastaviti slati elektri\u010dnu struju Ukrajini unato\u010d sporu oko odluke Kijeva da obustavi tranzit ruskog prirodnog plina prema Slova\u010dkoj.<\/p>\n\n\n\n<p>SEPS je za \u010de\u0161ku novinsku agenciju \u010cTK potvrdio da \u0107e po\u0161tivati ugovore koje ima s ukrajinskom tvrtkom Ukrenergo.<br><br>Ukrajina se koristi strujom koju joj \u0161alje SEPS kako bi nadoknadila manjkove zbog o\u0161te\u0107ene elektroenergetske infrastrukture u ruskim napadima.<\/p>\n\n\n\n<p>Slova\u010dki premijer&nbsp;<strong>Robert Fico<\/strong>&nbsp;ranije je zaprijetio Ukrajini uzvratnim mjerama ako ne nastavi slati ruski plin.<br><br>&#8211; Nakon 1. sije\u010dnja, razmotrit \u0107emo situaciju i opcije za recipro\u010dne mjere protiv Ukrajine&#8221;, poru\u010dio je Fico u priop\u0107enju objavljenom u Bratislavi. &#8220;Ako se to ne bude moglo izbje\u0107i, obustavit \u0107emo slanje elektri\u010dne struje&#8230; ili dogovoriti neki drugi pristup, rekao je.<\/p>\n\n\n\n<p>Ukrajina je obustavila tranzit ruskog plina 1. sije\u010dnja zbog isteka ugovora na kraju godine, kako je i najavila da \u0107e u\u010diniti.<\/p>\n","protected":false},"excerpt":{"rendered":"<p>Slova\u010dki dr\u017eavni operator elektroenergetske mre\u017ee SEPS objavio je da \u0107e nastaviti slati elektri\u010dnu struju Ukrajini unato\u010d sporu oko odluke Kijeva da obustavi tranzit ruskog prirodnog plina prema Slova\u010dkoj. SEPS je za \u010de\u0161ku novinsku agenciju \u010cTK potvrdio da \u0107e po\u0161tivati ugovore koje ima s ukrajinskom tvrtkom Ukrenergo.Ukrajina se koristi strujom koju joj \u0161alje SEPS kako bi &hellip;<\/p>\n","protected":false},"author":1,"featured_media":5669,"comment_status":"closed","ping_status":"open","sticky":false,"template":"","format":"standard","meta":{"_monsterinsights_skip_tracking":false,"_monsterinsights_sitenote_active":false,"_monsterinsights_sitenote_note":"","_monsterinsights_sitenote_category":0,"footnotes":""},"categories":[9],"tags":[516,1176,17],"class_list":["post-5668","post","type-post","status-publish","format-standard","has-post-thumbnail","","category-svijet","tag-slovacka","tag-struja","tag-ukrajina"],"yoast_head":"<!-- This site is optimized with the Yoast SEO plugin v22.1 - https:\/\/yoast.com\/wordpress\/plugins\/seo\/ -->\n<title>Slova\u010dka \u0107e nastaviti slati struju Ukrajini unato\u010d sporu oko plina - odabrano<\/title>\n<meta name=\"robots\" content=\"index, follow, max-snippet:-1, max-image-preview:large, max-video-preview:-1\" \/>\n<link rel=\"canonical\" href=\"https:\/\/odabrano.com\/index.php\/2025\/01\/04\/slovacka-ce-nastaviti-slati-struju-ukrajini-unatoc-sporu-oko-plina\/\" \/>\n<meta property=\"og:locale\" content=\"en_US\" \/>\n<meta property=\"og:type\" content=\"article\" \/>\n<meta property=\"og:title\" content=\"Slova\u010dka \u0107e nastaviti slati struju Ukrajini unato\u010d sporu oko plina - odabrano\" \/>\n<meta property=\"og:description\" content=\"Slova\u010dki dr\u017eavni operator elektroenergetske mre\u017ee SEPS objavio je da \u0107e nastaviti slati elektri\u010dnu struju Ukrajini unato\u010d sporu oko odluke Kijeva da obustavi tranzit ruskog prirodnog plina prema Slova\u010dkoj. SEPS je za \u010de\u0161ku novinsku agenciju \u010cTK potvrdio da \u0107e po\u0161tivati ugovore koje ima s ukrajinskom tvrtkom Ukrenergo.Ukrajina se koristi strujom koju joj \u0161alje SEPS kako bi &hellip;\" \/>\n<meta property=\"og:url\" content=\"https:\/\/odabrano.com\/index.php\/2025\/01\/04\/slovacka-ce-nastaviti-slati-struju-ukrajini-unatoc-sporu-oko-plina\/\" \/>\n<meta property=\"og:site_name\" content=\"odabrano\" \/>\n<meta property=\"article:published_time\" content=\"2025-01-04T06:00:43+00:00\" \/>\n<meta property=\"article:modified_time\" content=\"2025-01-04T06:00:45+00:00\" \/>\n<meta property=\"og:image\" content=\"http:\/\/odabrano.com\/wp-content\/uploads\/2025\/01\/struja.webp\" \/>\n\t<meta property=\"og:image:width\" content=\"740\" \/>\n\t<meta property=\"og:image:height\" content=\"438\" \/>\n\t<meta property=\"og:image:type\" content=\"image\/webp\" \/>\n<meta name=\"author\" content=\"admin\" \/>\n<meta name=\"twitter:card\" content=\"summary_large_image\" \/>\n<meta name=\"twitter:label1\" content=\"Written by\" \/>\n\t<meta name=\"twitter:data1\" content=\"admin\" \/>\n\t<meta name=\"twitter:label2\" content=\"Est. reading time\" \/>\n\t<meta name=\"twitter:data2\" content=\"1 minute\" \/>\n<script type=\"application\/ld+json\" class=\"yoast-schema-graph\">{\"@context\":\"https:\/\/schema.org\",\"@graph\":[{\"@type\":\"Article\",\"@id\":\"https:\/\/odabrano.com\/index.php\/2025\/01\/04\/slovacka-ce-nastaviti-slati-struju-ukrajini-unatoc-sporu-oko-plina\/#article\",\"isPartOf\":{\"@id\":\"https:\/\/odabrano.com\/index.php\/2025\/01\/04\/slovacka-ce-nastaviti-slati-struju-ukrajini-unatoc-sporu-oko-plina\/\"},\"author\":{\"name\":\"admin\",\"@id\":\"https:\/\/odabrano.com\/#\/schema\/person\/460f2b14657879743f23c4f6a7cd3236\"},\"headline\":\"Slova\u010dka \u0107e nastaviti slati struju Ukrajini unato\u010d sporu oko plina\",\"datePublished\":\"2025-01-04T06:00:43+00:00\",\"dateModified\":\"2025-01-04T06:00:45+00:00\",\"mainEntityOfPage\":{\"@id\":\"https:\/\/odabrano.com\/index.php\/2025\/01\/04\/slovacka-ce-nastaviti-slati-struju-ukrajini-unatoc-sporu-oko-plina\/\"},\"wordCount\":172,\"publisher\":{\"@id\":\"https:\/\/odabrano.com\/#\/schema\/person\/460f2b14657879743f23c4f6a7cd3236\"},\"keywords\":[\"slova\u010dka\",\"struja\",\"ukrajina\"],\"articleSection\":[\"Svijet\"],\"inLanguage\":\"en-US\"},{\"@type\":\"WebPage\",\"@id\":\"https:\/\/odabrano.com\/index.php\/2025\/01\/04\/slovacka-ce-nastaviti-slati-struju-ukrajini-unatoc-sporu-oko-plina\/\",\"url\":\"https:\/\/odabrano.com\/index.php\/2025\/01\/04\/slovacka-ce-nastaviti-slati-struju-ukrajini-unatoc-sporu-oko-plina\/\",\"name\":\"Slova\u010dka \u0107e nastaviti slati struju Ukrajini unato\u010d sporu oko plina - odabrano\",\"isPartOf\":{\"@id\":\"https:\/\/odabrano.com\/#website\"},\"datePublished\":\"2025-01-04T06:00:43+00:00\",\"dateModified\":\"2025-01-04T06:00:45+00:00\",\"breadcrumb\":{\"@id\":\"https:\/\/odabrano.com\/index.php\/2025\/01\/04\/slovacka-ce-nastaviti-slati-struju-ukrajini-unatoc-sporu-oko-plina\/#breadcrumb\"},\"inLanguage\":\"en-US\",\"potentialAction\":[{\"@type\":\"ReadAction\",\"target\":[\"https:\/\/odabrano.com\/index.php\/2025\/01\/04\/slovacka-ce-nastaviti-slati-struju-ukrajini-unatoc-sporu-oko-plina\/\"]}]},{\"@type\":\"BreadcrumbList\",\"@id\":\"https:\/\/odabrano.com\/index.php\/2025\/01\/04\/slovacka-ce-nastaviti-slati-struju-ukrajini-unatoc-sporu-oko-plina\/#breadcrumb\",\"itemListElement\":[{\"@type\":\"ListItem\",\"position\":1,\"name\":\"Home\",\"item\":\"https:\/\/odabrano.com\/\"},{\"@type\":\"ListItem\",\"position\":2,\"name\":\"Slova\u010dka \u0107e nastaviti slati struju Ukrajini unato\u010d sporu oko plina\"}]},{\"@type\":\"WebSite\",\"@id\":\"https:\/\/odabrano.com\/#website\",\"url\":\"https:\/\/odabrano.com\/\",\"name\":\"odabrano\",\"description\":\"news portal koji nudi odabrane vijesti i informacije\",\"publisher\":{\"@id\":\"https:\/\/odabrano.com\/#\/schema\/person\/460f2b14657879743f23c4f6a7cd3236\"},\"alternateName\":\"vijesti i informacije iz Hrvatske i svijeta\",\"potentialAction\":[{\"@type\":\"SearchAction\",\"target\":{\"@type\":\"EntryPoint\",\"urlTemplate\":\"https:\/\/odabrano.com\/?s={search_term_string}\"},\"query-input\":\"required name=search_term_string\"}],\"inLanguage\":\"en-US\"},{\"@type\":[\"Person\",\"Organization\"],\"@id\":\"https:\/\/odabrano.com\/#\/schema\/person\/460f2b14657879743f23c4f6a7cd3236\",\"name\":\"admin\",\"image\":{\"@type\":\"ImageObject\",\"inLanguage\":\"en-US\",\"@id\":\"https:\/\/odabrano.com\/#\/schema\/person\/image\/\",\"url\":\"https:\/\/odabrano.com\/wp-content\/uploads\/2024\/04\/dolar.jpg\",\"contentUrl\":\"https:\/\/odabrano.com\/wp-content\/uploads\/2024\/04\/dolar.jpg\",\"width\":1216,\"height\":519,\"caption\":\"admin\"},\"logo\":{\"@id\":\"https:\/\/odabrano.com\/#\/schema\/person\/image\/\"},\"sameAs\":[\"http:\/\/odabrano.com\"],\"url\":\"https:\/\/odabrano.com\/index.php\/author\/sokolneno_u3xb387h\/\"}]}<\/script>\n<!-- \/ Yoast SEO plugin. -->","yoast_head_json":{"title":"Slova\u010dka \u0107e nastaviti slati struju Ukrajini unato\u010d sporu oko plina - odabrano","robots":{"index":"index","follow":"follow","max-snippet":"max-snippet:-1","max-image-preview":"max-image-preview:large","max-video-preview":"max-video-preview:-1"},"canonical":"https:\/\/odabrano.com\/index.php\/2025\/01\/04\/slovacka-ce-nastaviti-slati-struju-ukrajini-unatoc-sporu-oko-plina\/","og_locale":"en_US","og_type":"article","og_title":"Slova\u010dka \u0107e nastaviti slati struju Ukrajini unato\u010d sporu oko plina - odabrano","og_description":"Slova\u010dki dr\u017eavni operator elektroenergetske mre\u017ee SEPS objavio je da \u0107e nastaviti slati elektri\u010dnu struju Ukrajini unato\u010d sporu oko odluke Kijeva da obustavi tranzit ruskog prirodnog plina prema Slova\u010dkoj. SEPS je za \u010de\u0161ku novinsku agenciju \u010cTK potvrdio da \u0107e po\u0161tivati ugovore koje ima s ukrajinskom tvrtkom Ukrenergo.Ukrajina se koristi strujom koju joj \u0161alje SEPS kako bi &hellip;","og_url":"https:\/\/odabrano.com\/index.php\/2025\/01\/04\/slovacka-ce-nastaviti-slati-struju-ukrajini-unatoc-sporu-oko-plina\/","og_site_name":"odabrano","article_published_time":"2025-01-04T06:00:43+00:00","article_modified_time":"2025-01-04T06:00:45+00:00","og_image":[{"width":740,"height":438,"url":"http:\/\/odabrano.com\/wp-content\/uploads\/2025\/01\/struja.webp","type":"image\/webp"}],"author":"admin","twitter_card":"summary_large_image","twitter_misc":{"Written by":"admin","Est. reading time":"1 minute"},"schema":{"@context":"https:\/\/schema.org","@graph":[{"@type":"Article","@id":"https:\/\/odabrano.com\/index.php\/2025\/01\/04\/slovacka-ce-nastaviti-slati-struju-ukrajini-unatoc-sporu-oko-plina\/#article","isPartOf":{"@id":"https:\/\/odabrano.com\/index.php\/2025\/01\/04\/slovacka-ce-nastaviti-slati-struju-ukrajini-unatoc-sporu-oko-plina\/"},"author":{"name":"admin","@id":"https:\/\/odabrano.com\/#\/schema\/person\/460f2b14657879743f23c4f6a7cd3236"},"headline":"Slova\u010dka \u0107e nastaviti slati struju Ukrajini unato\u010d sporu oko plina","datePublished":"2025-01-04T06:00:43+00:00","dateModified":"2025-01-04T06:00:45+00:00","mainEntityOfPage":{"@id":"https:\/\/odabrano.com\/index.php\/2025\/01\/04\/slovacka-ce-nastaviti-slati-struju-ukrajini-unatoc-sporu-oko-plina\/"},"wordCount":172,"publisher":{"@id":"https:\/\/odabrano.com\/#\/schema\/person\/460f2b14657879743f23c4f6a7cd3236"},"keywords":["slova\u010dka","struja","ukrajina"],"articleSection":["Svijet"],"inLanguage":"en-US"},{"@type":"WebPage","@id":"https:\/\/odabrano.com\/index.php\/2025\/01\/04\/slovacka-ce-nastaviti-slati-struju-ukrajini-unatoc-sporu-oko-plina\/","url":"https:\/\/odabrano.com\/index.php\/2025\/01\/04\/slovacka-ce-nastaviti-slati-struju-ukrajini-unatoc-sporu-oko-plina\/","name":"Slova\u010dka \u0107e nastaviti slati struju Ukrajini unato\u010d sporu oko plina - odabrano","isPartOf":{"@id":"https:\/\/odabrano.com\/#website"},"datePublished":"2025-01-04T06:00:43+00:00","dateModified":"2025-01-04T06:00:45+00:00","breadcrumb":{"@id":"https:\/\/odabrano.com\/index.php\/2025\/01\/04\/slovacka-ce-nastaviti-slati-struju-ukrajini-unatoc-sporu-oko-plina\/#breadcrumb"},"inLanguage":"en-US","potentialAction":[{"@type":"ReadAction","target":["https:\/\/odabrano.com\/index.php\/2025\/01\/04\/slovacka-ce-nastaviti-slati-struju-ukrajini-unatoc-sporu-oko-plina\/"]}]},{"@type":"BreadcrumbList","@id":"https:\/\/odabrano.com\/index.php\/2025\/01\/04\/slovacka-ce-nastaviti-slati-struju-ukrajini-unatoc-sporu-oko-plina\/#breadcrumb","itemListElement":[{"@type":"ListItem","position":1,"name":"Home","item":"https:\/\/odabrano.com\/"},{"@type":"ListItem","position":2,"name":"Slova\u010dka \u0107e nastaviti slati struju Ukrajini unato\u010d sporu oko plina"}]},{"@type":"WebSite","@id":"https:\/\/odabrano.com\/#website","url":"https:\/\/odabrano.com\/","name":"odabrano","description":"news portal koji nudi odabrane vijesti i informacije","publisher":{"@id":"https:\/\/odabrano.com\/#\/schema\/person\/460f2b14657879743f23c4f6a7cd3236"},"alternateName":"vijesti i informacije iz Hrvatske i svijeta","potentialAction":[{"@type":"SearchAction","target":{"@type":"EntryPoint","urlTemplate":"https:\/\/odabrano.com\/?s={search_term_string}"},"query-input":"required name=search_term_string"}],"inLanguage":"en-US"},{"@type":["Person","Organization"],"@id":"https:\/\/odabrano.com\/#\/schema\/person\/460f2b14657879743f23c4f6a7cd3236","name":"admin","image":{"@type":"ImageObject","inLanguage":"en-US","@id":"https:\/\/odabrano.com\/#\/schema\/person\/image\/","url":"https:\/\/odabrano.com\/wp-content\/uploads\/2024\/04\/dolar.jpg","contentUrl":"https:\/\/odabrano.com\/wp-content\/uploads\/2024\/04\/dolar.jpg","width":1216,"height":519,"caption":"admin"},"logo":{"@id":"https:\/\/odabrano.com\/#\/schema\/person\/image\/"},"sameAs":["http:\/\/odabrano.com"],"url":"https:\/\/odabrano.com\/index.php\/author\/sokolneno_u3xb387h\/"}]}},"_links":{"self":[{"href":"https:\/\/odabrano.com\/index.php\/wp-json\/wp\/v2\/posts\/5668","targetHints":{"allow":["GET"]}}],"collection":[{"href":"https:\/\/odabrano.com\/index.php\/wp-json\/wp\/v2\/posts"}],"about":[{"href":"https:\/\/odabrano.com\/index.php\/wp-json\/wp\/v2\/types\/post"}],"author":[{"embeddable":true,"href":"https:\/\/odabrano.com\/index.php\/wp-json\/wp\/v2\/users\/1"}],"replies":[{"embeddable":true,"href":"https:\/\/odabrano.com\/index.php\/wp-json\/wp\/v2\/comments?post=5668"}],"version-history":[{"count":1,"href":"https:\/\/odabrano.com\/index.php\/wp-json\/wp\/v2\/posts\/5668\/revisions"}],"predecessor-version":[{"id":5670,"href":"https:\/\/odabrano.com\/index.php\/wp-json\/wp\/v2\/posts\/5668\/revisions\/5670"}],"wp:featuredmedia":[{"embeddable":true,"href":"https:\/\/odabrano.com\/index.php\/wp-json\/wp\/v2\/media\/5669"}],"wp:attachment":[{"href":"https:\/\/odabrano.com\/index.php\/wp-json\/wp\/v2\/media?parent=5668"}],"wp:term":[{"taxonomy":"category","embeddable":true,"href":"https:\/\/odabrano.com\/index.php\/wp-json\/wp\/v2\/categories?post=5668"},{"taxonomy":"post_tag","embeddable":true,"href":"https:\/\/odabrano.com\/index.php\/wp-json\/wp\/v2\/tags?post=5668"}],"curies":[{"name":"wp","href":"https:\/\/api.w.org\/{rel}","templated":true}]}}