{"id":5655,"date":"2025-01-02T18:59:35","date_gmt":"2025-01-02T17:59:35","guid":{"rendered":"https:\/\/odabrano.com\/?p=5655"},"modified":"2025-01-02T18:59:36","modified_gmt":"2025-01-02T17:59:36","slug":"trodnevna-zalost-u-crnoj-gori-nakon-sto-je-45-godisnjak-ubio-12-ljudi-i-sebe","status":"publish","type":"post","link":"https:\/\/odabrano.com\/index.php\/2025\/01\/02\/trodnevna-zalost-u-crnoj-gori-nakon-sto-je-45-godisnjak-ubio-12-ljudi-i-sebe\/","title":{"rendered":"Trodnevna \u017ealost u Crnoj Gori nakon \u0161to je 45-godi\u0161njak ubio 12 ljudi i sebe"},"content":{"rendered":"\n<p>U Crnoj Gori po\u010dela je trodnevna \u017ealost zbog stra\u0161nog zlo\u010dina koji je sino\u0107 po\u010dinio 45-godi\u0161nji mu\u0161karac u Cetinju. On je, nakon sva\u0111e u gostionici, ubio dvanaest ljudi, me\u0111u njima dvoje djece. Nakon vi\u0161esatne potrage, policija ga je prona\u0161la i okru\u017eila. Po\u010dinitelj masakra tada je i sebi pucao u glavu.<\/p>\n\n\n\n<h4 class=\"wp-block-heading\"><strong>Dani \u017ealosti u Crnoj Gori; \u010cetvero ranjenih \u017eivotno ugro\u017eeno<\/strong><\/h4>\n\n\n\n<p>Crna Gora u \u010detvrtak je zapo\u010dela trodnevnu \u017ealost nakon \u0161to je naoru\u017eani napada\u010d otvorio vatru u cetinjskoj gostionici, ubiv\u0161i 12 ljudi uklju\u010duju\u0107i dvoje djece.<br><br>Ulice Cetinja i njegova naselja Bajica u \u010detvrtak ujutro bile su puste, a policija je de\u017eurala ispred ku\u0107e napada\u010da, javlja fotoreporter AFP-a.<br><br>&#8211; Dvanaest osoba je ubijeno, od kojih su dvoje djeca, rekla je tu\u017eiteljica Andrijana Nasti\u0107 novinarima u Cetinju, na jugu zemlje.<br><br>Predsjednik Crne Gore&nbsp;<strong>Jakov Milatovi\u0107&nbsp;<\/strong>rekao je da je &#8220;\u0161okiran i potresen ovom tragedijom koja je bacila sjenu na na\u0161e Cetinje&#8221;.<br><br>Hrvatski premijer&nbsp;<strong>Andrej Plenkovi\u0107<\/strong>&nbsp;izrazio je su\u0107ut u povodu tragi\u010dnog doga\u0111aja.<\/p>\n\n\n\n<h4 class=\"wp-block-heading\"><strong>Po\u010dinitelj masakra na Cetinju izvr\u0161io samoubojstvo, najmanje 12 mrtvih<\/strong><\/h4>\n\n\n\n<p>Osumnji\u010deni za zlo\u010din na Cetinju Aco Martinovi\u0107 izvr\u0161io je samoubojstvo nakon \u0161to je ubio najmanje 12 osoba, objavila je policija.<br><br>Martinovi\u0107a, koji je bio u bijegu, policija je locirala nedaleko od njegove ku\u0107e na Cetinju.<br><br><strong>Milutin Miki Grgur<\/strong>, novinar TV Nove, Montenegro u emisiji HTV-a<strong>&nbsp;&#8220;Studio 4&#8221;&nbsp;<\/strong>rekao je da je ubijeno 12 osoba, a 13. osoba je po\u010dinitelj.&nbsp;Podsjetio je kako je i prije dvije i pol godine na Cetinju stradalo 12 osoba, me\u0111u kojima je bio i po\u010dinitelj.<br><br>Grgur nagla\u0161ava da su svi stradali bili napada\u010devi poznanici, prijatelji i \u010dlanovi obitelji.<br><br>U emisiji HTV-a&nbsp;<strong>&#8220;Studio 4&#8221;<\/strong>&nbsp;gostovao je i<strong>&nbsp;Borislav Vi\u0161nji\u0107<\/strong>, novinar Balkan Insighta.<br><br>&#8211; Mnogo policije je bilo u Cetinju. Razgovarao sam s prijateljima, bili su u \u0161oku jer je ovo drugi put u dvije godine da se dogodio tako stravi\u010dan zlo\u010din. Imamo nekoliko slu\u010dajeva u prethodno vrijeme gdje smo vidjeli da policija svojim djelovanjem na terenu ne ulijeva povjerenje, rekao je.<\/p>\n","protected":false},"excerpt":{"rendered":"<p>U Crnoj Gori po\u010dela je trodnevna \u017ealost zbog stra\u0161nog zlo\u010dina koji je sino\u0107 po\u010dinio 45-godi\u0161nji mu\u0161karac u Cetinju. On je, nakon sva\u0111e u gostionici, ubio dvanaest ljudi, me\u0111u njima dvoje djece. Nakon vi\u0161esatne potrage, policija ga je prona\u0161la i okru\u017eila. Po\u010dinitelj masakra tada je i sebi pucao u glavu. Dani \u017ealosti u Crnoj Gori; \u010cetvero &hellip;<\/p>\n","protected":false},"author":1,"featured_media":5656,"comment_status":"closed","ping_status":"open","sticky":false,"template":"","format":"standard","meta":{"_monsterinsights_skip_tracking":false,"_monsterinsights_sitenote_active":false,"_monsterinsights_sitenote_note":"","_monsterinsights_sitenote_category":0,"footnotes":""},"categories":[6],"tags":[768,1172],"class_list":["post-5655","post","type-post","status-publish","format-standard","has-post-thumbnail","","category-istok","tag-crna-gora","tag-masovno-ubojstvo"],"yoast_head":"<!-- This site is optimized with the Yoast SEO plugin v22.1 - https:\/\/yoast.com\/wordpress\/plugins\/seo\/ -->\n<title>Trodnevna \u017ealost u Crnoj Gori nakon \u0161to je 45-godi\u0161njak ubio 12 ljudi i sebe - odabrano<\/title>\n<meta name=\"robots\" content=\"index, follow, max-snippet:-1, max-image-preview:large, max-video-preview:-1\" \/>\n<link rel=\"canonical\" href=\"https:\/\/odabrano.com\/index.php\/2025\/01\/02\/trodnevna-zalost-u-crnoj-gori-nakon-sto-je-45-godisnjak-ubio-12-ljudi-i-sebe\/\" \/>\n<meta property=\"og:locale\" content=\"en_US\" \/>\n<meta property=\"og:type\" content=\"article\" \/>\n<meta property=\"og:title\" content=\"Trodnevna \u017ealost u Crnoj Gori nakon \u0161to je 45-godi\u0161njak ubio 12 ljudi i sebe - odabrano\" \/>\n<meta property=\"og:description\" content=\"U Crnoj Gori po\u010dela je trodnevna \u017ealost zbog stra\u0161nog zlo\u010dina koji je sino\u0107 po\u010dinio 45-godi\u0161nji mu\u0161karac u Cetinju. On je, nakon sva\u0111e u gostionici, ubio dvanaest ljudi, me\u0111u njima dvoje djece. Nakon vi\u0161esatne potrage, policija ga je prona\u0161la i okru\u017eila. Po\u010dinitelj masakra tada je i sebi pucao u glavu. Dani \u017ealosti u Crnoj Gori; \u010cetvero &hellip;\" \/>\n<meta property=\"og:url\" content=\"https:\/\/odabrano.com\/index.php\/2025\/01\/02\/trodnevna-zalost-u-crnoj-gori-nakon-sto-je-45-godisnjak-ubio-12-ljudi-i-sebe\/\" \/>\n<meta property=\"og:site_name\" content=\"odabrano\" \/>\n<meta property=\"article:published_time\" content=\"2025-01-02T17:59:35+00:00\" \/>\n<meta property=\"article:modified_time\" content=\"2025-01-02T17:59:36+00:00\" \/>\n<meta property=\"og:image\" content=\"http:\/\/odabrano.com\/wp-content\/uploads\/2025\/01\/cetinje.webp\" \/>\n\t<meta property=\"og:image:width\" content=\"740\" \/>\n\t<meta property=\"og:image:height\" content=\"438\" \/>\n\t<meta property=\"og:image:type\" content=\"image\/webp\" \/>\n<meta name=\"author\" content=\"admin\" \/>\n<meta name=\"twitter:card\" content=\"summary_large_image\" \/>\n<meta name=\"twitter:label1\" content=\"Written by\" \/>\n\t<meta name=\"twitter:data1\" content=\"admin\" \/>\n\t<meta name=\"twitter:label2\" content=\"Est. reading time\" \/>\n\t<meta name=\"twitter:data2\" content=\"2 minutes\" \/>\n<script type=\"application\/ld+json\" class=\"yoast-schema-graph\">{\"@context\":\"https:\/\/schema.org\",\"@graph\":[{\"@type\":\"Article\",\"@id\":\"https:\/\/odabrano.com\/index.php\/2025\/01\/02\/trodnevna-zalost-u-crnoj-gori-nakon-sto-je-45-godisnjak-ubio-12-ljudi-i-sebe\/#article\",\"isPartOf\":{\"@id\":\"https:\/\/odabrano.com\/index.php\/2025\/01\/02\/trodnevna-zalost-u-crnoj-gori-nakon-sto-je-45-godisnjak-ubio-12-ljudi-i-sebe\/\"},\"author\":{\"name\":\"admin\",\"@id\":\"https:\/\/odabrano.com\/#\/schema\/person\/460f2b14657879743f23c4f6a7cd3236\"},\"headline\":\"Trodnevna \u017ealost u Crnoj Gori nakon \u0161to je 45-godi\u0161njak ubio 12 ljudi i sebe\",\"datePublished\":\"2025-01-02T17:59:35+00:00\",\"dateModified\":\"2025-01-02T17:59:36+00:00\",\"mainEntityOfPage\":{\"@id\":\"https:\/\/odabrano.com\/index.php\/2025\/01\/02\/trodnevna-zalost-u-crnoj-gori-nakon-sto-je-45-godisnjak-ubio-12-ljudi-i-sebe\/\"},\"wordCount\":379,\"publisher\":{\"@id\":\"https:\/\/odabrano.com\/#\/schema\/person\/460f2b14657879743f23c4f6a7cd3236\"},\"keywords\":[\"crna gora\",\"masovno ubojstvo\"],\"articleSection\":[\"Istok\"],\"inLanguage\":\"en-US\"},{\"@type\":\"WebPage\",\"@id\":\"https:\/\/odabrano.com\/index.php\/2025\/01\/02\/trodnevna-zalost-u-crnoj-gori-nakon-sto-je-45-godisnjak-ubio-12-ljudi-i-sebe\/\",\"url\":\"https:\/\/odabrano.com\/index.php\/2025\/01\/02\/trodnevna-zalost-u-crnoj-gori-nakon-sto-je-45-godisnjak-ubio-12-ljudi-i-sebe\/\",\"name\":\"Trodnevna \u017ealost u Crnoj Gori nakon \u0161to je 45-godi\u0161njak ubio 12 ljudi i sebe - odabrano\",\"isPartOf\":{\"@id\":\"https:\/\/odabrano.com\/#website\"},\"datePublished\":\"2025-01-02T17:59:35+00:00\",\"dateModified\":\"2025-01-02T17:59:36+00:00\",\"breadcrumb\":{\"@id\":\"https:\/\/odabrano.com\/index.php\/2025\/01\/02\/trodnevna-zalost-u-crnoj-gori-nakon-sto-je-45-godisnjak-ubio-12-ljudi-i-sebe\/#breadcrumb\"},\"inLanguage\":\"en-US\",\"potentialAction\":[{\"@type\":\"ReadAction\",\"target\":[\"https:\/\/odabrano.com\/index.php\/2025\/01\/02\/trodnevna-zalost-u-crnoj-gori-nakon-sto-je-45-godisnjak-ubio-12-ljudi-i-sebe\/\"]}]},{\"@type\":\"BreadcrumbList\",\"@id\":\"https:\/\/odabrano.com\/index.php\/2025\/01\/02\/trodnevna-zalost-u-crnoj-gori-nakon-sto-je-45-godisnjak-ubio-12-ljudi-i-sebe\/#breadcrumb\",\"itemListElement\":[{\"@type\":\"ListItem\",\"position\":1,\"name\":\"Home\",\"item\":\"https:\/\/odabrano.com\/\"},{\"@type\":\"ListItem\",\"position\":2,\"name\":\"Trodnevna \u017ealost u Crnoj Gori nakon \u0161to je 45-godi\u0161njak ubio 12 ljudi i sebe\"}]},{\"@type\":\"WebSite\",\"@id\":\"https:\/\/odabrano.com\/#website\",\"url\":\"https:\/\/odabrano.com\/\",\"name\":\"odabrano\",\"description\":\"news portal koji nudi odabrane vijesti i informacije\",\"publisher\":{\"@id\":\"https:\/\/odabrano.com\/#\/schema\/person\/460f2b14657879743f23c4f6a7cd3236\"},\"alternateName\":\"vijesti i informacije iz Hrvatske i svijeta\",\"potentialAction\":[{\"@type\":\"SearchAction\",\"target\":{\"@type\":\"EntryPoint\",\"urlTemplate\":\"https:\/\/odabrano.com\/?s={search_term_string}\"},\"query-input\":\"required name=search_term_string\"}],\"inLanguage\":\"en-US\"},{\"@type\":[\"Person\",\"Organization\"],\"@id\":\"https:\/\/odabrano.com\/#\/schema\/person\/460f2b14657879743f23c4f6a7cd3236\",\"name\":\"admin\",\"image\":{\"@type\":\"ImageObject\",\"inLanguage\":\"en-US\",\"@id\":\"https:\/\/odabrano.com\/#\/schema\/person\/image\/\",\"url\":\"https:\/\/odabrano.com\/wp-content\/uploads\/2024\/04\/dolar.jpg\",\"contentUrl\":\"https:\/\/odabrano.com\/wp-content\/uploads\/2024\/04\/dolar.jpg\",\"width\":1216,\"height\":519,\"caption\":\"admin\"},\"logo\":{\"@id\":\"https:\/\/odabrano.com\/#\/schema\/person\/image\/\"},\"sameAs\":[\"http:\/\/odabrano.com\"],\"url\":\"https:\/\/odabrano.com\/index.php\/author\/sokolneno_u3xb387h\/\"}]}<\/script>\n<!-- \/ Yoast SEO plugin. -->","yoast_head_json":{"title":"Trodnevna \u017ealost u Crnoj Gori nakon \u0161to je 45-godi\u0161njak ubio 12 ljudi i sebe - odabrano","robots":{"index":"index","follow":"follow","max-snippet":"max-snippet:-1","max-image-preview":"max-image-preview:large","max-video-preview":"max-video-preview:-1"},"canonical":"https:\/\/odabrano.com\/index.php\/2025\/01\/02\/trodnevna-zalost-u-crnoj-gori-nakon-sto-je-45-godisnjak-ubio-12-ljudi-i-sebe\/","og_locale":"en_US","og_type":"article","og_title":"Trodnevna \u017ealost u Crnoj Gori nakon \u0161to je 45-godi\u0161njak ubio 12 ljudi i sebe - odabrano","og_description":"U Crnoj Gori po\u010dela je trodnevna \u017ealost zbog stra\u0161nog zlo\u010dina koji je sino\u0107 po\u010dinio 45-godi\u0161nji mu\u0161karac u Cetinju. On je, nakon sva\u0111e u gostionici, ubio dvanaest ljudi, me\u0111u njima dvoje djece. Nakon vi\u0161esatne potrage, policija ga je prona\u0161la i okru\u017eila. Po\u010dinitelj masakra tada je i sebi pucao u glavu. Dani \u017ealosti u Crnoj Gori; \u010cetvero &hellip;","og_url":"https:\/\/odabrano.com\/index.php\/2025\/01\/02\/trodnevna-zalost-u-crnoj-gori-nakon-sto-je-45-godisnjak-ubio-12-ljudi-i-sebe\/","og_site_name":"odabrano","article_published_time":"2025-01-02T17:59:35+00:00","article_modified_time":"2025-01-02T17:59:36+00:00","og_image":[{"width":740,"height":438,"url":"http:\/\/odabrano.com\/wp-content\/uploads\/2025\/01\/cetinje.webp","type":"image\/webp"}],"author":"admin","twitter_card":"summary_large_image","twitter_misc":{"Written by":"admin","Est. reading time":"2 minutes"},"schema":{"@context":"https:\/\/schema.org","@graph":[{"@type":"Article","@id":"https:\/\/odabrano.com\/index.php\/2025\/01\/02\/trodnevna-zalost-u-crnoj-gori-nakon-sto-je-45-godisnjak-ubio-12-ljudi-i-sebe\/#article","isPartOf":{"@id":"https:\/\/odabrano.com\/index.php\/2025\/01\/02\/trodnevna-zalost-u-crnoj-gori-nakon-sto-je-45-godisnjak-ubio-12-ljudi-i-sebe\/"},"author":{"name":"admin","@id":"https:\/\/odabrano.com\/#\/schema\/person\/460f2b14657879743f23c4f6a7cd3236"},"headline":"Trodnevna \u017ealost u Crnoj Gori nakon \u0161to je 45-godi\u0161njak ubio 12 ljudi i sebe","datePublished":"2025-01-02T17:59:35+00:00","dateModified":"2025-01-02T17:59:36+00:00","mainEntityOfPage":{"@id":"https:\/\/odabrano.com\/index.php\/2025\/01\/02\/trodnevna-zalost-u-crnoj-gori-nakon-sto-je-45-godisnjak-ubio-12-ljudi-i-sebe\/"},"wordCount":379,"publisher":{"@id":"https:\/\/odabrano.com\/#\/schema\/person\/460f2b14657879743f23c4f6a7cd3236"},"keywords":["crna gora","masovno ubojstvo"],"articleSection":["Istok"],"inLanguage":"en-US"},{"@type":"WebPage","@id":"https:\/\/odabrano.com\/index.php\/2025\/01\/02\/trodnevna-zalost-u-crnoj-gori-nakon-sto-je-45-godisnjak-ubio-12-ljudi-i-sebe\/","url":"https:\/\/odabrano.com\/index.php\/2025\/01\/02\/trodnevna-zalost-u-crnoj-gori-nakon-sto-je-45-godisnjak-ubio-12-ljudi-i-sebe\/","name":"Trodnevna \u017ealost u Crnoj Gori nakon \u0161to je 45-godi\u0161njak ubio 12 ljudi i sebe - odabrano","isPartOf":{"@id":"https:\/\/odabrano.com\/#website"},"datePublished":"2025-01-02T17:59:35+00:00","dateModified":"2025-01-02T17:59:36+00:00","breadcrumb":{"@id":"https:\/\/odabrano.com\/index.php\/2025\/01\/02\/trodnevna-zalost-u-crnoj-gori-nakon-sto-je-45-godisnjak-ubio-12-ljudi-i-sebe\/#breadcrumb"},"inLanguage":"en-US","potentialAction":[{"@type":"ReadAction","target":["https:\/\/odabrano.com\/index.php\/2025\/01\/02\/trodnevna-zalost-u-crnoj-gori-nakon-sto-je-45-godisnjak-ubio-12-ljudi-i-sebe\/"]}]},{"@type":"BreadcrumbList","@id":"https:\/\/odabrano.com\/index.php\/2025\/01\/02\/trodnevna-zalost-u-crnoj-gori-nakon-sto-je-45-godisnjak-ubio-12-ljudi-i-sebe\/#breadcrumb","itemListElement":[{"@type":"ListItem","position":1,"name":"Home","item":"https:\/\/odabrano.com\/"},{"@type":"ListItem","position":2,"name":"Trodnevna \u017ealost u Crnoj Gori nakon \u0161to je 45-godi\u0161njak ubio 12 ljudi i sebe"}]},{"@type":"WebSite","@id":"https:\/\/odabrano.com\/#website","url":"https:\/\/odabrano.com\/","name":"odabrano","description":"news portal koji nudi odabrane vijesti i informacije","publisher":{"@id":"https:\/\/odabrano.com\/#\/schema\/person\/460f2b14657879743f23c4f6a7cd3236"},"alternateName":"vijesti i informacije iz Hrvatske i svijeta","potentialAction":[{"@type":"SearchAction","target":{"@type":"EntryPoint","urlTemplate":"https:\/\/odabrano.com\/?s={search_term_string}"},"query-input":"required name=search_term_string"}],"inLanguage":"en-US"},{"@type":["Person","Organization"],"@id":"https:\/\/odabrano.com\/#\/schema\/person\/460f2b14657879743f23c4f6a7cd3236","name":"admin","image":{"@type":"ImageObject","inLanguage":"en-US","@id":"https:\/\/odabrano.com\/#\/schema\/person\/image\/","url":"https:\/\/odabrano.com\/wp-content\/uploads\/2024\/04\/dolar.jpg","contentUrl":"https:\/\/odabrano.com\/wp-content\/uploads\/2024\/04\/dolar.jpg","width":1216,"height":519,"caption":"admin"},"logo":{"@id":"https:\/\/odabrano.com\/#\/schema\/person\/image\/"},"sameAs":["http:\/\/odabrano.com"],"url":"https:\/\/odabrano.com\/index.php\/author\/sokolneno_u3xb387h\/"}]}},"_links":{"self":[{"href":"https:\/\/odabrano.com\/index.php\/wp-json\/wp\/v2\/posts\/5655","targetHints":{"allow":["GET"]}}],"collection":[{"href":"https:\/\/odabrano.com\/index.php\/wp-json\/wp\/v2\/posts"}],"about":[{"href":"https:\/\/odabrano.com\/index.php\/wp-json\/wp\/v2\/types\/post"}],"author":[{"embeddable":true,"href":"https:\/\/odabrano.com\/index.php\/wp-json\/wp\/v2\/users\/1"}],"replies":[{"embeddable":true,"href":"https:\/\/odabrano.com\/index.php\/wp-json\/wp\/v2\/comments?post=5655"}],"version-history":[{"count":1,"href":"https:\/\/odabrano.com\/index.php\/wp-json\/wp\/v2\/posts\/5655\/revisions"}],"predecessor-version":[{"id":5657,"href":"https:\/\/odabrano.com\/index.php\/wp-json\/wp\/v2\/posts\/5655\/revisions\/5657"}],"wp:featuredmedia":[{"embeddable":true,"href":"https:\/\/odabrano.com\/index.php\/wp-json\/wp\/v2\/media\/5656"}],"wp:attachment":[{"href":"https:\/\/odabrano.com\/index.php\/wp-json\/wp\/v2\/media?parent=5655"}],"wp:term":[{"taxonomy":"category","embeddable":true,"href":"https:\/\/odabrano.com\/index.php\/wp-json\/wp\/v2\/categories?post=5655"},{"taxonomy":"post_tag","embeddable":true,"href":"https:\/\/odabrano.com\/index.php\/wp-json\/wp\/v2\/tags?post=5655"}],"curies":[{"name":"wp","href":"https:\/\/api.w.org\/{rel}","templated":true}]}}