{"id":5649,"date":"2024-12-30T06:56:55","date_gmt":"2024-12-30T05:56:55","guid":{"rendered":"https:\/\/odabrano.com\/?p=5649"},"modified":"2024-12-30T06:56:55","modified_gmt":"2024-12-30T05:56:55","slug":"milanovic-i-primorac-u-drugom-krugu","status":"publish","type":"post","link":"https:\/\/odabrano.com\/index.php\/2024\/12\/30\/milanovic-i-primorac-u-drugom-krugu\/","title":{"rendered":"Milanovi\u0107 i Primorac u drugom krugu"},"content":{"rendered":"\n<p>Nakon 99,88% obra\u0111enih bira\u010dkih mjesta, aktualni predsjednik i kandidat SDP-a i partnera&nbsp;<strong>Zoran Milanovi\u0107<\/strong>&nbsp;u prvom krugu osvojio je 49,1% glasova. U drugom krugu su\u010delit \u0107e se s predsjedni\u010dkim kandidatom HDZ-a i partnera&nbsp;<strong>Draganom Primorcem,<\/strong>&nbsp;za kojeg je glasalo 19,35% bira\u010da.<\/p>\n\n\n\n<p>Tre\u0107a je nezavisna kandidatkinja<strong>&nbsp;Marija Selak Raspudi\u0107<\/strong>&nbsp;s 9,25%, a \u010detvrta kandidatkinja Mo\u017eemo!&nbsp;<strong>Ivana Kekin<\/strong>&nbsp;s 8,88%. Nezavisni kandidat&nbsp;<strong>Tomislav Jonji\u0107&nbsp;<\/strong>osvojio je 5,08%. Mostov<strong>&nbsp;Miro Bulj<\/strong>&nbsp;3,82%, a za kandidatkinju Domina&nbsp;<strong>Branku Lozo<\/strong>&nbsp;glasovalo je 2,41%. Nezavisni kandidat&nbsp;<strong>Niko Toki\u0107 Kartelo<\/strong>&nbsp;dobio je 0,88%.<br><br>Na izbore je iza\u0161lo 46,02% bira\u010da.<br><br>Drugi krug predsjedni\u010dkih izbora odr\u017eat \u0107e se 12. sije\u010dnja.<\/p>\n","protected":false},"excerpt":{"rendered":"<p>Nakon 99,88% obra\u0111enih bira\u010dkih mjesta, aktualni predsjednik i kandidat SDP-a i partnera&nbsp;Zoran Milanovi\u0107&nbsp;u prvom krugu osvojio je 49,1% glasova. U drugom krugu su\u010delit \u0107e se s predsjedni\u010dkim kandidatom HDZ-a i partnera&nbsp;Draganom Primorcem,&nbsp;za kojeg je glasalo 19,35% bira\u010da. Tre\u0107a je nezavisna kandidatkinja&nbsp;Marija Selak Raspudi\u0107&nbsp;s 9,25%, a \u010detvrta kandidatkinja Mo\u017eemo!&nbsp;Ivana Kekin&nbsp;s 8,88%. Nezavisni kandidat&nbsp;Tomislav Jonji\u0107&nbsp;osvojio je 5,08%. &hellip;<\/p>\n","protected":false},"author":1,"featured_media":5650,"comment_status":"closed","ping_status":"open","sticky":false,"template":"","format":"standard","meta":{"_monsterinsights_skip_tracking":false,"_monsterinsights_sitenote_active":false,"_monsterinsights_sitenote_note":"","_monsterinsights_sitenote_category":0,"footnotes":""},"categories":[25],"tags":[88,109,375,407],"class_list":["post-5649","post","type-post","status-publish","format-standard","has-post-thumbnail","","category-hrvatska","tag-izbori","tag-milanovic","tag-predsjednik","tag-rezultati"],"yoast_head":"<!-- This site is optimized with the Yoast SEO plugin v22.1 - https:\/\/yoast.com\/wordpress\/plugins\/seo\/ -->\n<title>Milanovi\u0107 i Primorac u drugom krugu - odabrano<\/title>\n<meta name=\"robots\" content=\"index, follow, max-snippet:-1, max-image-preview:large, max-video-preview:-1\" \/>\n<link rel=\"canonical\" href=\"https:\/\/odabrano.com\/index.php\/2024\/12\/30\/milanovic-i-primorac-u-drugom-krugu\/\" \/>\n<meta property=\"og:locale\" content=\"en_US\" \/>\n<meta property=\"og:type\" content=\"article\" \/>\n<meta property=\"og:title\" content=\"Milanovi\u0107 i Primorac u drugom krugu - odabrano\" \/>\n<meta property=\"og:description\" content=\"Nakon 99,88% obra\u0111enih bira\u010dkih mjesta, aktualni predsjednik i kandidat SDP-a i partnera&nbsp;Zoran Milanovi\u0107&nbsp;u prvom krugu osvojio je 49,1% glasova. U drugom krugu su\u010delit \u0107e se s predsjedni\u010dkim kandidatom HDZ-a i partnera&nbsp;Draganom Primorcem,&nbsp;za kojeg je glasalo 19,35% bira\u010da. Tre\u0107a je nezavisna kandidatkinja&nbsp;Marija Selak Raspudi\u0107&nbsp;s 9,25%, a \u010detvrta kandidatkinja Mo\u017eemo!&nbsp;Ivana Kekin&nbsp;s 8,88%. Nezavisni kandidat&nbsp;Tomislav Jonji\u0107&nbsp;osvojio je 5,08%. &hellip;\" \/>\n<meta property=\"og:url\" content=\"https:\/\/odabrano.com\/index.php\/2024\/12\/30\/milanovic-i-primorac-u-drugom-krugu\/\" \/>\n<meta property=\"og:site_name\" content=\"odabrano\" \/>\n<meta property=\"article:published_time\" content=\"2024-12-30T05:56:55+00:00\" \/>\n<meta property=\"og:image\" content=\"http:\/\/odabrano.com\/wp-content\/uploads\/2024\/12\/milanovic22.jpg\" \/>\n\t<meta property=\"og:image:width\" content=\"1280\" \/>\n\t<meta property=\"og:image:height\" content=\"670\" \/>\n\t<meta property=\"og:image:type\" content=\"image\/jpeg\" \/>\n<meta name=\"author\" content=\"admin\" \/>\n<meta name=\"twitter:card\" content=\"summary_large_image\" \/>\n<meta name=\"twitter:label1\" content=\"Written by\" \/>\n\t<meta name=\"twitter:data1\" content=\"admin\" \/>\n\t<meta name=\"twitter:label2\" content=\"Est. reading time\" \/>\n\t<meta name=\"twitter:data2\" content=\"1 minute\" \/>\n<script type=\"application\/ld+json\" class=\"yoast-schema-graph\">{\"@context\":\"https:\/\/schema.org\",\"@graph\":[{\"@type\":\"Article\",\"@id\":\"https:\/\/odabrano.com\/index.php\/2024\/12\/30\/milanovic-i-primorac-u-drugom-krugu\/#article\",\"isPartOf\":{\"@id\":\"https:\/\/odabrano.com\/index.php\/2024\/12\/30\/milanovic-i-primorac-u-drugom-krugu\/\"},\"author\":{\"name\":\"admin\",\"@id\":\"https:\/\/odabrano.com\/#\/schema\/person\/460f2b14657879743f23c4f6a7cd3236\"},\"headline\":\"Milanovi\u0107 i Primorac u drugom krugu\",\"datePublished\":\"2024-12-30T05:56:55+00:00\",\"dateModified\":\"2024-12-30T05:56:55+00:00\",\"mainEntityOfPage\":{\"@id\":\"https:\/\/odabrano.com\/index.php\/2024\/12\/30\/milanovic-i-primorac-u-drugom-krugu\/\"},\"wordCount\":124,\"publisher\":{\"@id\":\"https:\/\/odabrano.com\/#\/schema\/person\/460f2b14657879743f23c4f6a7cd3236\"},\"keywords\":[\"izbori\",\"milanovi\u0107\",\"predsjednik\",\"rezultati\"],\"articleSection\":[\"Hrvatska\"],\"inLanguage\":\"en-US\"},{\"@type\":\"WebPage\",\"@id\":\"https:\/\/odabrano.com\/index.php\/2024\/12\/30\/milanovic-i-primorac-u-drugom-krugu\/\",\"url\":\"https:\/\/odabrano.com\/index.php\/2024\/12\/30\/milanovic-i-primorac-u-drugom-krugu\/\",\"name\":\"Milanovi\u0107 i Primorac u drugom krugu - odabrano\",\"isPartOf\":{\"@id\":\"https:\/\/odabrano.com\/#website\"},\"datePublished\":\"2024-12-30T05:56:55+00:00\",\"dateModified\":\"2024-12-30T05:56:55+00:00\",\"breadcrumb\":{\"@id\":\"https:\/\/odabrano.com\/index.php\/2024\/12\/30\/milanovic-i-primorac-u-drugom-krugu\/#breadcrumb\"},\"inLanguage\":\"en-US\",\"potentialAction\":[{\"@type\":\"ReadAction\",\"target\":[\"https:\/\/odabrano.com\/index.php\/2024\/12\/30\/milanovic-i-primorac-u-drugom-krugu\/\"]}]},{\"@type\":\"BreadcrumbList\",\"@id\":\"https:\/\/odabrano.com\/index.php\/2024\/12\/30\/milanovic-i-primorac-u-drugom-krugu\/#breadcrumb\",\"itemListElement\":[{\"@type\":\"ListItem\",\"position\":1,\"name\":\"Home\",\"item\":\"https:\/\/odabrano.com\/\"},{\"@type\":\"ListItem\",\"position\":2,\"name\":\"Milanovi\u0107 i Primorac u drugom krugu\"}]},{\"@type\":\"WebSite\",\"@id\":\"https:\/\/odabrano.com\/#website\",\"url\":\"https:\/\/odabrano.com\/\",\"name\":\"odabrano\",\"description\":\"news portal koji nudi odabrane vijesti i informacije\",\"publisher\":{\"@id\":\"https:\/\/odabrano.com\/#\/schema\/person\/460f2b14657879743f23c4f6a7cd3236\"},\"alternateName\":\"vijesti i informacije iz Hrvatske i svijeta\",\"potentialAction\":[{\"@type\":\"SearchAction\",\"target\":{\"@type\":\"EntryPoint\",\"urlTemplate\":\"https:\/\/odabrano.com\/?s={search_term_string}\"},\"query-input\":\"required name=search_term_string\"}],\"inLanguage\":\"en-US\"},{\"@type\":[\"Person\",\"Organization\"],\"@id\":\"https:\/\/odabrano.com\/#\/schema\/person\/460f2b14657879743f23c4f6a7cd3236\",\"name\":\"admin\",\"image\":{\"@type\":\"ImageObject\",\"inLanguage\":\"en-US\",\"@id\":\"https:\/\/odabrano.com\/#\/schema\/person\/image\/\",\"url\":\"https:\/\/odabrano.com\/wp-content\/uploads\/2024\/04\/dolar.jpg\",\"contentUrl\":\"https:\/\/odabrano.com\/wp-content\/uploads\/2024\/04\/dolar.jpg\",\"width\":1216,\"height\":519,\"caption\":\"admin\"},\"logo\":{\"@id\":\"https:\/\/odabrano.com\/#\/schema\/person\/image\/\"},\"sameAs\":[\"http:\/\/odabrano.com\"],\"url\":\"https:\/\/odabrano.com\/index.php\/author\/sokolneno_u3xb387h\/\"}]}<\/script>\n<!-- \/ Yoast SEO plugin. -->","yoast_head_json":{"title":"Milanovi\u0107 i Primorac u drugom krugu - odabrano","robots":{"index":"index","follow":"follow","max-snippet":"max-snippet:-1","max-image-preview":"max-image-preview:large","max-video-preview":"max-video-preview:-1"},"canonical":"https:\/\/odabrano.com\/index.php\/2024\/12\/30\/milanovic-i-primorac-u-drugom-krugu\/","og_locale":"en_US","og_type":"article","og_title":"Milanovi\u0107 i Primorac u drugom krugu - odabrano","og_description":"Nakon 99,88% obra\u0111enih bira\u010dkih mjesta, aktualni predsjednik i kandidat SDP-a i partnera&nbsp;Zoran Milanovi\u0107&nbsp;u prvom krugu osvojio je 49,1% glasova. U drugom krugu su\u010delit \u0107e se s predsjedni\u010dkim kandidatom HDZ-a i partnera&nbsp;Draganom Primorcem,&nbsp;za kojeg je glasalo 19,35% bira\u010da. Tre\u0107a je nezavisna kandidatkinja&nbsp;Marija Selak Raspudi\u0107&nbsp;s 9,25%, a \u010detvrta kandidatkinja Mo\u017eemo!&nbsp;Ivana Kekin&nbsp;s 8,88%. Nezavisni kandidat&nbsp;Tomislav Jonji\u0107&nbsp;osvojio je 5,08%. &hellip;","og_url":"https:\/\/odabrano.com\/index.php\/2024\/12\/30\/milanovic-i-primorac-u-drugom-krugu\/","og_site_name":"odabrano","article_published_time":"2024-12-30T05:56:55+00:00","og_image":[{"width":1280,"height":670,"url":"http:\/\/odabrano.com\/wp-content\/uploads\/2024\/12\/milanovic22.jpg","type":"image\/jpeg"}],"author":"admin","twitter_card":"summary_large_image","twitter_misc":{"Written by":"admin","Est. reading time":"1 minute"},"schema":{"@context":"https:\/\/schema.org","@graph":[{"@type":"Article","@id":"https:\/\/odabrano.com\/index.php\/2024\/12\/30\/milanovic-i-primorac-u-drugom-krugu\/#article","isPartOf":{"@id":"https:\/\/odabrano.com\/index.php\/2024\/12\/30\/milanovic-i-primorac-u-drugom-krugu\/"},"author":{"name":"admin","@id":"https:\/\/odabrano.com\/#\/schema\/person\/460f2b14657879743f23c4f6a7cd3236"},"headline":"Milanovi\u0107 i Primorac u drugom krugu","datePublished":"2024-12-30T05:56:55+00:00","dateModified":"2024-12-30T05:56:55+00:00","mainEntityOfPage":{"@id":"https:\/\/odabrano.com\/index.php\/2024\/12\/30\/milanovic-i-primorac-u-drugom-krugu\/"},"wordCount":124,"publisher":{"@id":"https:\/\/odabrano.com\/#\/schema\/person\/460f2b14657879743f23c4f6a7cd3236"},"keywords":["izbori","milanovi\u0107","predsjednik","rezultati"],"articleSection":["Hrvatska"],"inLanguage":"en-US"},{"@type":"WebPage","@id":"https:\/\/odabrano.com\/index.php\/2024\/12\/30\/milanovic-i-primorac-u-drugom-krugu\/","url":"https:\/\/odabrano.com\/index.php\/2024\/12\/30\/milanovic-i-primorac-u-drugom-krugu\/","name":"Milanovi\u0107 i Primorac u drugom krugu - odabrano","isPartOf":{"@id":"https:\/\/odabrano.com\/#website"},"datePublished":"2024-12-30T05:56:55+00:00","dateModified":"2024-12-30T05:56:55+00:00","breadcrumb":{"@id":"https:\/\/odabrano.com\/index.php\/2024\/12\/30\/milanovic-i-primorac-u-drugom-krugu\/#breadcrumb"},"inLanguage":"en-US","potentialAction":[{"@type":"ReadAction","target":["https:\/\/odabrano.com\/index.php\/2024\/12\/30\/milanovic-i-primorac-u-drugom-krugu\/"]}]},{"@type":"BreadcrumbList","@id":"https:\/\/odabrano.com\/index.php\/2024\/12\/30\/milanovic-i-primorac-u-drugom-krugu\/#breadcrumb","itemListElement":[{"@type":"ListItem","position":1,"name":"Home","item":"https:\/\/odabrano.com\/"},{"@type":"ListItem","position":2,"name":"Milanovi\u0107 i Primorac u drugom krugu"}]},{"@type":"WebSite","@id":"https:\/\/odabrano.com\/#website","url":"https:\/\/odabrano.com\/","name":"odabrano","description":"news portal koji nudi odabrane vijesti i informacije","publisher":{"@id":"https:\/\/odabrano.com\/#\/schema\/person\/460f2b14657879743f23c4f6a7cd3236"},"alternateName":"vijesti i informacije iz Hrvatske i svijeta","potentialAction":[{"@type":"SearchAction","target":{"@type":"EntryPoint","urlTemplate":"https:\/\/odabrano.com\/?s={search_term_string}"},"query-input":"required name=search_term_string"}],"inLanguage":"en-US"},{"@type":["Person","Organization"],"@id":"https:\/\/odabrano.com\/#\/schema\/person\/460f2b14657879743f23c4f6a7cd3236","name":"admin","image":{"@type":"ImageObject","inLanguage":"en-US","@id":"https:\/\/odabrano.com\/#\/schema\/person\/image\/","url":"https:\/\/odabrano.com\/wp-content\/uploads\/2024\/04\/dolar.jpg","contentUrl":"https:\/\/odabrano.com\/wp-content\/uploads\/2024\/04\/dolar.jpg","width":1216,"height":519,"caption":"admin"},"logo":{"@id":"https:\/\/odabrano.com\/#\/schema\/person\/image\/"},"sameAs":["http:\/\/odabrano.com"],"url":"https:\/\/odabrano.com\/index.php\/author\/sokolneno_u3xb387h\/"}]}},"_links":{"self":[{"href":"https:\/\/odabrano.com\/index.php\/wp-json\/wp\/v2\/posts\/5649","targetHints":{"allow":["GET"]}}],"collection":[{"href":"https:\/\/odabrano.com\/index.php\/wp-json\/wp\/v2\/posts"}],"about":[{"href":"https:\/\/odabrano.com\/index.php\/wp-json\/wp\/v2\/types\/post"}],"author":[{"embeddable":true,"href":"https:\/\/odabrano.com\/index.php\/wp-json\/wp\/v2\/users\/1"}],"replies":[{"embeddable":true,"href":"https:\/\/odabrano.com\/index.php\/wp-json\/wp\/v2\/comments?post=5649"}],"version-history":[{"count":1,"href":"https:\/\/odabrano.com\/index.php\/wp-json\/wp\/v2\/posts\/5649\/revisions"}],"predecessor-version":[{"id":5651,"href":"https:\/\/odabrano.com\/index.php\/wp-json\/wp\/v2\/posts\/5649\/revisions\/5651"}],"wp:featuredmedia":[{"embeddable":true,"href":"https:\/\/odabrano.com\/index.php\/wp-json\/wp\/v2\/media\/5650"}],"wp:attachment":[{"href":"https:\/\/odabrano.com\/index.php\/wp-json\/wp\/v2\/media?parent=5649"}],"wp:term":[{"taxonomy":"category","embeddable":true,"href":"https:\/\/odabrano.com\/index.php\/wp-json\/wp\/v2\/categories?post=5649"},{"taxonomy":"post_tag","embeddable":true,"href":"https:\/\/odabrano.com\/index.php\/wp-json\/wp\/v2\/tags?post=5649"}],"curies":[{"name":"wp","href":"https:\/\/api.w.org\/{rel}","templated":true}]}}