{"id":5612,"date":"2024-12-16T13:37:46","date_gmt":"2024-12-16T12:37:46","guid":{"rendered":"https:\/\/odabrano.com\/?p=5612"},"modified":"2024-12-16T13:37:47","modified_gmt":"2024-12-16T12:37:47","slug":"bih-uhiceni-granicni-policajci-i-carinici-osumnjiceni-za-korupciju","status":"publish","type":"post","link":"https:\/\/odabrano.com\/index.php\/2024\/12\/16\/bih-uhiceni-granicni-policajci-i-carinici-osumnjiceni-za-korupciju\/","title":{"rendered":"BiH: Uhi\u0107eni grani\u010dni policajci i carinici osumnji\u010deni za korupciju"},"content":{"rendered":"\n<p><strong>Deset osoba, me\u0111u kojima su policajci i carinici, uhi\u0107eno je u Bosni i Hercegovini pod sumnjom da su umije\u0161ani u korupciju i krijum\u010darenje robe, potvrdili su tijekom dana iz Grani\u010dne policije BiH.<\/strong><\/p>\n\n\n\n<p>Prema nalogu Suda BiH, pripadnici Grani\u010dne policije te Dr\u017eavne agencije za istrage i za\u0161titu (SIPA) proveli su racije na podru\u010dju Kaknja, Zenice, Tesli\u0107a, Prijedora, Novog Grada, Gradi\u0161ke, Srpca, Prnjavora, Kostajnice i Kozarske Dubice.<br><br>U akciji pod kodnim nazivom &#8220;Snimka&#8221; uhi\u0107ena su trojica grani\u010dnih policajaca te trojica slu\u017ebenika Uprave za neizravno oporezivanje (UNO) kako se u BiH naziva carinska slu\u017eba. Oni su osumnji\u010deni za primanje dara i drugih oblika koristi.<br><br>Privedene su jo\u0161 \u010detiri osobe koje su pod istragom zbog sumnje da su podmi\u0107ivale grani\u010dne policajce i carinike.<br><br>&#8220;Grani\u010dna policija BiH je odlu\u010dna suprotstaviti svim oblicima neprofesionalnog i nezakonitog postupanja policijskih slu\u017ebenika i sankcionirati ih sukladno zakonu te je opredijeljena za daljnju suradnju s partnerskom SIPA-om i drugim agencijama za provedbu zakona na suzbijanju svih kaznenih djela&#8221;, stoji u priop\u0107enju Grani\u010dne policije.<\/p>\n","protected":false},"excerpt":{"rendered":"<p>Deset osoba, me\u0111u kojima su policajci i carinici, uhi\u0107eno je u Bosni i Hercegovini pod sumnjom da su umije\u0161ani u korupciju i krijum\u010darenje robe, potvrdili su tijekom dana iz Grani\u010dne policije BiH. Prema nalogu Suda BiH, pripadnici Grani\u010dne policije te Dr\u017eavne agencije za istrage i za\u0161titu (SIPA) proveli su racije na podru\u010dju Kaknja, Zenice, Tesli\u0107a, &hellip;<\/p>\n","protected":false},"author":1,"featured_media":5613,"comment_status":"closed","ping_status":"open","sticky":false,"template":"","format":"standard","meta":{"_monsterinsights_skip_tracking":false,"_monsterinsights_sitenote_active":false,"_monsterinsights_sitenote_note":"","_monsterinsights_sitenote_category":0,"footnotes":""},"categories":[6],"tags":[169,1159,1158,806],"class_list":["post-5612","post","type-post","status-publish","format-standard","has-post-thumbnail","","category-istok","tag-bosna","tag-carinici","tag-korupcija","tag-policajci"],"yoast_head":"<!-- This site is optimized with the Yoast SEO plugin v22.1 - https:\/\/yoast.com\/wordpress\/plugins\/seo\/ -->\n<title>BiH: Uhi\u0107eni grani\u010dni policajci i carinici osumnji\u010deni za korupciju - odabrano<\/title>\n<meta name=\"robots\" content=\"index, follow, max-snippet:-1, max-image-preview:large, max-video-preview:-1\" \/>\n<link rel=\"canonical\" href=\"https:\/\/odabrano.com\/index.php\/2024\/12\/16\/bih-uhiceni-granicni-policajci-i-carinici-osumnjiceni-za-korupciju\/\" \/>\n<meta property=\"og:locale\" content=\"en_US\" \/>\n<meta property=\"og:type\" content=\"article\" \/>\n<meta property=\"og:title\" content=\"BiH: Uhi\u0107eni grani\u010dni policajci i carinici osumnji\u010deni za korupciju - odabrano\" \/>\n<meta property=\"og:description\" content=\"Deset osoba, me\u0111u kojima su policajci i carinici, uhi\u0107eno je u Bosni i Hercegovini pod sumnjom da su umije\u0161ani u korupciju i krijum\u010darenje robe, potvrdili su tijekom dana iz Grani\u010dne policije BiH. Prema nalogu Suda BiH, pripadnici Grani\u010dne policije te Dr\u017eavne agencije za istrage i za\u0161titu (SIPA) proveli su racije na podru\u010dju Kaknja, Zenice, Tesli\u0107a, &hellip;\" \/>\n<meta property=\"og:url\" content=\"https:\/\/odabrano.com\/index.php\/2024\/12\/16\/bih-uhiceni-granicni-policajci-i-carinici-osumnjiceni-za-korupciju\/\" \/>\n<meta property=\"og:site_name\" content=\"odabrano\" \/>\n<meta property=\"article:published_time\" content=\"2024-12-16T12:37:46+00:00\" \/>\n<meta property=\"article:modified_time\" content=\"2024-12-16T12:37:47+00:00\" \/>\n<meta property=\"og:image\" content=\"http:\/\/odabrano.com\/wp-content\/uploads\/2024\/12\/bosna.webp\" \/>\n\t<meta property=\"og:image:width\" content=\"740\" \/>\n\t<meta property=\"og:image:height\" content=\"438\" \/>\n\t<meta property=\"og:image:type\" content=\"image\/webp\" \/>\n<meta name=\"author\" content=\"admin\" \/>\n<meta name=\"twitter:card\" content=\"summary_large_image\" \/>\n<meta name=\"twitter:label1\" content=\"Written by\" \/>\n\t<meta name=\"twitter:data1\" content=\"admin\" \/>\n\t<meta name=\"twitter:label2\" content=\"Est. reading time\" \/>\n\t<meta name=\"twitter:data2\" content=\"1 minute\" \/>\n<script type=\"application\/ld+json\" class=\"yoast-schema-graph\">{\"@context\":\"https:\/\/schema.org\",\"@graph\":[{\"@type\":\"Article\",\"@id\":\"https:\/\/odabrano.com\/index.php\/2024\/12\/16\/bih-uhiceni-granicni-policajci-i-carinici-osumnjiceni-za-korupciju\/#article\",\"isPartOf\":{\"@id\":\"https:\/\/odabrano.com\/index.php\/2024\/12\/16\/bih-uhiceni-granicni-policajci-i-carinici-osumnjiceni-za-korupciju\/\"},\"author\":{\"name\":\"admin\",\"@id\":\"https:\/\/odabrano.com\/#\/schema\/person\/460f2b14657879743f23c4f6a7cd3236\"},\"headline\":\"BiH: Uhi\u0107eni grani\u010dni policajci i carinici osumnji\u010deni za korupciju\",\"datePublished\":\"2024-12-16T12:37:46+00:00\",\"dateModified\":\"2024-12-16T12:37:47+00:00\",\"mainEntityOfPage\":{\"@id\":\"https:\/\/odabrano.com\/index.php\/2024\/12\/16\/bih-uhiceni-granicni-policajci-i-carinici-osumnjiceni-za-korupciju\/\"},\"wordCount\":198,\"publisher\":{\"@id\":\"https:\/\/odabrano.com\/#\/schema\/person\/460f2b14657879743f23c4f6a7cd3236\"},\"keywords\":[\"bosna\",\"carinici\",\"korupcija\",\"policajci\"],\"articleSection\":[\"Istok\"],\"inLanguage\":\"en-US\"},{\"@type\":\"WebPage\",\"@id\":\"https:\/\/odabrano.com\/index.php\/2024\/12\/16\/bih-uhiceni-granicni-policajci-i-carinici-osumnjiceni-za-korupciju\/\",\"url\":\"https:\/\/odabrano.com\/index.php\/2024\/12\/16\/bih-uhiceni-granicni-policajci-i-carinici-osumnjiceni-za-korupciju\/\",\"name\":\"BiH: Uhi\u0107eni grani\u010dni policajci i carinici osumnji\u010deni za korupciju - odabrano\",\"isPartOf\":{\"@id\":\"https:\/\/odabrano.com\/#website\"},\"datePublished\":\"2024-12-16T12:37:46+00:00\",\"dateModified\":\"2024-12-16T12:37:47+00:00\",\"breadcrumb\":{\"@id\":\"https:\/\/odabrano.com\/index.php\/2024\/12\/16\/bih-uhiceni-granicni-policajci-i-carinici-osumnjiceni-za-korupciju\/#breadcrumb\"},\"inLanguage\":\"en-US\",\"potentialAction\":[{\"@type\":\"ReadAction\",\"target\":[\"https:\/\/odabrano.com\/index.php\/2024\/12\/16\/bih-uhiceni-granicni-policajci-i-carinici-osumnjiceni-za-korupciju\/\"]}]},{\"@type\":\"BreadcrumbList\",\"@id\":\"https:\/\/odabrano.com\/index.php\/2024\/12\/16\/bih-uhiceni-granicni-policajci-i-carinici-osumnjiceni-za-korupciju\/#breadcrumb\",\"itemListElement\":[{\"@type\":\"ListItem\",\"position\":1,\"name\":\"Home\",\"item\":\"https:\/\/odabrano.com\/\"},{\"@type\":\"ListItem\",\"position\":2,\"name\":\"BiH: Uhi\u0107eni grani\u010dni policajci i carinici osumnji\u010deni za korupciju\"}]},{\"@type\":\"WebSite\",\"@id\":\"https:\/\/odabrano.com\/#website\",\"url\":\"https:\/\/odabrano.com\/\",\"name\":\"odabrano\",\"description\":\"news portal koji nudi odabrane vijesti i informacije\",\"publisher\":{\"@id\":\"https:\/\/odabrano.com\/#\/schema\/person\/460f2b14657879743f23c4f6a7cd3236\"},\"alternateName\":\"vijesti i informacije iz Hrvatske i svijeta\",\"potentialAction\":[{\"@type\":\"SearchAction\",\"target\":{\"@type\":\"EntryPoint\",\"urlTemplate\":\"https:\/\/odabrano.com\/?s={search_term_string}\"},\"query-input\":\"required name=search_term_string\"}],\"inLanguage\":\"en-US\"},{\"@type\":[\"Person\",\"Organization\"],\"@id\":\"https:\/\/odabrano.com\/#\/schema\/person\/460f2b14657879743f23c4f6a7cd3236\",\"name\":\"admin\",\"image\":{\"@type\":\"ImageObject\",\"inLanguage\":\"en-US\",\"@id\":\"https:\/\/odabrano.com\/#\/schema\/person\/image\/\",\"url\":\"https:\/\/odabrano.com\/wp-content\/uploads\/2024\/04\/dolar.jpg\",\"contentUrl\":\"https:\/\/odabrano.com\/wp-content\/uploads\/2024\/04\/dolar.jpg\",\"width\":1216,\"height\":519,\"caption\":\"admin\"},\"logo\":{\"@id\":\"https:\/\/odabrano.com\/#\/schema\/person\/image\/\"},\"sameAs\":[\"http:\/\/odabrano.com\"],\"url\":\"https:\/\/odabrano.com\/index.php\/author\/sokolneno_u3xb387h\/\"}]}<\/script>\n<!-- \/ Yoast SEO plugin. -->","yoast_head_json":{"title":"BiH: Uhi\u0107eni grani\u010dni policajci i carinici osumnji\u010deni za korupciju - odabrano","robots":{"index":"index","follow":"follow","max-snippet":"max-snippet:-1","max-image-preview":"max-image-preview:large","max-video-preview":"max-video-preview:-1"},"canonical":"https:\/\/odabrano.com\/index.php\/2024\/12\/16\/bih-uhiceni-granicni-policajci-i-carinici-osumnjiceni-za-korupciju\/","og_locale":"en_US","og_type":"article","og_title":"BiH: Uhi\u0107eni grani\u010dni policajci i carinici osumnji\u010deni za korupciju - odabrano","og_description":"Deset osoba, me\u0111u kojima su policajci i carinici, uhi\u0107eno je u Bosni i Hercegovini pod sumnjom da su umije\u0161ani u korupciju i krijum\u010darenje robe, potvrdili su tijekom dana iz Grani\u010dne policije BiH. Prema nalogu Suda BiH, pripadnici Grani\u010dne policije te Dr\u017eavne agencije za istrage i za\u0161titu (SIPA) proveli su racije na podru\u010dju Kaknja, Zenice, Tesli\u0107a, &hellip;","og_url":"https:\/\/odabrano.com\/index.php\/2024\/12\/16\/bih-uhiceni-granicni-policajci-i-carinici-osumnjiceni-za-korupciju\/","og_site_name":"odabrano","article_published_time":"2024-12-16T12:37:46+00:00","article_modified_time":"2024-12-16T12:37:47+00:00","og_image":[{"width":740,"height":438,"url":"http:\/\/odabrano.com\/wp-content\/uploads\/2024\/12\/bosna.webp","type":"image\/webp"}],"author":"admin","twitter_card":"summary_large_image","twitter_misc":{"Written by":"admin","Est. reading time":"1 minute"},"schema":{"@context":"https:\/\/schema.org","@graph":[{"@type":"Article","@id":"https:\/\/odabrano.com\/index.php\/2024\/12\/16\/bih-uhiceni-granicni-policajci-i-carinici-osumnjiceni-za-korupciju\/#article","isPartOf":{"@id":"https:\/\/odabrano.com\/index.php\/2024\/12\/16\/bih-uhiceni-granicni-policajci-i-carinici-osumnjiceni-za-korupciju\/"},"author":{"name":"admin","@id":"https:\/\/odabrano.com\/#\/schema\/person\/460f2b14657879743f23c4f6a7cd3236"},"headline":"BiH: Uhi\u0107eni grani\u010dni policajci i carinici osumnji\u010deni za korupciju","datePublished":"2024-12-16T12:37:46+00:00","dateModified":"2024-12-16T12:37:47+00:00","mainEntityOfPage":{"@id":"https:\/\/odabrano.com\/index.php\/2024\/12\/16\/bih-uhiceni-granicni-policajci-i-carinici-osumnjiceni-za-korupciju\/"},"wordCount":198,"publisher":{"@id":"https:\/\/odabrano.com\/#\/schema\/person\/460f2b14657879743f23c4f6a7cd3236"},"keywords":["bosna","carinici","korupcija","policajci"],"articleSection":["Istok"],"inLanguage":"en-US"},{"@type":"WebPage","@id":"https:\/\/odabrano.com\/index.php\/2024\/12\/16\/bih-uhiceni-granicni-policajci-i-carinici-osumnjiceni-za-korupciju\/","url":"https:\/\/odabrano.com\/index.php\/2024\/12\/16\/bih-uhiceni-granicni-policajci-i-carinici-osumnjiceni-za-korupciju\/","name":"BiH: Uhi\u0107eni grani\u010dni policajci i carinici osumnji\u010deni za korupciju - odabrano","isPartOf":{"@id":"https:\/\/odabrano.com\/#website"},"datePublished":"2024-12-16T12:37:46+00:00","dateModified":"2024-12-16T12:37:47+00:00","breadcrumb":{"@id":"https:\/\/odabrano.com\/index.php\/2024\/12\/16\/bih-uhiceni-granicni-policajci-i-carinici-osumnjiceni-za-korupciju\/#breadcrumb"},"inLanguage":"en-US","potentialAction":[{"@type":"ReadAction","target":["https:\/\/odabrano.com\/index.php\/2024\/12\/16\/bih-uhiceni-granicni-policajci-i-carinici-osumnjiceni-za-korupciju\/"]}]},{"@type":"BreadcrumbList","@id":"https:\/\/odabrano.com\/index.php\/2024\/12\/16\/bih-uhiceni-granicni-policajci-i-carinici-osumnjiceni-za-korupciju\/#breadcrumb","itemListElement":[{"@type":"ListItem","position":1,"name":"Home","item":"https:\/\/odabrano.com\/"},{"@type":"ListItem","position":2,"name":"BiH: Uhi\u0107eni grani\u010dni policajci i carinici osumnji\u010deni za korupciju"}]},{"@type":"WebSite","@id":"https:\/\/odabrano.com\/#website","url":"https:\/\/odabrano.com\/","name":"odabrano","description":"news portal koji nudi odabrane vijesti i informacije","publisher":{"@id":"https:\/\/odabrano.com\/#\/schema\/person\/460f2b14657879743f23c4f6a7cd3236"},"alternateName":"vijesti i informacije iz Hrvatske i svijeta","potentialAction":[{"@type":"SearchAction","target":{"@type":"EntryPoint","urlTemplate":"https:\/\/odabrano.com\/?s={search_term_string}"},"query-input":"required name=search_term_string"}],"inLanguage":"en-US"},{"@type":["Person","Organization"],"@id":"https:\/\/odabrano.com\/#\/schema\/person\/460f2b14657879743f23c4f6a7cd3236","name":"admin","image":{"@type":"ImageObject","inLanguage":"en-US","@id":"https:\/\/odabrano.com\/#\/schema\/person\/image\/","url":"https:\/\/odabrano.com\/wp-content\/uploads\/2024\/04\/dolar.jpg","contentUrl":"https:\/\/odabrano.com\/wp-content\/uploads\/2024\/04\/dolar.jpg","width":1216,"height":519,"caption":"admin"},"logo":{"@id":"https:\/\/odabrano.com\/#\/schema\/person\/image\/"},"sameAs":["http:\/\/odabrano.com"],"url":"https:\/\/odabrano.com\/index.php\/author\/sokolneno_u3xb387h\/"}]}},"_links":{"self":[{"href":"https:\/\/odabrano.com\/index.php\/wp-json\/wp\/v2\/posts\/5612","targetHints":{"allow":["GET"]}}],"collection":[{"href":"https:\/\/odabrano.com\/index.php\/wp-json\/wp\/v2\/posts"}],"about":[{"href":"https:\/\/odabrano.com\/index.php\/wp-json\/wp\/v2\/types\/post"}],"author":[{"embeddable":true,"href":"https:\/\/odabrano.com\/index.php\/wp-json\/wp\/v2\/users\/1"}],"replies":[{"embeddable":true,"href":"https:\/\/odabrano.com\/index.php\/wp-json\/wp\/v2\/comments?post=5612"}],"version-history":[{"count":1,"href":"https:\/\/odabrano.com\/index.php\/wp-json\/wp\/v2\/posts\/5612\/revisions"}],"predecessor-version":[{"id":5614,"href":"https:\/\/odabrano.com\/index.php\/wp-json\/wp\/v2\/posts\/5612\/revisions\/5614"}],"wp:featuredmedia":[{"embeddable":true,"href":"https:\/\/odabrano.com\/index.php\/wp-json\/wp\/v2\/media\/5613"}],"wp:attachment":[{"href":"https:\/\/odabrano.com\/index.php\/wp-json\/wp\/v2\/media?parent=5612"}],"wp:term":[{"taxonomy":"category","embeddable":true,"href":"https:\/\/odabrano.com\/index.php\/wp-json\/wp\/v2\/categories?post=5612"},{"taxonomy":"post_tag","embeddable":true,"href":"https:\/\/odabrano.com\/index.php\/wp-json\/wp\/v2\/tags?post=5612"}],"curies":[{"name":"wp","href":"https:\/\/api.w.org\/{rel}","templated":true}]}}