{"id":5598,"date":"2024-12-13T20:27:41","date_gmt":"2024-12-13T19:27:41","guid":{"rendered":"https:\/\/odabrano.com\/?p=5598"},"modified":"2024-12-13T20:47:08","modified_gmt":"2024-12-13T19:47:08","slug":"najveci-studentski-prosvjedi-od-milosevica-vucic-pokazuje-strah","status":"publish","type":"post","link":"https:\/\/odabrano.com\/index.php\/2024\/12\/13\/najveci-studentski-prosvjedi-od-milosevica-vucic-pokazuje-strah\/","title":{"rendered":"Najve\u0107i studentski prosvjedi od Milo\u0161evi\u0107a, Vu\u010di\u0107 pokazuje strah"},"content":{"rendered":"\n<p><strong>U Srbiji se odr\u017eavaju najve\u0107i studentski prosvjedi od vremena Slobodana Milo\u0161evi\u0107a, a Aleksandar Vu\u010di\u0107 mo\u017eda prvi put pokazuje znakove straha, kazao je u Studiju 4 HTV-a Ratko Femi\u0107, urednik portala Nova.rs.<\/strong><\/p>\n\n\n\n<p>Prosvjedi studenata u Beogradu nastavljeni su i sino\u0107 ispred RTS-a, prosvjednici tra\u017ee da se objave svi dokumenti vezano uz rekonstrukciju nadstre\u0161nice u Novom Sadu, u \u010dijem je uru\u0161avanju, podsjetimo &#8211; poginulo 15 osoba. Studentska okupljanja na ulicama i trgovima Beograda prerasla su u otvoreni bunt protiv predsjednika Vu\u010di\u0107a i njegove politike.<\/p>\n\n\n<p><iframe loading=\"lazy\" width=\"560\" height=\"315\" src=\"https:\/\/www.youtube.com\/embed\/kOKXsKNhgOQ?si=wAZOpsyqxGxg_Hn7\" title=\"YouTube video player\" frameborder=\"0\" allow=\"accelerometer; autoplay; clipboard-write; encrypted-media; gyroscope; picture-in-picture; web-share\" referrerpolicy=\"strict-origin-when-cross-origin\" allowfullscreen><\/iframe><\/p>\n\n\n<p><\/p>\n\n\n\n<p>&#8211; Sada\u0161nji prosvjedi u Srbiji druk\u010diji su u odnosu na one ranije. Ranije je te\u0161ko bilo motivirati mlade, koji nisu tada vidjeli svoj interes. Sad su se organizirali i ovo su najve\u0107i studentski prosvjedi od vremena Slobodana Milo\u0161evi\u0107a, kazao je u Studiju 4 HTV-a Ratko Femi\u0107, urednik portala Nova.rs.<br><br><strong>Ratko Femi\u0107<\/strong>&nbsp;je kazao da su politi\u010dari u drugom planu, a oporba prosvjeduje odvojeno od studenata. Studenti su sami inzistirali da se njihovi prosvjedi ne politiziraju i da na njima nema predstavnika opozicijskih stranaka.<br><\/p>\n\n\n\n<h4 class=\"wp-block-heading\"><strong>Koliko je Vu\u010di\u0107 uvjerljiv?<\/strong><\/h4>\n\n\n\n<p>&#8211; Vu\u010di\u0107evo obra\u0107anje naciji izgledalo je kao da je on sam napustio svoju konferenciju za novinare. Znamo da njegova kra\u0107a obra\u0107anja od 20 i ne\u0161to minuta. A u izravnom prijenosu na televiziji \u010dula se buka koju su studenti radili &#8211; tako da je Vu\u010di\u0107 skratio obra\u0107anje, kazao je Femi\u0107.<\/p>\n\n\n\n<p>Dodao je kako je Vu\u010di\u0107 djelomi\u010dno ispunio zahtjeve studenata i pokazao spremnost da &#8216;spusti loptu&#8217; i &#8220;mo\u017eda prvi put pokazao neki oblik straha od predsjednika Srbije&#8221;.<\/p>\n\n\n\n<h4 class=\"wp-block-heading\"><strong>Optu\u017ebe o pla\u0107eni\u0161tvu<\/strong><\/h4>\n\n\n\n<p>Komentiraju\u0107i Vu\u010di\u0107evu izjavu da su studenti pla\u0107enici Femi\u0107 je kazao kako &#8220;takav narativ nije od ju\u010der&#8221; te da se stranim pla\u0107enicima naziva i oporbene zastupnike.<\/p>\n\n\n\n<p>&#8211; Mi smo devedesetih imali narativ da su oni koji kritiziraju vlast i koji protiv nje prosvjeduju &#8211; od stranih slu\u017ebi primili novce. To nije ni\u0161ta iznena\u0111uju\u0107e, ali to je isprovociralo studente, kazao je.<\/p>\n\n\n\n<p>Dodao je da Vu\u010di\u0107 zaista nije ispunio sve zahtjeve studenata o procesuiranju svih koji su umije\u0161ani u pad nadstre\u0161nice i da se kazne one koji su tukli studente na ulicama.<\/p>\n\n\n\n<p>Vjeruje da je na ulicama Beograda bilo 10 tisu\u0107a prosvjednika jer se studentima pridru\u017euju i gra\u0111ani. Na prosvjede su pozvale i odvjetni\u010dka komora i udruge poljoprivrednika.<\/p>\n\n\n\n<h4 class=\"wp-block-heading\"><strong>&#8216;Gruda prosvjeda se zakotrljala i raste sve vi\u0161e&#8217;<\/strong><\/h4>\n\n\n\n<p>&#8211; Gruda prosvjeda se zakotrljala i raste sve vi\u0161e i vi\u0161e. Prosvjedi ne\u0107e stati i danas \u0107e biti jo\u0161 masovniji. Vidjet \u0107emo kakvim \u0107e pritiskom rezultirati, zaklju\u010dio je.<\/p>\n\n\n\n<p>Dodao je kako&nbsp;<strong>Aleksandar Vu\u010di\u0107<\/strong>&nbsp;\u010desto govori o podr\u0161ci Rusije i Zapada koju u\u017eiva, ali nije siguran koliko taj narativ u ovom slu\u010daju mo\u017ee pomo\u0107i.<\/p>\n\n\n\n<p>&#8211; Kad proklju\u010da negdje u zemlji &#8211; ne poma\u017ee puno me\u0111unarodna podr\u0161ka. \u010cak smatra da se to ne mo\u017ee ni nazvati podr\u0161kom. &#8220;Ne vjerujem da bi oni dali ruku u vatru za Vu\u010di\u0107a, ako ga narod ne\u0107e&#8221;, ustvrdio je.&nbsp;<\/p>\n","protected":false},"excerpt":{"rendered":"<p>U Srbiji se odr\u017eavaju najve\u0107i studentski prosvjedi od vremena Slobodana Milo\u0161evi\u0107a, a Aleksandar Vu\u010di\u0107 mo\u017eda prvi put pokazuje znakove straha, kazao je u Studiju 4 HTV-a Ratko Femi\u0107, urednik portala Nova.rs. Prosvjedi studenata u Beogradu nastavljeni su i sino\u0107 ispred RTS-a, prosvjednici tra\u017ee da se objave svi dokumenti vezano uz rekonstrukciju nadstre\u0161nice u Novom Sadu, &hellip;<\/p>\n","protected":false},"author":1,"featured_media":5599,"comment_status":"closed","ping_status":"open","sticky":false,"template":"","format":"standard","meta":{"_monsterinsights_skip_tracking":false,"_monsterinsights_sitenote_active":false,"_monsterinsights_sitenote_note":"","_monsterinsights_sitenote_category":0,"footnotes":""},"categories":[6],"tags":[33,483,178],"class_list":["post-5598","post","type-post","status-publish","format-standard","has-post-thumbnail","","category-istok","tag-srbija","tag-studenti","tag-vucic"],"yoast_head":"<!-- This site is optimized with the Yoast SEO plugin v22.1 - https:\/\/yoast.com\/wordpress\/plugins\/seo\/ -->\n<title>Najve\u0107i studentski prosvjedi od Milo\u0161evi\u0107a, Vu\u010di\u0107 pokazuje strah - odabrano<\/title>\n<meta name=\"robots\" content=\"index, follow, max-snippet:-1, max-image-preview:large, max-video-preview:-1\" \/>\n<link rel=\"canonical\" href=\"https:\/\/odabrano.com\/index.php\/2024\/12\/13\/najveci-studentski-prosvjedi-od-milosevica-vucic-pokazuje-strah\/\" \/>\n<meta property=\"og:locale\" content=\"en_US\" \/>\n<meta property=\"og:type\" content=\"article\" \/>\n<meta property=\"og:title\" content=\"Najve\u0107i studentski prosvjedi od Milo\u0161evi\u0107a, Vu\u010di\u0107 pokazuje strah - odabrano\" \/>\n<meta property=\"og:description\" content=\"U Srbiji se odr\u017eavaju najve\u0107i studentski prosvjedi od vremena Slobodana Milo\u0161evi\u0107a, a Aleksandar Vu\u010di\u0107 mo\u017eda prvi put pokazuje znakove straha, kazao je u Studiju 4 HTV-a Ratko Femi\u0107, urednik portala Nova.rs. Prosvjedi studenata u Beogradu nastavljeni su i sino\u0107 ispred RTS-a, prosvjednici tra\u017ee da se objave svi dokumenti vezano uz rekonstrukciju nadstre\u0161nice u Novom Sadu, &hellip;\" \/>\n<meta property=\"og:url\" content=\"https:\/\/odabrano.com\/index.php\/2024\/12\/13\/najveci-studentski-prosvjedi-od-milosevica-vucic-pokazuje-strah\/\" \/>\n<meta property=\"og:site_name\" content=\"odabrano\" \/>\n<meta property=\"article:published_time\" content=\"2024-12-13T19:27:41+00:00\" \/>\n<meta property=\"article:modified_time\" content=\"2024-12-13T19:47:08+00:00\" \/>\n<meta property=\"og:image\" content=\"http:\/\/odabrano.com\/wp-content\/uploads\/2024\/12\/studenti.jpg\" \/>\n\t<meta property=\"og:image:width\" content=\"750\" \/>\n\t<meta property=\"og:image:height\" content=\"422\" \/>\n\t<meta property=\"og:image:type\" content=\"image\/jpeg\" \/>\n<meta name=\"author\" content=\"admin\" \/>\n<meta name=\"twitter:card\" content=\"summary_large_image\" \/>\n<meta name=\"twitter:label1\" content=\"Written by\" \/>\n\t<meta name=\"twitter:data1\" content=\"admin\" \/>\n\t<meta name=\"twitter:label2\" content=\"Est. reading time\" \/>\n\t<meta name=\"twitter:data2\" content=\"3 minutes\" \/>\n<script type=\"application\/ld+json\" class=\"yoast-schema-graph\">{\"@context\":\"https:\/\/schema.org\",\"@graph\":[{\"@type\":\"Article\",\"@id\":\"https:\/\/odabrano.com\/index.php\/2024\/12\/13\/najveci-studentski-prosvjedi-od-milosevica-vucic-pokazuje-strah\/#article\",\"isPartOf\":{\"@id\":\"https:\/\/odabrano.com\/index.php\/2024\/12\/13\/najveci-studentski-prosvjedi-od-milosevica-vucic-pokazuje-strah\/\"},\"author\":{\"name\":\"admin\",\"@id\":\"https:\/\/odabrano.com\/#\/schema\/person\/460f2b14657879743f23c4f6a7cd3236\"},\"headline\":\"Najve\u0107i studentski prosvjedi od Milo\u0161evi\u0107a, Vu\u010di\u0107 pokazuje strah\",\"datePublished\":\"2024-12-13T19:27:41+00:00\",\"dateModified\":\"2024-12-13T19:47:08+00:00\",\"mainEntityOfPage\":{\"@id\":\"https:\/\/odabrano.com\/index.php\/2024\/12\/13\/najveci-studentski-prosvjedi-od-milosevica-vucic-pokazuje-strah\/\"},\"wordCount\":545,\"publisher\":{\"@id\":\"https:\/\/odabrano.com\/#\/schema\/person\/460f2b14657879743f23c4f6a7cd3236\"},\"keywords\":[\"srbija\",\"studenti\",\"vu\u010di\u0107\"],\"articleSection\":[\"Istok\"],\"inLanguage\":\"en-US\"},{\"@type\":\"WebPage\",\"@id\":\"https:\/\/odabrano.com\/index.php\/2024\/12\/13\/najveci-studentski-prosvjedi-od-milosevica-vucic-pokazuje-strah\/\",\"url\":\"https:\/\/odabrano.com\/index.php\/2024\/12\/13\/najveci-studentski-prosvjedi-od-milosevica-vucic-pokazuje-strah\/\",\"name\":\"Najve\u0107i studentski prosvjedi od Milo\u0161evi\u0107a, Vu\u010di\u0107 pokazuje strah - odabrano\",\"isPartOf\":{\"@id\":\"https:\/\/odabrano.com\/#website\"},\"datePublished\":\"2024-12-13T19:27:41+00:00\",\"dateModified\":\"2024-12-13T19:47:08+00:00\",\"breadcrumb\":{\"@id\":\"https:\/\/odabrano.com\/index.php\/2024\/12\/13\/najveci-studentski-prosvjedi-od-milosevica-vucic-pokazuje-strah\/#breadcrumb\"},\"inLanguage\":\"en-US\",\"potentialAction\":[{\"@type\":\"ReadAction\",\"target\":[\"https:\/\/odabrano.com\/index.php\/2024\/12\/13\/najveci-studentski-prosvjedi-od-milosevica-vucic-pokazuje-strah\/\"]}]},{\"@type\":\"BreadcrumbList\",\"@id\":\"https:\/\/odabrano.com\/index.php\/2024\/12\/13\/najveci-studentski-prosvjedi-od-milosevica-vucic-pokazuje-strah\/#breadcrumb\",\"itemListElement\":[{\"@type\":\"ListItem\",\"position\":1,\"name\":\"Home\",\"item\":\"https:\/\/odabrano.com\/\"},{\"@type\":\"ListItem\",\"position\":2,\"name\":\"Najve\u0107i studentski prosvjedi od Milo\u0161evi\u0107a, Vu\u010di\u0107 pokazuje strah\"}]},{\"@type\":\"WebSite\",\"@id\":\"https:\/\/odabrano.com\/#website\",\"url\":\"https:\/\/odabrano.com\/\",\"name\":\"odabrano\",\"description\":\"news portal koji nudi odabrane vijesti i informacije\",\"publisher\":{\"@id\":\"https:\/\/odabrano.com\/#\/schema\/person\/460f2b14657879743f23c4f6a7cd3236\"},\"alternateName\":\"vijesti i informacije iz Hrvatske i svijeta\",\"potentialAction\":[{\"@type\":\"SearchAction\",\"target\":{\"@type\":\"EntryPoint\",\"urlTemplate\":\"https:\/\/odabrano.com\/?s={search_term_string}\"},\"query-input\":\"required name=search_term_string\"}],\"inLanguage\":\"en-US\"},{\"@type\":[\"Person\",\"Organization\"],\"@id\":\"https:\/\/odabrano.com\/#\/schema\/person\/460f2b14657879743f23c4f6a7cd3236\",\"name\":\"admin\",\"image\":{\"@type\":\"ImageObject\",\"inLanguage\":\"en-US\",\"@id\":\"https:\/\/odabrano.com\/#\/schema\/person\/image\/\",\"url\":\"https:\/\/odabrano.com\/wp-content\/uploads\/2024\/04\/dolar.jpg\",\"contentUrl\":\"https:\/\/odabrano.com\/wp-content\/uploads\/2024\/04\/dolar.jpg\",\"width\":1216,\"height\":519,\"caption\":\"admin\"},\"logo\":{\"@id\":\"https:\/\/odabrano.com\/#\/schema\/person\/image\/\"},\"sameAs\":[\"http:\/\/odabrano.com\"],\"url\":\"https:\/\/odabrano.com\/index.php\/author\/sokolneno_u3xb387h\/\"}]}<\/script>\n<!-- \/ Yoast SEO plugin. -->","yoast_head_json":{"title":"Najve\u0107i studentski prosvjedi od Milo\u0161evi\u0107a, Vu\u010di\u0107 pokazuje strah - odabrano","robots":{"index":"index","follow":"follow","max-snippet":"max-snippet:-1","max-image-preview":"max-image-preview:large","max-video-preview":"max-video-preview:-1"},"canonical":"https:\/\/odabrano.com\/index.php\/2024\/12\/13\/najveci-studentski-prosvjedi-od-milosevica-vucic-pokazuje-strah\/","og_locale":"en_US","og_type":"article","og_title":"Najve\u0107i studentski prosvjedi od Milo\u0161evi\u0107a, Vu\u010di\u0107 pokazuje strah - odabrano","og_description":"U Srbiji se odr\u017eavaju najve\u0107i studentski prosvjedi od vremena Slobodana Milo\u0161evi\u0107a, a Aleksandar Vu\u010di\u0107 mo\u017eda prvi put pokazuje znakove straha, kazao je u Studiju 4 HTV-a Ratko Femi\u0107, urednik portala Nova.rs. Prosvjedi studenata u Beogradu nastavljeni su i sino\u0107 ispred RTS-a, prosvjednici tra\u017ee da se objave svi dokumenti vezano uz rekonstrukciju nadstre\u0161nice u Novom Sadu, &hellip;","og_url":"https:\/\/odabrano.com\/index.php\/2024\/12\/13\/najveci-studentski-prosvjedi-od-milosevica-vucic-pokazuje-strah\/","og_site_name":"odabrano","article_published_time":"2024-12-13T19:27:41+00:00","article_modified_time":"2024-12-13T19:47:08+00:00","og_image":[{"width":750,"height":422,"url":"http:\/\/odabrano.com\/wp-content\/uploads\/2024\/12\/studenti.jpg","type":"image\/jpeg"}],"author":"admin","twitter_card":"summary_large_image","twitter_misc":{"Written by":"admin","Est. reading time":"3 minutes"},"schema":{"@context":"https:\/\/schema.org","@graph":[{"@type":"Article","@id":"https:\/\/odabrano.com\/index.php\/2024\/12\/13\/najveci-studentski-prosvjedi-od-milosevica-vucic-pokazuje-strah\/#article","isPartOf":{"@id":"https:\/\/odabrano.com\/index.php\/2024\/12\/13\/najveci-studentski-prosvjedi-od-milosevica-vucic-pokazuje-strah\/"},"author":{"name":"admin","@id":"https:\/\/odabrano.com\/#\/schema\/person\/460f2b14657879743f23c4f6a7cd3236"},"headline":"Najve\u0107i studentski prosvjedi od Milo\u0161evi\u0107a, Vu\u010di\u0107 pokazuje strah","datePublished":"2024-12-13T19:27:41+00:00","dateModified":"2024-12-13T19:47:08+00:00","mainEntityOfPage":{"@id":"https:\/\/odabrano.com\/index.php\/2024\/12\/13\/najveci-studentski-prosvjedi-od-milosevica-vucic-pokazuje-strah\/"},"wordCount":545,"publisher":{"@id":"https:\/\/odabrano.com\/#\/schema\/person\/460f2b14657879743f23c4f6a7cd3236"},"keywords":["srbija","studenti","vu\u010di\u0107"],"articleSection":["Istok"],"inLanguage":"en-US"},{"@type":"WebPage","@id":"https:\/\/odabrano.com\/index.php\/2024\/12\/13\/najveci-studentski-prosvjedi-od-milosevica-vucic-pokazuje-strah\/","url":"https:\/\/odabrano.com\/index.php\/2024\/12\/13\/najveci-studentski-prosvjedi-od-milosevica-vucic-pokazuje-strah\/","name":"Najve\u0107i studentski prosvjedi od Milo\u0161evi\u0107a, Vu\u010di\u0107 pokazuje strah - odabrano","isPartOf":{"@id":"https:\/\/odabrano.com\/#website"},"datePublished":"2024-12-13T19:27:41+00:00","dateModified":"2024-12-13T19:47:08+00:00","breadcrumb":{"@id":"https:\/\/odabrano.com\/index.php\/2024\/12\/13\/najveci-studentski-prosvjedi-od-milosevica-vucic-pokazuje-strah\/#breadcrumb"},"inLanguage":"en-US","potentialAction":[{"@type":"ReadAction","target":["https:\/\/odabrano.com\/index.php\/2024\/12\/13\/najveci-studentski-prosvjedi-od-milosevica-vucic-pokazuje-strah\/"]}]},{"@type":"BreadcrumbList","@id":"https:\/\/odabrano.com\/index.php\/2024\/12\/13\/najveci-studentski-prosvjedi-od-milosevica-vucic-pokazuje-strah\/#breadcrumb","itemListElement":[{"@type":"ListItem","position":1,"name":"Home","item":"https:\/\/odabrano.com\/"},{"@type":"ListItem","position":2,"name":"Najve\u0107i studentski prosvjedi od Milo\u0161evi\u0107a, Vu\u010di\u0107 pokazuje strah"}]},{"@type":"WebSite","@id":"https:\/\/odabrano.com\/#website","url":"https:\/\/odabrano.com\/","name":"odabrano","description":"news portal koji nudi odabrane vijesti i informacije","publisher":{"@id":"https:\/\/odabrano.com\/#\/schema\/person\/460f2b14657879743f23c4f6a7cd3236"},"alternateName":"vijesti i informacije iz Hrvatske i svijeta","potentialAction":[{"@type":"SearchAction","target":{"@type":"EntryPoint","urlTemplate":"https:\/\/odabrano.com\/?s={search_term_string}"},"query-input":"required name=search_term_string"}],"inLanguage":"en-US"},{"@type":["Person","Organization"],"@id":"https:\/\/odabrano.com\/#\/schema\/person\/460f2b14657879743f23c4f6a7cd3236","name":"admin","image":{"@type":"ImageObject","inLanguage":"en-US","@id":"https:\/\/odabrano.com\/#\/schema\/person\/image\/","url":"https:\/\/odabrano.com\/wp-content\/uploads\/2024\/04\/dolar.jpg","contentUrl":"https:\/\/odabrano.com\/wp-content\/uploads\/2024\/04\/dolar.jpg","width":1216,"height":519,"caption":"admin"},"logo":{"@id":"https:\/\/odabrano.com\/#\/schema\/person\/image\/"},"sameAs":["http:\/\/odabrano.com"],"url":"https:\/\/odabrano.com\/index.php\/author\/sokolneno_u3xb387h\/"}]}},"_links":{"self":[{"href":"https:\/\/odabrano.com\/index.php\/wp-json\/wp\/v2\/posts\/5598","targetHints":{"allow":["GET"]}}],"collection":[{"href":"https:\/\/odabrano.com\/index.php\/wp-json\/wp\/v2\/posts"}],"about":[{"href":"https:\/\/odabrano.com\/index.php\/wp-json\/wp\/v2\/types\/post"}],"author":[{"embeddable":true,"href":"https:\/\/odabrano.com\/index.php\/wp-json\/wp\/v2\/users\/1"}],"replies":[{"embeddable":true,"href":"https:\/\/odabrano.com\/index.php\/wp-json\/wp\/v2\/comments?post=5598"}],"version-history":[{"count":3,"href":"https:\/\/odabrano.com\/index.php\/wp-json\/wp\/v2\/posts\/5598\/revisions"}],"predecessor-version":[{"id":5602,"href":"https:\/\/odabrano.com\/index.php\/wp-json\/wp\/v2\/posts\/5598\/revisions\/5602"}],"wp:featuredmedia":[{"embeddable":true,"href":"https:\/\/odabrano.com\/index.php\/wp-json\/wp\/v2\/media\/5599"}],"wp:attachment":[{"href":"https:\/\/odabrano.com\/index.php\/wp-json\/wp\/v2\/media?parent=5598"}],"wp:term":[{"taxonomy":"category","embeddable":true,"href":"https:\/\/odabrano.com\/index.php\/wp-json\/wp\/v2\/categories?post=5598"},{"taxonomy":"post_tag","embeddable":true,"href":"https:\/\/odabrano.com\/index.php\/wp-json\/wp\/v2\/tags?post=5598"}],"curies":[{"name":"wp","href":"https:\/\/api.w.org\/{rel}","templated":true}]}}