{"id":5583,"date":"2024-12-09T15:09:53","date_gmt":"2024-12-09T14:09:53","guid":{"rendered":"https:\/\/odabrano.com\/?p=5583"},"modified":"2024-12-09T15:09:53","modified_gmt":"2024-12-09T14:09:53","slug":"u-njemackoj-rasprava-o-povratku-izbjeglica-u-siriju-omogucimo-im-to-cim-prije","status":"publish","type":"post","link":"https:\/\/odabrano.com\/index.php\/2024\/12\/09\/u-njemackoj-rasprava-o-povratku-izbjeglica-u-siriju-omogucimo-im-to-cim-prije\/","title":{"rendered":"U Njema\u010dkoj rasprava o povratku izbjeglica u Siriju: \u201cOmogu\u0107imo im to \u010dim prije\u201d"},"content":{"rendered":"\n<p><strong>U Njema\u010dkoj trenutno \u017eivi oko milijun izbjeglica iz Sirije, a najve\u0107i broj njih je u zemlju stigao u jeku izbjegli\u010dke krize 2015. i 2016<\/strong><\/p>\n\n\n\n<p>Nakon pada re\u017eima sirijskog \u010delnika Ba\u0161ara al Asada u Njema\u010dkoj se u ponedjeljak razvila rasprava o \u0161to br\u017eem povratku u Siriju izbjeglica koje \u017eive u Njema\u010dkoj i mogu\u0107nostima da se to \u010dim prije realizira.<\/p>\n\n\n\n<p>\u201eKao prvi korak bi mogli ponuditi svakom izbjeglici 1.000 eura i organizirati \u010darter-letove za Siriju\u201c, rekao je biv\u0161i ministar zdravstva Jens Spahn (Kr\u0161\u0107ansko-demokratska unija CDU).<\/p>\n\n\n\n<p>On je naveo kako bi drugi korak bio organiziranje me\u0111unarodne konferencije o povratku i obnovi Sirije, u kojoj bi sudjelovale zemlje koje su primile najvi\u0161e izbjeglica iz Sirije poput Turske, Jordana, Njema\u010dke i Austrije.<\/p>\n\n\n\n<p>S te konferencije bi, kako se najavljuje, trebalo \u201eodaslati signale\u201c Sirijcima da pomognu u obnovi zemlje.<\/p>\n\n\n\n<p>\u201eNakon ponude povratka na dobrovoljnoj osnovi, njema\u010dka vlada bi trebala i jasno izraziti o\u010dekivanja da \u0107e mladi mu\u0161karci pomo\u0107i u obnovi svoje zemlje. Kada se stanje stabilizira, izbjeglice \u0107e se morati vratiti u Siriju\u201c, rekao je politi\u010dar CDU-a.<\/p>\n\n\n\n<p>Povratak izbjeglica i zaustavljanje prihvata novih<\/p>\n\n\n\n<p>I njegov strana\u010dki kolega i vanjskopoliti\u010dki glasnogovornik zastupni\u010dkog kluba demokr\u0161\u0107anske Unije CDU\/CSU u Bundestagu Juergen Hardt mi\u0161ljenja je kako bi trebalo preispitati novonastalu situaciju u Siriji i shodno tomu donositi odluku tko smije ostati u Njema\u010dkoj.<\/p>\n\n\n\n<p>\u201eMislim da \u0107e mnoge izbjeglice iz Sirije napustiti Njema\u010dku, \u0161to je dobitak za Siriju ali i za socijalne blagajne u Njema\u010dkoj\u201c, rekao je Hardt.<\/p>\n\n\n\n<p>Predstavnica CSU-a Andrea Lindholz se, osim za povratak izbjeglica koji ve\u0107 \u017eive u Njema\u010dkoj, zala\u017ee i za zaustavljanje prihvata novih izbjeglica iz Sirije.<\/p>\n\n\n\n<p>\u201eMi smo na\u0161e humanitarne obveze posljednjih godina i vi\u0161e nego ispunili. Kada se situacija u Siriji smiri, time \u0107e nestati i razlog za za\u0161titu u Njema\u010dkoj\u201c, rekla je Lindholz.<\/p>\n\n\n\n<p>Politi\u010dari stranaka vlade u odlasku kancelara Olafa Scholza, Socijaldemokratska stranka Njema\u010dke (SPD) i Zeleni smatraju kako je jo\u0161 prerano govoriti o povratku izbjeglica u Siriju.<\/p>\n\n\n\n<p>\u201eSituacija u Siriji jo\u0161 uvijek nije takva da se mo\u017ee govoriti o povratku. Mislim da bismo sada, umjesto da pred o\u010dima imamo predizbornu kampanju, morali razmisliti kako pomo\u0107i ljudima i dati im perspektivu\u201c, rekao je predsjednik parlamentarnog odbora za vanjsku politiku Michael Roth.<\/p>\n\n\n\n<p>\u201eMnogi Sirijci se \u017eele vratiti u svoju zemlju. No pomisao da se sada vra\u0107aju i djeca koja ovdje poha\u0111aju \u0161kolu, kod mnogih budu nelagodu\u201c, rekla je politi\u010darka stranke Zeleni Katrin Goering-Eckardt.<\/p>\n\n\n\n<p>U Njema\u010dkoj trenutno \u017eivi oko milijun izbjeglica iz Sirije, a najve\u0107i broj njih je u zemlju stigao u jeku izbjegli\u010dke krize 2015. i 2016.<\/p>\n","protected":false},"excerpt":{"rendered":"<p>U Njema\u010dkoj trenutno \u017eivi oko milijun izbjeglica iz Sirije, a najve\u0107i broj njih je u zemlju stigao u jeku izbjegli\u010dke krize 2015. i 2016 Nakon pada re\u017eima sirijskog \u010delnika Ba\u0161ara al Asada u Njema\u010dkoj se u ponedjeljak razvila rasprava o \u0161to br\u017eem povratku u Siriju izbjeglica koje \u017eive u Njema\u010dkoj i mogu\u0107nostima da se to &hellip;<\/p>\n","protected":false},"author":1,"featured_media":5584,"comment_status":"closed","ping_status":"open","sticky":false,"template":"","format":"standard","meta":{"_monsterinsights_skip_tracking":false,"_monsterinsights_sitenote_active":false,"_monsterinsights_sitenote_note":"","_monsterinsights_sitenote_category":0,"footnotes":""},"categories":[9],"tags":[500,244,1155,1149],"class_list":["post-5583","post","type-post","status-publish","format-standard","has-post-thumbnail","","category-svijet","tag-izbjeglice","tag-njemacka","tag-povratak","tag-sirija"],"yoast_head":"<!-- This site is optimized with the Yoast SEO plugin v22.1 - https:\/\/yoast.com\/wordpress\/plugins\/seo\/ -->\n<title>U Njema\u010dkoj rasprava o povratku izbjeglica u Siriju: \u201cOmogu\u0107imo im to \u010dim prije\u201d - odabrano<\/title>\n<meta name=\"robots\" content=\"index, follow, max-snippet:-1, max-image-preview:large, max-video-preview:-1\" \/>\n<link rel=\"canonical\" href=\"https:\/\/odabrano.com\/index.php\/2024\/12\/09\/u-njemackoj-rasprava-o-povratku-izbjeglica-u-siriju-omogucimo-im-to-cim-prije\/\" \/>\n<meta property=\"og:locale\" content=\"en_US\" \/>\n<meta property=\"og:type\" content=\"article\" \/>\n<meta property=\"og:title\" content=\"U Njema\u010dkoj rasprava o povratku izbjeglica u Siriju: \u201cOmogu\u0107imo im to \u010dim prije\u201d - odabrano\" \/>\n<meta property=\"og:description\" content=\"U Njema\u010dkoj trenutno \u017eivi oko milijun izbjeglica iz Sirije, a najve\u0107i broj njih je u zemlju stigao u jeku izbjegli\u010dke krize 2015. i 2016 Nakon pada re\u017eima sirijskog \u010delnika Ba\u0161ara al Asada u Njema\u010dkoj se u ponedjeljak razvila rasprava o \u0161to br\u017eem povratku u Siriju izbjeglica koje \u017eive u Njema\u010dkoj i mogu\u0107nostima da se to &hellip;\" \/>\n<meta property=\"og:url\" content=\"https:\/\/odabrano.com\/index.php\/2024\/12\/09\/u-njemackoj-rasprava-o-povratku-izbjeglica-u-siriju-omogucimo-im-to-cim-prije\/\" \/>\n<meta property=\"og:site_name\" content=\"odabrano\" \/>\n<meta property=\"article:published_time\" content=\"2024-12-09T14:09:53+00:00\" \/>\n<meta property=\"og:image\" content=\"http:\/\/odabrano.com\/wp-content\/uploads\/2024\/12\/sirija.jpg\" \/>\n\t<meta property=\"og:image:width\" content=\"717\" \/>\n\t<meta property=\"og:image:height\" content=\"478\" \/>\n\t<meta property=\"og:image:type\" content=\"image\/jpeg\" \/>\n<meta name=\"author\" content=\"admin\" \/>\n<meta name=\"twitter:card\" content=\"summary_large_image\" \/>\n<meta name=\"twitter:label1\" content=\"Written by\" \/>\n\t<meta name=\"twitter:data1\" content=\"admin\" \/>\n\t<meta name=\"twitter:label2\" content=\"Est. reading time\" \/>\n\t<meta name=\"twitter:data2\" content=\"3 minutes\" \/>\n<script type=\"application\/ld+json\" class=\"yoast-schema-graph\">{\"@context\":\"https:\/\/schema.org\",\"@graph\":[{\"@type\":\"Article\",\"@id\":\"https:\/\/odabrano.com\/index.php\/2024\/12\/09\/u-njemackoj-rasprava-o-povratku-izbjeglica-u-siriju-omogucimo-im-to-cim-prije\/#article\",\"isPartOf\":{\"@id\":\"https:\/\/odabrano.com\/index.php\/2024\/12\/09\/u-njemackoj-rasprava-o-povratku-izbjeglica-u-siriju-omogucimo-im-to-cim-prije\/\"},\"author\":{\"name\":\"admin\",\"@id\":\"https:\/\/odabrano.com\/#\/schema\/person\/460f2b14657879743f23c4f6a7cd3236\"},\"headline\":\"U Njema\u010dkoj rasprava o povratku izbjeglica u Siriju: \u201cOmogu\u0107imo im to \u010dim prije\u201d\",\"datePublished\":\"2024-12-09T14:09:53+00:00\",\"dateModified\":\"2024-12-09T14:09:53+00:00\",\"mainEntityOfPage\":{\"@id\":\"https:\/\/odabrano.com\/index.php\/2024\/12\/09\/u-njemackoj-rasprava-o-povratku-izbjeglica-u-siriju-omogucimo-im-to-cim-prije\/\"},\"wordCount\":467,\"publisher\":{\"@id\":\"https:\/\/odabrano.com\/#\/schema\/person\/460f2b14657879743f23c4f6a7cd3236\"},\"keywords\":[\"izbjeglice\",\"njema\u010dka\",\"povratak\",\"sirija\"],\"articleSection\":[\"Svijet\"],\"inLanguage\":\"en-US\"},{\"@type\":\"WebPage\",\"@id\":\"https:\/\/odabrano.com\/index.php\/2024\/12\/09\/u-njemackoj-rasprava-o-povratku-izbjeglica-u-siriju-omogucimo-im-to-cim-prije\/\",\"url\":\"https:\/\/odabrano.com\/index.php\/2024\/12\/09\/u-njemackoj-rasprava-o-povratku-izbjeglica-u-siriju-omogucimo-im-to-cim-prije\/\",\"name\":\"U Njema\u010dkoj rasprava o povratku izbjeglica u Siriju: \u201cOmogu\u0107imo im to \u010dim prije\u201d - odabrano\",\"isPartOf\":{\"@id\":\"https:\/\/odabrano.com\/#website\"},\"datePublished\":\"2024-12-09T14:09:53+00:00\",\"dateModified\":\"2024-12-09T14:09:53+00:00\",\"breadcrumb\":{\"@id\":\"https:\/\/odabrano.com\/index.php\/2024\/12\/09\/u-njemackoj-rasprava-o-povratku-izbjeglica-u-siriju-omogucimo-im-to-cim-prije\/#breadcrumb\"},\"inLanguage\":\"en-US\",\"potentialAction\":[{\"@type\":\"ReadAction\",\"target\":[\"https:\/\/odabrano.com\/index.php\/2024\/12\/09\/u-njemackoj-rasprava-o-povratku-izbjeglica-u-siriju-omogucimo-im-to-cim-prije\/\"]}]},{\"@type\":\"BreadcrumbList\",\"@id\":\"https:\/\/odabrano.com\/index.php\/2024\/12\/09\/u-njemackoj-rasprava-o-povratku-izbjeglica-u-siriju-omogucimo-im-to-cim-prije\/#breadcrumb\",\"itemListElement\":[{\"@type\":\"ListItem\",\"position\":1,\"name\":\"Home\",\"item\":\"https:\/\/odabrano.com\/\"},{\"@type\":\"ListItem\",\"position\":2,\"name\":\"U Njema\u010dkoj rasprava o povratku izbjeglica u Siriju: \u201cOmogu\u0107imo im to \u010dim prije\u201d\"}]},{\"@type\":\"WebSite\",\"@id\":\"https:\/\/odabrano.com\/#website\",\"url\":\"https:\/\/odabrano.com\/\",\"name\":\"odabrano\",\"description\":\"news portal koji nudi odabrane vijesti i informacije\",\"publisher\":{\"@id\":\"https:\/\/odabrano.com\/#\/schema\/person\/460f2b14657879743f23c4f6a7cd3236\"},\"alternateName\":\"vijesti i informacije iz Hrvatske i svijeta\",\"potentialAction\":[{\"@type\":\"SearchAction\",\"target\":{\"@type\":\"EntryPoint\",\"urlTemplate\":\"https:\/\/odabrano.com\/?s={search_term_string}\"},\"query-input\":\"required name=search_term_string\"}],\"inLanguage\":\"en-US\"},{\"@type\":[\"Person\",\"Organization\"],\"@id\":\"https:\/\/odabrano.com\/#\/schema\/person\/460f2b14657879743f23c4f6a7cd3236\",\"name\":\"admin\",\"image\":{\"@type\":\"ImageObject\",\"inLanguage\":\"en-US\",\"@id\":\"https:\/\/odabrano.com\/#\/schema\/person\/image\/\",\"url\":\"https:\/\/odabrano.com\/wp-content\/uploads\/2024\/04\/dolar.jpg\",\"contentUrl\":\"https:\/\/odabrano.com\/wp-content\/uploads\/2024\/04\/dolar.jpg\",\"width\":1216,\"height\":519,\"caption\":\"admin\"},\"logo\":{\"@id\":\"https:\/\/odabrano.com\/#\/schema\/person\/image\/\"},\"sameAs\":[\"http:\/\/odabrano.com\"],\"url\":\"https:\/\/odabrano.com\/index.php\/author\/sokolneno_u3xb387h\/\"}]}<\/script>\n<!-- \/ Yoast SEO plugin. -->","yoast_head_json":{"title":"U Njema\u010dkoj rasprava o povratku izbjeglica u Siriju: \u201cOmogu\u0107imo im to \u010dim prije\u201d - odabrano","robots":{"index":"index","follow":"follow","max-snippet":"max-snippet:-1","max-image-preview":"max-image-preview:large","max-video-preview":"max-video-preview:-1"},"canonical":"https:\/\/odabrano.com\/index.php\/2024\/12\/09\/u-njemackoj-rasprava-o-povratku-izbjeglica-u-siriju-omogucimo-im-to-cim-prije\/","og_locale":"en_US","og_type":"article","og_title":"U Njema\u010dkoj rasprava o povratku izbjeglica u Siriju: \u201cOmogu\u0107imo im to \u010dim prije\u201d - odabrano","og_description":"U Njema\u010dkoj trenutno \u017eivi oko milijun izbjeglica iz Sirije, a najve\u0107i broj njih je u zemlju stigao u jeku izbjegli\u010dke krize 2015. i 2016 Nakon pada re\u017eima sirijskog \u010delnika Ba\u0161ara al Asada u Njema\u010dkoj se u ponedjeljak razvila rasprava o \u0161to br\u017eem povratku u Siriju izbjeglica koje \u017eive u Njema\u010dkoj i mogu\u0107nostima da se to &hellip;","og_url":"https:\/\/odabrano.com\/index.php\/2024\/12\/09\/u-njemackoj-rasprava-o-povratku-izbjeglica-u-siriju-omogucimo-im-to-cim-prije\/","og_site_name":"odabrano","article_published_time":"2024-12-09T14:09:53+00:00","og_image":[{"width":717,"height":478,"url":"http:\/\/odabrano.com\/wp-content\/uploads\/2024\/12\/sirija.jpg","type":"image\/jpeg"}],"author":"admin","twitter_card":"summary_large_image","twitter_misc":{"Written by":"admin","Est. reading time":"3 minutes"},"schema":{"@context":"https:\/\/schema.org","@graph":[{"@type":"Article","@id":"https:\/\/odabrano.com\/index.php\/2024\/12\/09\/u-njemackoj-rasprava-o-povratku-izbjeglica-u-siriju-omogucimo-im-to-cim-prije\/#article","isPartOf":{"@id":"https:\/\/odabrano.com\/index.php\/2024\/12\/09\/u-njemackoj-rasprava-o-povratku-izbjeglica-u-siriju-omogucimo-im-to-cim-prije\/"},"author":{"name":"admin","@id":"https:\/\/odabrano.com\/#\/schema\/person\/460f2b14657879743f23c4f6a7cd3236"},"headline":"U Njema\u010dkoj rasprava o povratku izbjeglica u Siriju: \u201cOmogu\u0107imo im to \u010dim prije\u201d","datePublished":"2024-12-09T14:09:53+00:00","dateModified":"2024-12-09T14:09:53+00:00","mainEntityOfPage":{"@id":"https:\/\/odabrano.com\/index.php\/2024\/12\/09\/u-njemackoj-rasprava-o-povratku-izbjeglica-u-siriju-omogucimo-im-to-cim-prije\/"},"wordCount":467,"publisher":{"@id":"https:\/\/odabrano.com\/#\/schema\/person\/460f2b14657879743f23c4f6a7cd3236"},"keywords":["izbjeglice","njema\u010dka","povratak","sirija"],"articleSection":["Svijet"],"inLanguage":"en-US"},{"@type":"WebPage","@id":"https:\/\/odabrano.com\/index.php\/2024\/12\/09\/u-njemackoj-rasprava-o-povratku-izbjeglica-u-siriju-omogucimo-im-to-cim-prije\/","url":"https:\/\/odabrano.com\/index.php\/2024\/12\/09\/u-njemackoj-rasprava-o-povratku-izbjeglica-u-siriju-omogucimo-im-to-cim-prije\/","name":"U Njema\u010dkoj rasprava o povratku izbjeglica u Siriju: \u201cOmogu\u0107imo im to \u010dim prije\u201d - odabrano","isPartOf":{"@id":"https:\/\/odabrano.com\/#website"},"datePublished":"2024-12-09T14:09:53+00:00","dateModified":"2024-12-09T14:09:53+00:00","breadcrumb":{"@id":"https:\/\/odabrano.com\/index.php\/2024\/12\/09\/u-njemackoj-rasprava-o-povratku-izbjeglica-u-siriju-omogucimo-im-to-cim-prije\/#breadcrumb"},"inLanguage":"en-US","potentialAction":[{"@type":"ReadAction","target":["https:\/\/odabrano.com\/index.php\/2024\/12\/09\/u-njemackoj-rasprava-o-povratku-izbjeglica-u-siriju-omogucimo-im-to-cim-prije\/"]}]},{"@type":"BreadcrumbList","@id":"https:\/\/odabrano.com\/index.php\/2024\/12\/09\/u-njemackoj-rasprava-o-povratku-izbjeglica-u-siriju-omogucimo-im-to-cim-prije\/#breadcrumb","itemListElement":[{"@type":"ListItem","position":1,"name":"Home","item":"https:\/\/odabrano.com\/"},{"@type":"ListItem","position":2,"name":"U Njema\u010dkoj rasprava o povratku izbjeglica u Siriju: \u201cOmogu\u0107imo im to \u010dim prije\u201d"}]},{"@type":"WebSite","@id":"https:\/\/odabrano.com\/#website","url":"https:\/\/odabrano.com\/","name":"odabrano","description":"news portal koji nudi odabrane vijesti i informacije","publisher":{"@id":"https:\/\/odabrano.com\/#\/schema\/person\/460f2b14657879743f23c4f6a7cd3236"},"alternateName":"vijesti i informacije iz Hrvatske i svijeta","potentialAction":[{"@type":"SearchAction","target":{"@type":"EntryPoint","urlTemplate":"https:\/\/odabrano.com\/?s={search_term_string}"},"query-input":"required name=search_term_string"}],"inLanguage":"en-US"},{"@type":["Person","Organization"],"@id":"https:\/\/odabrano.com\/#\/schema\/person\/460f2b14657879743f23c4f6a7cd3236","name":"admin","image":{"@type":"ImageObject","inLanguage":"en-US","@id":"https:\/\/odabrano.com\/#\/schema\/person\/image\/","url":"https:\/\/odabrano.com\/wp-content\/uploads\/2024\/04\/dolar.jpg","contentUrl":"https:\/\/odabrano.com\/wp-content\/uploads\/2024\/04\/dolar.jpg","width":1216,"height":519,"caption":"admin"},"logo":{"@id":"https:\/\/odabrano.com\/#\/schema\/person\/image\/"},"sameAs":["http:\/\/odabrano.com"],"url":"https:\/\/odabrano.com\/index.php\/author\/sokolneno_u3xb387h\/"}]}},"_links":{"self":[{"href":"https:\/\/odabrano.com\/index.php\/wp-json\/wp\/v2\/posts\/5583","targetHints":{"allow":["GET"]}}],"collection":[{"href":"https:\/\/odabrano.com\/index.php\/wp-json\/wp\/v2\/posts"}],"about":[{"href":"https:\/\/odabrano.com\/index.php\/wp-json\/wp\/v2\/types\/post"}],"author":[{"embeddable":true,"href":"https:\/\/odabrano.com\/index.php\/wp-json\/wp\/v2\/users\/1"}],"replies":[{"embeddable":true,"href":"https:\/\/odabrano.com\/index.php\/wp-json\/wp\/v2\/comments?post=5583"}],"version-history":[{"count":1,"href":"https:\/\/odabrano.com\/index.php\/wp-json\/wp\/v2\/posts\/5583\/revisions"}],"predecessor-version":[{"id":5585,"href":"https:\/\/odabrano.com\/index.php\/wp-json\/wp\/v2\/posts\/5583\/revisions\/5585"}],"wp:featuredmedia":[{"embeddable":true,"href":"https:\/\/odabrano.com\/index.php\/wp-json\/wp\/v2\/media\/5584"}],"wp:attachment":[{"href":"https:\/\/odabrano.com\/index.php\/wp-json\/wp\/v2\/media?parent=5583"}],"wp:term":[{"taxonomy":"category","embeddable":true,"href":"https:\/\/odabrano.com\/index.php\/wp-json\/wp\/v2\/categories?post=5583"},{"taxonomy":"post_tag","embeddable":true,"href":"https:\/\/odabrano.com\/index.php\/wp-json\/wp\/v2\/tags?post=5583"}],"curies":[{"name":"wp","href":"https:\/\/api.w.org\/{rel}","templated":true}]}}