{"id":5547,"date":"2024-12-02T11:18:45","date_gmt":"2024-12-02T10:18:45","guid":{"rendered":"https:\/\/odabrano.com\/?p=5547"},"modified":"2024-12-02T11:18:46","modified_gmt":"2024-12-02T10:18:46","slug":"s-trumpovim-dolaskom-ubrzat-ce-se-rjesenje-kosovskog-cvora","status":"publish","type":"post","link":"https:\/\/odabrano.com\/index.php\/2024\/12\/02\/s-trumpovim-dolaskom-ubrzat-ce-se-rjesenje-kosovskog-cvora\/","title":{"rendered":"&#8220;S Trumpovim dolaskom ubrzat \u0107e se rje\u0161enje kosovskog \u010dvora&#8221;"},"content":{"rendered":"\n<p><strong>Nastavljaju se napetosti izme\u0111u Pri\u0161tine i Beograda nakon eksplozije na strate\u0161kom kanalu Ibar &#8211; Lepenac koji stotine tisu\u0107a stanovnika sjevernog Kosova i dio Pri\u0161tine opskrbljuje vodom. Za kosovske vlasti to je teroristi\u010dki \u010din za koji je izravno kriva Srbija. Iz Srbije odbacuju takvu krivnju i osu\u0111uju uhi\u0107enja Srba na sjeveru Kosova.<\/strong><\/p>\n\n\n\n<p>S najnovijim vijestima s Kosova u Studiju 4 gostovao je&nbsp;<strong>Seladin Xhezai<\/strong><strong>ri<\/strong>, novinar i politi\u010dki analiti\u010dar.<\/p>\n\n\n\n<p>Rekao je da je situacija napeta, ali i da se u odnosu na prethodna dva dana smirila.<\/p>\n\n\n\n<p>Kao posebnu vijest istaknuo je zahtjev kosovske vlade da se na sjever, u krizno podru\u010dje, upute sigurnosne kosovske strane, \u0161to je KFOR odbio.<\/p>\n\n\n\n<p>&#8211; \u010cinjenica je da su naoru\u017eani kosovski Srbi uglavnom na sjeveru Kosova. Ako se srpski predsjednik i kosovski premijer sla\u017eu u ne\u010demu, to je da je ovo dio hibridnog rata. Osobno ovo \u0161to se doga\u0111a gledam u \u0161irem kontekstu &#8211; rata u Ukrajini, promjene u Bijeloj ku\u0107i, demonstracija u Srbiji, a i parlamentarnih izbora na Kosovu 9. velja\u010de. S obzirom da postoji KFOR i EULEX, kada imamo optu\u017ebe s dviju strana, tre\u0107a strana &#8211; KFOR i EULEX, trebala bi iza\u0107i s potpunom i vjerodostojnom slikom \u0161to se dogodilo jer sjeverni dio u sigurnosnom smislu kontroliraju me\u0111unarodne snage, rekao je.<\/p>\n\n\n\n<p>Istaknuo je i da bi me\u0111unarodna zajednica &#8211; Bruxelles i SAD &#8211; trebala \u0161to prije natjerati dvije strane da postignu normalizaciju me\u0111udr\u017eavnih odnosa.<\/p>\n\n\n\n<p>&#8211; U suprotnom tenzije, ne samo na Kosovu nego i u Sjevernoj Makedoniji, a ne isklju\u010dujem Crnu Goru i BiH, mogle bi biti produ\u017eene, rekao je.<\/p>\n\n\n\n<p>Na pitanje koliko \u0107e nova ameri\u010dka administracija biti prisutna sigurnosno i politi\u010dki na Kosovu, Xhezairi ka\u017ee \u0107e sigurno imati velik utjecaj.<\/p>\n\n\n\n<p>&#8211; Bojim se da \u0107e se ponovno otvoriti&nbsp;pitanje razmjene teritorija. Koliko \u0107e to biti realno, vidjet \u0107emo. Pretpostavljam da \u0107e se s dolaskom Trumpa ubrzati rje\u0161enje kosovskog \u010dvora, rekao je.<\/p>\n","protected":false},"excerpt":{"rendered":"<p>Nastavljaju se napetosti izme\u0111u Pri\u0161tine i Beograda nakon eksplozije na strate\u0161kom kanalu Ibar &#8211; Lepenac koji stotine tisu\u0107a stanovnika sjevernog Kosova i dio Pri\u0161tine opskrbljuje vodom. Za kosovske vlasti to je teroristi\u010dki \u010din za koji je izravno kriva Srbija. Iz Srbije odbacuju takvu krivnju i osu\u0111uju uhi\u0107enja Srba na sjeveru Kosova. S najnovijim vijestima s &hellip;<\/p>\n","protected":false},"author":1,"featured_media":5548,"comment_status":"closed","ping_status":"open","sticky":false,"template":"","format":"standard","meta":{"_monsterinsights_skip_tracking":false,"_monsterinsights_sitenote_active":false,"_monsterinsights_sitenote_note":"","_monsterinsights_sitenote_category":0,"footnotes":""},"categories":[6],"tags":[181],"class_list":["post-5547","post","type-post","status-publish","format-standard","has-post-thumbnail","","category-istok","tag-kosovo"],"yoast_head":"<!-- This site is optimized with the Yoast SEO plugin v22.1 - https:\/\/yoast.com\/wordpress\/plugins\/seo\/ -->\n<title>&quot;S Trumpovim dolaskom ubrzat \u0107e se rje\u0161enje kosovskog \u010dvora&quot; - odabrano<\/title>\n<meta name=\"robots\" content=\"index, follow, max-snippet:-1, max-image-preview:large, max-video-preview:-1\" \/>\n<link rel=\"canonical\" href=\"https:\/\/odabrano.com\/index.php\/2024\/12\/02\/s-trumpovim-dolaskom-ubrzat-ce-se-rjesenje-kosovskog-cvora\/\" \/>\n<meta property=\"og:locale\" content=\"en_US\" \/>\n<meta property=\"og:type\" content=\"article\" \/>\n<meta property=\"og:title\" content=\"&quot;S Trumpovim dolaskom ubrzat \u0107e se rje\u0161enje kosovskog \u010dvora&quot; - odabrano\" \/>\n<meta property=\"og:description\" content=\"Nastavljaju se napetosti izme\u0111u Pri\u0161tine i Beograda nakon eksplozije na strate\u0161kom kanalu Ibar &#8211; Lepenac koji stotine tisu\u0107a stanovnika sjevernog Kosova i dio Pri\u0161tine opskrbljuje vodom. Za kosovske vlasti to je teroristi\u010dki \u010din za koji je izravno kriva Srbija. Iz Srbije odbacuju takvu krivnju i osu\u0111uju uhi\u0107enja Srba na sjeveru Kosova. S najnovijim vijestima s &hellip;\" \/>\n<meta property=\"og:url\" content=\"https:\/\/odabrano.com\/index.php\/2024\/12\/02\/s-trumpovim-dolaskom-ubrzat-ce-se-rjesenje-kosovskog-cvora\/\" \/>\n<meta property=\"og:site_name\" content=\"odabrano\" \/>\n<meta property=\"article:published_time\" content=\"2024-12-02T10:18:45+00:00\" \/>\n<meta property=\"article:modified_time\" content=\"2024-12-02T10:18:46+00:00\" \/>\n<meta property=\"og:image\" content=\"http:\/\/odabrano.com\/wp-content\/uploads\/2024\/12\/kosovo.jpg\" \/>\n\t<meta property=\"og:image:width\" content=\"765\" \/>\n\t<meta property=\"og:image:height\" content=\"456\" \/>\n\t<meta property=\"og:image:type\" content=\"image\/jpeg\" \/>\n<meta name=\"author\" content=\"admin\" \/>\n<meta name=\"twitter:card\" content=\"summary_large_image\" \/>\n<meta name=\"twitter:label1\" content=\"Written by\" \/>\n\t<meta name=\"twitter:data1\" content=\"admin\" \/>\n\t<meta name=\"twitter:label2\" content=\"Est. reading time\" \/>\n\t<meta name=\"twitter:data2\" content=\"2 minutes\" \/>\n<script type=\"application\/ld+json\" class=\"yoast-schema-graph\">{\"@context\":\"https:\/\/schema.org\",\"@graph\":[{\"@type\":\"Article\",\"@id\":\"https:\/\/odabrano.com\/index.php\/2024\/12\/02\/s-trumpovim-dolaskom-ubrzat-ce-se-rjesenje-kosovskog-cvora\/#article\",\"isPartOf\":{\"@id\":\"https:\/\/odabrano.com\/index.php\/2024\/12\/02\/s-trumpovim-dolaskom-ubrzat-ce-se-rjesenje-kosovskog-cvora\/\"},\"author\":{\"name\":\"admin\",\"@id\":\"https:\/\/odabrano.com\/#\/schema\/person\/460f2b14657879743f23c4f6a7cd3236\"},\"headline\":\"&#8220;S Trumpovim dolaskom ubrzat \u0107e se rje\u0161enje kosovskog \u010dvora&#8221;\",\"datePublished\":\"2024-12-02T10:18:45+00:00\",\"dateModified\":\"2024-12-02T10:18:46+00:00\",\"mainEntityOfPage\":{\"@id\":\"https:\/\/odabrano.com\/index.php\/2024\/12\/02\/s-trumpovim-dolaskom-ubrzat-ce-se-rjesenje-kosovskog-cvora\/\"},\"wordCount\":348,\"publisher\":{\"@id\":\"https:\/\/odabrano.com\/#\/schema\/person\/460f2b14657879743f23c4f6a7cd3236\"},\"keywords\":[\"kosovo\"],\"articleSection\":[\"Istok\"],\"inLanguage\":\"en-US\"},{\"@type\":\"WebPage\",\"@id\":\"https:\/\/odabrano.com\/index.php\/2024\/12\/02\/s-trumpovim-dolaskom-ubrzat-ce-se-rjesenje-kosovskog-cvora\/\",\"url\":\"https:\/\/odabrano.com\/index.php\/2024\/12\/02\/s-trumpovim-dolaskom-ubrzat-ce-se-rjesenje-kosovskog-cvora\/\",\"name\":\"\\\"S Trumpovim dolaskom ubrzat \u0107e se rje\u0161enje kosovskog \u010dvora\\\" - odabrano\",\"isPartOf\":{\"@id\":\"https:\/\/odabrano.com\/#website\"},\"datePublished\":\"2024-12-02T10:18:45+00:00\",\"dateModified\":\"2024-12-02T10:18:46+00:00\",\"breadcrumb\":{\"@id\":\"https:\/\/odabrano.com\/index.php\/2024\/12\/02\/s-trumpovim-dolaskom-ubrzat-ce-se-rjesenje-kosovskog-cvora\/#breadcrumb\"},\"inLanguage\":\"en-US\",\"potentialAction\":[{\"@type\":\"ReadAction\",\"target\":[\"https:\/\/odabrano.com\/index.php\/2024\/12\/02\/s-trumpovim-dolaskom-ubrzat-ce-se-rjesenje-kosovskog-cvora\/\"]}]},{\"@type\":\"BreadcrumbList\",\"@id\":\"https:\/\/odabrano.com\/index.php\/2024\/12\/02\/s-trumpovim-dolaskom-ubrzat-ce-se-rjesenje-kosovskog-cvora\/#breadcrumb\",\"itemListElement\":[{\"@type\":\"ListItem\",\"position\":1,\"name\":\"Home\",\"item\":\"https:\/\/odabrano.com\/\"},{\"@type\":\"ListItem\",\"position\":2,\"name\":\"&#8220;S Trumpovim dolaskom ubrzat \u0107e se rje\u0161enje kosovskog \u010dvora&#8221;\"}]},{\"@type\":\"WebSite\",\"@id\":\"https:\/\/odabrano.com\/#website\",\"url\":\"https:\/\/odabrano.com\/\",\"name\":\"odabrano\",\"description\":\"news portal koji nudi odabrane vijesti i informacije\",\"publisher\":{\"@id\":\"https:\/\/odabrano.com\/#\/schema\/person\/460f2b14657879743f23c4f6a7cd3236\"},\"alternateName\":\"vijesti i informacije iz Hrvatske i svijeta\",\"potentialAction\":[{\"@type\":\"SearchAction\",\"target\":{\"@type\":\"EntryPoint\",\"urlTemplate\":\"https:\/\/odabrano.com\/?s={search_term_string}\"},\"query-input\":\"required name=search_term_string\"}],\"inLanguage\":\"en-US\"},{\"@type\":[\"Person\",\"Organization\"],\"@id\":\"https:\/\/odabrano.com\/#\/schema\/person\/460f2b14657879743f23c4f6a7cd3236\",\"name\":\"admin\",\"image\":{\"@type\":\"ImageObject\",\"inLanguage\":\"en-US\",\"@id\":\"https:\/\/odabrano.com\/#\/schema\/person\/image\/\",\"url\":\"https:\/\/odabrano.com\/wp-content\/uploads\/2024\/04\/dolar.jpg\",\"contentUrl\":\"https:\/\/odabrano.com\/wp-content\/uploads\/2024\/04\/dolar.jpg\",\"width\":1216,\"height\":519,\"caption\":\"admin\"},\"logo\":{\"@id\":\"https:\/\/odabrano.com\/#\/schema\/person\/image\/\"},\"sameAs\":[\"http:\/\/odabrano.com\"],\"url\":\"https:\/\/odabrano.com\/index.php\/author\/sokolneno_u3xb387h\/\"}]}<\/script>\n<!-- \/ Yoast SEO plugin. -->","yoast_head_json":{"title":"\"S Trumpovim dolaskom ubrzat \u0107e se rje\u0161enje kosovskog \u010dvora\" - odabrano","robots":{"index":"index","follow":"follow","max-snippet":"max-snippet:-1","max-image-preview":"max-image-preview:large","max-video-preview":"max-video-preview:-1"},"canonical":"https:\/\/odabrano.com\/index.php\/2024\/12\/02\/s-trumpovim-dolaskom-ubrzat-ce-se-rjesenje-kosovskog-cvora\/","og_locale":"en_US","og_type":"article","og_title":"\"S Trumpovim dolaskom ubrzat \u0107e se rje\u0161enje kosovskog \u010dvora\" - odabrano","og_description":"Nastavljaju se napetosti izme\u0111u Pri\u0161tine i Beograda nakon eksplozije na strate\u0161kom kanalu Ibar &#8211; Lepenac koji stotine tisu\u0107a stanovnika sjevernog Kosova i dio Pri\u0161tine opskrbljuje vodom. Za kosovske vlasti to je teroristi\u010dki \u010din za koji je izravno kriva Srbija. Iz Srbije odbacuju takvu krivnju i osu\u0111uju uhi\u0107enja Srba na sjeveru Kosova. S najnovijim vijestima s &hellip;","og_url":"https:\/\/odabrano.com\/index.php\/2024\/12\/02\/s-trumpovim-dolaskom-ubrzat-ce-se-rjesenje-kosovskog-cvora\/","og_site_name":"odabrano","article_published_time":"2024-12-02T10:18:45+00:00","article_modified_time":"2024-12-02T10:18:46+00:00","og_image":[{"width":765,"height":456,"url":"http:\/\/odabrano.com\/wp-content\/uploads\/2024\/12\/kosovo.jpg","type":"image\/jpeg"}],"author":"admin","twitter_card":"summary_large_image","twitter_misc":{"Written by":"admin","Est. reading time":"2 minutes"},"schema":{"@context":"https:\/\/schema.org","@graph":[{"@type":"Article","@id":"https:\/\/odabrano.com\/index.php\/2024\/12\/02\/s-trumpovim-dolaskom-ubrzat-ce-se-rjesenje-kosovskog-cvora\/#article","isPartOf":{"@id":"https:\/\/odabrano.com\/index.php\/2024\/12\/02\/s-trumpovim-dolaskom-ubrzat-ce-se-rjesenje-kosovskog-cvora\/"},"author":{"name":"admin","@id":"https:\/\/odabrano.com\/#\/schema\/person\/460f2b14657879743f23c4f6a7cd3236"},"headline":"&#8220;S Trumpovim dolaskom ubrzat \u0107e se rje\u0161enje kosovskog \u010dvora&#8221;","datePublished":"2024-12-02T10:18:45+00:00","dateModified":"2024-12-02T10:18:46+00:00","mainEntityOfPage":{"@id":"https:\/\/odabrano.com\/index.php\/2024\/12\/02\/s-trumpovim-dolaskom-ubrzat-ce-se-rjesenje-kosovskog-cvora\/"},"wordCount":348,"publisher":{"@id":"https:\/\/odabrano.com\/#\/schema\/person\/460f2b14657879743f23c4f6a7cd3236"},"keywords":["kosovo"],"articleSection":["Istok"],"inLanguage":"en-US"},{"@type":"WebPage","@id":"https:\/\/odabrano.com\/index.php\/2024\/12\/02\/s-trumpovim-dolaskom-ubrzat-ce-se-rjesenje-kosovskog-cvora\/","url":"https:\/\/odabrano.com\/index.php\/2024\/12\/02\/s-trumpovim-dolaskom-ubrzat-ce-se-rjesenje-kosovskog-cvora\/","name":"\"S Trumpovim dolaskom ubrzat \u0107e se rje\u0161enje kosovskog \u010dvora\" - odabrano","isPartOf":{"@id":"https:\/\/odabrano.com\/#website"},"datePublished":"2024-12-02T10:18:45+00:00","dateModified":"2024-12-02T10:18:46+00:00","breadcrumb":{"@id":"https:\/\/odabrano.com\/index.php\/2024\/12\/02\/s-trumpovim-dolaskom-ubrzat-ce-se-rjesenje-kosovskog-cvora\/#breadcrumb"},"inLanguage":"en-US","potentialAction":[{"@type":"ReadAction","target":["https:\/\/odabrano.com\/index.php\/2024\/12\/02\/s-trumpovim-dolaskom-ubrzat-ce-se-rjesenje-kosovskog-cvora\/"]}]},{"@type":"BreadcrumbList","@id":"https:\/\/odabrano.com\/index.php\/2024\/12\/02\/s-trumpovim-dolaskom-ubrzat-ce-se-rjesenje-kosovskog-cvora\/#breadcrumb","itemListElement":[{"@type":"ListItem","position":1,"name":"Home","item":"https:\/\/odabrano.com\/"},{"@type":"ListItem","position":2,"name":"&#8220;S Trumpovim dolaskom ubrzat \u0107e se rje\u0161enje kosovskog \u010dvora&#8221;"}]},{"@type":"WebSite","@id":"https:\/\/odabrano.com\/#website","url":"https:\/\/odabrano.com\/","name":"odabrano","description":"news portal koji nudi odabrane vijesti i informacije","publisher":{"@id":"https:\/\/odabrano.com\/#\/schema\/person\/460f2b14657879743f23c4f6a7cd3236"},"alternateName":"vijesti i informacije iz Hrvatske i svijeta","potentialAction":[{"@type":"SearchAction","target":{"@type":"EntryPoint","urlTemplate":"https:\/\/odabrano.com\/?s={search_term_string}"},"query-input":"required name=search_term_string"}],"inLanguage":"en-US"},{"@type":["Person","Organization"],"@id":"https:\/\/odabrano.com\/#\/schema\/person\/460f2b14657879743f23c4f6a7cd3236","name":"admin","image":{"@type":"ImageObject","inLanguage":"en-US","@id":"https:\/\/odabrano.com\/#\/schema\/person\/image\/","url":"https:\/\/odabrano.com\/wp-content\/uploads\/2024\/04\/dolar.jpg","contentUrl":"https:\/\/odabrano.com\/wp-content\/uploads\/2024\/04\/dolar.jpg","width":1216,"height":519,"caption":"admin"},"logo":{"@id":"https:\/\/odabrano.com\/#\/schema\/person\/image\/"},"sameAs":["http:\/\/odabrano.com"],"url":"https:\/\/odabrano.com\/index.php\/author\/sokolneno_u3xb387h\/"}]}},"_links":{"self":[{"href":"https:\/\/odabrano.com\/index.php\/wp-json\/wp\/v2\/posts\/5547","targetHints":{"allow":["GET"]}}],"collection":[{"href":"https:\/\/odabrano.com\/index.php\/wp-json\/wp\/v2\/posts"}],"about":[{"href":"https:\/\/odabrano.com\/index.php\/wp-json\/wp\/v2\/types\/post"}],"author":[{"embeddable":true,"href":"https:\/\/odabrano.com\/index.php\/wp-json\/wp\/v2\/users\/1"}],"replies":[{"embeddable":true,"href":"https:\/\/odabrano.com\/index.php\/wp-json\/wp\/v2\/comments?post=5547"}],"version-history":[{"count":1,"href":"https:\/\/odabrano.com\/index.php\/wp-json\/wp\/v2\/posts\/5547\/revisions"}],"predecessor-version":[{"id":5549,"href":"https:\/\/odabrano.com\/index.php\/wp-json\/wp\/v2\/posts\/5547\/revisions\/5549"}],"wp:featuredmedia":[{"embeddable":true,"href":"https:\/\/odabrano.com\/index.php\/wp-json\/wp\/v2\/media\/5548"}],"wp:attachment":[{"href":"https:\/\/odabrano.com\/index.php\/wp-json\/wp\/v2\/media?parent=5547"}],"wp:term":[{"taxonomy":"category","embeddable":true,"href":"https:\/\/odabrano.com\/index.php\/wp-json\/wp\/v2\/categories?post=5547"},{"taxonomy":"post_tag","embeddable":true,"href":"https:\/\/odabrano.com\/index.php\/wp-json\/wp\/v2\/tags?post=5547"}],"curies":[{"name":"wp","href":"https:\/\/api.w.org\/{rel}","templated":true}]}}