{"id":5544,"date":"2024-12-01T17:19:22","date_gmt":"2024-12-01T16:19:22","guid":{"rendered":"https:\/\/odabrano.com\/?p=5544"},"modified":"2024-12-01T17:20:37","modified_gmt":"2024-12-01T16:20:37","slug":"nevrijeme-u-grckoj-dvoje-mrtvih-na-limnosu-poplave-na-rodosu","status":"publish","type":"post","link":"https:\/\/odabrano.com\/index.php\/2024\/12\/01\/nevrijeme-u-grckoj-dvoje-mrtvih-na-limnosu-poplave-na-rodosu\/","title":{"rendered":"Nevrijeme u Gr\u010dkoj: Dvoje mrtvih na Limnosu, poplave na Rodosu"},"content":{"rendered":"\n<p><strong>Dvije osobe su izgubile \u017eivot na gr\u010dkom otoku Limnosu, u Egejskom moru, uslijed nevremena koje je pogodilo veliki dio zemlje i prouzro\u010dilo veliku \u0161tetu na otoku Rodosu, objavile su u nedjelju vlasti.<\/strong><\/p>\n\n\n\n<p>Gr\u010dka policija je priop\u0107ila da su \u017ertve nevremena na Lemnosu 57-godi\u0161nji poljoprivrednik koji je poku\u0161ao prikva\u010diti automobil za traktor kako bi ga izvukao iz blata te je pritom nastradao i 70-godi\u0161njak koji je \u010distio stepenice nakon prolaska oluje Bora te se poskliznuo i pao na glavu.<\/p>\n\n\n\n<p>Oluja Bora je prouzro\u010dila znatnu \u0161tetu na Rodosu, a te\u0161ko su stradale ceste, ku\u0107e i ostale zgrade.<\/p>\n\n\n\n<p>Guverner tog podru\u010dja<strong>&nbsp;Yiorgos Hadjimarkos<\/strong>&nbsp;je rekao da su zbog nevremena provedene evakuacije stanovni\u0161tva u &#8220;posebno te\u0161kim uvjetima&#8221;.<\/p>\n\n\n\n<p>Tako\u0111er je uvedena zabrana vo\u017enje automobilom u naredna 24 sata.<\/p>\n\n\n\n<p>Javna radiotelevizija ERT je prikazala snimke odrona terena i poplavljenih polja i prometnica na Limnosu i Rodosu.<\/p>\n\n\n\n<p>Tim je otocima iz Atene upu\u0107ena pomo\u0107 u kojoj sudjeluju i vatrogasne jedinice.<\/p>\n\n\n\n<p>Meteorolozi upozoravaju da su mogu\u0107e velike snje\u017ene padaline, posebice na zapadu pokrajine Egejske Makedonije i planinskom podru\u010dju Epir na sjeverozapadu.<\/p>\n\n\n\n<p>Civilna za\u0161tita je poslala upozorenja stanovni\u0161tvu na mogu\u0107e obilne ki\u0161e i sna\u017ene vjetrove u sredi\u0161njem dijelu Makedonije, Tesaliji, Atici i podru\u010dju Atene.<\/p>\n","protected":false},"excerpt":{"rendered":"<p>Dvije osobe su izgubile \u017eivot na gr\u010dkom otoku Limnosu, u Egejskom moru, uslijed nevremena koje je pogodilo veliki dio zemlje i prouzro\u010dilo veliku \u0161tetu na otoku Rodosu, objavile su u nedjelju vlasti. Gr\u010dka policija je priop\u0107ila da su \u017ertve nevremena na Lemnosu 57-godi\u0161nji poljoprivrednik koji je poku\u0161ao prikva\u010diti automobil za traktor kako bi ga izvukao &hellip;<\/p>\n","protected":false},"author":1,"featured_media":5546,"comment_status":"closed","ping_status":"open","sticky":false,"template":"","format":"standard","meta":{"_monsterinsights_skip_tracking":false,"_monsterinsights_sitenote_active":false,"_monsterinsights_sitenote_note":"","_monsterinsights_sitenote_category":0,"footnotes":""},"categories":[9],"tags":[398,1142],"class_list":["post-5544","post","type-post","status-publish","format-standard","has-post-thumbnail","","category-svijet","tag-grcka","tag-limnos"],"yoast_head":"<!-- This site is optimized with the Yoast SEO plugin v22.1 - https:\/\/yoast.com\/wordpress\/plugins\/seo\/ -->\n<title>Nevrijeme u Gr\u010dkoj: Dvoje mrtvih na Limnosu, poplave na Rodosu - odabrano<\/title>\n<meta name=\"robots\" content=\"index, follow, max-snippet:-1, max-image-preview:large, max-video-preview:-1\" \/>\n<link rel=\"canonical\" href=\"https:\/\/odabrano.com\/index.php\/2024\/12\/01\/nevrijeme-u-grckoj-dvoje-mrtvih-na-limnosu-poplave-na-rodosu\/\" \/>\n<meta property=\"og:locale\" content=\"en_US\" \/>\n<meta property=\"og:type\" content=\"article\" \/>\n<meta property=\"og:title\" content=\"Nevrijeme u Gr\u010dkoj: Dvoje mrtvih na Limnosu, poplave na Rodosu - odabrano\" \/>\n<meta property=\"og:description\" content=\"Dvije osobe su izgubile \u017eivot na gr\u010dkom otoku Limnosu, u Egejskom moru, uslijed nevremena koje je pogodilo veliki dio zemlje i prouzro\u010dilo veliku \u0161tetu na otoku Rodosu, objavile su u nedjelju vlasti. Gr\u010dka policija je priop\u0107ila da su \u017ertve nevremena na Lemnosu 57-godi\u0161nji poljoprivrednik koji je poku\u0161ao prikva\u010diti automobil za traktor kako bi ga izvukao &hellip;\" \/>\n<meta property=\"og:url\" content=\"https:\/\/odabrano.com\/index.php\/2024\/12\/01\/nevrijeme-u-grckoj-dvoje-mrtvih-na-limnosu-poplave-na-rodosu\/\" \/>\n<meta property=\"og:site_name\" content=\"odabrano\" \/>\n<meta property=\"article:published_time\" content=\"2024-12-01T16:19:22+00:00\" \/>\n<meta property=\"article:modified_time\" content=\"2024-12-01T16:20:37+00:00\" \/>\n<meta property=\"og:image\" content=\"http:\/\/odabrano.com\/wp-content\/uploads\/2024\/12\/grcka.webp\" \/>\n\t<meta property=\"og:image:width\" content=\"740\" \/>\n\t<meta property=\"og:image:height\" content=\"438\" \/>\n\t<meta property=\"og:image:type\" content=\"image\/webp\" \/>\n<meta name=\"author\" content=\"admin\" \/>\n<meta name=\"twitter:card\" content=\"summary_large_image\" \/>\n<meta name=\"twitter:label1\" content=\"Written by\" \/>\n\t<meta name=\"twitter:data1\" content=\"admin\" \/>\n\t<meta name=\"twitter:label2\" content=\"Est. reading time\" \/>\n\t<meta name=\"twitter:data2\" content=\"2 minutes\" \/>\n<script type=\"application\/ld+json\" class=\"yoast-schema-graph\">{\"@context\":\"https:\/\/schema.org\",\"@graph\":[{\"@type\":\"Article\",\"@id\":\"https:\/\/odabrano.com\/index.php\/2024\/12\/01\/nevrijeme-u-grckoj-dvoje-mrtvih-na-limnosu-poplave-na-rodosu\/#article\",\"isPartOf\":{\"@id\":\"https:\/\/odabrano.com\/index.php\/2024\/12\/01\/nevrijeme-u-grckoj-dvoje-mrtvih-na-limnosu-poplave-na-rodosu\/\"},\"author\":{\"name\":\"admin\",\"@id\":\"https:\/\/odabrano.com\/#\/schema\/person\/460f2b14657879743f23c4f6a7cd3236\"},\"headline\":\"Nevrijeme u Gr\u010dkoj: Dvoje mrtvih na Limnosu, poplave na Rodosu\",\"datePublished\":\"2024-12-01T16:19:22+00:00\",\"dateModified\":\"2024-12-01T16:20:37+00:00\",\"mainEntityOfPage\":{\"@id\":\"https:\/\/odabrano.com\/index.php\/2024\/12\/01\/nevrijeme-u-grckoj-dvoje-mrtvih-na-limnosu-poplave-na-rodosu\/\"},\"wordCount\":234,\"publisher\":{\"@id\":\"https:\/\/odabrano.com\/#\/schema\/person\/460f2b14657879743f23c4f6a7cd3236\"},\"keywords\":[\"gr\u010dka\",\"limnos\"],\"articleSection\":[\"Svijet\"],\"inLanguage\":\"en-US\"},{\"@type\":\"WebPage\",\"@id\":\"https:\/\/odabrano.com\/index.php\/2024\/12\/01\/nevrijeme-u-grckoj-dvoje-mrtvih-na-limnosu-poplave-na-rodosu\/\",\"url\":\"https:\/\/odabrano.com\/index.php\/2024\/12\/01\/nevrijeme-u-grckoj-dvoje-mrtvih-na-limnosu-poplave-na-rodosu\/\",\"name\":\"Nevrijeme u Gr\u010dkoj: Dvoje mrtvih na Limnosu, poplave na Rodosu - odabrano\",\"isPartOf\":{\"@id\":\"https:\/\/odabrano.com\/#website\"},\"datePublished\":\"2024-12-01T16:19:22+00:00\",\"dateModified\":\"2024-12-01T16:20:37+00:00\",\"breadcrumb\":{\"@id\":\"https:\/\/odabrano.com\/index.php\/2024\/12\/01\/nevrijeme-u-grckoj-dvoje-mrtvih-na-limnosu-poplave-na-rodosu\/#breadcrumb\"},\"inLanguage\":\"en-US\",\"potentialAction\":[{\"@type\":\"ReadAction\",\"target\":[\"https:\/\/odabrano.com\/index.php\/2024\/12\/01\/nevrijeme-u-grckoj-dvoje-mrtvih-na-limnosu-poplave-na-rodosu\/\"]}]},{\"@type\":\"BreadcrumbList\",\"@id\":\"https:\/\/odabrano.com\/index.php\/2024\/12\/01\/nevrijeme-u-grckoj-dvoje-mrtvih-na-limnosu-poplave-na-rodosu\/#breadcrumb\",\"itemListElement\":[{\"@type\":\"ListItem\",\"position\":1,\"name\":\"Home\",\"item\":\"https:\/\/odabrano.com\/\"},{\"@type\":\"ListItem\",\"position\":2,\"name\":\"Nevrijeme u Gr\u010dkoj: Dvoje mrtvih na Limnosu, poplave na Rodosu\"}]},{\"@type\":\"WebSite\",\"@id\":\"https:\/\/odabrano.com\/#website\",\"url\":\"https:\/\/odabrano.com\/\",\"name\":\"odabrano\",\"description\":\"news portal koji nudi odabrane vijesti i informacije\",\"publisher\":{\"@id\":\"https:\/\/odabrano.com\/#\/schema\/person\/460f2b14657879743f23c4f6a7cd3236\"},\"alternateName\":\"vijesti i informacije iz Hrvatske i svijeta\",\"potentialAction\":[{\"@type\":\"SearchAction\",\"target\":{\"@type\":\"EntryPoint\",\"urlTemplate\":\"https:\/\/odabrano.com\/?s={search_term_string}\"},\"query-input\":\"required name=search_term_string\"}],\"inLanguage\":\"en-US\"},{\"@type\":[\"Person\",\"Organization\"],\"@id\":\"https:\/\/odabrano.com\/#\/schema\/person\/460f2b14657879743f23c4f6a7cd3236\",\"name\":\"admin\",\"image\":{\"@type\":\"ImageObject\",\"inLanguage\":\"en-US\",\"@id\":\"https:\/\/odabrano.com\/#\/schema\/person\/image\/\",\"url\":\"https:\/\/odabrano.com\/wp-content\/uploads\/2024\/04\/dolar.jpg\",\"contentUrl\":\"https:\/\/odabrano.com\/wp-content\/uploads\/2024\/04\/dolar.jpg\",\"width\":1216,\"height\":519,\"caption\":\"admin\"},\"logo\":{\"@id\":\"https:\/\/odabrano.com\/#\/schema\/person\/image\/\"},\"sameAs\":[\"http:\/\/odabrano.com\"],\"url\":\"https:\/\/odabrano.com\/index.php\/author\/sokolneno_u3xb387h\/\"}]}<\/script>\n<!-- \/ Yoast SEO plugin. -->","yoast_head_json":{"title":"Nevrijeme u Gr\u010dkoj: Dvoje mrtvih na Limnosu, poplave na Rodosu - odabrano","robots":{"index":"index","follow":"follow","max-snippet":"max-snippet:-1","max-image-preview":"max-image-preview:large","max-video-preview":"max-video-preview:-1"},"canonical":"https:\/\/odabrano.com\/index.php\/2024\/12\/01\/nevrijeme-u-grckoj-dvoje-mrtvih-na-limnosu-poplave-na-rodosu\/","og_locale":"en_US","og_type":"article","og_title":"Nevrijeme u Gr\u010dkoj: Dvoje mrtvih na Limnosu, poplave na Rodosu - odabrano","og_description":"Dvije osobe su izgubile \u017eivot na gr\u010dkom otoku Limnosu, u Egejskom moru, uslijed nevremena koje je pogodilo veliki dio zemlje i prouzro\u010dilo veliku \u0161tetu na otoku Rodosu, objavile su u nedjelju vlasti. Gr\u010dka policija je priop\u0107ila da su \u017ertve nevremena na Lemnosu 57-godi\u0161nji poljoprivrednik koji je poku\u0161ao prikva\u010diti automobil za traktor kako bi ga izvukao &hellip;","og_url":"https:\/\/odabrano.com\/index.php\/2024\/12\/01\/nevrijeme-u-grckoj-dvoje-mrtvih-na-limnosu-poplave-na-rodosu\/","og_site_name":"odabrano","article_published_time":"2024-12-01T16:19:22+00:00","article_modified_time":"2024-12-01T16:20:37+00:00","og_image":[{"width":740,"height":438,"url":"http:\/\/odabrano.com\/wp-content\/uploads\/2024\/12\/grcka.webp","type":"image\/webp"}],"author":"admin","twitter_card":"summary_large_image","twitter_misc":{"Written by":"admin","Est. reading time":"2 minutes"},"schema":{"@context":"https:\/\/schema.org","@graph":[{"@type":"Article","@id":"https:\/\/odabrano.com\/index.php\/2024\/12\/01\/nevrijeme-u-grckoj-dvoje-mrtvih-na-limnosu-poplave-na-rodosu\/#article","isPartOf":{"@id":"https:\/\/odabrano.com\/index.php\/2024\/12\/01\/nevrijeme-u-grckoj-dvoje-mrtvih-na-limnosu-poplave-na-rodosu\/"},"author":{"name":"admin","@id":"https:\/\/odabrano.com\/#\/schema\/person\/460f2b14657879743f23c4f6a7cd3236"},"headline":"Nevrijeme u Gr\u010dkoj: Dvoje mrtvih na Limnosu, poplave na Rodosu","datePublished":"2024-12-01T16:19:22+00:00","dateModified":"2024-12-01T16:20:37+00:00","mainEntityOfPage":{"@id":"https:\/\/odabrano.com\/index.php\/2024\/12\/01\/nevrijeme-u-grckoj-dvoje-mrtvih-na-limnosu-poplave-na-rodosu\/"},"wordCount":234,"publisher":{"@id":"https:\/\/odabrano.com\/#\/schema\/person\/460f2b14657879743f23c4f6a7cd3236"},"keywords":["gr\u010dka","limnos"],"articleSection":["Svijet"],"inLanguage":"en-US"},{"@type":"WebPage","@id":"https:\/\/odabrano.com\/index.php\/2024\/12\/01\/nevrijeme-u-grckoj-dvoje-mrtvih-na-limnosu-poplave-na-rodosu\/","url":"https:\/\/odabrano.com\/index.php\/2024\/12\/01\/nevrijeme-u-grckoj-dvoje-mrtvih-na-limnosu-poplave-na-rodosu\/","name":"Nevrijeme u Gr\u010dkoj: Dvoje mrtvih na Limnosu, poplave na Rodosu - odabrano","isPartOf":{"@id":"https:\/\/odabrano.com\/#website"},"datePublished":"2024-12-01T16:19:22+00:00","dateModified":"2024-12-01T16:20:37+00:00","breadcrumb":{"@id":"https:\/\/odabrano.com\/index.php\/2024\/12\/01\/nevrijeme-u-grckoj-dvoje-mrtvih-na-limnosu-poplave-na-rodosu\/#breadcrumb"},"inLanguage":"en-US","potentialAction":[{"@type":"ReadAction","target":["https:\/\/odabrano.com\/index.php\/2024\/12\/01\/nevrijeme-u-grckoj-dvoje-mrtvih-na-limnosu-poplave-na-rodosu\/"]}]},{"@type":"BreadcrumbList","@id":"https:\/\/odabrano.com\/index.php\/2024\/12\/01\/nevrijeme-u-grckoj-dvoje-mrtvih-na-limnosu-poplave-na-rodosu\/#breadcrumb","itemListElement":[{"@type":"ListItem","position":1,"name":"Home","item":"https:\/\/odabrano.com\/"},{"@type":"ListItem","position":2,"name":"Nevrijeme u Gr\u010dkoj: Dvoje mrtvih na Limnosu, poplave na Rodosu"}]},{"@type":"WebSite","@id":"https:\/\/odabrano.com\/#website","url":"https:\/\/odabrano.com\/","name":"odabrano","description":"news portal koji nudi odabrane vijesti i informacije","publisher":{"@id":"https:\/\/odabrano.com\/#\/schema\/person\/460f2b14657879743f23c4f6a7cd3236"},"alternateName":"vijesti i informacije iz Hrvatske i svijeta","potentialAction":[{"@type":"SearchAction","target":{"@type":"EntryPoint","urlTemplate":"https:\/\/odabrano.com\/?s={search_term_string}"},"query-input":"required name=search_term_string"}],"inLanguage":"en-US"},{"@type":["Person","Organization"],"@id":"https:\/\/odabrano.com\/#\/schema\/person\/460f2b14657879743f23c4f6a7cd3236","name":"admin","image":{"@type":"ImageObject","inLanguage":"en-US","@id":"https:\/\/odabrano.com\/#\/schema\/person\/image\/","url":"https:\/\/odabrano.com\/wp-content\/uploads\/2024\/04\/dolar.jpg","contentUrl":"https:\/\/odabrano.com\/wp-content\/uploads\/2024\/04\/dolar.jpg","width":1216,"height":519,"caption":"admin"},"logo":{"@id":"https:\/\/odabrano.com\/#\/schema\/person\/image\/"},"sameAs":["http:\/\/odabrano.com"],"url":"https:\/\/odabrano.com\/index.php\/author\/sokolneno_u3xb387h\/"}]}},"_links":{"self":[{"href":"https:\/\/odabrano.com\/index.php\/wp-json\/wp\/v2\/posts\/5544","targetHints":{"allow":["GET"]}}],"collection":[{"href":"https:\/\/odabrano.com\/index.php\/wp-json\/wp\/v2\/posts"}],"about":[{"href":"https:\/\/odabrano.com\/index.php\/wp-json\/wp\/v2\/types\/post"}],"author":[{"embeddable":true,"href":"https:\/\/odabrano.com\/index.php\/wp-json\/wp\/v2\/users\/1"}],"replies":[{"embeddable":true,"href":"https:\/\/odabrano.com\/index.php\/wp-json\/wp\/v2\/comments?post=5544"}],"version-history":[{"count":1,"href":"https:\/\/odabrano.com\/index.php\/wp-json\/wp\/v2\/posts\/5544\/revisions"}],"predecessor-version":[{"id":5545,"href":"https:\/\/odabrano.com\/index.php\/wp-json\/wp\/v2\/posts\/5544\/revisions\/5545"}],"wp:featuredmedia":[{"embeddable":true,"href":"https:\/\/odabrano.com\/index.php\/wp-json\/wp\/v2\/media\/5546"}],"wp:attachment":[{"href":"https:\/\/odabrano.com\/index.php\/wp-json\/wp\/v2\/media?parent=5544"}],"wp:term":[{"taxonomy":"category","embeddable":true,"href":"https:\/\/odabrano.com\/index.php\/wp-json\/wp\/v2\/categories?post=5544"},{"taxonomy":"post_tag","embeddable":true,"href":"https:\/\/odabrano.com\/index.php\/wp-json\/wp\/v2\/tags?post=5544"}],"curies":[{"name":"wp","href":"https:\/\/api.w.org\/{rel}","templated":true}]}}