{"id":5534,"date":"2024-11-30T18:30:27","date_gmt":"2024-11-30T17:30:27","guid":{"rendered":"https:\/\/odabrano.com\/?p=5534"},"modified":"2024-11-30T18:30:28","modified_gmt":"2024-11-30T17:30:28","slug":"bulj-jedini-sam-upozoravao-da-ce-euro-dovesti-do-dodatne-inflacije","status":"publish","type":"post","link":"https:\/\/odabrano.com\/index.php\/2024\/11\/30\/bulj-jedini-sam-upozoravao-da-ce-euro-dovesti-do-dodatne-inflacije\/","title":{"rendered":"Bulj: Jedini sam upozoravao da \u0107e euro dovesti do dodatne inflacije"},"content":{"rendered":"\n<p><strong>Miro Bulj, kandidat Mosta za predsjednika RH, rekao je u subotu u Ka\u0161telima da je jedini upozoravao da \u0107e uvo\u0111enje eura dovesti do dodatne inflacije, dok su ostali kandidati \u0161utjeli, a me\u0111u njima i aktualni hrvatski predsjednik Zoran Milanovi\u0107.<\/strong><\/p>\n\n\n\n<p>&#8211; Jedini sam upozoravao da \u0107e uvo\u0111enje eura dovesti do dodatne inflacije, dok su ostali kandidati \u0161utjeli, me\u0111u njima i Milanovi\u0107. U Sinju sam pokazao \u0161to treba raditi &#8211; rezati poreze na pla\u0107u kako bi ljudima rasle pla\u0107e, poticati obitelji i mlade sna\u017enim demografskim mjerama poput besplatnih vrti\u0107a. Umjesto toga, Vlada najavljuje porez na nekretnine kojim \u0107e dodatno nagaziti na\u0161e gra\u0111ane. Ja ga u Sinju ne\u0107u uvesti, unato\u010d mogu\u0107im sankcijama, poru\u010dio je Bulj u Ka\u0161telima.<\/p>\n\n\n\n<p>Ustvrdio je da inflacija ne prestaje rasti i da je uvo\u0111enje eura dodatno pogodilo hrvatske gra\u0111ane. O\u0161tro je kritizirao Vladu zbog najave uvo\u0111enja poreza na nekretnine, nagla\u0161avaju\u0107i da je to udar na gra\u0111ane koji se ve\u0107 bore s rastu\u0107im tro\u0161kovima \u017eivota, priop\u0107eno je iz Mosta.<\/p>\n\n\n\n<p>&#8211; Hrvatska treba biti u slu\u017ebi svojih gra\u0111ana, a ne stranih korporacija i banaka. Hrvatska mora slu\u017eiti malim iznajmljiva\u010dima, obrtnicima, poduzetnicima, seljacima, obiteljima, a ne bankama koje iz Hrvatske izvla\u010de milijarde ili telekomima i hotelskim ku\u0107ama. Bit \u0107u glas obi\u010dnog \u010dovjeka i sna\u017eno \u0107u se suprotstaviti korumpiranim elitama, poru\u010dio je Bulj.<\/p>\n\n\n\n<p>Kao rje\u0161enje za zaustavljanje nepravde i vra\u0107anje povjerenja u institucije, najavio je dono\u0161enje zakona o podrijetlu imovine.<\/p>\n\n\n\n<p>&#8211; Umjesto da uvode porez na nekretnine i ka\u017enjavaju narod, trebamo zakon o porijeklu imovine kojim \u0107e se tajkuni i politi\u010dari morati opravdati za svoje bogatstvo. Hrvatski narod vi\u0161e ne\u0107e biti meta pohlepe i korupcije, istaknuo je Bulj te naglasio da je Hrvatska&nbsp; zemlja ljudi koji vrijedno rade i koji zaslu\u017euju sigurnost, dostojanstvo i pravdu. &#8220;Borit \u0107u se da to osiguramo za narod, a ne za povla\u0161tene&#8221;, zaklju\u010dio je.<\/p>\n","protected":false},"excerpt":{"rendered":"<p>Miro Bulj, kandidat Mosta za predsjednika RH, rekao je u subotu u Ka\u0161telima da je jedini upozoravao da \u0107e uvo\u0111enje eura dovesti do dodatne inflacije, dok su ostali kandidati \u0161utjeli, a me\u0111u njima i aktualni hrvatski predsjednik Zoran Milanovi\u0107. &#8211; Jedini sam upozoravao da \u0107e uvo\u0111enje eura dovesti do dodatne inflacije, dok su ostali kandidati &hellip;<\/p>\n","protected":false},"author":1,"featured_media":5535,"comment_status":"closed","ping_status":"open","sticky":false,"template":"","format":"standard","meta":{"_monsterinsights_skip_tracking":false,"_monsterinsights_sitenote_active":false,"_monsterinsights_sitenote_note":"","_monsterinsights_sitenote_category":0,"footnotes":""},"categories":[25],"tags":[1139],"class_list":["post-5534","post","type-post","status-publish","format-standard","has-post-thumbnail","","category-hrvatska","tag-miro-bulj"],"yoast_head":"<!-- This site is optimized with the Yoast SEO plugin v22.1 - https:\/\/yoast.com\/wordpress\/plugins\/seo\/ -->\n<title>Bulj: Jedini sam upozoravao da \u0107e euro dovesti do dodatne inflacije - odabrano<\/title>\n<meta name=\"robots\" content=\"index, follow, max-snippet:-1, max-image-preview:large, max-video-preview:-1\" \/>\n<link rel=\"canonical\" href=\"https:\/\/odabrano.com\/index.php\/2024\/11\/30\/bulj-jedini-sam-upozoravao-da-ce-euro-dovesti-do-dodatne-inflacije\/\" \/>\n<meta property=\"og:locale\" content=\"en_US\" \/>\n<meta property=\"og:type\" content=\"article\" \/>\n<meta property=\"og:title\" content=\"Bulj: Jedini sam upozoravao da \u0107e euro dovesti do dodatne inflacije - odabrano\" \/>\n<meta property=\"og:description\" content=\"Miro Bulj, kandidat Mosta za predsjednika RH, rekao je u subotu u Ka\u0161telima da je jedini upozoravao da \u0107e uvo\u0111enje eura dovesti do dodatne inflacije, dok su ostali kandidati \u0161utjeli, a me\u0111u njima i aktualni hrvatski predsjednik Zoran Milanovi\u0107. &#8211; Jedini sam upozoravao da \u0107e uvo\u0111enje eura dovesti do dodatne inflacije, dok su ostali kandidati &hellip;\" \/>\n<meta property=\"og:url\" content=\"https:\/\/odabrano.com\/index.php\/2024\/11\/30\/bulj-jedini-sam-upozoravao-da-ce-euro-dovesti-do-dodatne-inflacije\/\" \/>\n<meta property=\"og:site_name\" content=\"odabrano\" \/>\n<meta property=\"article:published_time\" content=\"2024-11-30T17:30:27+00:00\" \/>\n<meta property=\"article:modified_time\" content=\"2024-11-30T17:30:28+00:00\" \/>\n<meta property=\"og:image\" content=\"http:\/\/odabrano.com\/wp-content\/uploads\/2024\/11\/bulj.webp\" \/>\n\t<meta property=\"og:image:width\" content=\"740\" \/>\n\t<meta property=\"og:image:height\" content=\"438\" \/>\n\t<meta property=\"og:image:type\" content=\"image\/webp\" \/>\n<meta name=\"author\" content=\"admin\" \/>\n<meta name=\"twitter:card\" content=\"summary_large_image\" \/>\n<meta name=\"twitter:label1\" content=\"Written by\" \/>\n\t<meta name=\"twitter:data1\" content=\"admin\" \/>\n\t<meta name=\"twitter:label2\" content=\"Est. reading time\" \/>\n\t<meta name=\"twitter:data2\" content=\"2 minutes\" \/>\n<script type=\"application\/ld+json\" class=\"yoast-schema-graph\">{\"@context\":\"https:\/\/schema.org\",\"@graph\":[{\"@type\":\"Article\",\"@id\":\"https:\/\/odabrano.com\/index.php\/2024\/11\/30\/bulj-jedini-sam-upozoravao-da-ce-euro-dovesti-do-dodatne-inflacije\/#article\",\"isPartOf\":{\"@id\":\"https:\/\/odabrano.com\/index.php\/2024\/11\/30\/bulj-jedini-sam-upozoravao-da-ce-euro-dovesti-do-dodatne-inflacije\/\"},\"author\":{\"name\":\"admin\",\"@id\":\"https:\/\/odabrano.com\/#\/schema\/person\/460f2b14657879743f23c4f6a7cd3236\"},\"headline\":\"Bulj: Jedini sam upozoravao da \u0107e euro dovesti do dodatne inflacije\",\"datePublished\":\"2024-11-30T17:30:27+00:00\",\"dateModified\":\"2024-11-30T17:30:28+00:00\",\"mainEntityOfPage\":{\"@id\":\"https:\/\/odabrano.com\/index.php\/2024\/11\/30\/bulj-jedini-sam-upozoravao-da-ce-euro-dovesti-do-dodatne-inflacije\/\"},\"wordCount\":352,\"publisher\":{\"@id\":\"https:\/\/odabrano.com\/#\/schema\/person\/460f2b14657879743f23c4f6a7cd3236\"},\"keywords\":[\"miro bulj\"],\"articleSection\":[\"Hrvatska\"],\"inLanguage\":\"en-US\"},{\"@type\":\"WebPage\",\"@id\":\"https:\/\/odabrano.com\/index.php\/2024\/11\/30\/bulj-jedini-sam-upozoravao-da-ce-euro-dovesti-do-dodatne-inflacije\/\",\"url\":\"https:\/\/odabrano.com\/index.php\/2024\/11\/30\/bulj-jedini-sam-upozoravao-da-ce-euro-dovesti-do-dodatne-inflacije\/\",\"name\":\"Bulj: Jedini sam upozoravao da \u0107e euro dovesti do dodatne inflacije - odabrano\",\"isPartOf\":{\"@id\":\"https:\/\/odabrano.com\/#website\"},\"datePublished\":\"2024-11-30T17:30:27+00:00\",\"dateModified\":\"2024-11-30T17:30:28+00:00\",\"breadcrumb\":{\"@id\":\"https:\/\/odabrano.com\/index.php\/2024\/11\/30\/bulj-jedini-sam-upozoravao-da-ce-euro-dovesti-do-dodatne-inflacije\/#breadcrumb\"},\"inLanguage\":\"en-US\",\"potentialAction\":[{\"@type\":\"ReadAction\",\"target\":[\"https:\/\/odabrano.com\/index.php\/2024\/11\/30\/bulj-jedini-sam-upozoravao-da-ce-euro-dovesti-do-dodatne-inflacije\/\"]}]},{\"@type\":\"BreadcrumbList\",\"@id\":\"https:\/\/odabrano.com\/index.php\/2024\/11\/30\/bulj-jedini-sam-upozoravao-da-ce-euro-dovesti-do-dodatne-inflacije\/#breadcrumb\",\"itemListElement\":[{\"@type\":\"ListItem\",\"position\":1,\"name\":\"Home\",\"item\":\"https:\/\/odabrano.com\/\"},{\"@type\":\"ListItem\",\"position\":2,\"name\":\"Bulj: Jedini sam upozoravao da \u0107e euro dovesti do dodatne inflacije\"}]},{\"@type\":\"WebSite\",\"@id\":\"https:\/\/odabrano.com\/#website\",\"url\":\"https:\/\/odabrano.com\/\",\"name\":\"odabrano\",\"description\":\"news portal koji nudi odabrane vijesti i informacije\",\"publisher\":{\"@id\":\"https:\/\/odabrano.com\/#\/schema\/person\/460f2b14657879743f23c4f6a7cd3236\"},\"alternateName\":\"vijesti i informacije iz Hrvatske i svijeta\",\"potentialAction\":[{\"@type\":\"SearchAction\",\"target\":{\"@type\":\"EntryPoint\",\"urlTemplate\":\"https:\/\/odabrano.com\/?s={search_term_string}\"},\"query-input\":\"required name=search_term_string\"}],\"inLanguage\":\"en-US\"},{\"@type\":[\"Person\",\"Organization\"],\"@id\":\"https:\/\/odabrano.com\/#\/schema\/person\/460f2b14657879743f23c4f6a7cd3236\",\"name\":\"admin\",\"image\":{\"@type\":\"ImageObject\",\"inLanguage\":\"en-US\",\"@id\":\"https:\/\/odabrano.com\/#\/schema\/person\/image\/\",\"url\":\"https:\/\/odabrano.com\/wp-content\/uploads\/2024\/04\/dolar.jpg\",\"contentUrl\":\"https:\/\/odabrano.com\/wp-content\/uploads\/2024\/04\/dolar.jpg\",\"width\":1216,\"height\":519,\"caption\":\"admin\"},\"logo\":{\"@id\":\"https:\/\/odabrano.com\/#\/schema\/person\/image\/\"},\"sameAs\":[\"http:\/\/odabrano.com\"],\"url\":\"https:\/\/odabrano.com\/index.php\/author\/sokolneno_u3xb387h\/\"}]}<\/script>\n<!-- \/ Yoast SEO plugin. -->","yoast_head_json":{"title":"Bulj: Jedini sam upozoravao da \u0107e euro dovesti do dodatne inflacije - odabrano","robots":{"index":"index","follow":"follow","max-snippet":"max-snippet:-1","max-image-preview":"max-image-preview:large","max-video-preview":"max-video-preview:-1"},"canonical":"https:\/\/odabrano.com\/index.php\/2024\/11\/30\/bulj-jedini-sam-upozoravao-da-ce-euro-dovesti-do-dodatne-inflacije\/","og_locale":"en_US","og_type":"article","og_title":"Bulj: Jedini sam upozoravao da \u0107e euro dovesti do dodatne inflacije - odabrano","og_description":"Miro Bulj, kandidat Mosta za predsjednika RH, rekao je u subotu u Ka\u0161telima da je jedini upozoravao da \u0107e uvo\u0111enje eura dovesti do dodatne inflacije, dok su ostali kandidati \u0161utjeli, a me\u0111u njima i aktualni hrvatski predsjednik Zoran Milanovi\u0107. &#8211; Jedini sam upozoravao da \u0107e uvo\u0111enje eura dovesti do dodatne inflacije, dok su ostali kandidati &hellip;","og_url":"https:\/\/odabrano.com\/index.php\/2024\/11\/30\/bulj-jedini-sam-upozoravao-da-ce-euro-dovesti-do-dodatne-inflacije\/","og_site_name":"odabrano","article_published_time":"2024-11-30T17:30:27+00:00","article_modified_time":"2024-11-30T17:30:28+00:00","og_image":[{"width":740,"height":438,"url":"http:\/\/odabrano.com\/wp-content\/uploads\/2024\/11\/bulj.webp","type":"image\/webp"}],"author":"admin","twitter_card":"summary_large_image","twitter_misc":{"Written by":"admin","Est. reading time":"2 minutes"},"schema":{"@context":"https:\/\/schema.org","@graph":[{"@type":"Article","@id":"https:\/\/odabrano.com\/index.php\/2024\/11\/30\/bulj-jedini-sam-upozoravao-da-ce-euro-dovesti-do-dodatne-inflacije\/#article","isPartOf":{"@id":"https:\/\/odabrano.com\/index.php\/2024\/11\/30\/bulj-jedini-sam-upozoravao-da-ce-euro-dovesti-do-dodatne-inflacije\/"},"author":{"name":"admin","@id":"https:\/\/odabrano.com\/#\/schema\/person\/460f2b14657879743f23c4f6a7cd3236"},"headline":"Bulj: Jedini sam upozoravao da \u0107e euro dovesti do dodatne inflacije","datePublished":"2024-11-30T17:30:27+00:00","dateModified":"2024-11-30T17:30:28+00:00","mainEntityOfPage":{"@id":"https:\/\/odabrano.com\/index.php\/2024\/11\/30\/bulj-jedini-sam-upozoravao-da-ce-euro-dovesti-do-dodatne-inflacije\/"},"wordCount":352,"publisher":{"@id":"https:\/\/odabrano.com\/#\/schema\/person\/460f2b14657879743f23c4f6a7cd3236"},"keywords":["miro bulj"],"articleSection":["Hrvatska"],"inLanguage":"en-US"},{"@type":"WebPage","@id":"https:\/\/odabrano.com\/index.php\/2024\/11\/30\/bulj-jedini-sam-upozoravao-da-ce-euro-dovesti-do-dodatne-inflacije\/","url":"https:\/\/odabrano.com\/index.php\/2024\/11\/30\/bulj-jedini-sam-upozoravao-da-ce-euro-dovesti-do-dodatne-inflacije\/","name":"Bulj: Jedini sam upozoravao da \u0107e euro dovesti do dodatne inflacije - odabrano","isPartOf":{"@id":"https:\/\/odabrano.com\/#website"},"datePublished":"2024-11-30T17:30:27+00:00","dateModified":"2024-11-30T17:30:28+00:00","breadcrumb":{"@id":"https:\/\/odabrano.com\/index.php\/2024\/11\/30\/bulj-jedini-sam-upozoravao-da-ce-euro-dovesti-do-dodatne-inflacije\/#breadcrumb"},"inLanguage":"en-US","potentialAction":[{"@type":"ReadAction","target":["https:\/\/odabrano.com\/index.php\/2024\/11\/30\/bulj-jedini-sam-upozoravao-da-ce-euro-dovesti-do-dodatne-inflacije\/"]}]},{"@type":"BreadcrumbList","@id":"https:\/\/odabrano.com\/index.php\/2024\/11\/30\/bulj-jedini-sam-upozoravao-da-ce-euro-dovesti-do-dodatne-inflacije\/#breadcrumb","itemListElement":[{"@type":"ListItem","position":1,"name":"Home","item":"https:\/\/odabrano.com\/"},{"@type":"ListItem","position":2,"name":"Bulj: Jedini sam upozoravao da \u0107e euro dovesti do dodatne inflacije"}]},{"@type":"WebSite","@id":"https:\/\/odabrano.com\/#website","url":"https:\/\/odabrano.com\/","name":"odabrano","description":"news portal koji nudi odabrane vijesti i informacije","publisher":{"@id":"https:\/\/odabrano.com\/#\/schema\/person\/460f2b14657879743f23c4f6a7cd3236"},"alternateName":"vijesti i informacije iz Hrvatske i svijeta","potentialAction":[{"@type":"SearchAction","target":{"@type":"EntryPoint","urlTemplate":"https:\/\/odabrano.com\/?s={search_term_string}"},"query-input":"required name=search_term_string"}],"inLanguage":"en-US"},{"@type":["Person","Organization"],"@id":"https:\/\/odabrano.com\/#\/schema\/person\/460f2b14657879743f23c4f6a7cd3236","name":"admin","image":{"@type":"ImageObject","inLanguage":"en-US","@id":"https:\/\/odabrano.com\/#\/schema\/person\/image\/","url":"https:\/\/odabrano.com\/wp-content\/uploads\/2024\/04\/dolar.jpg","contentUrl":"https:\/\/odabrano.com\/wp-content\/uploads\/2024\/04\/dolar.jpg","width":1216,"height":519,"caption":"admin"},"logo":{"@id":"https:\/\/odabrano.com\/#\/schema\/person\/image\/"},"sameAs":["http:\/\/odabrano.com"],"url":"https:\/\/odabrano.com\/index.php\/author\/sokolneno_u3xb387h\/"}]}},"_links":{"self":[{"href":"https:\/\/odabrano.com\/index.php\/wp-json\/wp\/v2\/posts\/5534","targetHints":{"allow":["GET"]}}],"collection":[{"href":"https:\/\/odabrano.com\/index.php\/wp-json\/wp\/v2\/posts"}],"about":[{"href":"https:\/\/odabrano.com\/index.php\/wp-json\/wp\/v2\/types\/post"}],"author":[{"embeddable":true,"href":"https:\/\/odabrano.com\/index.php\/wp-json\/wp\/v2\/users\/1"}],"replies":[{"embeddable":true,"href":"https:\/\/odabrano.com\/index.php\/wp-json\/wp\/v2\/comments?post=5534"}],"version-history":[{"count":1,"href":"https:\/\/odabrano.com\/index.php\/wp-json\/wp\/v2\/posts\/5534\/revisions"}],"predecessor-version":[{"id":5536,"href":"https:\/\/odabrano.com\/index.php\/wp-json\/wp\/v2\/posts\/5534\/revisions\/5536"}],"wp:featuredmedia":[{"embeddable":true,"href":"https:\/\/odabrano.com\/index.php\/wp-json\/wp\/v2\/media\/5535"}],"wp:attachment":[{"href":"https:\/\/odabrano.com\/index.php\/wp-json\/wp\/v2\/media?parent=5534"}],"wp:term":[{"taxonomy":"category","embeddable":true,"href":"https:\/\/odabrano.com\/index.php\/wp-json\/wp\/v2\/categories?post=5534"},{"taxonomy":"post_tag","embeddable":true,"href":"https:\/\/odabrano.com\/index.php\/wp-json\/wp\/v2\/tags?post=5534"}],"curies":[{"name":"wp","href":"https:\/\/api.w.org\/{rel}","templated":true}]}}