{"id":5509,"date":"2024-11-26T15:58:42","date_gmt":"2024-11-26T14:58:42","guid":{"rendered":"https:\/\/odabrano.com\/?p=5509"},"modified":"2024-11-26T17:19:02","modified_gmt":"2024-11-26T16:19:02","slug":"irena-hrstic-dobila-podrsku-saborskog-odbora-za-zdravstvo","status":"publish","type":"post","link":"https:\/\/odabrano.com\/index.php\/2024\/11\/26\/irena-hrstic-dobila-podrsku-saborskog-odbora-za-zdravstvo\/","title":{"rendered":"Irena Hrsti\u0107 dobila podr\u0161ku saborskog Odbora za zdravstvo"},"content":{"rendered":"\n<p>Kandidatkinja za novu ministricu zdravstva Irena Hrsti\u0107 predstavila se saborskom Odboru za zdravstvo i socijalnu politiku i poru\u010dila &#8211; prvi je korak vra\u0107anje digniteta zdravstvenom sustavu, djelatniku i pacijentu. Premijer Andrej Plenkovi\u0107 najavio je da \u0107e joj me\u0111u najva\u017enijim zada\u0107ama biti revizija izvanrednih javnih nabava. Oporba ga je do\u010dekala s kritikama vezanim za uru\u0161avanje zdravstvenog sustava, na koje je o\u0161tro odgovorio.<\/p>\n\n\n\n<p>Hrsti\u0107 je predstavio premijer&nbsp;<strong>Andrej Plenkovi\u0107<\/strong>, koji je rekao da \u0107e prva zada\u0107a nove ministrice biti provjera i &#8220;proventiliranje&#8221; u sustavu zdravstva, a Hrsti\u0107 je poru\u010dila da \u0107e raditi na vra\u0107anju digniteta zdravstvenom sustavu, na dostupnosti zdravstvenih usluga, listama \u010dekanja te jasnom definiranju odnosa javnog i privatnog.<\/p>\n\n\n\n<p><strong><em>Za Beograd, firmom Hrsti\u0107 upravo se narod sprema, sve razloge za put ima, samo sre\u0107e valjda nema, samo sre\u0107e valjda nema:<\/em><\/strong><\/p>\n\n\n\n<p><iframe loading=\"lazy\" width=\"560\" height=\"315\" src=\"https:\/\/www.youtube.com\/embed\/T_fyMIL2Zhw?si=DXGoYAvhk01I48eE\" title=\"YouTube video player\" frameborder=\"0\" allow=\"accelerometer; autoplay; clipboard-write; encrypted-media; gyroscope; picture-in-picture; web-share\" referrerpolicy=\"strict-origin-when-cross-origin\" allowfullscreen=\"\"><\/iframe><br><br>Sjednica je obilje\u017eena prepirkama vladaju\u0107ih i oporbe, a Plenkovi\u0107 ju je napustio prije kraja.<\/p>\n\n\n\n<p><br>Na sljede\u0107oj sjednici Sabora o povjerenju Ireni Hrsti\u0107 glasovat \u0107e se bez rasprave, a da bi bila potvr\u0111ena, nova ministrica morat \u0107e dobiti glasove 76 zastupnika.<\/p>\n\n\n\n<p>Irena Hrsti\u0107 je gastroenterologinja i dugogodi\u0161nja ravnateljica Op\u0107e bolnice Pule i na mjesto ministrice dolazi s du\u017enosti dr\u017eavne tajnice u Ministarstvu zdravstva, na koju je imenovana u srpnju ove godine.&nbsp;Preuzet \u0107e vo\u0111enje resora nakon \u0161to je njezin prethodnik&nbsp;<strong>Vili Bero\u0161<\/strong>, zbog sumnje da je u nabavi medicinske opreme uzimao mito, razrije\u0161en ministarske du\u017enosti.<\/p>\n","protected":false},"excerpt":{"rendered":"<p>Kandidatkinja za novu ministricu zdravstva Irena Hrsti\u0107 predstavila se saborskom Odboru za zdravstvo i socijalnu politiku i poru\u010dila &#8211; prvi je korak vra\u0107anje digniteta zdravstvenom sustavu, djelatniku i pacijentu. Premijer Andrej Plenkovi\u0107 najavio je da \u0107e joj me\u0111u najva\u017enijim zada\u0107ama biti revizija izvanrednih javnih nabava. Oporba ga je do\u010dekala s kritikama vezanim za uru\u0161avanje zdravstvenog &hellip;<\/p>\n","protected":false},"author":1,"featured_media":5510,"comment_status":"closed","ping_status":"open","sticky":false,"template":"","format":"standard","meta":{"_monsterinsights_skip_tracking":false,"_monsterinsights_sitenote_active":false,"_monsterinsights_sitenote_note":"","_monsterinsights_sitenote_category":0,"footnotes":""},"categories":[25],"tags":[1135,1136],"class_list":["post-5509","post","type-post","status-publish","format-standard","has-post-thumbnail","","category-hrvatska","tag-irena-hrstic","tag-zdravstvo"],"yoast_head":"<!-- This site is optimized with the Yoast SEO plugin v22.1 - https:\/\/yoast.com\/wordpress\/plugins\/seo\/ -->\n<title>Irena Hrsti\u0107 dobila podr\u0161ku saborskog Odbora za zdravstvo - odabrano<\/title>\n<meta name=\"robots\" content=\"index, follow, max-snippet:-1, max-image-preview:large, max-video-preview:-1\" \/>\n<link rel=\"canonical\" href=\"https:\/\/odabrano.com\/index.php\/2024\/11\/26\/irena-hrstic-dobila-podrsku-saborskog-odbora-za-zdravstvo\/\" \/>\n<meta property=\"og:locale\" content=\"en_US\" \/>\n<meta property=\"og:type\" content=\"article\" \/>\n<meta property=\"og:title\" content=\"Irena Hrsti\u0107 dobila podr\u0161ku saborskog Odbora za zdravstvo - odabrano\" \/>\n<meta property=\"og:description\" content=\"Kandidatkinja za novu ministricu zdravstva Irena Hrsti\u0107 predstavila se saborskom Odboru za zdravstvo i socijalnu politiku i poru\u010dila &#8211; prvi je korak vra\u0107anje digniteta zdravstvenom sustavu, djelatniku i pacijentu. Premijer Andrej Plenkovi\u0107 najavio je da \u0107e joj me\u0111u najva\u017enijim zada\u0107ama biti revizija izvanrednih javnih nabava. Oporba ga je do\u010dekala s kritikama vezanim za uru\u0161avanje zdravstvenog &hellip;\" \/>\n<meta property=\"og:url\" content=\"https:\/\/odabrano.com\/index.php\/2024\/11\/26\/irena-hrstic-dobila-podrsku-saborskog-odbora-za-zdravstvo\/\" \/>\n<meta property=\"og:site_name\" content=\"odabrano\" \/>\n<meta property=\"article:published_time\" content=\"2024-11-26T14:58:42+00:00\" \/>\n<meta property=\"article:modified_time\" content=\"2024-11-26T16:19:02+00:00\" \/>\n<meta property=\"og:image\" content=\"http:\/\/odabrano.com\/wp-content\/uploads\/2024\/11\/hrstic.webp\" \/>\n\t<meta property=\"og:image:width\" content=\"740\" \/>\n\t<meta property=\"og:image:height\" content=\"438\" \/>\n\t<meta property=\"og:image:type\" content=\"image\/webp\" \/>\n<meta name=\"author\" content=\"admin\" \/>\n<meta name=\"twitter:card\" content=\"summary_large_image\" \/>\n<meta name=\"twitter:label1\" content=\"Written by\" \/>\n\t<meta name=\"twitter:data1\" content=\"admin\" \/>\n\t<meta name=\"twitter:label2\" content=\"Est. reading time\" \/>\n\t<meta name=\"twitter:data2\" content=\"2 minutes\" \/>\n<script type=\"application\/ld+json\" class=\"yoast-schema-graph\">{\"@context\":\"https:\/\/schema.org\",\"@graph\":[{\"@type\":\"Article\",\"@id\":\"https:\/\/odabrano.com\/index.php\/2024\/11\/26\/irena-hrstic-dobila-podrsku-saborskog-odbora-za-zdravstvo\/#article\",\"isPartOf\":{\"@id\":\"https:\/\/odabrano.com\/index.php\/2024\/11\/26\/irena-hrstic-dobila-podrsku-saborskog-odbora-za-zdravstvo\/\"},\"author\":{\"name\":\"admin\",\"@id\":\"https:\/\/odabrano.com\/#\/schema\/person\/460f2b14657879743f23c4f6a7cd3236\"},\"headline\":\"Irena Hrsti\u0107 dobila podr\u0161ku saborskog Odbora za zdravstvo\",\"datePublished\":\"2024-11-26T14:58:42+00:00\",\"dateModified\":\"2024-11-26T16:19:02+00:00\",\"mainEntityOfPage\":{\"@id\":\"https:\/\/odabrano.com\/index.php\/2024\/11\/26\/irena-hrstic-dobila-podrsku-saborskog-odbora-za-zdravstvo\/\"},\"wordCount\":258,\"publisher\":{\"@id\":\"https:\/\/odabrano.com\/#\/schema\/person\/460f2b14657879743f23c4f6a7cd3236\"},\"keywords\":[\"irena hrsti\u0107\",\"zdravstvo\"],\"articleSection\":[\"Hrvatska\"],\"inLanguage\":\"en-US\"},{\"@type\":\"WebPage\",\"@id\":\"https:\/\/odabrano.com\/index.php\/2024\/11\/26\/irena-hrstic-dobila-podrsku-saborskog-odbora-za-zdravstvo\/\",\"url\":\"https:\/\/odabrano.com\/index.php\/2024\/11\/26\/irena-hrstic-dobila-podrsku-saborskog-odbora-za-zdravstvo\/\",\"name\":\"Irena Hrsti\u0107 dobila podr\u0161ku saborskog Odbora za zdravstvo - odabrano\",\"isPartOf\":{\"@id\":\"https:\/\/odabrano.com\/#website\"},\"datePublished\":\"2024-11-26T14:58:42+00:00\",\"dateModified\":\"2024-11-26T16:19:02+00:00\",\"breadcrumb\":{\"@id\":\"https:\/\/odabrano.com\/index.php\/2024\/11\/26\/irena-hrstic-dobila-podrsku-saborskog-odbora-za-zdravstvo\/#breadcrumb\"},\"inLanguage\":\"en-US\",\"potentialAction\":[{\"@type\":\"ReadAction\",\"target\":[\"https:\/\/odabrano.com\/index.php\/2024\/11\/26\/irena-hrstic-dobila-podrsku-saborskog-odbora-za-zdravstvo\/\"]}]},{\"@type\":\"BreadcrumbList\",\"@id\":\"https:\/\/odabrano.com\/index.php\/2024\/11\/26\/irena-hrstic-dobila-podrsku-saborskog-odbora-za-zdravstvo\/#breadcrumb\",\"itemListElement\":[{\"@type\":\"ListItem\",\"position\":1,\"name\":\"Home\",\"item\":\"https:\/\/odabrano.com\/\"},{\"@type\":\"ListItem\",\"position\":2,\"name\":\"Irena Hrsti\u0107 dobila podr\u0161ku saborskog Odbora za zdravstvo\"}]},{\"@type\":\"WebSite\",\"@id\":\"https:\/\/odabrano.com\/#website\",\"url\":\"https:\/\/odabrano.com\/\",\"name\":\"odabrano\",\"description\":\"news portal koji nudi odabrane vijesti i informacije\",\"publisher\":{\"@id\":\"https:\/\/odabrano.com\/#\/schema\/person\/460f2b14657879743f23c4f6a7cd3236\"},\"alternateName\":\"vijesti i informacije iz Hrvatske i svijeta\",\"potentialAction\":[{\"@type\":\"SearchAction\",\"target\":{\"@type\":\"EntryPoint\",\"urlTemplate\":\"https:\/\/odabrano.com\/?s={search_term_string}\"},\"query-input\":\"required name=search_term_string\"}],\"inLanguage\":\"en-US\"},{\"@type\":[\"Person\",\"Organization\"],\"@id\":\"https:\/\/odabrano.com\/#\/schema\/person\/460f2b14657879743f23c4f6a7cd3236\",\"name\":\"admin\",\"image\":{\"@type\":\"ImageObject\",\"inLanguage\":\"en-US\",\"@id\":\"https:\/\/odabrano.com\/#\/schema\/person\/image\/\",\"url\":\"https:\/\/odabrano.com\/wp-content\/uploads\/2024\/04\/dolar.jpg\",\"contentUrl\":\"https:\/\/odabrano.com\/wp-content\/uploads\/2024\/04\/dolar.jpg\",\"width\":1216,\"height\":519,\"caption\":\"admin\"},\"logo\":{\"@id\":\"https:\/\/odabrano.com\/#\/schema\/person\/image\/\"},\"sameAs\":[\"http:\/\/odabrano.com\"],\"url\":\"https:\/\/odabrano.com\/index.php\/author\/sokolneno_u3xb387h\/\"}]}<\/script>\n<!-- \/ Yoast SEO plugin. -->","yoast_head_json":{"title":"Irena Hrsti\u0107 dobila podr\u0161ku saborskog Odbora za zdravstvo - odabrano","robots":{"index":"index","follow":"follow","max-snippet":"max-snippet:-1","max-image-preview":"max-image-preview:large","max-video-preview":"max-video-preview:-1"},"canonical":"https:\/\/odabrano.com\/index.php\/2024\/11\/26\/irena-hrstic-dobila-podrsku-saborskog-odbora-za-zdravstvo\/","og_locale":"en_US","og_type":"article","og_title":"Irena Hrsti\u0107 dobila podr\u0161ku saborskog Odbora za zdravstvo - odabrano","og_description":"Kandidatkinja za novu ministricu zdravstva Irena Hrsti\u0107 predstavila se saborskom Odboru za zdravstvo i socijalnu politiku i poru\u010dila &#8211; prvi je korak vra\u0107anje digniteta zdravstvenom sustavu, djelatniku i pacijentu. Premijer Andrej Plenkovi\u0107 najavio je da \u0107e joj me\u0111u najva\u017enijim zada\u0107ama biti revizija izvanrednih javnih nabava. Oporba ga je do\u010dekala s kritikama vezanim za uru\u0161avanje zdravstvenog &hellip;","og_url":"https:\/\/odabrano.com\/index.php\/2024\/11\/26\/irena-hrstic-dobila-podrsku-saborskog-odbora-za-zdravstvo\/","og_site_name":"odabrano","article_published_time":"2024-11-26T14:58:42+00:00","article_modified_time":"2024-11-26T16:19:02+00:00","og_image":[{"width":740,"height":438,"url":"http:\/\/odabrano.com\/wp-content\/uploads\/2024\/11\/hrstic.webp","type":"image\/webp"}],"author":"admin","twitter_card":"summary_large_image","twitter_misc":{"Written by":"admin","Est. reading time":"2 minutes"},"schema":{"@context":"https:\/\/schema.org","@graph":[{"@type":"Article","@id":"https:\/\/odabrano.com\/index.php\/2024\/11\/26\/irena-hrstic-dobila-podrsku-saborskog-odbora-za-zdravstvo\/#article","isPartOf":{"@id":"https:\/\/odabrano.com\/index.php\/2024\/11\/26\/irena-hrstic-dobila-podrsku-saborskog-odbora-za-zdravstvo\/"},"author":{"name":"admin","@id":"https:\/\/odabrano.com\/#\/schema\/person\/460f2b14657879743f23c4f6a7cd3236"},"headline":"Irena Hrsti\u0107 dobila podr\u0161ku saborskog Odbora za zdravstvo","datePublished":"2024-11-26T14:58:42+00:00","dateModified":"2024-11-26T16:19:02+00:00","mainEntityOfPage":{"@id":"https:\/\/odabrano.com\/index.php\/2024\/11\/26\/irena-hrstic-dobila-podrsku-saborskog-odbora-za-zdravstvo\/"},"wordCount":258,"publisher":{"@id":"https:\/\/odabrano.com\/#\/schema\/person\/460f2b14657879743f23c4f6a7cd3236"},"keywords":["irena hrsti\u0107","zdravstvo"],"articleSection":["Hrvatska"],"inLanguage":"en-US"},{"@type":"WebPage","@id":"https:\/\/odabrano.com\/index.php\/2024\/11\/26\/irena-hrstic-dobila-podrsku-saborskog-odbora-za-zdravstvo\/","url":"https:\/\/odabrano.com\/index.php\/2024\/11\/26\/irena-hrstic-dobila-podrsku-saborskog-odbora-za-zdravstvo\/","name":"Irena Hrsti\u0107 dobila podr\u0161ku saborskog Odbora za zdravstvo - odabrano","isPartOf":{"@id":"https:\/\/odabrano.com\/#website"},"datePublished":"2024-11-26T14:58:42+00:00","dateModified":"2024-11-26T16:19:02+00:00","breadcrumb":{"@id":"https:\/\/odabrano.com\/index.php\/2024\/11\/26\/irena-hrstic-dobila-podrsku-saborskog-odbora-za-zdravstvo\/#breadcrumb"},"inLanguage":"en-US","potentialAction":[{"@type":"ReadAction","target":["https:\/\/odabrano.com\/index.php\/2024\/11\/26\/irena-hrstic-dobila-podrsku-saborskog-odbora-za-zdravstvo\/"]}]},{"@type":"BreadcrumbList","@id":"https:\/\/odabrano.com\/index.php\/2024\/11\/26\/irena-hrstic-dobila-podrsku-saborskog-odbora-za-zdravstvo\/#breadcrumb","itemListElement":[{"@type":"ListItem","position":1,"name":"Home","item":"https:\/\/odabrano.com\/"},{"@type":"ListItem","position":2,"name":"Irena Hrsti\u0107 dobila podr\u0161ku saborskog Odbora za zdravstvo"}]},{"@type":"WebSite","@id":"https:\/\/odabrano.com\/#website","url":"https:\/\/odabrano.com\/","name":"odabrano","description":"news portal koji nudi odabrane vijesti i informacije","publisher":{"@id":"https:\/\/odabrano.com\/#\/schema\/person\/460f2b14657879743f23c4f6a7cd3236"},"alternateName":"vijesti i informacije iz Hrvatske i svijeta","potentialAction":[{"@type":"SearchAction","target":{"@type":"EntryPoint","urlTemplate":"https:\/\/odabrano.com\/?s={search_term_string}"},"query-input":"required name=search_term_string"}],"inLanguage":"en-US"},{"@type":["Person","Organization"],"@id":"https:\/\/odabrano.com\/#\/schema\/person\/460f2b14657879743f23c4f6a7cd3236","name":"admin","image":{"@type":"ImageObject","inLanguage":"en-US","@id":"https:\/\/odabrano.com\/#\/schema\/person\/image\/","url":"https:\/\/odabrano.com\/wp-content\/uploads\/2024\/04\/dolar.jpg","contentUrl":"https:\/\/odabrano.com\/wp-content\/uploads\/2024\/04\/dolar.jpg","width":1216,"height":519,"caption":"admin"},"logo":{"@id":"https:\/\/odabrano.com\/#\/schema\/person\/image\/"},"sameAs":["http:\/\/odabrano.com"],"url":"https:\/\/odabrano.com\/index.php\/author\/sokolneno_u3xb387h\/"}]}},"_links":{"self":[{"href":"https:\/\/odabrano.com\/index.php\/wp-json\/wp\/v2\/posts\/5509","targetHints":{"allow":["GET"]}}],"collection":[{"href":"https:\/\/odabrano.com\/index.php\/wp-json\/wp\/v2\/posts"}],"about":[{"href":"https:\/\/odabrano.com\/index.php\/wp-json\/wp\/v2\/types\/post"}],"author":[{"embeddable":true,"href":"https:\/\/odabrano.com\/index.php\/wp-json\/wp\/v2\/users\/1"}],"replies":[{"embeddable":true,"href":"https:\/\/odabrano.com\/index.php\/wp-json\/wp\/v2\/comments?post=5509"}],"version-history":[{"count":4,"href":"https:\/\/odabrano.com\/index.php\/wp-json\/wp\/v2\/posts\/5509\/revisions"}],"predecessor-version":[{"id":5517,"href":"https:\/\/odabrano.com\/index.php\/wp-json\/wp\/v2\/posts\/5509\/revisions\/5517"}],"wp:featuredmedia":[{"embeddable":true,"href":"https:\/\/odabrano.com\/index.php\/wp-json\/wp\/v2\/media\/5510"}],"wp:attachment":[{"href":"https:\/\/odabrano.com\/index.php\/wp-json\/wp\/v2\/media?parent=5509"}],"wp:term":[{"taxonomy":"category","embeddable":true,"href":"https:\/\/odabrano.com\/index.php\/wp-json\/wp\/v2\/categories?post=5509"},{"taxonomy":"post_tag","embeddable":true,"href":"https:\/\/odabrano.com\/index.php\/wp-json\/wp\/v2\/tags?post=5509"}],"curies":[{"name":"wp","href":"https:\/\/api.w.org\/{rel}","templated":true}]}}