{"id":5475,"date":"2024-11-19T16:23:50","date_gmt":"2024-11-19T15:23:50","guid":{"rendered":"https:\/\/odabrano.com\/?p=5475"},"modified":"2024-11-19T16:29:02","modified_gmt":"2024-11-19T15:29:02","slug":"milanovic-zestoko-napao-dorh-zbog-odluke-o-istrazi-berosa-i-ostalih","status":"publish","type":"post","link":"https:\/\/odabrano.com\/index.php\/2024\/11\/19\/milanovic-zestoko-napao-dorh-zbog-odluke-o-istrazi-berosa-i-ostalih\/","title":{"rendered":"Milanovi\u0107 \u017eestoko napao DORH zbog odluke o istrazi Bero\u0161a i ostalih"},"content":{"rendered":"\n<p>Glavni dr\u017eavni odvjetnik Ivan Turudi\u0107 u utorak je odlu\u010dio da je Uskok, a ne Ured europskog javnog tu\u017eitelja (EPPO) nadle\u017ean za slu\u010daj povezan s ranije pritvorenim biv\u0161im ministrom zdravstva Vilijem Bero\u0161em.<\/p>\n\n\n\n<p>Nakon \u0161to je Uskok u petak objavio da su zbog sumnje u korupciju uhitili Bero\u0161a, predstojnika Klinike za neurologiju KBC-a Sestre milosrdnice i \u010dlana uprave jedne zagreba\u010dke poliklinike Kre\u0161imira Rotima te poduzetnika Sa\u0161u Pozdera, EPPO je priop\u0107io da je pokrenuo istragu protiv Bero\u0161a i jo\u0161 sedam osoba.<\/p>\n\n\n\n<p>Nedugo nakon objave DORH-a oglasio se i Zoran Milanovi\u0107.<\/p>\n\n\n\n<p>&#8220;Istraga korupcije u Ministarstvu zdravstva ne smije nikoga zaobi\u0107i i moraju se otkriti i kazniti svi koji su bili uklju\u010deni u plja\u010dku javnog novca.&nbsp;<\/p>\n\n\n\n<p>Europski tu\u017eitelji zapo\u010deli su istragu, prikupili su vi\u0161e dokaza, svojom istragom obuhvatili ve\u0107i broj osumnji\u010denih osoba i kaznenih djela. Znaju\u0107i k tome kako DORH-u nedostaje i ljudi i sredstava, to su \u010dvrsti argumenti zbog kojih je EPPO trebao nastaviti i zavr\u0161iti istragu&#8221;, pi\u0161e Milanovi\u0107.<\/p>\n\n\n\n<p>&#8220;Doista nije jasno za\u0161to se resursi DORH-a napadno usmjeravaju na istrage kojima se ve\u0107 dugo bave europski tu\u017eitelji. Jo\u0161 va\u017enije, iz do sada poznatih \u010dinjenica, opravdano se mo\u017ee sumnjati kako istrage u slu\u010daju ministra zdravstva ne bi bilo da se pitalo DORH koji se korupcijom u Ministarstvu zdravstva po\u010deo baviti tek prije nekoliko tjedana, za razliku od europskih tu\u017eitelja koji su istragu pokrenuli prije pet mjeseci&#8221;, dodaje.<\/p>\n\n\n\n<h4 class=\"wp-block-heading\"><strong>Milanovi\u0107: Svi vidimo da se korupcija u vladi otkriva jedino kad istragu rade europski tu\u017eitelji<\/strong><\/h4>\n\n\n\n<p>&#8220;Svi vidimo da se korupcija u vladi Andreja Plenkovi\u0107a otkriva jedino kada istragu pokrenu europski tu\u017eitelji. To je sramota za Hrvatsku jer pokazuje da hrvatska dr\u017eava nije sposobna sama se obra\u010dunati s kriminalom i korupcijom&#8221;, dodaje Milanovi\u0107.<\/p>\n\n\n\n<p>&#8220;Hrvatska mora biti dr\u017eava kojoj ne\u0107e trebati EPPO da bi se istra\u017eivao i ka\u017enjavao kriminal i korupcija, a to je mogu\u0107e jedino uz samostalan i od politike posve neovisan DORH.&nbsp;<\/p>\n\n\n\n<p>Umjesto pravosudnih institucija koje \u0161tite javne i interese gra\u0111ana &#8211; u ovom slu\u010daju interese i novac javnog zdravstvenog sustava &#8211; zbog Andreja Plenkovi\u0107a imamo pravosudne institucije koje su pod sumnjom da zapravo \u0161tite njegovu vlast.&nbsp;<\/p>\n\n\n\n<p>Ne prvi puta, i ovaj slu\u010daj potvr\u0111uje za\u0161to je Plenkovi\u0107 nasilno ugurao Ivana Turudi\u0107a na mjesto Glavnog dr\u017eavnog odvjetnika &#8211; da bi preko njega kontrolirao istrage&#8221;, dodaje Milanovi\u0107 u objavi.<\/p>\n","protected":false},"excerpt":{"rendered":"<p>Glavni dr\u017eavni odvjetnik Ivan Turudi\u0107 u utorak je odlu\u010dio da je Uskok, a ne Ured europskog javnog tu\u017eitelja (EPPO) nadle\u017ean za slu\u010daj povezan s ranije pritvorenim biv\u0161im ministrom zdravstva Vilijem Bero\u0161em. Nakon \u0161to je Uskok u petak objavio da su zbog sumnje u korupciju uhitili Bero\u0161a, predstojnika Klinike za neurologiju KBC-a Sestre milosrdnice i \u010dlana &hellip;<\/p>\n","protected":false},"author":1,"featured_media":5476,"comment_status":"closed","ping_status":"open","sticky":false,"template":"","format":"standard","meta":{"_monsterinsights_skip_tracking":false,"_monsterinsights_sitenote_active":false,"_monsterinsights_sitenote_note":"","_monsterinsights_sitenote_category":0,"footnotes":""},"categories":[25],"tags":[1126,109,1127],"class_list":["post-5475","post","type-post","status-publish","format-standard","has-post-thumbnail","","category-hrvatska","tag-dorh","tag-milanovic","tag-nadceznost"],"yoast_head":"<!-- This site is optimized with the Yoast SEO plugin v22.1 - https:\/\/yoast.com\/wordpress\/plugins\/seo\/ -->\n<title>Milanovi\u0107 \u017eestoko napao DORH zbog odluke o istrazi Bero\u0161a i ostalih - odabrano<\/title>\n<meta name=\"robots\" content=\"index, follow, max-snippet:-1, max-image-preview:large, max-video-preview:-1\" \/>\n<link rel=\"canonical\" href=\"https:\/\/odabrano.com\/index.php\/2024\/11\/19\/milanovic-zestoko-napao-dorh-zbog-odluke-o-istrazi-berosa-i-ostalih\/\" \/>\n<meta property=\"og:locale\" content=\"en_US\" \/>\n<meta property=\"og:type\" content=\"article\" \/>\n<meta property=\"og:title\" content=\"Milanovi\u0107 \u017eestoko napao DORH zbog odluke o istrazi Bero\u0161a i ostalih - odabrano\" \/>\n<meta property=\"og:description\" content=\"Glavni dr\u017eavni odvjetnik Ivan Turudi\u0107 u utorak je odlu\u010dio da je Uskok, a ne Ured europskog javnog tu\u017eitelja (EPPO) nadle\u017ean za slu\u010daj povezan s ranije pritvorenim biv\u0161im ministrom zdravstva Vilijem Bero\u0161em. Nakon \u0161to je Uskok u petak objavio da su zbog sumnje u korupciju uhitili Bero\u0161a, predstojnika Klinike za neurologiju KBC-a Sestre milosrdnice i \u010dlana &hellip;\" \/>\n<meta property=\"og:url\" content=\"https:\/\/odabrano.com\/index.php\/2024\/11\/19\/milanovic-zestoko-napao-dorh-zbog-odluke-o-istrazi-berosa-i-ostalih\/\" \/>\n<meta property=\"og:site_name\" content=\"odabrano\" \/>\n<meta property=\"article:published_time\" content=\"2024-11-19T15:23:50+00:00\" \/>\n<meta property=\"article:modified_time\" content=\"2024-11-19T15:29:02+00:00\" \/>\n<meta property=\"og:image\" content=\"http:\/\/odabrano.com\/wp-content\/uploads\/2024\/11\/milanovic.jpg\" \/>\n\t<meta property=\"og:image:width\" content=\"2048\" \/>\n\t<meta property=\"og:image:height\" content=\"1152\" \/>\n\t<meta property=\"og:image:type\" content=\"image\/jpeg\" \/>\n<meta name=\"author\" content=\"admin\" \/>\n<meta name=\"twitter:card\" content=\"summary_large_image\" \/>\n<meta name=\"twitter:label1\" content=\"Written by\" \/>\n\t<meta name=\"twitter:data1\" content=\"admin\" \/>\n\t<meta name=\"twitter:label2\" content=\"Est. reading time\" \/>\n\t<meta name=\"twitter:data2\" content=\"2 minutes\" \/>\n<script type=\"application\/ld+json\" class=\"yoast-schema-graph\">{\"@context\":\"https:\/\/schema.org\",\"@graph\":[{\"@type\":\"Article\",\"@id\":\"https:\/\/odabrano.com\/index.php\/2024\/11\/19\/milanovic-zestoko-napao-dorh-zbog-odluke-o-istrazi-berosa-i-ostalih\/#article\",\"isPartOf\":{\"@id\":\"https:\/\/odabrano.com\/index.php\/2024\/11\/19\/milanovic-zestoko-napao-dorh-zbog-odluke-o-istrazi-berosa-i-ostalih\/\"},\"author\":{\"name\":\"admin\",\"@id\":\"https:\/\/odabrano.com\/#\/schema\/person\/460f2b14657879743f23c4f6a7cd3236\"},\"headline\":\"Milanovi\u0107 \u017eestoko napao DORH zbog odluke o istrazi Bero\u0161a i ostalih\",\"datePublished\":\"2024-11-19T15:23:50+00:00\",\"dateModified\":\"2024-11-19T15:29:02+00:00\",\"mainEntityOfPage\":{\"@id\":\"https:\/\/odabrano.com\/index.php\/2024\/11\/19\/milanovic-zestoko-napao-dorh-zbog-odluke-o-istrazi-berosa-i-ostalih\/\"},\"wordCount\":433,\"publisher\":{\"@id\":\"https:\/\/odabrano.com\/#\/schema\/person\/460f2b14657879743f23c4f6a7cd3236\"},\"keywords\":[\"dorh\",\"milanovi\u0107\",\"nad\u010de\u017enost\"],\"articleSection\":[\"Hrvatska\"],\"inLanguage\":\"en-US\"},{\"@type\":\"WebPage\",\"@id\":\"https:\/\/odabrano.com\/index.php\/2024\/11\/19\/milanovic-zestoko-napao-dorh-zbog-odluke-o-istrazi-berosa-i-ostalih\/\",\"url\":\"https:\/\/odabrano.com\/index.php\/2024\/11\/19\/milanovic-zestoko-napao-dorh-zbog-odluke-o-istrazi-berosa-i-ostalih\/\",\"name\":\"Milanovi\u0107 \u017eestoko napao DORH zbog odluke o istrazi Bero\u0161a i ostalih - odabrano\",\"isPartOf\":{\"@id\":\"https:\/\/odabrano.com\/#website\"},\"datePublished\":\"2024-11-19T15:23:50+00:00\",\"dateModified\":\"2024-11-19T15:29:02+00:00\",\"breadcrumb\":{\"@id\":\"https:\/\/odabrano.com\/index.php\/2024\/11\/19\/milanovic-zestoko-napao-dorh-zbog-odluke-o-istrazi-berosa-i-ostalih\/#breadcrumb\"},\"inLanguage\":\"en-US\",\"potentialAction\":[{\"@type\":\"ReadAction\",\"target\":[\"https:\/\/odabrano.com\/index.php\/2024\/11\/19\/milanovic-zestoko-napao-dorh-zbog-odluke-o-istrazi-berosa-i-ostalih\/\"]}]},{\"@type\":\"BreadcrumbList\",\"@id\":\"https:\/\/odabrano.com\/index.php\/2024\/11\/19\/milanovic-zestoko-napao-dorh-zbog-odluke-o-istrazi-berosa-i-ostalih\/#breadcrumb\",\"itemListElement\":[{\"@type\":\"ListItem\",\"position\":1,\"name\":\"Home\",\"item\":\"https:\/\/odabrano.com\/\"},{\"@type\":\"ListItem\",\"position\":2,\"name\":\"Milanovi\u0107 \u017eestoko napao DORH zbog odluke o istrazi Bero\u0161a i ostalih\"}]},{\"@type\":\"WebSite\",\"@id\":\"https:\/\/odabrano.com\/#website\",\"url\":\"https:\/\/odabrano.com\/\",\"name\":\"odabrano\",\"description\":\"news portal koji nudi odabrane vijesti i informacije\",\"publisher\":{\"@id\":\"https:\/\/odabrano.com\/#\/schema\/person\/460f2b14657879743f23c4f6a7cd3236\"},\"alternateName\":\"vijesti i informacije iz Hrvatske i svijeta\",\"potentialAction\":[{\"@type\":\"SearchAction\",\"target\":{\"@type\":\"EntryPoint\",\"urlTemplate\":\"https:\/\/odabrano.com\/?s={search_term_string}\"},\"query-input\":\"required name=search_term_string\"}],\"inLanguage\":\"en-US\"},{\"@type\":[\"Person\",\"Organization\"],\"@id\":\"https:\/\/odabrano.com\/#\/schema\/person\/460f2b14657879743f23c4f6a7cd3236\",\"name\":\"admin\",\"image\":{\"@type\":\"ImageObject\",\"inLanguage\":\"en-US\",\"@id\":\"https:\/\/odabrano.com\/#\/schema\/person\/image\/\",\"url\":\"https:\/\/odabrano.com\/wp-content\/uploads\/2024\/04\/dolar.jpg\",\"contentUrl\":\"https:\/\/odabrano.com\/wp-content\/uploads\/2024\/04\/dolar.jpg\",\"width\":1216,\"height\":519,\"caption\":\"admin\"},\"logo\":{\"@id\":\"https:\/\/odabrano.com\/#\/schema\/person\/image\/\"},\"sameAs\":[\"http:\/\/odabrano.com\"],\"url\":\"https:\/\/odabrano.com\/index.php\/author\/sokolneno_u3xb387h\/\"}]}<\/script>\n<!-- \/ Yoast SEO plugin. -->","yoast_head_json":{"title":"Milanovi\u0107 \u017eestoko napao DORH zbog odluke o istrazi Bero\u0161a i ostalih - odabrano","robots":{"index":"index","follow":"follow","max-snippet":"max-snippet:-1","max-image-preview":"max-image-preview:large","max-video-preview":"max-video-preview:-1"},"canonical":"https:\/\/odabrano.com\/index.php\/2024\/11\/19\/milanovic-zestoko-napao-dorh-zbog-odluke-o-istrazi-berosa-i-ostalih\/","og_locale":"en_US","og_type":"article","og_title":"Milanovi\u0107 \u017eestoko napao DORH zbog odluke o istrazi Bero\u0161a i ostalih - odabrano","og_description":"Glavni dr\u017eavni odvjetnik Ivan Turudi\u0107 u utorak je odlu\u010dio da je Uskok, a ne Ured europskog javnog tu\u017eitelja (EPPO) nadle\u017ean za slu\u010daj povezan s ranije pritvorenim biv\u0161im ministrom zdravstva Vilijem Bero\u0161em. Nakon \u0161to je Uskok u petak objavio da su zbog sumnje u korupciju uhitili Bero\u0161a, predstojnika Klinike za neurologiju KBC-a Sestre milosrdnice i \u010dlana &hellip;","og_url":"https:\/\/odabrano.com\/index.php\/2024\/11\/19\/milanovic-zestoko-napao-dorh-zbog-odluke-o-istrazi-berosa-i-ostalih\/","og_site_name":"odabrano","article_published_time":"2024-11-19T15:23:50+00:00","article_modified_time":"2024-11-19T15:29:02+00:00","og_image":[{"width":2048,"height":1152,"url":"http:\/\/odabrano.com\/wp-content\/uploads\/2024\/11\/milanovic.jpg","type":"image\/jpeg"}],"author":"admin","twitter_card":"summary_large_image","twitter_misc":{"Written by":"admin","Est. reading time":"2 minutes"},"schema":{"@context":"https:\/\/schema.org","@graph":[{"@type":"Article","@id":"https:\/\/odabrano.com\/index.php\/2024\/11\/19\/milanovic-zestoko-napao-dorh-zbog-odluke-o-istrazi-berosa-i-ostalih\/#article","isPartOf":{"@id":"https:\/\/odabrano.com\/index.php\/2024\/11\/19\/milanovic-zestoko-napao-dorh-zbog-odluke-o-istrazi-berosa-i-ostalih\/"},"author":{"name":"admin","@id":"https:\/\/odabrano.com\/#\/schema\/person\/460f2b14657879743f23c4f6a7cd3236"},"headline":"Milanovi\u0107 \u017eestoko napao DORH zbog odluke o istrazi Bero\u0161a i ostalih","datePublished":"2024-11-19T15:23:50+00:00","dateModified":"2024-11-19T15:29:02+00:00","mainEntityOfPage":{"@id":"https:\/\/odabrano.com\/index.php\/2024\/11\/19\/milanovic-zestoko-napao-dorh-zbog-odluke-o-istrazi-berosa-i-ostalih\/"},"wordCount":433,"publisher":{"@id":"https:\/\/odabrano.com\/#\/schema\/person\/460f2b14657879743f23c4f6a7cd3236"},"keywords":["dorh","milanovi\u0107","nad\u010de\u017enost"],"articleSection":["Hrvatska"],"inLanguage":"en-US"},{"@type":"WebPage","@id":"https:\/\/odabrano.com\/index.php\/2024\/11\/19\/milanovic-zestoko-napao-dorh-zbog-odluke-o-istrazi-berosa-i-ostalih\/","url":"https:\/\/odabrano.com\/index.php\/2024\/11\/19\/milanovic-zestoko-napao-dorh-zbog-odluke-o-istrazi-berosa-i-ostalih\/","name":"Milanovi\u0107 \u017eestoko napao DORH zbog odluke o istrazi Bero\u0161a i ostalih - odabrano","isPartOf":{"@id":"https:\/\/odabrano.com\/#website"},"datePublished":"2024-11-19T15:23:50+00:00","dateModified":"2024-11-19T15:29:02+00:00","breadcrumb":{"@id":"https:\/\/odabrano.com\/index.php\/2024\/11\/19\/milanovic-zestoko-napao-dorh-zbog-odluke-o-istrazi-berosa-i-ostalih\/#breadcrumb"},"inLanguage":"en-US","potentialAction":[{"@type":"ReadAction","target":["https:\/\/odabrano.com\/index.php\/2024\/11\/19\/milanovic-zestoko-napao-dorh-zbog-odluke-o-istrazi-berosa-i-ostalih\/"]}]},{"@type":"BreadcrumbList","@id":"https:\/\/odabrano.com\/index.php\/2024\/11\/19\/milanovic-zestoko-napao-dorh-zbog-odluke-o-istrazi-berosa-i-ostalih\/#breadcrumb","itemListElement":[{"@type":"ListItem","position":1,"name":"Home","item":"https:\/\/odabrano.com\/"},{"@type":"ListItem","position":2,"name":"Milanovi\u0107 \u017eestoko napao DORH zbog odluke o istrazi Bero\u0161a i ostalih"}]},{"@type":"WebSite","@id":"https:\/\/odabrano.com\/#website","url":"https:\/\/odabrano.com\/","name":"odabrano","description":"news portal koji nudi odabrane vijesti i informacije","publisher":{"@id":"https:\/\/odabrano.com\/#\/schema\/person\/460f2b14657879743f23c4f6a7cd3236"},"alternateName":"vijesti i informacije iz Hrvatske i svijeta","potentialAction":[{"@type":"SearchAction","target":{"@type":"EntryPoint","urlTemplate":"https:\/\/odabrano.com\/?s={search_term_string}"},"query-input":"required name=search_term_string"}],"inLanguage":"en-US"},{"@type":["Person","Organization"],"@id":"https:\/\/odabrano.com\/#\/schema\/person\/460f2b14657879743f23c4f6a7cd3236","name":"admin","image":{"@type":"ImageObject","inLanguage":"en-US","@id":"https:\/\/odabrano.com\/#\/schema\/person\/image\/","url":"https:\/\/odabrano.com\/wp-content\/uploads\/2024\/04\/dolar.jpg","contentUrl":"https:\/\/odabrano.com\/wp-content\/uploads\/2024\/04\/dolar.jpg","width":1216,"height":519,"caption":"admin"},"logo":{"@id":"https:\/\/odabrano.com\/#\/schema\/person\/image\/"},"sameAs":["http:\/\/odabrano.com"],"url":"https:\/\/odabrano.com\/index.php\/author\/sokolneno_u3xb387h\/"}]}},"_links":{"self":[{"href":"https:\/\/odabrano.com\/index.php\/wp-json\/wp\/v2\/posts\/5475","targetHints":{"allow":["GET"]}}],"collection":[{"href":"https:\/\/odabrano.com\/index.php\/wp-json\/wp\/v2\/posts"}],"about":[{"href":"https:\/\/odabrano.com\/index.php\/wp-json\/wp\/v2\/types\/post"}],"author":[{"embeddable":true,"href":"https:\/\/odabrano.com\/index.php\/wp-json\/wp\/v2\/users\/1"}],"replies":[{"embeddable":true,"href":"https:\/\/odabrano.com\/index.php\/wp-json\/wp\/v2\/comments?post=5475"}],"version-history":[{"count":2,"href":"https:\/\/odabrano.com\/index.php\/wp-json\/wp\/v2\/posts\/5475\/revisions"}],"predecessor-version":[{"id":5478,"href":"https:\/\/odabrano.com\/index.php\/wp-json\/wp\/v2\/posts\/5475\/revisions\/5478"}],"wp:featuredmedia":[{"embeddable":true,"href":"https:\/\/odabrano.com\/index.php\/wp-json\/wp\/v2\/media\/5476"}],"wp:attachment":[{"href":"https:\/\/odabrano.com\/index.php\/wp-json\/wp\/v2\/media?parent=5475"}],"wp:term":[{"taxonomy":"category","embeddable":true,"href":"https:\/\/odabrano.com\/index.php\/wp-json\/wp\/v2\/categories?post=5475"},{"taxonomy":"post_tag","embeddable":true,"href":"https:\/\/odabrano.com\/index.php\/wp-json\/wp\/v2\/tags?post=5475"}],"curies":[{"name":"wp","href":"https:\/\/api.w.org\/{rel}","templated":true}]}}