{"id":545,"date":"2024-03-29T19:35:16","date_gmt":"2024-03-29T19:35:16","guid":{"rendered":"http:\/\/odabrano.com\/?p=545"},"modified":"2024-03-29T19:35:17","modified_gmt":"2024-03-29T19:35:17","slug":"vucic-srbija-je-u-izuzetno-teskoj-politickoj-situaciji","status":"publish","type":"post","link":"https:\/\/odabrano.com\/index.php\/2024\/03\/29\/vucic-srbija-je-u-izuzetno-teskoj-politickoj-situaciji\/","title":{"rendered":"Vu\u010di\u0107: Srbija je u izuzetno te\u0161koj politi\u010dkoj situaciji"},"content":{"rendered":"\n<p>Progon Srba sa sjevera Kosova i Metohije brutalno je pripreman, a s druge strane se \u010duje \u201corganizirana \u0161utnja\u201d, istaknuo je Vu\u010di\u0107.<\/p>\n\n\n\n<p>Predsjednik Aleksandar Vu\u010di\u0107 rekao je u obra\u0107anju javnosti da se Srbija nalazi u izuzetno te\u0161koj politi\u010dkoj situaciji, jer pla\u0107a visoku cijenu zbog svog geopoliti\u010dkog polo\u017eaja.<\/p>\n\n\n\n<p>Progon Srba sa sjevera Kosova i Metohije je brutalno pripreman, a s druge strane se \u010duje &#8220;organizirana \u0161utnja&#8221;, istaknuo je Vu\u010di\u0107.<\/p>\n\n\n\n<p>\u0160to se ti\u010de ukidanja dinara na Kosovu i Metohiji, predsednik je rekao da Srbija tu odluku ne mo\u017ee i ne\u0107e prihvatiti.<\/p>\n\n\n\n<p>&#8220;Ne\u0107ete nas tjerati da prihvatimo ne\u0161to jer smo jako dobri i fini, jer \u0107ete nam re\u0107i &#8211; potap\u0161at \u0107emo vas po ramenu.&#8221; Prestanite nas tap\u0161ati po le\u0111ima. Mnogo ste nas lagali i obmanjivali\u201d, rekao je Vu\u010di\u0107.<\/p>\n\n\n\n<p>Naveo je da se Srbija nalazi u izuzetno te\u0161koj politi\u010dkoj situaciji.<\/p>\n\n\n\n<p>&#8220;Ovaj put, bojim se, zaista nismo mi krivi, ali zbog geopoliti\u010dke situacije pla\u0107amo skupu cijenu&#8221;, istaknuo je Vu\u010di\u0107.<\/p>\n\n\n\n<p>Rije\u010d je, ka\u017ee, o ukupnom pritisku zbog na\u0161e vojne neutralnosti, zbog na\u0161eg odnosa prema sukobu u Ukrajini i stava da osu\u0111ujemo napad na suverenu zemlju, ali se ne pridru\u017eujemo sankcijama.<\/p>\n\n\n\n<p>Tre\u0107i razlog je, istaknuo je, to \u0161to zapadne zemlje osje\u0107aju veliki pritisak zbog napredovanja ruskih snaga i mogu\u0107ih budu\u0107ih politi\u010dkih poruka iz Moskve koje \u0107e se temeljiti na onome \u0161to se pogre\u0161no naziva &#8220;kosovskim presedanom&#8221;.<\/p>\n\n\n\n<p>\u201eUpravo zato je potrebno sve to izvu\u0107i iz ruku Vladimira Putina ili kao potencijalnog asa iz rukava Vladimira Putina, a tu se Srbija i srpski narod \u010desto nalaze na meti ne samo Pri\u0161tine, ve\u0107 i svih onih koji su ih podr\u017eavali\u201d, objasnio je Vu\u010di\u0107.<\/p>\n","protected":false},"excerpt":{"rendered":"<p>Progon Srba sa sjevera Kosova i Metohije brutalno je pripreman, a s druge strane se \u010duje \u201corganizirana \u0161utnja\u201d, istaknuo je Vu\u010di\u0107. Predsjednik Aleksandar Vu\u010di\u0107 rekao je u obra\u0107anju javnosti da se Srbija nalazi u izuzetno te\u0161koj politi\u010dkoj situaciji, jer pla\u0107a visoku cijenu zbog svog geopoliti\u010dkog polo\u017eaja. Progon Srba sa sjevera Kosova i Metohije je brutalno &hellip;<\/p>\n","protected":false},"author":1,"featured_media":546,"comment_status":"closed","ping_status":"open","sticky":false,"template":"","format":"standard","meta":{"_monsterinsights_skip_tracking":false,"_monsterinsights_sitenote_active":false,"_monsterinsights_sitenote_note":"","_monsterinsights_sitenote_category":0,"footnotes":""},"categories":[6],"tags":[179,181,180,178],"class_list":["post-545","post","type-post","status-publish","format-standard","has-post-thumbnail","","category-istok","tag-genocid","tag-kosovo","tag-srebrenica","tag-vucic"],"yoast_head":"<!-- This site is optimized with the Yoast SEO plugin v22.1 - https:\/\/yoast.com\/wordpress\/plugins\/seo\/ -->\n<title>Vu\u010di\u0107: Srbija je u izuzetno te\u0161koj politi\u010dkoj situaciji - odabrano<\/title>\n<meta name=\"robots\" content=\"index, follow, max-snippet:-1, max-image-preview:large, max-video-preview:-1\" \/>\n<link rel=\"canonical\" href=\"https:\/\/odabrano.com\/index.php\/2024\/03\/29\/vucic-srbija-je-u-izuzetno-teskoj-politickoj-situaciji\/\" \/>\n<meta property=\"og:locale\" content=\"en_US\" \/>\n<meta property=\"og:type\" content=\"article\" \/>\n<meta property=\"og:title\" content=\"Vu\u010di\u0107: Srbija je u izuzetno te\u0161koj politi\u010dkoj situaciji - odabrano\" \/>\n<meta property=\"og:description\" content=\"Progon Srba sa sjevera Kosova i Metohije brutalno je pripreman, a s druge strane se \u010duje \u201corganizirana \u0161utnja\u201d, istaknuo je Vu\u010di\u0107. Predsjednik Aleksandar Vu\u010di\u0107 rekao je u obra\u0107anju javnosti da se Srbija nalazi u izuzetno te\u0161koj politi\u010dkoj situaciji, jer pla\u0107a visoku cijenu zbog svog geopoliti\u010dkog polo\u017eaja. Progon Srba sa sjevera Kosova i Metohije je brutalno &hellip;\" \/>\n<meta property=\"og:url\" content=\"https:\/\/odabrano.com\/index.php\/2024\/03\/29\/vucic-srbija-je-u-izuzetno-teskoj-politickoj-situaciji\/\" \/>\n<meta property=\"og:site_name\" content=\"odabrano\" \/>\n<meta property=\"article:published_time\" content=\"2024-03-29T19:35:16+00:00\" \/>\n<meta property=\"article:modified_time\" content=\"2024-03-29T19:35:17+00:00\" \/>\n<meta property=\"og:image\" content=\"https:\/\/odabrano.com\/wp-content\/uploads\/2024\/03\/vucic.jpg\" \/>\n\t<meta property=\"og:image:width\" content=\"854\" \/>\n\t<meta property=\"og:image:height\" content=\"502\" \/>\n\t<meta property=\"og:image:type\" content=\"image\/jpeg\" \/>\n<meta name=\"author\" content=\"admin\" \/>\n<meta name=\"twitter:card\" content=\"summary_large_image\" \/>\n<meta name=\"twitter:label1\" content=\"Written by\" \/>\n\t<meta name=\"twitter:data1\" content=\"admin\" \/>\n\t<meta name=\"twitter:label2\" content=\"Est. reading time\" \/>\n\t<meta name=\"twitter:data2\" content=\"2 minutes\" \/>\n<script type=\"application\/ld+json\" class=\"yoast-schema-graph\">{\"@context\":\"https:\/\/schema.org\",\"@graph\":[{\"@type\":\"Article\",\"@id\":\"https:\/\/odabrano.com\/index.php\/2024\/03\/29\/vucic-srbija-je-u-izuzetno-teskoj-politickoj-situaciji\/#article\",\"isPartOf\":{\"@id\":\"https:\/\/odabrano.com\/index.php\/2024\/03\/29\/vucic-srbija-je-u-izuzetno-teskoj-politickoj-situaciji\/\"},\"author\":{\"name\":\"admin\",\"@id\":\"https:\/\/odabrano.com\/#\/schema\/person\/460f2b14657879743f23c4f6a7cd3236\"},\"headline\":\"Vu\u010di\u0107: Srbija je u izuzetno te\u0161koj politi\u010dkoj situaciji\",\"datePublished\":\"2024-03-29T19:35:16+00:00\",\"dateModified\":\"2024-03-29T19:35:17+00:00\",\"mainEntityOfPage\":{\"@id\":\"https:\/\/odabrano.com\/index.php\/2024\/03\/29\/vucic-srbija-je-u-izuzetno-teskoj-politickoj-situaciji\/\"},\"wordCount\":312,\"publisher\":{\"@id\":\"https:\/\/odabrano.com\/#\/schema\/person\/460f2b14657879743f23c4f6a7cd3236\"},\"keywords\":[\"genocid\",\"kosovo\",\"srebrenica\",\"vu\u010di\u0107\"],\"articleSection\":[\"Istok\"],\"inLanguage\":\"en-US\"},{\"@type\":\"WebPage\",\"@id\":\"https:\/\/odabrano.com\/index.php\/2024\/03\/29\/vucic-srbija-je-u-izuzetno-teskoj-politickoj-situaciji\/\",\"url\":\"https:\/\/odabrano.com\/index.php\/2024\/03\/29\/vucic-srbija-je-u-izuzetno-teskoj-politickoj-situaciji\/\",\"name\":\"Vu\u010di\u0107: Srbija je u izuzetno te\u0161koj politi\u010dkoj situaciji - odabrano\",\"isPartOf\":{\"@id\":\"https:\/\/odabrano.com\/#website\"},\"datePublished\":\"2024-03-29T19:35:16+00:00\",\"dateModified\":\"2024-03-29T19:35:17+00:00\",\"breadcrumb\":{\"@id\":\"https:\/\/odabrano.com\/index.php\/2024\/03\/29\/vucic-srbija-je-u-izuzetno-teskoj-politickoj-situaciji\/#breadcrumb\"},\"inLanguage\":\"en-US\",\"potentialAction\":[{\"@type\":\"ReadAction\",\"target\":[\"https:\/\/odabrano.com\/index.php\/2024\/03\/29\/vucic-srbija-je-u-izuzetno-teskoj-politickoj-situaciji\/\"]}]},{\"@type\":\"BreadcrumbList\",\"@id\":\"https:\/\/odabrano.com\/index.php\/2024\/03\/29\/vucic-srbija-je-u-izuzetno-teskoj-politickoj-situaciji\/#breadcrumb\",\"itemListElement\":[{\"@type\":\"ListItem\",\"position\":1,\"name\":\"Home\",\"item\":\"https:\/\/odabrano.com\/\"},{\"@type\":\"ListItem\",\"position\":2,\"name\":\"Vu\u010di\u0107: Srbija je u izuzetno te\u0161koj politi\u010dkoj situaciji\"}]},{\"@type\":\"WebSite\",\"@id\":\"https:\/\/odabrano.com\/#website\",\"url\":\"https:\/\/odabrano.com\/\",\"name\":\"odabrano\",\"description\":\"news portal koji nudi odabrane vijesti i informacije\",\"publisher\":{\"@id\":\"https:\/\/odabrano.com\/#\/schema\/person\/460f2b14657879743f23c4f6a7cd3236\"},\"alternateName\":\"vijesti i informacije iz Hrvatske i svijeta\",\"potentialAction\":[{\"@type\":\"SearchAction\",\"target\":{\"@type\":\"EntryPoint\",\"urlTemplate\":\"https:\/\/odabrano.com\/?s={search_term_string}\"},\"query-input\":\"required name=search_term_string\"}],\"inLanguage\":\"en-US\"},{\"@type\":[\"Person\",\"Organization\"],\"@id\":\"https:\/\/odabrano.com\/#\/schema\/person\/460f2b14657879743f23c4f6a7cd3236\",\"name\":\"admin\",\"image\":{\"@type\":\"ImageObject\",\"inLanguage\":\"en-US\",\"@id\":\"https:\/\/odabrano.com\/#\/schema\/person\/image\/\",\"url\":\"https:\/\/odabrano.com\/wp-content\/uploads\/2024\/04\/dolar.jpg\",\"contentUrl\":\"https:\/\/odabrano.com\/wp-content\/uploads\/2024\/04\/dolar.jpg\",\"width\":1216,\"height\":519,\"caption\":\"admin\"},\"logo\":{\"@id\":\"https:\/\/odabrano.com\/#\/schema\/person\/image\/\"},\"sameAs\":[\"http:\/\/odabrano.com\"],\"url\":\"https:\/\/odabrano.com\/index.php\/author\/sokolneno_u3xb387h\/\"}]}<\/script>\n<!-- \/ Yoast SEO plugin. -->","yoast_head_json":{"title":"Vu\u010di\u0107: Srbija je u izuzetno te\u0161koj politi\u010dkoj situaciji - odabrano","robots":{"index":"index","follow":"follow","max-snippet":"max-snippet:-1","max-image-preview":"max-image-preview:large","max-video-preview":"max-video-preview:-1"},"canonical":"https:\/\/odabrano.com\/index.php\/2024\/03\/29\/vucic-srbija-je-u-izuzetno-teskoj-politickoj-situaciji\/","og_locale":"en_US","og_type":"article","og_title":"Vu\u010di\u0107: Srbija je u izuzetno te\u0161koj politi\u010dkoj situaciji - odabrano","og_description":"Progon Srba sa sjevera Kosova i Metohije brutalno je pripreman, a s druge strane se \u010duje \u201corganizirana \u0161utnja\u201d, istaknuo je Vu\u010di\u0107. Predsjednik Aleksandar Vu\u010di\u0107 rekao je u obra\u0107anju javnosti da se Srbija nalazi u izuzetno te\u0161koj politi\u010dkoj situaciji, jer pla\u0107a visoku cijenu zbog svog geopoliti\u010dkog polo\u017eaja. Progon Srba sa sjevera Kosova i Metohije je brutalno &hellip;","og_url":"https:\/\/odabrano.com\/index.php\/2024\/03\/29\/vucic-srbija-je-u-izuzetno-teskoj-politickoj-situaciji\/","og_site_name":"odabrano","article_published_time":"2024-03-29T19:35:16+00:00","article_modified_time":"2024-03-29T19:35:17+00:00","og_image":[{"width":854,"height":502,"url":"https:\/\/odabrano.com\/wp-content\/uploads\/2024\/03\/vucic.jpg","type":"image\/jpeg"}],"author":"admin","twitter_card":"summary_large_image","twitter_misc":{"Written by":"admin","Est. reading time":"2 minutes"},"schema":{"@context":"https:\/\/schema.org","@graph":[{"@type":"Article","@id":"https:\/\/odabrano.com\/index.php\/2024\/03\/29\/vucic-srbija-je-u-izuzetno-teskoj-politickoj-situaciji\/#article","isPartOf":{"@id":"https:\/\/odabrano.com\/index.php\/2024\/03\/29\/vucic-srbija-je-u-izuzetno-teskoj-politickoj-situaciji\/"},"author":{"name":"admin","@id":"https:\/\/odabrano.com\/#\/schema\/person\/460f2b14657879743f23c4f6a7cd3236"},"headline":"Vu\u010di\u0107: Srbija je u izuzetno te\u0161koj politi\u010dkoj situaciji","datePublished":"2024-03-29T19:35:16+00:00","dateModified":"2024-03-29T19:35:17+00:00","mainEntityOfPage":{"@id":"https:\/\/odabrano.com\/index.php\/2024\/03\/29\/vucic-srbija-je-u-izuzetno-teskoj-politickoj-situaciji\/"},"wordCount":312,"publisher":{"@id":"https:\/\/odabrano.com\/#\/schema\/person\/460f2b14657879743f23c4f6a7cd3236"},"keywords":["genocid","kosovo","srebrenica","vu\u010di\u0107"],"articleSection":["Istok"],"inLanguage":"en-US"},{"@type":"WebPage","@id":"https:\/\/odabrano.com\/index.php\/2024\/03\/29\/vucic-srbija-je-u-izuzetno-teskoj-politickoj-situaciji\/","url":"https:\/\/odabrano.com\/index.php\/2024\/03\/29\/vucic-srbija-je-u-izuzetno-teskoj-politickoj-situaciji\/","name":"Vu\u010di\u0107: Srbija je u izuzetno te\u0161koj politi\u010dkoj situaciji - odabrano","isPartOf":{"@id":"https:\/\/odabrano.com\/#website"},"datePublished":"2024-03-29T19:35:16+00:00","dateModified":"2024-03-29T19:35:17+00:00","breadcrumb":{"@id":"https:\/\/odabrano.com\/index.php\/2024\/03\/29\/vucic-srbija-je-u-izuzetno-teskoj-politickoj-situaciji\/#breadcrumb"},"inLanguage":"en-US","potentialAction":[{"@type":"ReadAction","target":["https:\/\/odabrano.com\/index.php\/2024\/03\/29\/vucic-srbija-je-u-izuzetno-teskoj-politickoj-situaciji\/"]}]},{"@type":"BreadcrumbList","@id":"https:\/\/odabrano.com\/index.php\/2024\/03\/29\/vucic-srbija-je-u-izuzetno-teskoj-politickoj-situaciji\/#breadcrumb","itemListElement":[{"@type":"ListItem","position":1,"name":"Home","item":"https:\/\/odabrano.com\/"},{"@type":"ListItem","position":2,"name":"Vu\u010di\u0107: Srbija je u izuzetno te\u0161koj politi\u010dkoj situaciji"}]},{"@type":"WebSite","@id":"https:\/\/odabrano.com\/#website","url":"https:\/\/odabrano.com\/","name":"odabrano","description":"news portal koji nudi odabrane vijesti i informacije","publisher":{"@id":"https:\/\/odabrano.com\/#\/schema\/person\/460f2b14657879743f23c4f6a7cd3236"},"alternateName":"vijesti i informacije iz Hrvatske i svijeta","potentialAction":[{"@type":"SearchAction","target":{"@type":"EntryPoint","urlTemplate":"https:\/\/odabrano.com\/?s={search_term_string}"},"query-input":"required name=search_term_string"}],"inLanguage":"en-US"},{"@type":["Person","Organization"],"@id":"https:\/\/odabrano.com\/#\/schema\/person\/460f2b14657879743f23c4f6a7cd3236","name":"admin","image":{"@type":"ImageObject","inLanguage":"en-US","@id":"https:\/\/odabrano.com\/#\/schema\/person\/image\/","url":"https:\/\/odabrano.com\/wp-content\/uploads\/2024\/04\/dolar.jpg","contentUrl":"https:\/\/odabrano.com\/wp-content\/uploads\/2024\/04\/dolar.jpg","width":1216,"height":519,"caption":"admin"},"logo":{"@id":"https:\/\/odabrano.com\/#\/schema\/person\/image\/"},"sameAs":["http:\/\/odabrano.com"],"url":"https:\/\/odabrano.com\/index.php\/author\/sokolneno_u3xb387h\/"}]}},"_links":{"self":[{"href":"https:\/\/odabrano.com\/index.php\/wp-json\/wp\/v2\/posts\/545","targetHints":{"allow":["GET"]}}],"collection":[{"href":"https:\/\/odabrano.com\/index.php\/wp-json\/wp\/v2\/posts"}],"about":[{"href":"https:\/\/odabrano.com\/index.php\/wp-json\/wp\/v2\/types\/post"}],"author":[{"embeddable":true,"href":"https:\/\/odabrano.com\/index.php\/wp-json\/wp\/v2\/users\/1"}],"replies":[{"embeddable":true,"href":"https:\/\/odabrano.com\/index.php\/wp-json\/wp\/v2\/comments?post=545"}],"version-history":[{"count":1,"href":"https:\/\/odabrano.com\/index.php\/wp-json\/wp\/v2\/posts\/545\/revisions"}],"predecessor-version":[{"id":547,"href":"https:\/\/odabrano.com\/index.php\/wp-json\/wp\/v2\/posts\/545\/revisions\/547"}],"wp:featuredmedia":[{"embeddable":true,"href":"https:\/\/odabrano.com\/index.php\/wp-json\/wp\/v2\/media\/546"}],"wp:attachment":[{"href":"https:\/\/odabrano.com\/index.php\/wp-json\/wp\/v2\/media?parent=545"}],"wp:term":[{"taxonomy":"category","embeddable":true,"href":"https:\/\/odabrano.com\/index.php\/wp-json\/wp\/v2\/categories?post=545"},{"taxonomy":"post_tag","embeddable":true,"href":"https:\/\/odabrano.com\/index.php\/wp-json\/wp\/v2\/tags?post=545"}],"curies":[{"name":"wp","href":"https:\/\/api.w.org\/{rel}","templated":true}]}}