{"id":5409,"date":"2024-11-13T00:39:37","date_gmt":"2024-11-12T23:39:37","guid":{"rendered":"https:\/\/odabrano.com\/?p=5409"},"modified":"2024-11-13T00:41:39","modified_gmt":"2024-11-12T23:41:39","slug":"hamas-i-fatah-korak-blize-dogovoru-o-upravljanju-pojasom-gaze","status":"publish","type":"post","link":"https:\/\/odabrano.com\/index.php\/2024\/11\/13\/hamas-i-fatah-korak-blize-dogovoru-o-upravljanju-pojasom-gaze\/","title":{"rendered":"Hamas i Fatah korak bli\u017ee dogovoru o upravljanju Pojasom Gaze"},"content":{"rendered":"\n<p>Ayman al Raqab, vo\u0111a Fataha i bliski suradnik politi\u010dara Mohammeda Dahlana, izjavio je kako je Hamas spreman prenijeti upravljanje Pojasom Gaze na Fatah, dok bi zadr\u017eao odre\u0111enu ulogu u sigurnosnim snagama. Palestinske frakcije, me\u0111u kojima su Hamas i Fatah, sastat \u0107e se uskoro u Kairu kako bi finalizirali sporazum o upravljanju ovim podru\u010djem. Zakazani razgovori za kraj mjeseca imaju za cilj razrije\u0161iti preostala otvorena pitanja iz dosada\u0161njeg sporazuma dviju strana.<\/p>\n\n\n\n<p>Ayman al Raqab pojasnio je da bi na predstoje\u0107em sastanku mogli dogovoriti stvaranje nepoliti\u010dkog odbora koji \u0107e nadzirati pomo\u0107 i obnovu u Gazi. Na prethodnom susretu po\u010detkom studenog, frakcije su dogovorile osnivanje odbora za socijalnu potporu koji bi bio pod nadle\u017eno\u0161\u0107u palestinske vlade te su razgovarale o integraciji tisu\u0107a zaposlenika koji ve\u0107 djeluju u administrativnim tijelima Gaze.<\/p>\n\n\n\n<p>Me\u0111utim, ostaju nesuglasice u vezi s pitanjima sigurnosti i prora\u010duna; Fatah inzistira na tome da se sigurnosna odgovornost povjeri Palestinskim vlastima kako bi se omogu\u0107ila me\u0111unarodna podr\u0161ka za obnovu Gaze. Prema izvorima, Egipat je poduzeo diplomatske korake kako bi pridobio Hamas za osnivanje odbora tehni\u010dara koji bi jam\u010dio &#8220;neutralno&#8221; upravljanje ovim podru\u010djem.<\/p>\n","protected":false},"excerpt":{"rendered":"<p>Ayman al Raqab, vo\u0111a Fataha i bliski suradnik politi\u010dara Mohammeda Dahlana, izjavio je kako je Hamas spreman prenijeti upravljanje Pojasom Gaze na Fatah, dok bi zadr\u017eao odre\u0111enu ulogu u sigurnosnim snagama. Palestinske frakcije, me\u0111u kojima su Hamas i Fatah, sastat \u0107e se uskoro u Kairu kako bi finalizirali sporazum o upravljanju ovim podru\u010djem. Zakazani razgovori &hellip;<\/p>\n","protected":false},"author":1,"featured_media":5411,"comment_status":"closed","ping_status":"open","sticky":false,"template":"","format":"standard","meta":{"_monsterinsights_skip_tracking":false,"_monsterinsights_sitenote_active":false,"_monsterinsights_sitenote_note":"","_monsterinsights_sitenote_category":0,"footnotes":""},"categories":[9],"tags":[1112,21,292],"class_list":["post-5409","post","type-post","status-publish","format-standard","has-post-thumbnail","","category-svijet","tag-fatah","tag-gaza","tag-hamas"],"yoast_head":"<!-- This site is optimized with the Yoast SEO plugin v22.1 - https:\/\/yoast.com\/wordpress\/plugins\/seo\/ -->\n<title>Hamas i Fatah korak bli\u017ee dogovoru o upravljanju Pojasom Gaze - odabrano<\/title>\n<meta name=\"robots\" content=\"index, follow, max-snippet:-1, max-image-preview:large, max-video-preview:-1\" \/>\n<link rel=\"canonical\" href=\"https:\/\/odabrano.com\/index.php\/2024\/11\/13\/hamas-i-fatah-korak-blize-dogovoru-o-upravljanju-pojasom-gaze\/\" \/>\n<meta property=\"og:locale\" content=\"en_US\" \/>\n<meta property=\"og:type\" content=\"article\" \/>\n<meta property=\"og:title\" content=\"Hamas i Fatah korak bli\u017ee dogovoru o upravljanju Pojasom Gaze - odabrano\" \/>\n<meta property=\"og:description\" content=\"Ayman al Raqab, vo\u0111a Fataha i bliski suradnik politi\u010dara Mohammeda Dahlana, izjavio je kako je Hamas spreman prenijeti upravljanje Pojasom Gaze na Fatah, dok bi zadr\u017eao odre\u0111enu ulogu u sigurnosnim snagama. Palestinske frakcije, me\u0111u kojima su Hamas i Fatah, sastat \u0107e se uskoro u Kairu kako bi finalizirali sporazum o upravljanju ovim podru\u010djem. Zakazani razgovori &hellip;\" \/>\n<meta property=\"og:url\" content=\"https:\/\/odabrano.com\/index.php\/2024\/11\/13\/hamas-i-fatah-korak-blize-dogovoru-o-upravljanju-pojasom-gaze\/\" \/>\n<meta property=\"og:site_name\" content=\"odabrano\" \/>\n<meta property=\"article:published_time\" content=\"2024-11-12T23:39:37+00:00\" \/>\n<meta property=\"article:modified_time\" content=\"2024-11-12T23:41:39+00:00\" \/>\n<meta property=\"og:image\" content=\"http:\/\/odabrano.com\/wp-content\/uploads\/2024\/11\/fatah-hamas.webp\" \/>\n\t<meta property=\"og:image:width\" content=\"770\" \/>\n\t<meta property=\"og:image:height\" content=\"513\" \/>\n\t<meta property=\"og:image:type\" content=\"image\/webp\" \/>\n<meta name=\"author\" content=\"admin\" \/>\n<meta name=\"twitter:card\" content=\"summary_large_image\" \/>\n<meta name=\"twitter:label1\" content=\"Written by\" \/>\n\t<meta name=\"twitter:data1\" content=\"admin\" \/>\n\t<meta name=\"twitter:label2\" content=\"Est. reading time\" \/>\n\t<meta name=\"twitter:data2\" content=\"1 minute\" \/>\n<script type=\"application\/ld+json\" class=\"yoast-schema-graph\">{\"@context\":\"https:\/\/schema.org\",\"@graph\":[{\"@type\":\"Article\",\"@id\":\"https:\/\/odabrano.com\/index.php\/2024\/11\/13\/hamas-i-fatah-korak-blize-dogovoru-o-upravljanju-pojasom-gaze\/#article\",\"isPartOf\":{\"@id\":\"https:\/\/odabrano.com\/index.php\/2024\/11\/13\/hamas-i-fatah-korak-blize-dogovoru-o-upravljanju-pojasom-gaze\/\"},\"author\":{\"name\":\"admin\",\"@id\":\"https:\/\/odabrano.com\/#\/schema\/person\/460f2b14657879743f23c4f6a7cd3236\"},\"headline\":\"Hamas i Fatah korak bli\u017ee dogovoru o upravljanju Pojasom Gaze\",\"datePublished\":\"2024-11-12T23:39:37+00:00\",\"dateModified\":\"2024-11-12T23:41:39+00:00\",\"mainEntityOfPage\":{\"@id\":\"https:\/\/odabrano.com\/index.php\/2024\/11\/13\/hamas-i-fatah-korak-blize-dogovoru-o-upravljanju-pojasom-gaze\/\"},\"wordCount\":212,\"publisher\":{\"@id\":\"https:\/\/odabrano.com\/#\/schema\/person\/460f2b14657879743f23c4f6a7cd3236\"},\"keywords\":[\"fatah\",\"gaza\",\"hamas\"],\"articleSection\":[\"Svijet\"],\"inLanguage\":\"en-US\"},{\"@type\":\"WebPage\",\"@id\":\"https:\/\/odabrano.com\/index.php\/2024\/11\/13\/hamas-i-fatah-korak-blize-dogovoru-o-upravljanju-pojasom-gaze\/\",\"url\":\"https:\/\/odabrano.com\/index.php\/2024\/11\/13\/hamas-i-fatah-korak-blize-dogovoru-o-upravljanju-pojasom-gaze\/\",\"name\":\"Hamas i Fatah korak bli\u017ee dogovoru o upravljanju Pojasom Gaze - odabrano\",\"isPartOf\":{\"@id\":\"https:\/\/odabrano.com\/#website\"},\"datePublished\":\"2024-11-12T23:39:37+00:00\",\"dateModified\":\"2024-11-12T23:41:39+00:00\",\"breadcrumb\":{\"@id\":\"https:\/\/odabrano.com\/index.php\/2024\/11\/13\/hamas-i-fatah-korak-blize-dogovoru-o-upravljanju-pojasom-gaze\/#breadcrumb\"},\"inLanguage\":\"en-US\",\"potentialAction\":[{\"@type\":\"ReadAction\",\"target\":[\"https:\/\/odabrano.com\/index.php\/2024\/11\/13\/hamas-i-fatah-korak-blize-dogovoru-o-upravljanju-pojasom-gaze\/\"]}]},{\"@type\":\"BreadcrumbList\",\"@id\":\"https:\/\/odabrano.com\/index.php\/2024\/11\/13\/hamas-i-fatah-korak-blize-dogovoru-o-upravljanju-pojasom-gaze\/#breadcrumb\",\"itemListElement\":[{\"@type\":\"ListItem\",\"position\":1,\"name\":\"Home\",\"item\":\"https:\/\/odabrano.com\/\"},{\"@type\":\"ListItem\",\"position\":2,\"name\":\"Hamas i Fatah korak bli\u017ee dogovoru o upravljanju Pojasom Gaze\"}]},{\"@type\":\"WebSite\",\"@id\":\"https:\/\/odabrano.com\/#website\",\"url\":\"https:\/\/odabrano.com\/\",\"name\":\"odabrano\",\"description\":\"news portal koji nudi odabrane vijesti i informacije\",\"publisher\":{\"@id\":\"https:\/\/odabrano.com\/#\/schema\/person\/460f2b14657879743f23c4f6a7cd3236\"},\"alternateName\":\"vijesti i informacije iz Hrvatske i svijeta\",\"potentialAction\":[{\"@type\":\"SearchAction\",\"target\":{\"@type\":\"EntryPoint\",\"urlTemplate\":\"https:\/\/odabrano.com\/?s={search_term_string}\"},\"query-input\":\"required name=search_term_string\"}],\"inLanguage\":\"en-US\"},{\"@type\":[\"Person\",\"Organization\"],\"@id\":\"https:\/\/odabrano.com\/#\/schema\/person\/460f2b14657879743f23c4f6a7cd3236\",\"name\":\"admin\",\"image\":{\"@type\":\"ImageObject\",\"inLanguage\":\"en-US\",\"@id\":\"https:\/\/odabrano.com\/#\/schema\/person\/image\/\",\"url\":\"https:\/\/odabrano.com\/wp-content\/uploads\/2024\/04\/dolar.jpg\",\"contentUrl\":\"https:\/\/odabrano.com\/wp-content\/uploads\/2024\/04\/dolar.jpg\",\"width\":1216,\"height\":519,\"caption\":\"admin\"},\"logo\":{\"@id\":\"https:\/\/odabrano.com\/#\/schema\/person\/image\/\"},\"sameAs\":[\"http:\/\/odabrano.com\"],\"url\":\"https:\/\/odabrano.com\/index.php\/author\/sokolneno_u3xb387h\/\"}]}<\/script>\n<!-- \/ Yoast SEO plugin. -->","yoast_head_json":{"title":"Hamas i Fatah korak bli\u017ee dogovoru o upravljanju Pojasom Gaze - odabrano","robots":{"index":"index","follow":"follow","max-snippet":"max-snippet:-1","max-image-preview":"max-image-preview:large","max-video-preview":"max-video-preview:-1"},"canonical":"https:\/\/odabrano.com\/index.php\/2024\/11\/13\/hamas-i-fatah-korak-blize-dogovoru-o-upravljanju-pojasom-gaze\/","og_locale":"en_US","og_type":"article","og_title":"Hamas i Fatah korak bli\u017ee dogovoru o upravljanju Pojasom Gaze - odabrano","og_description":"Ayman al Raqab, vo\u0111a Fataha i bliski suradnik politi\u010dara Mohammeda Dahlana, izjavio je kako je Hamas spreman prenijeti upravljanje Pojasom Gaze na Fatah, dok bi zadr\u017eao odre\u0111enu ulogu u sigurnosnim snagama. Palestinske frakcije, me\u0111u kojima su Hamas i Fatah, sastat \u0107e se uskoro u Kairu kako bi finalizirali sporazum o upravljanju ovim podru\u010djem. Zakazani razgovori &hellip;","og_url":"https:\/\/odabrano.com\/index.php\/2024\/11\/13\/hamas-i-fatah-korak-blize-dogovoru-o-upravljanju-pojasom-gaze\/","og_site_name":"odabrano","article_published_time":"2024-11-12T23:39:37+00:00","article_modified_time":"2024-11-12T23:41:39+00:00","og_image":[{"width":770,"height":513,"url":"http:\/\/odabrano.com\/wp-content\/uploads\/2024\/11\/fatah-hamas.webp","type":"image\/webp"}],"author":"admin","twitter_card":"summary_large_image","twitter_misc":{"Written by":"admin","Est. reading time":"1 minute"},"schema":{"@context":"https:\/\/schema.org","@graph":[{"@type":"Article","@id":"https:\/\/odabrano.com\/index.php\/2024\/11\/13\/hamas-i-fatah-korak-blize-dogovoru-o-upravljanju-pojasom-gaze\/#article","isPartOf":{"@id":"https:\/\/odabrano.com\/index.php\/2024\/11\/13\/hamas-i-fatah-korak-blize-dogovoru-o-upravljanju-pojasom-gaze\/"},"author":{"name":"admin","@id":"https:\/\/odabrano.com\/#\/schema\/person\/460f2b14657879743f23c4f6a7cd3236"},"headline":"Hamas i Fatah korak bli\u017ee dogovoru o upravljanju Pojasom Gaze","datePublished":"2024-11-12T23:39:37+00:00","dateModified":"2024-11-12T23:41:39+00:00","mainEntityOfPage":{"@id":"https:\/\/odabrano.com\/index.php\/2024\/11\/13\/hamas-i-fatah-korak-blize-dogovoru-o-upravljanju-pojasom-gaze\/"},"wordCount":212,"publisher":{"@id":"https:\/\/odabrano.com\/#\/schema\/person\/460f2b14657879743f23c4f6a7cd3236"},"keywords":["fatah","gaza","hamas"],"articleSection":["Svijet"],"inLanguage":"en-US"},{"@type":"WebPage","@id":"https:\/\/odabrano.com\/index.php\/2024\/11\/13\/hamas-i-fatah-korak-blize-dogovoru-o-upravljanju-pojasom-gaze\/","url":"https:\/\/odabrano.com\/index.php\/2024\/11\/13\/hamas-i-fatah-korak-blize-dogovoru-o-upravljanju-pojasom-gaze\/","name":"Hamas i Fatah korak bli\u017ee dogovoru o upravljanju Pojasom Gaze - odabrano","isPartOf":{"@id":"https:\/\/odabrano.com\/#website"},"datePublished":"2024-11-12T23:39:37+00:00","dateModified":"2024-11-12T23:41:39+00:00","breadcrumb":{"@id":"https:\/\/odabrano.com\/index.php\/2024\/11\/13\/hamas-i-fatah-korak-blize-dogovoru-o-upravljanju-pojasom-gaze\/#breadcrumb"},"inLanguage":"en-US","potentialAction":[{"@type":"ReadAction","target":["https:\/\/odabrano.com\/index.php\/2024\/11\/13\/hamas-i-fatah-korak-blize-dogovoru-o-upravljanju-pojasom-gaze\/"]}]},{"@type":"BreadcrumbList","@id":"https:\/\/odabrano.com\/index.php\/2024\/11\/13\/hamas-i-fatah-korak-blize-dogovoru-o-upravljanju-pojasom-gaze\/#breadcrumb","itemListElement":[{"@type":"ListItem","position":1,"name":"Home","item":"https:\/\/odabrano.com\/"},{"@type":"ListItem","position":2,"name":"Hamas i Fatah korak bli\u017ee dogovoru o upravljanju Pojasom Gaze"}]},{"@type":"WebSite","@id":"https:\/\/odabrano.com\/#website","url":"https:\/\/odabrano.com\/","name":"odabrano","description":"news portal koji nudi odabrane vijesti i informacije","publisher":{"@id":"https:\/\/odabrano.com\/#\/schema\/person\/460f2b14657879743f23c4f6a7cd3236"},"alternateName":"vijesti i informacije iz Hrvatske i svijeta","potentialAction":[{"@type":"SearchAction","target":{"@type":"EntryPoint","urlTemplate":"https:\/\/odabrano.com\/?s={search_term_string}"},"query-input":"required name=search_term_string"}],"inLanguage":"en-US"},{"@type":["Person","Organization"],"@id":"https:\/\/odabrano.com\/#\/schema\/person\/460f2b14657879743f23c4f6a7cd3236","name":"admin","image":{"@type":"ImageObject","inLanguage":"en-US","@id":"https:\/\/odabrano.com\/#\/schema\/person\/image\/","url":"https:\/\/odabrano.com\/wp-content\/uploads\/2024\/04\/dolar.jpg","contentUrl":"https:\/\/odabrano.com\/wp-content\/uploads\/2024\/04\/dolar.jpg","width":1216,"height":519,"caption":"admin"},"logo":{"@id":"https:\/\/odabrano.com\/#\/schema\/person\/image\/"},"sameAs":["http:\/\/odabrano.com"],"url":"https:\/\/odabrano.com\/index.php\/author\/sokolneno_u3xb387h\/"}]}},"_links":{"self":[{"href":"https:\/\/odabrano.com\/index.php\/wp-json\/wp\/v2\/posts\/5409","targetHints":{"allow":["GET"]}}],"collection":[{"href":"https:\/\/odabrano.com\/index.php\/wp-json\/wp\/v2\/posts"}],"about":[{"href":"https:\/\/odabrano.com\/index.php\/wp-json\/wp\/v2\/types\/post"}],"author":[{"embeddable":true,"href":"https:\/\/odabrano.com\/index.php\/wp-json\/wp\/v2\/users\/1"}],"replies":[{"embeddable":true,"href":"https:\/\/odabrano.com\/index.php\/wp-json\/wp\/v2\/comments?post=5409"}],"version-history":[{"count":1,"href":"https:\/\/odabrano.com\/index.php\/wp-json\/wp\/v2\/posts\/5409\/revisions"}],"predecessor-version":[{"id":5410,"href":"https:\/\/odabrano.com\/index.php\/wp-json\/wp\/v2\/posts\/5409\/revisions\/5410"}],"wp:featuredmedia":[{"embeddable":true,"href":"https:\/\/odabrano.com\/index.php\/wp-json\/wp\/v2\/media\/5411"}],"wp:attachment":[{"href":"https:\/\/odabrano.com\/index.php\/wp-json\/wp\/v2\/media?parent=5409"}],"wp:term":[{"taxonomy":"category","embeddable":true,"href":"https:\/\/odabrano.com\/index.php\/wp-json\/wp\/v2\/categories?post=5409"},{"taxonomy":"post_tag","embeddable":true,"href":"https:\/\/odabrano.com\/index.php\/wp-json\/wp\/v2\/tags?post=5409"}],"curies":[{"name":"wp","href":"https:\/\/api.w.org\/{rel}","templated":true}]}}