{"id":5395,"date":"2024-11-10T15:18:48","date_gmt":"2024-11-10T14:18:48","guid":{"rendered":"https:\/\/odabrano.com\/?p=5395"},"modified":"2024-11-10T15:19:19","modified_gmt":"2024-11-10T14:19:19","slug":"zinfest-2024-slavimo-kastelanski-crljenak-u-kastel-gomilici","status":"publish","type":"post","link":"https:\/\/odabrano.com\/index.php\/2024\/11\/10\/zinfest-2024-slavimo-kastelanski-crljenak-u-kastel-gomilici\/","title":{"rendered":"Zinfest 2024: Slavimo Ka\u0161telanski Crljenak u Ka\u0161tel Gomilici"},"content":{"rendered":"\n<p>Sredinom studenog 2024., Ka\u0161tel Gomilica i Marina Ka\u0161tela postaju doma\u0107ini Zinfesta, manifestacije posve\u0107ene poznatom vinu Ka\u0161telanski Crljenak, poznatom i kao Zinfandel. Ova manifestacija okuplja vinare, ljubitelje vina, gurmane i turiste, nude\u0107i autenti\u010dan do\u017eivljaj bogate gastronomske i vinarske ba\u0161tine Ka\u0161tela.<\/p>\n\n\n\n<p>U sredi\u0161tu Zinfesta su degustacije vina Crljenak iz lokalnih vinograda i vina iz drugih krajeva, pri \u010demu su klju\u010dni sudionici lokalni vinogradari poput Peri\u0161ina, Bedalova i Kova\u010da. Osim vina, posjetitelji \u0107e u\u017eivati u bogatom izboru lokalne hrane, poznate kao &#8220;dalmatinska marenda&#8221; ili &#8220;spiza&#8221;. Poslu\u017eivat \u0107e se tradicionalni &#8220;bokuni&#8221; poput maslina, maslinovog ulja, boba, sipa u brujetu, lignje, gavuni, srdele, i mnogih drugih delicija.<\/p>\n\n\n\n<p>Organizator manifestacije je Klaster za odr\u017eivi razvoj &#8211; Zora, \u010diji je cilj podr\u017eati lokalne proizvo\u0111a\u010de i potaknuti odr\u017eivi turizam u Ka\u0161telima. Nada Mar\u0161i\u0107, kao jedna od glavnih organizatorica, nagla\u0161ava va\u017enost ove manifestacije u povezivanju lokalnih proizvo\u0111a\u010da hrane i vina s posjetiteljima. Tako\u0111er isti\u010de ulogu ovog festivala u o\u010duvanju tradicije uz moderan pristup turisti\u010dkoj ponudi.<\/p>\n\n\n\n<p>Osim degustacija, Zinfest nudi i edukativni program o povijesti Crljenka, \u010diji je &#8220;izgubljeni&#8221; mati\u010dni vinograd ponovno prona\u0111en upravo u Ka\u0161telima, potvr\u0111uju\u0107i njegove drevne korijene na ovom podru\u010dju. Posjetitelji \u0107e mo\u0107i saznati vi\u0161e o ovom jedinstvenom vinu, njegovoj povezanosti s popularnim Zinfandelom, kao i o tradicionalnim metodama vinifikacije koje koriste lokalni vinari.<\/p>\n\n\n\n<p>Za pravu dalmatinsku atmosferu, manifestacija uklju\u010duje glazbene nastupe i kulturni program, dok \u0107e mnoge lokalne konobe nuditi posebne menije prilago\u0111ene Zinfestu. Tako \u0107e se posjetitelji mo\u0107i opustiti uz dalmatinsku glazbu, ku\u0161ati specijalitete poput tripica, fa\u017eola i manistre, i u\u017eivati u autenti\u010dnom iskustvu ovog kraja.<\/p>\n\n\n\n<p>Zinfest predstavlja priliku za sve zaljubljenike u vino i lokalnu hranu da do\u017eive \u010daroliju Ka\u0161tela, planine Kozjak u pozadini, te bogatstvo dalmatinske gastronomije i vinarske tradicije.<\/p>\n","protected":false},"excerpt":{"rendered":"<p>Sredinom studenog 2024., Ka\u0161tel Gomilica i Marina Ka\u0161tela postaju doma\u0107ini Zinfesta, manifestacije posve\u0107ene poznatom vinu Ka\u0161telanski Crljenak, poznatom i kao Zinfandel. Ova manifestacija okuplja vinare, ljubitelje vina, gurmane i turiste, nude\u0107i autenti\u010dan do\u017eivljaj bogate gastronomske i vinarske ba\u0161tine Ka\u0161tela. U sredi\u0161tu Zinfesta su degustacije vina Crljenak iz lokalnih vinograda i vina iz drugih krajeva, pri &hellip;<\/p>\n","protected":false},"author":1,"featured_media":5397,"comment_status":"closed","ping_status":"open","sticky":false,"template":"","format":"standard","meta":{"_monsterinsights_skip_tracking":false,"_monsterinsights_sitenote_active":false,"_monsterinsights_sitenote_note":"","_monsterinsights_sitenote_category":0,"footnotes":""},"categories":[25],"tags":[164,1108],"class_list":["post-5395","post","type-post","status-publish","format-standard","has-post-thumbnail","","category-hrvatska","tag-kastela","tag-zinfest"],"yoast_head":"<!-- This site is optimized with the Yoast SEO plugin v22.1 - https:\/\/yoast.com\/wordpress\/plugins\/seo\/ -->\n<title>Zinfest 2024: Slavimo Ka\u0161telanski Crljenak u Ka\u0161tel Gomilici - odabrano<\/title>\n<meta name=\"robots\" content=\"index, follow, max-snippet:-1, max-image-preview:large, max-video-preview:-1\" \/>\n<link rel=\"canonical\" href=\"https:\/\/odabrano.com\/index.php\/2024\/11\/10\/zinfest-2024-slavimo-kastelanski-crljenak-u-kastel-gomilici\/\" \/>\n<meta property=\"og:locale\" content=\"en_US\" \/>\n<meta property=\"og:type\" content=\"article\" \/>\n<meta property=\"og:title\" content=\"Zinfest 2024: Slavimo Ka\u0161telanski Crljenak u Ka\u0161tel Gomilici - odabrano\" \/>\n<meta property=\"og:description\" content=\"Sredinom studenog 2024., Ka\u0161tel Gomilica i Marina Ka\u0161tela postaju doma\u0107ini Zinfesta, manifestacije posve\u0107ene poznatom vinu Ka\u0161telanski Crljenak, poznatom i kao Zinfandel. Ova manifestacija okuplja vinare, ljubitelje vina, gurmane i turiste, nude\u0107i autenti\u010dan do\u017eivljaj bogate gastronomske i vinarske ba\u0161tine Ka\u0161tela. U sredi\u0161tu Zinfesta su degustacije vina Crljenak iz lokalnih vinograda i vina iz drugih krajeva, pri &hellip;\" \/>\n<meta property=\"og:url\" content=\"https:\/\/odabrano.com\/index.php\/2024\/11\/10\/zinfest-2024-slavimo-kastelanski-crljenak-u-kastel-gomilici\/\" \/>\n<meta property=\"og:site_name\" content=\"odabrano\" \/>\n<meta property=\"article:published_time\" content=\"2024-11-10T14:18:48+00:00\" \/>\n<meta property=\"article:modified_time\" content=\"2024-11-10T14:19:19+00:00\" \/>\n<meta property=\"og:image\" content=\"http:\/\/odabrano.com\/wp-content\/uploads\/2024\/11\/zinfest.webp\" \/>\n\t<meta property=\"og:image:width\" content=\"1920\" \/>\n\t<meta property=\"og:image:height\" content=\"1235\" \/>\n\t<meta property=\"og:image:type\" content=\"image\/webp\" \/>\n<meta name=\"author\" content=\"admin\" \/>\n<meta name=\"twitter:card\" content=\"summary_large_image\" \/>\n<meta name=\"twitter:label1\" content=\"Written by\" \/>\n\t<meta name=\"twitter:data1\" content=\"admin\" \/>\n\t<meta name=\"twitter:label2\" content=\"Est. reading time\" \/>\n\t<meta name=\"twitter:data2\" content=\"2 minutes\" \/>\n<script type=\"application\/ld+json\" class=\"yoast-schema-graph\">{\"@context\":\"https:\/\/schema.org\",\"@graph\":[{\"@type\":\"Article\",\"@id\":\"https:\/\/odabrano.com\/index.php\/2024\/11\/10\/zinfest-2024-slavimo-kastelanski-crljenak-u-kastel-gomilici\/#article\",\"isPartOf\":{\"@id\":\"https:\/\/odabrano.com\/index.php\/2024\/11\/10\/zinfest-2024-slavimo-kastelanski-crljenak-u-kastel-gomilici\/\"},\"author\":{\"name\":\"admin\",\"@id\":\"https:\/\/odabrano.com\/#\/schema\/person\/460f2b14657879743f23c4f6a7cd3236\"},\"headline\":\"Zinfest 2024: Slavimo Ka\u0161telanski Crljenak u Ka\u0161tel Gomilici\",\"datePublished\":\"2024-11-10T14:18:48+00:00\",\"dateModified\":\"2024-11-10T14:19:19+00:00\",\"mainEntityOfPage\":{\"@id\":\"https:\/\/odabrano.com\/index.php\/2024\/11\/10\/zinfest-2024-slavimo-kastelanski-crljenak-u-kastel-gomilici\/\"},\"wordCount\":333,\"publisher\":{\"@id\":\"https:\/\/odabrano.com\/#\/schema\/person\/460f2b14657879743f23c4f6a7cd3236\"},\"keywords\":[\"ka\u0161tela\",\"zinfest\"],\"articleSection\":[\"Hrvatska\"],\"inLanguage\":\"en-US\"},{\"@type\":\"WebPage\",\"@id\":\"https:\/\/odabrano.com\/index.php\/2024\/11\/10\/zinfest-2024-slavimo-kastelanski-crljenak-u-kastel-gomilici\/\",\"url\":\"https:\/\/odabrano.com\/index.php\/2024\/11\/10\/zinfest-2024-slavimo-kastelanski-crljenak-u-kastel-gomilici\/\",\"name\":\"Zinfest 2024: Slavimo Ka\u0161telanski Crljenak u Ka\u0161tel Gomilici - odabrano\",\"isPartOf\":{\"@id\":\"https:\/\/odabrano.com\/#website\"},\"datePublished\":\"2024-11-10T14:18:48+00:00\",\"dateModified\":\"2024-11-10T14:19:19+00:00\",\"breadcrumb\":{\"@id\":\"https:\/\/odabrano.com\/index.php\/2024\/11\/10\/zinfest-2024-slavimo-kastelanski-crljenak-u-kastel-gomilici\/#breadcrumb\"},\"inLanguage\":\"en-US\",\"potentialAction\":[{\"@type\":\"ReadAction\",\"target\":[\"https:\/\/odabrano.com\/index.php\/2024\/11\/10\/zinfest-2024-slavimo-kastelanski-crljenak-u-kastel-gomilici\/\"]}]},{\"@type\":\"BreadcrumbList\",\"@id\":\"https:\/\/odabrano.com\/index.php\/2024\/11\/10\/zinfest-2024-slavimo-kastelanski-crljenak-u-kastel-gomilici\/#breadcrumb\",\"itemListElement\":[{\"@type\":\"ListItem\",\"position\":1,\"name\":\"Home\",\"item\":\"https:\/\/odabrano.com\/\"},{\"@type\":\"ListItem\",\"position\":2,\"name\":\"Zinfest 2024: Slavimo Ka\u0161telanski Crljenak u Ka\u0161tel Gomilici\"}]},{\"@type\":\"WebSite\",\"@id\":\"https:\/\/odabrano.com\/#website\",\"url\":\"https:\/\/odabrano.com\/\",\"name\":\"odabrano\",\"description\":\"news portal koji nudi odabrane vijesti i informacije\",\"publisher\":{\"@id\":\"https:\/\/odabrano.com\/#\/schema\/person\/460f2b14657879743f23c4f6a7cd3236\"},\"alternateName\":\"vijesti i informacije iz Hrvatske i svijeta\",\"potentialAction\":[{\"@type\":\"SearchAction\",\"target\":{\"@type\":\"EntryPoint\",\"urlTemplate\":\"https:\/\/odabrano.com\/?s={search_term_string}\"},\"query-input\":\"required name=search_term_string\"}],\"inLanguage\":\"en-US\"},{\"@type\":[\"Person\",\"Organization\"],\"@id\":\"https:\/\/odabrano.com\/#\/schema\/person\/460f2b14657879743f23c4f6a7cd3236\",\"name\":\"admin\",\"image\":{\"@type\":\"ImageObject\",\"inLanguage\":\"en-US\",\"@id\":\"https:\/\/odabrano.com\/#\/schema\/person\/image\/\",\"url\":\"https:\/\/odabrano.com\/wp-content\/uploads\/2024\/04\/dolar.jpg\",\"contentUrl\":\"https:\/\/odabrano.com\/wp-content\/uploads\/2024\/04\/dolar.jpg\",\"width\":1216,\"height\":519,\"caption\":\"admin\"},\"logo\":{\"@id\":\"https:\/\/odabrano.com\/#\/schema\/person\/image\/\"},\"sameAs\":[\"http:\/\/odabrano.com\"],\"url\":\"https:\/\/odabrano.com\/index.php\/author\/sokolneno_u3xb387h\/\"}]}<\/script>\n<!-- \/ Yoast SEO plugin. -->","yoast_head_json":{"title":"Zinfest 2024: Slavimo Ka\u0161telanski Crljenak u Ka\u0161tel Gomilici - odabrano","robots":{"index":"index","follow":"follow","max-snippet":"max-snippet:-1","max-image-preview":"max-image-preview:large","max-video-preview":"max-video-preview:-1"},"canonical":"https:\/\/odabrano.com\/index.php\/2024\/11\/10\/zinfest-2024-slavimo-kastelanski-crljenak-u-kastel-gomilici\/","og_locale":"en_US","og_type":"article","og_title":"Zinfest 2024: Slavimo Ka\u0161telanski Crljenak u Ka\u0161tel Gomilici - odabrano","og_description":"Sredinom studenog 2024., Ka\u0161tel Gomilica i Marina Ka\u0161tela postaju doma\u0107ini Zinfesta, manifestacije posve\u0107ene poznatom vinu Ka\u0161telanski Crljenak, poznatom i kao Zinfandel. Ova manifestacija okuplja vinare, ljubitelje vina, gurmane i turiste, nude\u0107i autenti\u010dan do\u017eivljaj bogate gastronomske i vinarske ba\u0161tine Ka\u0161tela. U sredi\u0161tu Zinfesta su degustacije vina Crljenak iz lokalnih vinograda i vina iz drugih krajeva, pri &hellip;","og_url":"https:\/\/odabrano.com\/index.php\/2024\/11\/10\/zinfest-2024-slavimo-kastelanski-crljenak-u-kastel-gomilici\/","og_site_name":"odabrano","article_published_time":"2024-11-10T14:18:48+00:00","article_modified_time":"2024-11-10T14:19:19+00:00","og_image":[{"width":1920,"height":1235,"url":"http:\/\/odabrano.com\/wp-content\/uploads\/2024\/11\/zinfest.webp","type":"image\/webp"}],"author":"admin","twitter_card":"summary_large_image","twitter_misc":{"Written by":"admin","Est. reading time":"2 minutes"},"schema":{"@context":"https:\/\/schema.org","@graph":[{"@type":"Article","@id":"https:\/\/odabrano.com\/index.php\/2024\/11\/10\/zinfest-2024-slavimo-kastelanski-crljenak-u-kastel-gomilici\/#article","isPartOf":{"@id":"https:\/\/odabrano.com\/index.php\/2024\/11\/10\/zinfest-2024-slavimo-kastelanski-crljenak-u-kastel-gomilici\/"},"author":{"name":"admin","@id":"https:\/\/odabrano.com\/#\/schema\/person\/460f2b14657879743f23c4f6a7cd3236"},"headline":"Zinfest 2024: Slavimo Ka\u0161telanski Crljenak u Ka\u0161tel Gomilici","datePublished":"2024-11-10T14:18:48+00:00","dateModified":"2024-11-10T14:19:19+00:00","mainEntityOfPage":{"@id":"https:\/\/odabrano.com\/index.php\/2024\/11\/10\/zinfest-2024-slavimo-kastelanski-crljenak-u-kastel-gomilici\/"},"wordCount":333,"publisher":{"@id":"https:\/\/odabrano.com\/#\/schema\/person\/460f2b14657879743f23c4f6a7cd3236"},"keywords":["ka\u0161tela","zinfest"],"articleSection":["Hrvatska"],"inLanguage":"en-US"},{"@type":"WebPage","@id":"https:\/\/odabrano.com\/index.php\/2024\/11\/10\/zinfest-2024-slavimo-kastelanski-crljenak-u-kastel-gomilici\/","url":"https:\/\/odabrano.com\/index.php\/2024\/11\/10\/zinfest-2024-slavimo-kastelanski-crljenak-u-kastel-gomilici\/","name":"Zinfest 2024: Slavimo Ka\u0161telanski Crljenak u Ka\u0161tel Gomilici - odabrano","isPartOf":{"@id":"https:\/\/odabrano.com\/#website"},"datePublished":"2024-11-10T14:18:48+00:00","dateModified":"2024-11-10T14:19:19+00:00","breadcrumb":{"@id":"https:\/\/odabrano.com\/index.php\/2024\/11\/10\/zinfest-2024-slavimo-kastelanski-crljenak-u-kastel-gomilici\/#breadcrumb"},"inLanguage":"en-US","potentialAction":[{"@type":"ReadAction","target":["https:\/\/odabrano.com\/index.php\/2024\/11\/10\/zinfest-2024-slavimo-kastelanski-crljenak-u-kastel-gomilici\/"]}]},{"@type":"BreadcrumbList","@id":"https:\/\/odabrano.com\/index.php\/2024\/11\/10\/zinfest-2024-slavimo-kastelanski-crljenak-u-kastel-gomilici\/#breadcrumb","itemListElement":[{"@type":"ListItem","position":1,"name":"Home","item":"https:\/\/odabrano.com\/"},{"@type":"ListItem","position":2,"name":"Zinfest 2024: Slavimo Ka\u0161telanski Crljenak u Ka\u0161tel Gomilici"}]},{"@type":"WebSite","@id":"https:\/\/odabrano.com\/#website","url":"https:\/\/odabrano.com\/","name":"odabrano","description":"news portal koji nudi odabrane vijesti i informacije","publisher":{"@id":"https:\/\/odabrano.com\/#\/schema\/person\/460f2b14657879743f23c4f6a7cd3236"},"alternateName":"vijesti i informacije iz Hrvatske i svijeta","potentialAction":[{"@type":"SearchAction","target":{"@type":"EntryPoint","urlTemplate":"https:\/\/odabrano.com\/?s={search_term_string}"},"query-input":"required name=search_term_string"}],"inLanguage":"en-US"},{"@type":["Person","Organization"],"@id":"https:\/\/odabrano.com\/#\/schema\/person\/460f2b14657879743f23c4f6a7cd3236","name":"admin","image":{"@type":"ImageObject","inLanguage":"en-US","@id":"https:\/\/odabrano.com\/#\/schema\/person\/image\/","url":"https:\/\/odabrano.com\/wp-content\/uploads\/2024\/04\/dolar.jpg","contentUrl":"https:\/\/odabrano.com\/wp-content\/uploads\/2024\/04\/dolar.jpg","width":1216,"height":519,"caption":"admin"},"logo":{"@id":"https:\/\/odabrano.com\/#\/schema\/person\/image\/"},"sameAs":["http:\/\/odabrano.com"],"url":"https:\/\/odabrano.com\/index.php\/author\/sokolneno_u3xb387h\/"}]}},"_links":{"self":[{"href":"https:\/\/odabrano.com\/index.php\/wp-json\/wp\/v2\/posts\/5395","targetHints":{"allow":["GET"]}}],"collection":[{"href":"https:\/\/odabrano.com\/index.php\/wp-json\/wp\/v2\/posts"}],"about":[{"href":"https:\/\/odabrano.com\/index.php\/wp-json\/wp\/v2\/types\/post"}],"author":[{"embeddable":true,"href":"https:\/\/odabrano.com\/index.php\/wp-json\/wp\/v2\/users\/1"}],"replies":[{"embeddable":true,"href":"https:\/\/odabrano.com\/index.php\/wp-json\/wp\/v2\/comments?post=5395"}],"version-history":[{"count":1,"href":"https:\/\/odabrano.com\/index.php\/wp-json\/wp\/v2\/posts\/5395\/revisions"}],"predecessor-version":[{"id":5396,"href":"https:\/\/odabrano.com\/index.php\/wp-json\/wp\/v2\/posts\/5395\/revisions\/5396"}],"wp:featuredmedia":[{"embeddable":true,"href":"https:\/\/odabrano.com\/index.php\/wp-json\/wp\/v2\/media\/5397"}],"wp:attachment":[{"href":"https:\/\/odabrano.com\/index.php\/wp-json\/wp\/v2\/media?parent=5395"}],"wp:term":[{"taxonomy":"category","embeddable":true,"href":"https:\/\/odabrano.com\/index.php\/wp-json\/wp\/v2\/categories?post=5395"},{"taxonomy":"post_tag","embeddable":true,"href":"https:\/\/odabrano.com\/index.php\/wp-json\/wp\/v2\/tags?post=5395"}],"curies":[{"name":"wp","href":"https:\/\/api.w.org\/{rel}","templated":true}]}}