{"id":5392,"date":"2024-11-10T14:53:19","date_gmt":"2024-11-10T13:53:19","guid":{"rendered":"https:\/\/odabrano.com\/?p=5392"},"modified":"2024-11-10T14:53:20","modified_gmt":"2024-11-10T13:53:20","slug":"zasto-se-srbija-sve-vise-naoruzava","status":"publish","type":"post","link":"https:\/\/odabrano.com\/index.php\/2024\/11\/10\/zasto-se-srbija-sve-vise-naoruzava\/","title":{"rendered":"Za\u0161to se Srbija sve vi\u0161e naoru\u017eava?"},"content":{"rendered":"\n<p><strong>Srbija je posljednjih godina unaprijedila svoju vojsku i sada je vojno najja\u010da dr\u017eava na zapadnom Balkanu. Susjedne dr\u017eave su zabrinute zbog ekspanzionisti\u010dkih te\u017enji Beograda.<\/strong><\/p>\n\n\n\n<p>Planira li&nbsp;<a href=\"https:\/\/www.dw.com\/hr\/srbija\/t-69014688\">Srbija<\/a>&nbsp;destabilizirati ili \u010dak vojno napasti susjedne dr\u017eave, Kosovo i Bosnu i Hercegovinu?&nbsp;<a href=\"https:\/\/www.dw.com\/hr\/osmani-otvoreni-balkan-koristi-samo-srbiji\/a-59222219\">Kosovska predsjednica Vjosa Osman<\/a>i i njen kolega iz BiH Denis Be\u0107irovi\u0107 nedavno su upozorili na taj scenarij. Osmani je u TV-intervjuu u rujnu rekla da postoji nada da se Zapadni Balkan pridru\u017ei Europskoj uniji i NATO-u, \u201eali preduvjet za to je da se Srbija tretira kao ono \u0161to jest: satelitska dr\u017eava Rusije, koja je produbila vojnu, ekonomsku i politi\u010dku suradnju s Moskvom\u201c.<\/p>\n\n\n\n<p>Be\u0107irovi\u0107evo upozorenje o teritorijalnim aspiracijama Srbije pred Op\u0107om skup\u0161tinom Ujedinjenih naroda u New Yorku bilo je jo\u0161 izravnije: \u201eS govornice Op\u0107e skup\u0161tine Ujedinjenih naroda upozoravam svjetsku javnost da vodstvo Republike Srbije jo\u0161 jednom prijeti suverenitetu i teritorijalnom integritetu Bosne i Hercegovine.\u201c<\/p>\n\n\n\n<p><strong>Beograd se naoru\u017eava&nbsp;<\/strong><\/p>\n\n\n\n<p>U stvari, Beograd ve\u0107 godinama masovno oprema svoje oru\u017eane snage suvremenim sustavima naoru\u017eanja: kupljeni su francuski borbeni avioni i ruski juri\u0161ni helikopteri, koje je predsjednik Srbije&nbsp;<a href=\"https:\/\/www.dw.com\/hr\/aleksandar-vu%C4%8Di%C4%87\/t-49518781\">Aleksandar Vu\u010di\u0107<\/a>&nbsp;hvalio kao \u201elete\u0107e tenkove\u201c. Osim toga, tu su i kineski protuzra\u010dni sustavi, koji su preba\u010deni iz Pekinga u Beograd ubrzo nakon ruske invazije na Ukrajinu. Bilo je i izvje\u0161taja da je Srbija kupila tisu\u0107e dronova od Irana, koje Rusija svakodnevno koristi za napade na ukrajinske gradove.<\/p>\n\n\n\n<p>List \u201eEkonomist\u201c je 2021. pisao da susjede pla\u0161i to \u0161to je&nbsp;<a href=\"https:\/\/www.dw.com\/hr\/srbija-i-hrvatska-utrka-u-naoru%C5%BEanju\/a-70157369\">Beograd u \u201e\u0161opingu oru\u017eja\u201c<\/a>. Ugledni \u0161vedski institut za istra\u017eivanje mira SIPRI objavio je 2022. da je prora\u010dun Beograda za obranu od 1,3 milijarde eura deset puta ve\u0107i od kosovskog.<\/p>\n\n\n\n<p>Vojnu nadmo\u0107 Srbije ilustrira njen inventar borbenih tenkova: s oko 250 tenkova, Beograd ima vi\u0161e tog oru\u017eja od svih ostalih biv\u0161ih jugoslavenskih republika zajedno (za usporedbu, njema\u010dki Bundeswehr ima 295). Hrvatska je na drugom mjestu sa 75,&nbsp;<a href=\"https:\/\/www.dw.com\/hr\/bosna-i-hercegovina\/t-49517936\">Bosna i Hercegovina<\/a>na tre\u0107em s 45, a slijedi Sjeverna Makedonija s 31. Ni&nbsp;<a href=\"https:\/\/www.dw.com\/hr\/crna-gora\/t-70685289\">Crna Gora<\/a>, ni&nbsp;<a href=\"https:\/\/www.dw.com\/hr\/kosovo\/t-49519646\">Kosovo<\/a>&nbsp;nemaju tenkove.<\/p>\n\n\n\n<p>To je vjerojatno jedan od razloga za\u0161to je Kosovo pro\u0161le godine svoje male oru\u017eane snage u nastajanju opremilo turskim bespilotnim letjelicama Bayraktar, a ove godine i sa 250 ameri\u010dkih protuoklopnih projektila Javelin. Bez ta dva oru\u017eana sustava, koja ukrajinska vojska uspje\u0161no koristi u borbi protiv Rusije, neovisna Ukrajina vi\u0161e ne bi postojala u sada\u0161njem obliku.<\/p>\n\n\n\n<p><strong>Projekt Srpski svijet&nbsp;<\/strong><\/p>\n\n\n\n<p>Postavlja se pitanje za\u0161to Beograd godinama gomila ogroman arsenal naoru\u017eanja, a da pritom nije bilo prijetnji od susjeda. Planira li predsjednik Vu\u010di\u0107 napasti susjedne zemlje, kako je upozorila kosovska predsjednica?<\/p>\n\n\n\n<p>To se mo\u017ee zaklju\u010diti iz izjava, prijetnji i postupaka srpskog vodstva u Beogradu. Propagiranje projekta \u201eSrpski svijet\u201c, donekle umanjene verzije \u201eVelike Srbije\u201c biv\u0161eg predsjednika Slobodana Milo\u0161evi\u0107a, ima odjeka kod Srba u susjednim zemljama, Kosovu i Bosni i Hercegovini.<\/p>\n\n\n\n<p>Milo\u0161evi\u0107 je umro u pritvoru Tribunala UN-a za ratne zlo\u010dine u Haagu 2006. godine. Da bi ostvario svoj povijesni nacionalisti\u010dki cilj za Srbiju, odnosno ujedinjenje svih podru\u010dja biv\u0161e Jugoslavije naseljenih Srbima, devedesetih godina pokrenuo je \u010detiri rata u kojima je poginulo preko 130.000 ljudi.<\/p>\n\n\n\n<p>Nekoliko visokih du\u017enosnika srpske vlade ve\u0107 je slu\u017eilo pod Milo\u0161evi\u0107em, uklju\u010duju\u0107i predsjednika Aleksandra Vu\u010di\u0107a i ministra unutarnjih poslova Ivicu Da\u010di\u0107a. Obojica su vodili Milo\u0161evi\u0107ev propagandni aparat.<\/p>\n\n\n\n<p><strong>Sveop\u0107i srpski sabor&nbsp;<\/strong><\/p>\n\n\n\n<p>Po\u010detkom lipnja 2024. godine, Vu\u010di\u0107 je u Beogradu predvodio \u201eSveop\u0107i srpski sabor\u201c s predstavnicima Srba iz svih krajeva biv\u0161e Jugoslavije &#8211; strate\u0161ki sastanak koji je su\u0161tinski formulirao plan za provo\u0111enje \u201eSrpskog svijeta\u201c u \u201eSveop\u0107oj srpskoj deklaraciji\u201c. Kosovo se spominje kao dio Srbije, a Republika Srpska kao \u201enacionalni interes Srbije\u201c.<\/p>\n\n\n\n<p>Glasnogovornik njema\u010dkog Ministarstva vanjskih poslova u Berlinu osudio je to neuobi\u010dajeno o\u0161tro. Njema\u010dka vlada smatra da je Sveop\u0107a srpska deklaracija \u201evrlo zabrinjavaju\u0107a i \u0161tetna za Bosnu i Hercegovinu, ali i za Srbiju i sve zemlje Zapadnog Balkana\u201c.<\/p>\n\n\n\n<p>Be\u0107irovi\u0107 je beogradski skup u svom obra\u0107anju Ujedinjenim narodima komentirao ovako: \u201eDestruktivna deklaracija tzv. Sveop\u0107eg srpskog sabora, usvojena 8. lipnja ove godine u Beogradu, [&#8230;] nije samo deklarativni akt, ve\u0107 opasan dr\u017eavni dokument.\u201c<\/p>\n\n\n\n<p><strong>Rat na Balkanu?&nbsp;<\/strong><\/p>\n\n\n\n<p>Nijedna od susjednih zemalja za koje se \u010dini da su na meti teritorijalnih pretenzija Beograda nema oru\u017eane snage \u201espremne za rat\u201c. Bez za\u0161tite dviju zapadnih mirovnih misija, NATO-a na Kosovu (KFOR) i Europske unije u BiH (EUFOR\/Althea), one bi bile laka meta za agresivni ekspanzionizam Beograda.<\/p>\n\n\n\n<p>Posljednjih godina nekoliko&nbsp;<a href=\"https:\/\/www.dw.com\/hr\/sad-srbija-gomila-vojsku-na-granici-s-kosovom\/a-66968973\">demonstracija srpskih trupa na granici s Kosovom<\/a>&nbsp;i napad&nbsp;<a href=\"https:\/\/www.dw.com\/hr\/banjska-na-kosovu-godinu-dana-nakon-oru%C5%BEanog-napada\/a-70344655\">srpske paravojne jedinice na kosovske sigurnosne snage<\/a>&nbsp;izazvali su pomutnju i nemire. Takvim srpskim paravojnim napadima zapo\u010deo je rat u Hrvatskoj 1991. i u BiH godinu dana kasnije.<\/p>\n\n\n\n<p>Ti posljednji vojni incidenti mo\u017eda su bili test Beograda. Me\u0111utim, budu\u0107i da su reakcije SAD-a i NATO-a bile vrlo brze i o\u0161tre, Beograd je odustao. U kolovozu 2024. Washington je ponovno intervenirao, ovog puta s direktorom CIA-e Williamom Burnsom, koji je do\u0161ao u Bosnu i Hercegovinu posebno&nbsp;<a href=\"https:\/\/www.dw.com\/hr\/direktor-cia-e-u-sarajevu-razgovori-o-secesionizmu\/a-70002881\">kako bi zaustavio separatisti\u010dke akcije vo\u0111e bosanskih Srba Milorada Dodika<\/a>. Dodik je vi\u0161e puta inicirao korake za progla\u0161enje neovisnosti Republike Srpske i naoru\u017eao tisu\u0107e pripadnika paravojnih jedinica. Politi\u010dari u glavnom gradu Sarajevu pripremaju se za mogu\u0107nost da Republika Srpska krene sa secesijom. Ako do\u0111e do oru\u017eanog sukoba i bosanski Srbi budu pod vojnim pritiskom, vrlo je vjerojatno da bi Beograd mogao poslati svoje tenkove u BiH kako bi ih spasio.<\/p>\n\n\n\n<p>Stoga se ne mo\u017ee isklju\u010diti novi rat na Balkanu. A s obzirom na to da je&nbsp;<a href=\"https:\/\/www.dw.com\/hr\/donald-trump\/t-49519152\">Donald Trump<\/a>&nbsp;ponovno preuzeo vlast u Washingtonu, potpuno je nejasno kako \u0107e se supersila SAD pona\u0161ati u takvom slu\u010daju. Izgledni kandidat za mjesto ministra vanjskih poslova je biv\u0161i ameri\u010dki veleposlanik u Njema\u010dkoj Richard Grenell. A on, zajedno s Trumpovim zetom&nbsp;<a href=\"https:\/\/www.dw.com\/hr\/kushnerov-hotel-na-mjestu-general%C5%A1taba-vu%C4%8Di%C4%87-igra-na-trumpa\/a-68606630\">Jaredom Kushnerom, ima velike poslovne interese u Srbiji<\/a>.<\/p>\n\n\n\n<p><em>Aleksander Rhotert (*1970.) je autor i politolog. Studirao je politi\u010dke znanosti i povijest s fokusom na me\u0111unarodne odnose i povijest Jugoslavije. Radio je za OESS, UN i EU izme\u0111u 1997. i 2016., uglavnom u BiH.<\/em><\/p>\n","protected":false},"excerpt":{"rendered":"<p>Srbija je posljednjih godina unaprijedila svoju vojsku i sada je vojno najja\u010da dr\u017eava na zapadnom Balkanu. Susjedne dr\u017eave su zabrinute zbog ekspanzionisti\u010dkih te\u017enji Beograda. Planira li&nbsp;Srbija&nbsp;destabilizirati ili \u010dak vojno napasti susjedne dr\u017eave, Kosovo i Bosnu i Hercegovinu?&nbsp;Kosovska predsjednica Vjosa Osmani i njen kolega iz BiH Denis Be\u0107irovi\u0107 nedavno su upozorili na taj scenarij. Osmani je &hellip;<\/p>\n","protected":false},"author":1,"featured_media":5393,"comment_status":"closed","ping_status":"open","sticky":false,"template":"","format":"standard","meta":{"_monsterinsights_skip_tracking":false,"_monsterinsights_sitenote_active":false,"_monsterinsights_sitenote_note":"","_monsterinsights_sitenote_category":0,"footnotes":""},"categories":[6],"tags":[98,33],"class_list":["post-5392","post","type-post","status-publish","format-standard","has-post-thumbnail","","category-istok","tag-oruzje","tag-srbija"],"yoast_head":"<!-- This site is optimized with the Yoast SEO plugin v22.1 - https:\/\/yoast.com\/wordpress\/plugins\/seo\/ -->\n<title>Za\u0161to se Srbija sve vi\u0161e naoru\u017eava? - odabrano<\/title>\n<meta name=\"robots\" content=\"index, follow, max-snippet:-1, max-image-preview:large, max-video-preview:-1\" \/>\n<link rel=\"canonical\" href=\"https:\/\/odabrano.com\/index.php\/2024\/11\/10\/zasto-se-srbija-sve-vise-naoruzava\/\" \/>\n<meta property=\"og:locale\" content=\"en_US\" \/>\n<meta property=\"og:type\" content=\"article\" \/>\n<meta property=\"og:title\" content=\"Za\u0161to se Srbija sve vi\u0161e naoru\u017eava? - odabrano\" \/>\n<meta property=\"og:description\" content=\"Srbija je posljednjih godina unaprijedila svoju vojsku i sada je vojno najja\u010da dr\u017eava na zapadnom Balkanu. Susjedne dr\u017eave su zabrinute zbog ekspanzionisti\u010dkih te\u017enji Beograda. Planira li&nbsp;Srbija&nbsp;destabilizirati ili \u010dak vojno napasti susjedne dr\u017eave, Kosovo i Bosnu i Hercegovinu?&nbsp;Kosovska predsjednica Vjosa Osmani i njen kolega iz BiH Denis Be\u0107irovi\u0107 nedavno su upozorili na taj scenarij. Osmani je &hellip;\" \/>\n<meta property=\"og:url\" content=\"https:\/\/odabrano.com\/index.php\/2024\/11\/10\/zasto-se-srbija-sve-vise-naoruzava\/\" \/>\n<meta property=\"og:site_name\" content=\"odabrano\" \/>\n<meta property=\"article:published_time\" content=\"2024-11-10T13:53:19+00:00\" \/>\n<meta property=\"article:modified_time\" content=\"2024-11-10T13:53:20+00:00\" \/>\n<meta property=\"og:image\" content=\"http:\/\/odabrano.com\/wp-content\/uploads\/2024\/11\/mig29.webp\" \/>\n\t<meta property=\"og:image:width\" content=\"1200\" \/>\n\t<meta property=\"og:image:height\" content=\"525\" \/>\n\t<meta property=\"og:image:type\" content=\"image\/webp\" \/>\n<meta name=\"author\" content=\"admin\" \/>\n<meta name=\"twitter:card\" content=\"summary_large_image\" \/>\n<meta name=\"twitter:label1\" content=\"Written by\" \/>\n\t<meta name=\"twitter:data1\" content=\"admin\" \/>\n\t<meta name=\"twitter:label2\" content=\"Est. reading time\" \/>\n\t<meta name=\"twitter:data2\" content=\"5 minutes\" \/>\n<script type=\"application\/ld+json\" class=\"yoast-schema-graph\">{\"@context\":\"https:\/\/schema.org\",\"@graph\":[{\"@type\":\"Article\",\"@id\":\"https:\/\/odabrano.com\/index.php\/2024\/11\/10\/zasto-se-srbija-sve-vise-naoruzava\/#article\",\"isPartOf\":{\"@id\":\"https:\/\/odabrano.com\/index.php\/2024\/11\/10\/zasto-se-srbija-sve-vise-naoruzava\/\"},\"author\":{\"name\":\"admin\",\"@id\":\"https:\/\/odabrano.com\/#\/schema\/person\/460f2b14657879743f23c4f6a7cd3236\"},\"headline\":\"Za\u0161to se Srbija sve vi\u0161e naoru\u017eava?\",\"datePublished\":\"2024-11-10T13:53:19+00:00\",\"dateModified\":\"2024-11-10T13:53:20+00:00\",\"mainEntityOfPage\":{\"@id\":\"https:\/\/odabrano.com\/index.php\/2024\/11\/10\/zasto-se-srbija-sve-vise-naoruzava\/\"},\"wordCount\":1067,\"publisher\":{\"@id\":\"https:\/\/odabrano.com\/#\/schema\/person\/460f2b14657879743f23c4f6a7cd3236\"},\"keywords\":[\"oru\u017eje\",\"srbija\"],\"articleSection\":[\"Istok\"],\"inLanguage\":\"en-US\"},{\"@type\":\"WebPage\",\"@id\":\"https:\/\/odabrano.com\/index.php\/2024\/11\/10\/zasto-se-srbija-sve-vise-naoruzava\/\",\"url\":\"https:\/\/odabrano.com\/index.php\/2024\/11\/10\/zasto-se-srbija-sve-vise-naoruzava\/\",\"name\":\"Za\u0161to se Srbija sve vi\u0161e naoru\u017eava? - odabrano\",\"isPartOf\":{\"@id\":\"https:\/\/odabrano.com\/#website\"},\"datePublished\":\"2024-11-10T13:53:19+00:00\",\"dateModified\":\"2024-11-10T13:53:20+00:00\",\"breadcrumb\":{\"@id\":\"https:\/\/odabrano.com\/index.php\/2024\/11\/10\/zasto-se-srbija-sve-vise-naoruzava\/#breadcrumb\"},\"inLanguage\":\"en-US\",\"potentialAction\":[{\"@type\":\"ReadAction\",\"target\":[\"https:\/\/odabrano.com\/index.php\/2024\/11\/10\/zasto-se-srbija-sve-vise-naoruzava\/\"]}]},{\"@type\":\"BreadcrumbList\",\"@id\":\"https:\/\/odabrano.com\/index.php\/2024\/11\/10\/zasto-se-srbija-sve-vise-naoruzava\/#breadcrumb\",\"itemListElement\":[{\"@type\":\"ListItem\",\"position\":1,\"name\":\"Home\",\"item\":\"https:\/\/odabrano.com\/\"},{\"@type\":\"ListItem\",\"position\":2,\"name\":\"Za\u0161to se Srbija sve vi\u0161e naoru\u017eava?\"}]},{\"@type\":\"WebSite\",\"@id\":\"https:\/\/odabrano.com\/#website\",\"url\":\"https:\/\/odabrano.com\/\",\"name\":\"odabrano\",\"description\":\"news portal koji nudi odabrane vijesti i informacije\",\"publisher\":{\"@id\":\"https:\/\/odabrano.com\/#\/schema\/person\/460f2b14657879743f23c4f6a7cd3236\"},\"alternateName\":\"vijesti i informacije iz Hrvatske i svijeta\",\"potentialAction\":[{\"@type\":\"SearchAction\",\"target\":{\"@type\":\"EntryPoint\",\"urlTemplate\":\"https:\/\/odabrano.com\/?s={search_term_string}\"},\"query-input\":\"required name=search_term_string\"}],\"inLanguage\":\"en-US\"},{\"@type\":[\"Person\",\"Organization\"],\"@id\":\"https:\/\/odabrano.com\/#\/schema\/person\/460f2b14657879743f23c4f6a7cd3236\",\"name\":\"admin\",\"image\":{\"@type\":\"ImageObject\",\"inLanguage\":\"en-US\",\"@id\":\"https:\/\/odabrano.com\/#\/schema\/person\/image\/\",\"url\":\"https:\/\/odabrano.com\/wp-content\/uploads\/2024\/04\/dolar.jpg\",\"contentUrl\":\"https:\/\/odabrano.com\/wp-content\/uploads\/2024\/04\/dolar.jpg\",\"width\":1216,\"height\":519,\"caption\":\"admin\"},\"logo\":{\"@id\":\"https:\/\/odabrano.com\/#\/schema\/person\/image\/\"},\"sameAs\":[\"http:\/\/odabrano.com\"],\"url\":\"https:\/\/odabrano.com\/index.php\/author\/sokolneno_u3xb387h\/\"}]}<\/script>\n<!-- \/ Yoast SEO plugin. -->","yoast_head_json":{"title":"Za\u0161to se Srbija sve vi\u0161e naoru\u017eava? - odabrano","robots":{"index":"index","follow":"follow","max-snippet":"max-snippet:-1","max-image-preview":"max-image-preview:large","max-video-preview":"max-video-preview:-1"},"canonical":"https:\/\/odabrano.com\/index.php\/2024\/11\/10\/zasto-se-srbija-sve-vise-naoruzava\/","og_locale":"en_US","og_type":"article","og_title":"Za\u0161to se Srbija sve vi\u0161e naoru\u017eava? - odabrano","og_description":"Srbija je posljednjih godina unaprijedila svoju vojsku i sada je vojno najja\u010da dr\u017eava na zapadnom Balkanu. Susjedne dr\u017eave su zabrinute zbog ekspanzionisti\u010dkih te\u017enji Beograda. Planira li&nbsp;Srbija&nbsp;destabilizirati ili \u010dak vojno napasti susjedne dr\u017eave, Kosovo i Bosnu i Hercegovinu?&nbsp;Kosovska predsjednica Vjosa Osmani i njen kolega iz BiH Denis Be\u0107irovi\u0107 nedavno su upozorili na taj scenarij. Osmani je &hellip;","og_url":"https:\/\/odabrano.com\/index.php\/2024\/11\/10\/zasto-se-srbija-sve-vise-naoruzava\/","og_site_name":"odabrano","article_published_time":"2024-11-10T13:53:19+00:00","article_modified_time":"2024-11-10T13:53:20+00:00","og_image":[{"width":1200,"height":525,"url":"http:\/\/odabrano.com\/wp-content\/uploads\/2024\/11\/mig29.webp","type":"image\/webp"}],"author":"admin","twitter_card":"summary_large_image","twitter_misc":{"Written by":"admin","Est. reading time":"5 minutes"},"schema":{"@context":"https:\/\/schema.org","@graph":[{"@type":"Article","@id":"https:\/\/odabrano.com\/index.php\/2024\/11\/10\/zasto-se-srbija-sve-vise-naoruzava\/#article","isPartOf":{"@id":"https:\/\/odabrano.com\/index.php\/2024\/11\/10\/zasto-se-srbija-sve-vise-naoruzava\/"},"author":{"name":"admin","@id":"https:\/\/odabrano.com\/#\/schema\/person\/460f2b14657879743f23c4f6a7cd3236"},"headline":"Za\u0161to se Srbija sve vi\u0161e naoru\u017eava?","datePublished":"2024-11-10T13:53:19+00:00","dateModified":"2024-11-10T13:53:20+00:00","mainEntityOfPage":{"@id":"https:\/\/odabrano.com\/index.php\/2024\/11\/10\/zasto-se-srbija-sve-vise-naoruzava\/"},"wordCount":1067,"publisher":{"@id":"https:\/\/odabrano.com\/#\/schema\/person\/460f2b14657879743f23c4f6a7cd3236"},"keywords":["oru\u017eje","srbija"],"articleSection":["Istok"],"inLanguage":"en-US"},{"@type":"WebPage","@id":"https:\/\/odabrano.com\/index.php\/2024\/11\/10\/zasto-se-srbija-sve-vise-naoruzava\/","url":"https:\/\/odabrano.com\/index.php\/2024\/11\/10\/zasto-se-srbija-sve-vise-naoruzava\/","name":"Za\u0161to se Srbija sve vi\u0161e naoru\u017eava? - odabrano","isPartOf":{"@id":"https:\/\/odabrano.com\/#website"},"datePublished":"2024-11-10T13:53:19+00:00","dateModified":"2024-11-10T13:53:20+00:00","breadcrumb":{"@id":"https:\/\/odabrano.com\/index.php\/2024\/11\/10\/zasto-se-srbija-sve-vise-naoruzava\/#breadcrumb"},"inLanguage":"en-US","potentialAction":[{"@type":"ReadAction","target":["https:\/\/odabrano.com\/index.php\/2024\/11\/10\/zasto-se-srbija-sve-vise-naoruzava\/"]}]},{"@type":"BreadcrumbList","@id":"https:\/\/odabrano.com\/index.php\/2024\/11\/10\/zasto-se-srbija-sve-vise-naoruzava\/#breadcrumb","itemListElement":[{"@type":"ListItem","position":1,"name":"Home","item":"https:\/\/odabrano.com\/"},{"@type":"ListItem","position":2,"name":"Za\u0161to se Srbija sve vi\u0161e naoru\u017eava?"}]},{"@type":"WebSite","@id":"https:\/\/odabrano.com\/#website","url":"https:\/\/odabrano.com\/","name":"odabrano","description":"news portal koji nudi odabrane vijesti i informacije","publisher":{"@id":"https:\/\/odabrano.com\/#\/schema\/person\/460f2b14657879743f23c4f6a7cd3236"},"alternateName":"vijesti i informacije iz Hrvatske i svijeta","potentialAction":[{"@type":"SearchAction","target":{"@type":"EntryPoint","urlTemplate":"https:\/\/odabrano.com\/?s={search_term_string}"},"query-input":"required name=search_term_string"}],"inLanguage":"en-US"},{"@type":["Person","Organization"],"@id":"https:\/\/odabrano.com\/#\/schema\/person\/460f2b14657879743f23c4f6a7cd3236","name":"admin","image":{"@type":"ImageObject","inLanguage":"en-US","@id":"https:\/\/odabrano.com\/#\/schema\/person\/image\/","url":"https:\/\/odabrano.com\/wp-content\/uploads\/2024\/04\/dolar.jpg","contentUrl":"https:\/\/odabrano.com\/wp-content\/uploads\/2024\/04\/dolar.jpg","width":1216,"height":519,"caption":"admin"},"logo":{"@id":"https:\/\/odabrano.com\/#\/schema\/person\/image\/"},"sameAs":["http:\/\/odabrano.com"],"url":"https:\/\/odabrano.com\/index.php\/author\/sokolneno_u3xb387h\/"}]}},"_links":{"self":[{"href":"https:\/\/odabrano.com\/index.php\/wp-json\/wp\/v2\/posts\/5392","targetHints":{"allow":["GET"]}}],"collection":[{"href":"https:\/\/odabrano.com\/index.php\/wp-json\/wp\/v2\/posts"}],"about":[{"href":"https:\/\/odabrano.com\/index.php\/wp-json\/wp\/v2\/types\/post"}],"author":[{"embeddable":true,"href":"https:\/\/odabrano.com\/index.php\/wp-json\/wp\/v2\/users\/1"}],"replies":[{"embeddable":true,"href":"https:\/\/odabrano.com\/index.php\/wp-json\/wp\/v2\/comments?post=5392"}],"version-history":[{"count":1,"href":"https:\/\/odabrano.com\/index.php\/wp-json\/wp\/v2\/posts\/5392\/revisions"}],"predecessor-version":[{"id":5394,"href":"https:\/\/odabrano.com\/index.php\/wp-json\/wp\/v2\/posts\/5392\/revisions\/5394"}],"wp:featuredmedia":[{"embeddable":true,"href":"https:\/\/odabrano.com\/index.php\/wp-json\/wp\/v2\/media\/5393"}],"wp:attachment":[{"href":"https:\/\/odabrano.com\/index.php\/wp-json\/wp\/v2\/media?parent=5392"}],"wp:term":[{"taxonomy":"category","embeddable":true,"href":"https:\/\/odabrano.com\/index.php\/wp-json\/wp\/v2\/categories?post=5392"},{"taxonomy":"post_tag","embeddable":true,"href":"https:\/\/odabrano.com\/index.php\/wp-json\/wp\/v2\/tags?post=5392"}],"curies":[{"name":"wp","href":"https:\/\/api.w.org\/{rel}","templated":true}]}}