{"id":5354,"date":"2024-11-09T14:08:42","date_gmt":"2024-11-09T13:08:42","guid":{"rendered":"https:\/\/odabrano.com\/?p=5354"},"modified":"2024-11-09T14:08:43","modified_gmt":"2024-11-09T13:08:43","slug":"grubo-ignoriranje-bullyinga","status":"publish","type":"post","link":"https:\/\/odabrano.com\/index.php\/2024\/11\/09\/grubo-ignoriranje-bullyinga\/","title":{"rendered":"Grubo ignoriranje bullyinga"},"content":{"rendered":"\n<p>Obrazovno odgojni sustav u Hrvatskoj mi je poznat unazad 30 godina od kad mi se za profesionalnu, psihijatrijsku, pomo\u0107 obra\u0107aju roditelji djece koja u svojim \u0161kolskim sredinama trpe zlostavljanje, popularni bullying, a koja ne dobivaju za\u0161titu u\u010ditelja, nastavnika, ravnatelja, pedagoga i psihologa \u0161kole.<\/p>\n\n\n\n<p>Situacije koje su nalikovale ovoj kojom se bave na\u0161i mediji zadnjih mjeseci koji prenose sukob roditelja, djece, prosvjete, socijalne skrbi, Grada, nadle\u017enog Ministarstva, odvjetnika i \u201dneukrotivog\u201d dje\u010daka od deset godina, decenijama su ostajale izvan oka javnosti.<\/p>\n\n\n\n<p>Autor: <strong>Suzana Ve\u010deri\u0107<\/strong> \/ 07.11.2024. na <a href=\"http:\/\/autograf.hr\"><strong>autograf.hr<\/strong><\/a><\/p>\n\n\n\n<p>Roditelji su se i prije u ovakvim situacijama snalazili kako su mogli, ispisivali su djecu iz razreda i \u0161kola u kojima su njihova djeca bila sustavno zlostavljana, a kako su mali vragolasti zlostavlja\u010di \u017eivjeli u istom kvartu kao i njihove \u017ertve (govorim o osnovnim \u0161kolama), bilo je i prodaje stanova i seljenja u druge dijelove grada da bi se spasilo od maltretiranja zlo\u010deste djece i njihovih nekriti\u010dnih roditelja. Sve to nije dospijevalo do medija a institucije \u0161kole, relevantnih stru\u010dnjaka i profesionalaca&nbsp; i socijalne skrbi su bile jednako gluhe, slijepe, nijeme i jalove u rje\u0161avanju ovog problema.<\/p>\n\n\n\n<p>Ja sam zacijelo zbog prirode svoje profesije dobivala te\u017ei, selektiran, uzorak djece i roditelja koje su nasilne okolnosti dovele do ruba. To nisu bile male \u010darke, sva\u0111e i \u201ddje\u010dja posla\u201d, ve\u0107 sustavno psihofizi\u010dko maltretiranje koje je djecu i roditelje tjeralo u o\u010daj jer nisu dobivali nikakvu pomo\u0107 od \u0161kole i od drugih relevantnih institucija niti su shva\u0107ani ozbiljno.<\/p>\n\n\n\n<p>Stizali su do psihijatara kad su izgubili svaku nadu da \u0107e im institucije \u0161kole i dr\u017eave pomo\u0107i. Moje mogu\u0107nosti za intervenciju su bile krajnje ograni\u010dene jer sam dobivala obeshrabrene i o\u010dajne \u017ertve ne\u010dijeg nasilja koje se moglo eventualno psihijatrijski procijeniti a djelovanje na uzroke poreme\u0107aja, psihi\u010dke traume, je bilo izvan mog dosega.<\/p>\n\n\n\n<p>Efekt pomaganja djetetu koje je svakodnevno izlo\u017eeno traumatizaciji&nbsp; i retraumatizaciji je bio Skadar na Bojani i nije davao rezultate. Psihijatrijski nalaz za \u017ertvu je uglavnom tretiran kao alibi za zlostavlja\u010da jer je \u017ertva, eto, poreme\u0107ena (\u201dpreosjetljiva\u201d u najboljem slu\u010daju).<\/p>\n\n\n\n<p>Moje paralelno inzistiranje uz nalaz bio je apel da je situacija u kojoj se dijete \u0161koluje neadekvatna i \u0161tetna a upu\u0107ivala sam ga pedago\u0161koj i psiholo\u0161koj slu\u017ebi \u0161kole, naravno bez rezultata. Najte\u017ee je bilo, a to je bilo i \u010desto, kad bi mi se obra\u0107ali roditelji djeteta koje je imalo neku manu koju su vr\u0161njaci sa smislom za humor eksploatirali za svoje \u0161ale i ske\u010deve u kojoj je dijete (npr. sa strabizmom i korektivnim nao\u010dalama) bilo sustavno poni\u017eavano.<\/p>\n\n\n\n<p>Sje\u0107am se djevoj\u010dice, koja je sad sretno udana, majka trogodi\u0161njeg dje\u010daka i zaposlena, koja je nakon \u0161to su je razredne \u0161aljivd\u017eije \u201dobra\u0111ivale\u201d zavr\u0161ila krajem \u0161estog razreda osnovne \u0161kole u Psihijatrijskoj bolnici za djecu i mlade\u017e u Kukuljevi\u0107evoj 11. Majka ju je nakon boravka u bolnici, gdje su utvr\u0111eni emocionalni problemi u djetinjstvu, dovela u moju ambulantu. Ta iznimno lijepa djevoj\u010dica s nao\u010dalama zbog strabizma (nekoliko puta neuspje\u0161no operiranog) je doslovce plakala i ridala tijekom svakog na\u0161eg susreta oko dva mjeseca.<\/p>\n\n\n\n<p>Antidepresiv Zoloft, koji je dobila u bolnici, nije smirivao njenu tugu i suze kojima me preplavljivala na svakom razgovoru. Nije \u017eeljela i\u0107i u \u0161kolu jer se bojala \u0161to \u0107e joj vr\u0161njaci opet \u010diniti. Zbog izostanaka iz \u0161kole se javila socijalna skrb i upla\u0161enim roditeljima zaprijetila da ili nagovore svoju k\u0107er da redovito poha\u0111a nastavu ili \u0107e je im je oni oduzeti (!?).<\/p>\n\n\n\n<p>Ja sam pisala \u0161koli, a kako nije bilo odgovora oti\u0161la sam osobno s traumatiziranom djevoj\u010dicom, razgovarati s pedagogom i psihologom. Moj aktivni pristup tom problemu je bio psihijatrijski neortodoksan ali shvatila sam da ja mogu do beskraja dugo pomagati djevoj\u010dici da trpi bullying i pije Zoloft bez rezultata ako ne uspostavim kontakt sa strukturama koje mogu situaciju popraviti u korijenu.<\/p>\n\n\n\n<p>U \u0161koli sam bila dobro primljena, uspostavila sam komunikaciju sa stru\u010dnjacima \u0161kole koji su ipak smatrali da poni\u017eavanje i stalno uznemiravanje nije bullying ve\u0107 se radi o tome da je djevoj\u010dica \u201dpreosjetljiva\u201d.<\/p>\n\n\n\n<p>Zna\u010di stand up komi\u010dari u razredu su bili amnestirani a \u201dpreosjetljiva\u201d djevoj\u010dica je i dalje proplakala tih mjesec i pol dana do kraja \u0161kolske godine, psihijatrijski stigmatizirana Kukuljevi\u0107evom i lije\u010denjem u mojoj ordinaciji.<\/p>\n\n\n\n<p>Naravno da \u201dpreosjetljivost\u201d nije bila sr\u017e problema ali kad imate manu, kad djetetu npr. jedno oko gleda u krivo i u kri\u017e, valjda se podrazumijeva da to vr\u0161njake inspirira na duhovite akcije kojima to dijete ubijaju u pojam, posramljuju i emocionalno ju zlostavljaju.<\/p>\n\n\n\n<p>Odgojno obrazovni stru\u010dnjaci su smatrali da se ne treba posebno razgovarati s grupicom dje\u010daka koji su u\u017eivali u vrije\u0111aju \u201drazroke\u201d djevoj\u010dice jer su to \u201ddje\u010dja posla\u201d. Uz moju i roditeljsku pomo\u0107 i podr\u0161ku djevoj\u010dica je zavr\u0161ila taj \u0161esti razred i u sedmi se premjestila u drugu \u0161kolu u istom dijelu grada.<\/p>\n\n\n\n<p>Tamo nije bilo grupe dje\u010daka koji su je emocionalno zlostavljali ali puno muke, srama i traume je ve\u0107 bilo internalizirano u sebstvu djevoj\u010dice u najranjivijoj fazi njenog odrastanja. Po\u010dinjao je pubertet u kojem se razvojni kompleksi, nedoumice, strahovi i autodestruktivno pona\u0161anje mije\u0161aju s traumama tako da za razrje\u0161avanje tako konfliktnim emocijama nabijenog problema odrastanja treba 3-4 godine.<\/p>\n\n\n\n<p>U tom periodu je i djevoj\u010dica o kojoj pi\u0161em iza\u0161la iz svoje traumati\u010dne razvojne faze unato\u010d svim gre\u0161kama sustava koji joj nije pomagao. Ovo je bio jedan od rje\u0111ih sretnih zavr\u0161etaka sli\u010dnih pri\u010da o zlostavljanju.<\/p>\n\n\n\n<p>\u0160to se u ovom zadnjem medijski eksponiranom slu\u010daju promijenilo u odnosu na godine grubog zanemarivanja bullyinga u \u0161kolama? Pa cijeli taj neefikasni, nesposobni i ravnodu\u0161ni sustav za\u0161tite djece je nagazio na minu bijesa roditelja koji su odlu\u010dili i\u0107i do kraja i pobuniti se protiv na\u010dina rje\u0161avanja problema tako da ga se iz jedne prebaci u drugu \u0161kolu.<\/p>\n\n\n\n<p>\u017drtve su djeca koja su povrije\u0111ena dugotrajnom izlo\u017eeno\u0161\u0107u neadekvatnim situacijama koje su ih povre\u0111ivale tako da su trebali stru\u010dnu pomo\u0107, \u017ertve su i roditelji te djece koji su se frustrirali u uzaludnoj borbi za sigurnost svoje djece na miran na\u010din pa su, kako ka\u017ee jedan du\u017enosnik, napravili \u201drevoluciju\u201d.<\/p>\n\n\n\n<p>Cijeli slu\u010daj je iz dana u dan postajao sve ve\u0107i balon nemo\u0107i i frustracije, djeca nisu i\u0161la u \u0161kolu, dje\u010dak (koji blago re\u010deno ima klini\u010dki jasnih problema u pona\u0161anju) je bio demoniziran u medijima jer \u0161kolstvo, socijalna skrb, medicina, Grad i Ministarstvo obrazovanja nisu znali \u0161to \u010diniti u situaciji koja nije komplicirana kao slu\u010daj Koste K. u Beogradu. Za\u0161to su sve institucije bile tako zako\u010dene i blokirane u poku\u0161aju rje\u0161avanja ovog slu\u010daja, te\u0161ko je re\u0107i.<\/p>\n\n\n\n<p>\u010cak i uzev\u0161i u obzir poslovi\u010dnu nesposobnost na\u0161ih institucija situacija je gotovo misti\u010dno za\u010dudna. Pa radi se zaboga, o desetogodi\u0161njem djetetu!<\/p>\n\n\n\n<p>Mediji pi\u0161u, ljudi pri\u010daju i svima je ve\u0107 dosta tog nekompetentnog i\u017eivljavanja odgovornih dok mali agresivac dr\u017ei cijelu dr\u017eavu za gu\u0161u. Nevjerojatno. Nitko njemu i tim njegovim nekriti\u010dnim roditeljima ne \u017eeli pomo\u0107i tretiraju\u0107i tu situaciju u maniri bolesne politi\u010dke korektnosti po kojoj su sva djeca dobra i moraju se me\u0111usobno voljeti i prihva\u0107ati, a svi roditelji znaju \u0161to je najbolje za njihovu djecu.<\/p>\n\n\n\n<p>Neki roditelji nemaju zadovoljavaju\u0107e roditeljske kompetencije a neka djeca mogu imati ozbiljne probleme s kontrolom bijesa i nagona \u0161to zahtjeva stru\u010dnu pomo\u0107. Je li to slu\u010daj kod ovog agresivnog desetogodi\u0161njaka i njegovih roditelja, ne znam jer sve do\u017eivljavam \u010ditaju\u0107i novine i gledaju\u0107i reporta\u017ee na televizijskim vijestima. Nisam vidjela dijete niti znam ne\u0161to o njegovoj obitelji.<\/p>\n\n\n\n<p>Me\u0111utim, na temelju mog dugogodi\u0161njeg iskustva s djecom i odraslima koji o\u0161te\u0107uju drugu djecu i odrasle ne \u010dudim se da je izbjegavaju\u0107a strategija odgovornih do\u0161la do ovakvog apsurda. Nadam se da \u0107e se ovaj put, na grba\u010di o\u0161te\u0107ene djece, njihovih roditelja i malog zlostavlja\u010da, odgovorni nau\u010diti \u0161to treba \u010diniti u budu\u0107nosti.<\/p>\n\n\n\n<hr class=\"wp-block-separator has-alpha-channel-opacity\"\/>\n\n\n\n<p><em>Dr. Suzana Ve\u010deri\u0107, dr. med., je iskusna psihijatrica i psihoterapeutkinja koja se specijalizirala u podru\u010dju mentalnog zdravlja. S dugogodi\u0161njim radom u klini\u010dkom i privatnom okru\u017eenju, dr. Ve\u010deri\u0107 se bavi dijagnostikom, lije\u010denjem i terapijom razli\u010ditih mentalnih poreme\u0107aja, uklju\u010duju\u0107i depresiju, anksiozne poreme\u0107aje, stresne reakcije i emocionalne pote\u0161ko\u0107e. Njena praksa obuhva\u0107a individualni pristup, s naglaskom na integrativne metode koje kombiniraju elemente psihoterapije i psihijatrije kako bi pru\u017eila sveobuhvatnu podr\u0161ku svojim pacijentima.<\/em><\/p>\n","protected":false},"excerpt":{"rendered":"<p>Obrazovno odgojni sustav u Hrvatskoj mi je poznat unazad 30 godina od kad mi se za profesionalnu, psihijatrijsku, pomo\u0107 obra\u0107aju roditelji djece koja u svojim \u0161kolskim sredinama trpe zlostavljanje, popularni bullying, a koja ne dobivaju za\u0161titu u\u010ditelja, nastavnika, ravnatelja, pedagoga i psihologa \u0161kole. Situacije koje su nalikovale ovoj kojom se bave na\u0161i mediji zadnjih mjeseci &hellip;<\/p>\n","protected":false},"author":1,"featured_media":5355,"comment_status":"closed","ping_status":"open","sticky":false,"template":"","format":"standard","meta":{"_monsterinsights_skip_tracking":false,"_monsterinsights_sitenote_active":false,"_monsterinsights_sitenote_note":"","_monsterinsights_sitenote_category":0,"footnotes":""},"categories":[184],"tags":[1107],"class_list":["post-5354","post","type-post","status-publish","format-standard","has-post-thumbnail","","category-zdravlje","tag-bullying"],"yoast_head":"<!-- This site is optimized with the Yoast SEO plugin v22.1 - https:\/\/yoast.com\/wordpress\/plugins\/seo\/ -->\n<title>Grubo ignoriranje bullyinga - odabrano<\/title>\n<meta name=\"robots\" content=\"index, follow, max-snippet:-1, max-image-preview:large, max-video-preview:-1\" \/>\n<link rel=\"canonical\" href=\"https:\/\/odabrano.com\/index.php\/2024\/11\/09\/grubo-ignoriranje-bullyinga\/\" \/>\n<meta property=\"og:locale\" content=\"en_US\" \/>\n<meta property=\"og:type\" content=\"article\" \/>\n<meta property=\"og:title\" content=\"Grubo ignoriranje bullyinga - odabrano\" \/>\n<meta property=\"og:description\" content=\"Obrazovno odgojni sustav u Hrvatskoj mi je poznat unazad 30 godina od kad mi se za profesionalnu, psihijatrijsku, pomo\u0107 obra\u0107aju roditelji djece koja u svojim \u0161kolskim sredinama trpe zlostavljanje, popularni bullying, a koja ne dobivaju za\u0161titu u\u010ditelja, nastavnika, ravnatelja, pedagoga i psihologa \u0161kole. Situacije koje su nalikovale ovoj kojom se bave na\u0161i mediji zadnjih mjeseci &hellip;\" \/>\n<meta property=\"og:url\" content=\"https:\/\/odabrano.com\/index.php\/2024\/11\/09\/grubo-ignoriranje-bullyinga\/\" \/>\n<meta property=\"og:site_name\" content=\"odabrano\" \/>\n<meta property=\"article:published_time\" content=\"2024-11-09T13:08:42+00:00\" \/>\n<meta property=\"article:modified_time\" content=\"2024-11-09T13:08:43+00:00\" \/>\n<meta property=\"og:image\" content=\"http:\/\/odabrano.com\/wp-content\/uploads\/2024\/11\/bullying.webp\" \/>\n\t<meta property=\"og:image:width\" content=\"516\" \/>\n\t<meta property=\"og:image:height\" content=\"307\" \/>\n\t<meta property=\"og:image:type\" content=\"image\/webp\" \/>\n<meta name=\"author\" content=\"admin\" \/>\n<meta name=\"twitter:card\" content=\"summary_large_image\" \/>\n<meta name=\"twitter:label1\" content=\"Written by\" \/>\n\t<meta name=\"twitter:data1\" content=\"admin\" \/>\n\t<meta name=\"twitter:label2\" content=\"Est. reading time\" \/>\n\t<meta name=\"twitter:data2\" content=\"6 minutes\" \/>\n<script type=\"application\/ld+json\" class=\"yoast-schema-graph\">{\"@context\":\"https:\/\/schema.org\",\"@graph\":[{\"@type\":\"Article\",\"@id\":\"https:\/\/odabrano.com\/index.php\/2024\/11\/09\/grubo-ignoriranje-bullyinga\/#article\",\"isPartOf\":{\"@id\":\"https:\/\/odabrano.com\/index.php\/2024\/11\/09\/grubo-ignoriranje-bullyinga\/\"},\"author\":{\"name\":\"admin\",\"@id\":\"https:\/\/odabrano.com\/#\/schema\/person\/460f2b14657879743f23c4f6a7cd3236\"},\"headline\":\"Grubo ignoriranje bullyinga\",\"datePublished\":\"2024-11-09T13:08:42+00:00\",\"dateModified\":\"2024-11-09T13:08:43+00:00\",\"mainEntityOfPage\":{\"@id\":\"https:\/\/odabrano.com\/index.php\/2024\/11\/09\/grubo-ignoriranje-bullyinga\/\"},\"wordCount\":1482,\"publisher\":{\"@id\":\"https:\/\/odabrano.com\/#\/schema\/person\/460f2b14657879743f23c4f6a7cd3236\"},\"keywords\":[\"bullying\"],\"articleSection\":[\"Zdravlje\"],\"inLanguage\":\"en-US\"},{\"@type\":\"WebPage\",\"@id\":\"https:\/\/odabrano.com\/index.php\/2024\/11\/09\/grubo-ignoriranje-bullyinga\/\",\"url\":\"https:\/\/odabrano.com\/index.php\/2024\/11\/09\/grubo-ignoriranje-bullyinga\/\",\"name\":\"Grubo ignoriranje bullyinga - odabrano\",\"isPartOf\":{\"@id\":\"https:\/\/odabrano.com\/#website\"},\"datePublished\":\"2024-11-09T13:08:42+00:00\",\"dateModified\":\"2024-11-09T13:08:43+00:00\",\"breadcrumb\":{\"@id\":\"https:\/\/odabrano.com\/index.php\/2024\/11\/09\/grubo-ignoriranje-bullyinga\/#breadcrumb\"},\"inLanguage\":\"en-US\",\"potentialAction\":[{\"@type\":\"ReadAction\",\"target\":[\"https:\/\/odabrano.com\/index.php\/2024\/11\/09\/grubo-ignoriranje-bullyinga\/\"]}]},{\"@type\":\"BreadcrumbList\",\"@id\":\"https:\/\/odabrano.com\/index.php\/2024\/11\/09\/grubo-ignoriranje-bullyinga\/#breadcrumb\",\"itemListElement\":[{\"@type\":\"ListItem\",\"position\":1,\"name\":\"Home\",\"item\":\"https:\/\/odabrano.com\/\"},{\"@type\":\"ListItem\",\"position\":2,\"name\":\"Grubo ignoriranje bullyinga\"}]},{\"@type\":\"WebSite\",\"@id\":\"https:\/\/odabrano.com\/#website\",\"url\":\"https:\/\/odabrano.com\/\",\"name\":\"odabrano\",\"description\":\"news portal koji nudi odabrane vijesti i informacije\",\"publisher\":{\"@id\":\"https:\/\/odabrano.com\/#\/schema\/person\/460f2b14657879743f23c4f6a7cd3236\"},\"alternateName\":\"vijesti i informacije iz Hrvatske i svijeta\",\"potentialAction\":[{\"@type\":\"SearchAction\",\"target\":{\"@type\":\"EntryPoint\",\"urlTemplate\":\"https:\/\/odabrano.com\/?s={search_term_string}\"},\"query-input\":\"required name=search_term_string\"}],\"inLanguage\":\"en-US\"},{\"@type\":[\"Person\",\"Organization\"],\"@id\":\"https:\/\/odabrano.com\/#\/schema\/person\/460f2b14657879743f23c4f6a7cd3236\",\"name\":\"admin\",\"image\":{\"@type\":\"ImageObject\",\"inLanguage\":\"en-US\",\"@id\":\"https:\/\/odabrano.com\/#\/schema\/person\/image\/\",\"url\":\"https:\/\/odabrano.com\/wp-content\/uploads\/2024\/04\/dolar.jpg\",\"contentUrl\":\"https:\/\/odabrano.com\/wp-content\/uploads\/2024\/04\/dolar.jpg\",\"width\":1216,\"height\":519,\"caption\":\"admin\"},\"logo\":{\"@id\":\"https:\/\/odabrano.com\/#\/schema\/person\/image\/\"},\"sameAs\":[\"http:\/\/odabrano.com\"],\"url\":\"https:\/\/odabrano.com\/index.php\/author\/sokolneno_u3xb387h\/\"}]}<\/script>\n<!-- \/ Yoast SEO plugin. -->","yoast_head_json":{"title":"Grubo ignoriranje bullyinga - odabrano","robots":{"index":"index","follow":"follow","max-snippet":"max-snippet:-1","max-image-preview":"max-image-preview:large","max-video-preview":"max-video-preview:-1"},"canonical":"https:\/\/odabrano.com\/index.php\/2024\/11\/09\/grubo-ignoriranje-bullyinga\/","og_locale":"en_US","og_type":"article","og_title":"Grubo ignoriranje bullyinga - odabrano","og_description":"Obrazovno odgojni sustav u Hrvatskoj mi je poznat unazad 30 godina od kad mi se za profesionalnu, psihijatrijsku, pomo\u0107 obra\u0107aju roditelji djece koja u svojim \u0161kolskim sredinama trpe zlostavljanje, popularni bullying, a koja ne dobivaju za\u0161titu u\u010ditelja, nastavnika, ravnatelja, pedagoga i psihologa \u0161kole. Situacije koje su nalikovale ovoj kojom se bave na\u0161i mediji zadnjih mjeseci &hellip;","og_url":"https:\/\/odabrano.com\/index.php\/2024\/11\/09\/grubo-ignoriranje-bullyinga\/","og_site_name":"odabrano","article_published_time":"2024-11-09T13:08:42+00:00","article_modified_time":"2024-11-09T13:08:43+00:00","og_image":[{"width":516,"height":307,"url":"http:\/\/odabrano.com\/wp-content\/uploads\/2024\/11\/bullying.webp","type":"image\/webp"}],"author":"admin","twitter_card":"summary_large_image","twitter_misc":{"Written by":"admin","Est. reading time":"6 minutes"},"schema":{"@context":"https:\/\/schema.org","@graph":[{"@type":"Article","@id":"https:\/\/odabrano.com\/index.php\/2024\/11\/09\/grubo-ignoriranje-bullyinga\/#article","isPartOf":{"@id":"https:\/\/odabrano.com\/index.php\/2024\/11\/09\/grubo-ignoriranje-bullyinga\/"},"author":{"name":"admin","@id":"https:\/\/odabrano.com\/#\/schema\/person\/460f2b14657879743f23c4f6a7cd3236"},"headline":"Grubo ignoriranje bullyinga","datePublished":"2024-11-09T13:08:42+00:00","dateModified":"2024-11-09T13:08:43+00:00","mainEntityOfPage":{"@id":"https:\/\/odabrano.com\/index.php\/2024\/11\/09\/grubo-ignoriranje-bullyinga\/"},"wordCount":1482,"publisher":{"@id":"https:\/\/odabrano.com\/#\/schema\/person\/460f2b14657879743f23c4f6a7cd3236"},"keywords":["bullying"],"articleSection":["Zdravlje"],"inLanguage":"en-US"},{"@type":"WebPage","@id":"https:\/\/odabrano.com\/index.php\/2024\/11\/09\/grubo-ignoriranje-bullyinga\/","url":"https:\/\/odabrano.com\/index.php\/2024\/11\/09\/grubo-ignoriranje-bullyinga\/","name":"Grubo ignoriranje bullyinga - odabrano","isPartOf":{"@id":"https:\/\/odabrano.com\/#website"},"datePublished":"2024-11-09T13:08:42+00:00","dateModified":"2024-11-09T13:08:43+00:00","breadcrumb":{"@id":"https:\/\/odabrano.com\/index.php\/2024\/11\/09\/grubo-ignoriranje-bullyinga\/#breadcrumb"},"inLanguage":"en-US","potentialAction":[{"@type":"ReadAction","target":["https:\/\/odabrano.com\/index.php\/2024\/11\/09\/grubo-ignoriranje-bullyinga\/"]}]},{"@type":"BreadcrumbList","@id":"https:\/\/odabrano.com\/index.php\/2024\/11\/09\/grubo-ignoriranje-bullyinga\/#breadcrumb","itemListElement":[{"@type":"ListItem","position":1,"name":"Home","item":"https:\/\/odabrano.com\/"},{"@type":"ListItem","position":2,"name":"Grubo ignoriranje bullyinga"}]},{"@type":"WebSite","@id":"https:\/\/odabrano.com\/#website","url":"https:\/\/odabrano.com\/","name":"odabrano","description":"news portal koji nudi odabrane vijesti i informacije","publisher":{"@id":"https:\/\/odabrano.com\/#\/schema\/person\/460f2b14657879743f23c4f6a7cd3236"},"alternateName":"vijesti i informacije iz Hrvatske i svijeta","potentialAction":[{"@type":"SearchAction","target":{"@type":"EntryPoint","urlTemplate":"https:\/\/odabrano.com\/?s={search_term_string}"},"query-input":"required name=search_term_string"}],"inLanguage":"en-US"},{"@type":["Person","Organization"],"@id":"https:\/\/odabrano.com\/#\/schema\/person\/460f2b14657879743f23c4f6a7cd3236","name":"admin","image":{"@type":"ImageObject","inLanguage":"en-US","@id":"https:\/\/odabrano.com\/#\/schema\/person\/image\/","url":"https:\/\/odabrano.com\/wp-content\/uploads\/2024\/04\/dolar.jpg","contentUrl":"https:\/\/odabrano.com\/wp-content\/uploads\/2024\/04\/dolar.jpg","width":1216,"height":519,"caption":"admin"},"logo":{"@id":"https:\/\/odabrano.com\/#\/schema\/person\/image\/"},"sameAs":["http:\/\/odabrano.com"],"url":"https:\/\/odabrano.com\/index.php\/author\/sokolneno_u3xb387h\/"}]}},"_links":{"self":[{"href":"https:\/\/odabrano.com\/index.php\/wp-json\/wp\/v2\/posts\/5354","targetHints":{"allow":["GET"]}}],"collection":[{"href":"https:\/\/odabrano.com\/index.php\/wp-json\/wp\/v2\/posts"}],"about":[{"href":"https:\/\/odabrano.com\/index.php\/wp-json\/wp\/v2\/types\/post"}],"author":[{"embeddable":true,"href":"https:\/\/odabrano.com\/index.php\/wp-json\/wp\/v2\/users\/1"}],"replies":[{"embeddable":true,"href":"https:\/\/odabrano.com\/index.php\/wp-json\/wp\/v2\/comments?post=5354"}],"version-history":[{"count":1,"href":"https:\/\/odabrano.com\/index.php\/wp-json\/wp\/v2\/posts\/5354\/revisions"}],"predecessor-version":[{"id":5356,"href":"https:\/\/odabrano.com\/index.php\/wp-json\/wp\/v2\/posts\/5354\/revisions\/5356"}],"wp:featuredmedia":[{"embeddable":true,"href":"https:\/\/odabrano.com\/index.php\/wp-json\/wp\/v2\/media\/5355"}],"wp:attachment":[{"href":"https:\/\/odabrano.com\/index.php\/wp-json\/wp\/v2\/media?parent=5354"}],"wp:term":[{"taxonomy":"category","embeddable":true,"href":"https:\/\/odabrano.com\/index.php\/wp-json\/wp\/v2\/categories?post=5354"},{"taxonomy":"post_tag","embeddable":true,"href":"https:\/\/odabrano.com\/index.php\/wp-json\/wp\/v2\/tags?post=5354"}],"curies":[{"name":"wp","href":"https:\/\/api.w.org\/{rel}","templated":true}]}}