{"id":5297,"date":"2024-11-04T12:37:38","date_gmt":"2024-11-04T11:37:38","guid":{"rendered":"https:\/\/odabrano.com\/?p=5297"},"modified":"2024-11-07T22:32:08","modified_gmt":"2024-11-07T21:32:08","slug":"izrael-sluzbeno-obavijestio-un-o-prekidu-odnosa-s-unrwa-om","status":"publish","type":"post","link":"https:\/\/odabrano.com\/index.php\/2024\/11\/04\/izrael-sluzbeno-obavijestio-un-o-prekidu-odnosa-s-unrwa-om\/","title":{"rendered":"Izrael slu\u017ebeno obavijestio UN o prekidu odnosa s UNRWA-om"},"content":{"rendered":"\n<p><strong>Izrael je slu\u017ebeno obavijestio Ujedinjene narode da otkazuje sporazum koji je regulirao njegove odnose s glavnom organizacijom UN-a za pomo\u0107 palestinskim izbjeglicama (UNRWA) od 1967. godine, priop\u0107ilo je u ponedjeljak ministarstvo vanjskih poslova te zemlje.<\/strong><\/p>\n\n\n\n<p>Pro\u0161log je mjeseca izraelski parlament donio zakon kojim se UNRWA-i zabranjuje djelovanje u Izraelu i prekida suradnja izraelskih vlasti s organizacijom koja pru\u017ea pomo\u0107 i obrazovne usluge milijunima Palestinaca na okupiranoj Zapadnoj obali i Gazi.<\/p>\n\n\n\n<p>Izrael je dugo kritizirao UNRWA-u, uspostavljenu nakon rata 1948. koji je izbio u vrijeme stvaranja dr\u017eave Izrael, optu\u017euju\u0107i ju za antiizraelsku pristranost.&nbsp;<\/p>\n\n\n\n<p>Od po\u010detka rata u Gazi u listopadu pro\u0161le godine tako\u0111er govori da se Hamas u Gazi duboko infiltrirao u organizaciju, optu\u017euju\u0107i neke od njezinih djelatnika za sudjelovanje u napadu na Izrael 7. listopada.<\/p>\n\n\n\n<p>Zakon je uznemirio Ujedinjene narode i neke zapadne saveznike Izraela koji strahuju da \u0107e dodatno pogor\u0161ati ionako stra\u0161nu humanitarnu situaciju u Gazi, gdje se Izrael ve\u0107 godinu dana bori protiv militanata Hamasa.&nbsp;<\/p>\n\n\n\n<p>Zabrana se ne odnosi na operacije na palestinskim teritorijima ili drugdje.<\/p>\n\n\n\n<p>Izraelski veleposlanik pri UN-u&nbsp;<strong>Danny Danon<\/strong>&nbsp;rekao je u izjavi da unato\u010d golemim dokazima &#8220;koje smo podnijeli UN-u koji nagla\u0161avaju kako se Hamas infiltrirao u UNRWA-u, UN nije u\u010dinio ni\u0161ta da se pozabavi ovom stvarno\u0161\u0107u&#8221;.<\/p>\n\n\n\n<p>Zakon ne zabranjuje izravno UNRWA-ine operacije na Zapadnoj obali i u Gazi, koje su, po me\u0111unarodnom pravu, izvan dr\u017eave Izrael, ali pod izraelskom okupacijom.<\/p>\n\n\n\n<p>Ali to \u0107e ozbiljno utjecati na mogu\u0107nost rada na tim podru\u010djima i izazvalo je uzbunu me\u0111u humanitarnim skupinama i mnogim izraelskim partnerima.<\/p>\n\n\n\n<p>Izraelsko ministarstvo vanjskih poslova priop\u0107ilo je da \u0107e aktivnosti drugih me\u0111unarodnih organizacija biti pro\u0161irene i da \u0107e se &#8220;napraviti pripreme za prekid veze s UNRWA-om i ja\u010danje alternativa UNRWA-i&#8221;.<\/p>\n","protected":false},"excerpt":{"rendered":"<p>Izrael je slu\u017ebeno obavijestio Ujedinjene narode da otkazuje sporazum koji je regulirao njegove odnose s glavnom organizacijom UN-a za pomo\u0107 palestinskim izbjeglicama (UNRWA) od 1967. godine, priop\u0107ilo je u ponedjeljak ministarstvo vanjskih poslova te zemlje. Pro\u0161log je mjeseca izraelski parlament donio zakon kojim se UNRWA-i zabranjuje djelovanje u Izraelu i prekida suradnja izraelskih vlasti s &hellip;<\/p>\n","protected":false},"author":1,"featured_media":5298,"comment_status":"closed","ping_status":"open","sticky":false,"template":"","format":"standard","meta":{"_monsterinsights_skip_tracking":false,"_monsterinsights_sitenote_active":false,"_monsterinsights_sitenote_note":"","_monsterinsights_sitenote_category":0,"footnotes":""},"categories":[9],"tags":[75,1089],"class_list":["post-5297","post","type-post","status-publish","format-standard","has-post-thumbnail","","category-svijet","tag-izrael","tag-unrwa"],"yoast_head":"<!-- This site is optimized with the Yoast SEO plugin v22.1 - https:\/\/yoast.com\/wordpress\/plugins\/seo\/ -->\n<title>Izrael slu\u017ebeno obavijestio UN o prekidu odnosa s UNRWA-om - odabrano<\/title>\n<meta name=\"robots\" content=\"index, follow, max-snippet:-1, max-image-preview:large, max-video-preview:-1\" \/>\n<link rel=\"canonical\" href=\"https:\/\/odabrano.com\/index.php\/2024\/11\/04\/izrael-sluzbeno-obavijestio-un-o-prekidu-odnosa-s-unrwa-om\/\" \/>\n<meta property=\"og:locale\" content=\"en_US\" \/>\n<meta property=\"og:type\" content=\"article\" \/>\n<meta property=\"og:title\" content=\"Izrael slu\u017ebeno obavijestio UN o prekidu odnosa s UNRWA-om - odabrano\" \/>\n<meta property=\"og:description\" content=\"Izrael je slu\u017ebeno obavijestio Ujedinjene narode da otkazuje sporazum koji je regulirao njegove odnose s glavnom organizacijom UN-a za pomo\u0107 palestinskim izbjeglicama (UNRWA) od 1967. godine, priop\u0107ilo je u ponedjeljak ministarstvo vanjskih poslova te zemlje. Pro\u0161log je mjeseca izraelski parlament donio zakon kojim se UNRWA-i zabranjuje djelovanje u Izraelu i prekida suradnja izraelskih vlasti s &hellip;\" \/>\n<meta property=\"og:url\" content=\"https:\/\/odabrano.com\/index.php\/2024\/11\/04\/izrael-sluzbeno-obavijestio-un-o-prekidu-odnosa-s-unrwa-om\/\" \/>\n<meta property=\"og:site_name\" content=\"odabrano\" \/>\n<meta property=\"article:published_time\" content=\"2024-11-04T11:37:38+00:00\" \/>\n<meta property=\"article:modified_time\" content=\"2024-11-07T21:32:08+00:00\" \/>\n<meta property=\"og:image\" content=\"http:\/\/odabrano.com\/wp-content\/uploads\/2024\/11\/unrwa.webp\" \/>\n\t<meta property=\"og:image:width\" content=\"740\" \/>\n\t<meta property=\"og:image:height\" content=\"438\" \/>\n\t<meta property=\"og:image:type\" content=\"image\/webp\" \/>\n<meta name=\"author\" content=\"admin\" \/>\n<meta name=\"twitter:card\" content=\"summary_large_image\" \/>\n<meta name=\"twitter:label1\" content=\"Written by\" \/>\n\t<meta name=\"twitter:data1\" content=\"admin\" \/>\n\t<meta name=\"twitter:label2\" content=\"Est. reading time\" \/>\n\t<meta name=\"twitter:data2\" content=\"2 minutes\" \/>\n<script type=\"application\/ld+json\" class=\"yoast-schema-graph\">{\"@context\":\"https:\/\/schema.org\",\"@graph\":[{\"@type\":\"Article\",\"@id\":\"https:\/\/odabrano.com\/index.php\/2024\/11\/04\/izrael-sluzbeno-obavijestio-un-o-prekidu-odnosa-s-unrwa-om\/#article\",\"isPartOf\":{\"@id\":\"https:\/\/odabrano.com\/index.php\/2024\/11\/04\/izrael-sluzbeno-obavijestio-un-o-prekidu-odnosa-s-unrwa-om\/\"},\"author\":{\"name\":\"admin\",\"@id\":\"https:\/\/odabrano.com\/#\/schema\/person\/460f2b14657879743f23c4f6a7cd3236\"},\"headline\":\"Izrael slu\u017ebeno obavijestio UN o prekidu odnosa s UNRWA-om\",\"datePublished\":\"2024-11-04T11:37:38+00:00\",\"dateModified\":\"2024-11-07T21:32:08+00:00\",\"mainEntityOfPage\":{\"@id\":\"https:\/\/odabrano.com\/index.php\/2024\/11\/04\/izrael-sluzbeno-obavijestio-un-o-prekidu-odnosa-s-unrwa-om\/\"},\"wordCount\":316,\"publisher\":{\"@id\":\"https:\/\/odabrano.com\/#\/schema\/person\/460f2b14657879743f23c4f6a7cd3236\"},\"keywords\":[\"izrael\",\"unrwa\"],\"articleSection\":[\"Svijet\"],\"inLanguage\":\"en-US\"},{\"@type\":\"WebPage\",\"@id\":\"https:\/\/odabrano.com\/index.php\/2024\/11\/04\/izrael-sluzbeno-obavijestio-un-o-prekidu-odnosa-s-unrwa-om\/\",\"url\":\"https:\/\/odabrano.com\/index.php\/2024\/11\/04\/izrael-sluzbeno-obavijestio-un-o-prekidu-odnosa-s-unrwa-om\/\",\"name\":\"Izrael slu\u017ebeno obavijestio UN o prekidu odnosa s UNRWA-om - odabrano\",\"isPartOf\":{\"@id\":\"https:\/\/odabrano.com\/#website\"},\"datePublished\":\"2024-11-04T11:37:38+00:00\",\"dateModified\":\"2024-11-07T21:32:08+00:00\",\"breadcrumb\":{\"@id\":\"https:\/\/odabrano.com\/index.php\/2024\/11\/04\/izrael-sluzbeno-obavijestio-un-o-prekidu-odnosa-s-unrwa-om\/#breadcrumb\"},\"inLanguage\":\"en-US\",\"potentialAction\":[{\"@type\":\"ReadAction\",\"target\":[\"https:\/\/odabrano.com\/index.php\/2024\/11\/04\/izrael-sluzbeno-obavijestio-un-o-prekidu-odnosa-s-unrwa-om\/\"]}]},{\"@type\":\"BreadcrumbList\",\"@id\":\"https:\/\/odabrano.com\/index.php\/2024\/11\/04\/izrael-sluzbeno-obavijestio-un-o-prekidu-odnosa-s-unrwa-om\/#breadcrumb\",\"itemListElement\":[{\"@type\":\"ListItem\",\"position\":1,\"name\":\"Home\",\"item\":\"https:\/\/odabrano.com\/\"},{\"@type\":\"ListItem\",\"position\":2,\"name\":\"Izrael slu\u017ebeno obavijestio UN o prekidu odnosa s UNRWA-om\"}]},{\"@type\":\"WebSite\",\"@id\":\"https:\/\/odabrano.com\/#website\",\"url\":\"https:\/\/odabrano.com\/\",\"name\":\"odabrano\",\"description\":\"news portal koji nudi odabrane vijesti i informacije\",\"publisher\":{\"@id\":\"https:\/\/odabrano.com\/#\/schema\/person\/460f2b14657879743f23c4f6a7cd3236\"},\"alternateName\":\"vijesti i informacije iz Hrvatske i svijeta\",\"potentialAction\":[{\"@type\":\"SearchAction\",\"target\":{\"@type\":\"EntryPoint\",\"urlTemplate\":\"https:\/\/odabrano.com\/?s={search_term_string}\"},\"query-input\":\"required name=search_term_string\"}],\"inLanguage\":\"en-US\"},{\"@type\":[\"Person\",\"Organization\"],\"@id\":\"https:\/\/odabrano.com\/#\/schema\/person\/460f2b14657879743f23c4f6a7cd3236\",\"name\":\"admin\",\"image\":{\"@type\":\"ImageObject\",\"inLanguage\":\"en-US\",\"@id\":\"https:\/\/odabrano.com\/#\/schema\/person\/image\/\",\"url\":\"https:\/\/odabrano.com\/wp-content\/uploads\/2024\/04\/dolar.jpg\",\"contentUrl\":\"https:\/\/odabrano.com\/wp-content\/uploads\/2024\/04\/dolar.jpg\",\"width\":1216,\"height\":519,\"caption\":\"admin\"},\"logo\":{\"@id\":\"https:\/\/odabrano.com\/#\/schema\/person\/image\/\"},\"sameAs\":[\"http:\/\/odabrano.com\"],\"url\":\"https:\/\/odabrano.com\/index.php\/author\/sokolneno_u3xb387h\/\"}]}<\/script>\n<!-- \/ Yoast SEO plugin. -->","yoast_head_json":{"title":"Izrael slu\u017ebeno obavijestio UN o prekidu odnosa s UNRWA-om - odabrano","robots":{"index":"index","follow":"follow","max-snippet":"max-snippet:-1","max-image-preview":"max-image-preview:large","max-video-preview":"max-video-preview:-1"},"canonical":"https:\/\/odabrano.com\/index.php\/2024\/11\/04\/izrael-sluzbeno-obavijestio-un-o-prekidu-odnosa-s-unrwa-om\/","og_locale":"en_US","og_type":"article","og_title":"Izrael slu\u017ebeno obavijestio UN o prekidu odnosa s UNRWA-om - odabrano","og_description":"Izrael je slu\u017ebeno obavijestio Ujedinjene narode da otkazuje sporazum koji je regulirao njegove odnose s glavnom organizacijom UN-a za pomo\u0107 palestinskim izbjeglicama (UNRWA) od 1967. godine, priop\u0107ilo je u ponedjeljak ministarstvo vanjskih poslova te zemlje. Pro\u0161log je mjeseca izraelski parlament donio zakon kojim se UNRWA-i zabranjuje djelovanje u Izraelu i prekida suradnja izraelskih vlasti s &hellip;","og_url":"https:\/\/odabrano.com\/index.php\/2024\/11\/04\/izrael-sluzbeno-obavijestio-un-o-prekidu-odnosa-s-unrwa-om\/","og_site_name":"odabrano","article_published_time":"2024-11-04T11:37:38+00:00","article_modified_time":"2024-11-07T21:32:08+00:00","og_image":[{"width":740,"height":438,"url":"http:\/\/odabrano.com\/wp-content\/uploads\/2024\/11\/unrwa.webp","type":"image\/webp"}],"author":"admin","twitter_card":"summary_large_image","twitter_misc":{"Written by":"admin","Est. reading time":"2 minutes"},"schema":{"@context":"https:\/\/schema.org","@graph":[{"@type":"Article","@id":"https:\/\/odabrano.com\/index.php\/2024\/11\/04\/izrael-sluzbeno-obavijestio-un-o-prekidu-odnosa-s-unrwa-om\/#article","isPartOf":{"@id":"https:\/\/odabrano.com\/index.php\/2024\/11\/04\/izrael-sluzbeno-obavijestio-un-o-prekidu-odnosa-s-unrwa-om\/"},"author":{"name":"admin","@id":"https:\/\/odabrano.com\/#\/schema\/person\/460f2b14657879743f23c4f6a7cd3236"},"headline":"Izrael slu\u017ebeno obavijestio UN o prekidu odnosa s UNRWA-om","datePublished":"2024-11-04T11:37:38+00:00","dateModified":"2024-11-07T21:32:08+00:00","mainEntityOfPage":{"@id":"https:\/\/odabrano.com\/index.php\/2024\/11\/04\/izrael-sluzbeno-obavijestio-un-o-prekidu-odnosa-s-unrwa-om\/"},"wordCount":316,"publisher":{"@id":"https:\/\/odabrano.com\/#\/schema\/person\/460f2b14657879743f23c4f6a7cd3236"},"keywords":["izrael","unrwa"],"articleSection":["Svijet"],"inLanguage":"en-US"},{"@type":"WebPage","@id":"https:\/\/odabrano.com\/index.php\/2024\/11\/04\/izrael-sluzbeno-obavijestio-un-o-prekidu-odnosa-s-unrwa-om\/","url":"https:\/\/odabrano.com\/index.php\/2024\/11\/04\/izrael-sluzbeno-obavijestio-un-o-prekidu-odnosa-s-unrwa-om\/","name":"Izrael slu\u017ebeno obavijestio UN o prekidu odnosa s UNRWA-om - odabrano","isPartOf":{"@id":"https:\/\/odabrano.com\/#website"},"datePublished":"2024-11-04T11:37:38+00:00","dateModified":"2024-11-07T21:32:08+00:00","breadcrumb":{"@id":"https:\/\/odabrano.com\/index.php\/2024\/11\/04\/izrael-sluzbeno-obavijestio-un-o-prekidu-odnosa-s-unrwa-om\/#breadcrumb"},"inLanguage":"en-US","potentialAction":[{"@type":"ReadAction","target":["https:\/\/odabrano.com\/index.php\/2024\/11\/04\/izrael-sluzbeno-obavijestio-un-o-prekidu-odnosa-s-unrwa-om\/"]}]},{"@type":"BreadcrumbList","@id":"https:\/\/odabrano.com\/index.php\/2024\/11\/04\/izrael-sluzbeno-obavijestio-un-o-prekidu-odnosa-s-unrwa-om\/#breadcrumb","itemListElement":[{"@type":"ListItem","position":1,"name":"Home","item":"https:\/\/odabrano.com\/"},{"@type":"ListItem","position":2,"name":"Izrael slu\u017ebeno obavijestio UN o prekidu odnosa s UNRWA-om"}]},{"@type":"WebSite","@id":"https:\/\/odabrano.com\/#website","url":"https:\/\/odabrano.com\/","name":"odabrano","description":"news portal koji nudi odabrane vijesti i informacije","publisher":{"@id":"https:\/\/odabrano.com\/#\/schema\/person\/460f2b14657879743f23c4f6a7cd3236"},"alternateName":"vijesti i informacije iz Hrvatske i svijeta","potentialAction":[{"@type":"SearchAction","target":{"@type":"EntryPoint","urlTemplate":"https:\/\/odabrano.com\/?s={search_term_string}"},"query-input":"required name=search_term_string"}],"inLanguage":"en-US"},{"@type":["Person","Organization"],"@id":"https:\/\/odabrano.com\/#\/schema\/person\/460f2b14657879743f23c4f6a7cd3236","name":"admin","image":{"@type":"ImageObject","inLanguage":"en-US","@id":"https:\/\/odabrano.com\/#\/schema\/person\/image\/","url":"https:\/\/odabrano.com\/wp-content\/uploads\/2024\/04\/dolar.jpg","contentUrl":"https:\/\/odabrano.com\/wp-content\/uploads\/2024\/04\/dolar.jpg","width":1216,"height":519,"caption":"admin"},"logo":{"@id":"https:\/\/odabrano.com\/#\/schema\/person\/image\/"},"sameAs":["http:\/\/odabrano.com"],"url":"https:\/\/odabrano.com\/index.php\/author\/sokolneno_u3xb387h\/"}]}},"_links":{"self":[{"href":"https:\/\/odabrano.com\/index.php\/wp-json\/wp\/v2\/posts\/5297","targetHints":{"allow":["GET"]}}],"collection":[{"href":"https:\/\/odabrano.com\/index.php\/wp-json\/wp\/v2\/posts"}],"about":[{"href":"https:\/\/odabrano.com\/index.php\/wp-json\/wp\/v2\/types\/post"}],"author":[{"embeddable":true,"href":"https:\/\/odabrano.com\/index.php\/wp-json\/wp\/v2\/users\/1"}],"replies":[{"embeddable":true,"href":"https:\/\/odabrano.com\/index.php\/wp-json\/wp\/v2\/comments?post=5297"}],"version-history":[{"count":1,"href":"https:\/\/odabrano.com\/index.php\/wp-json\/wp\/v2\/posts\/5297\/revisions"}],"predecessor-version":[{"id":5299,"href":"https:\/\/odabrano.com\/index.php\/wp-json\/wp\/v2\/posts\/5297\/revisions\/5299"}],"wp:featuredmedia":[{"embeddable":true,"href":"https:\/\/odabrano.com\/index.php\/wp-json\/wp\/v2\/media\/5298"}],"wp:attachment":[{"href":"https:\/\/odabrano.com\/index.php\/wp-json\/wp\/v2\/media?parent=5297"}],"wp:term":[{"taxonomy":"category","embeddable":true,"href":"https:\/\/odabrano.com\/index.php\/wp-json\/wp\/v2\/categories?post=5297"},{"taxonomy":"post_tag","embeddable":true,"href":"https:\/\/odabrano.com\/index.php\/wp-json\/wp\/v2\/tags?post=5297"}],"curies":[{"name":"wp","href":"https:\/\/api.w.org\/{rel}","templated":true}]}}