{"id":5213,"date":"2024-10-30T04:57:45","date_gmt":"2024-10-30T03:57:45","guid":{"rendered":"https:\/\/odabrano.com\/?p=5213"},"modified":"2024-10-30T04:57:47","modified_gmt":"2024-10-30T03:57:47","slug":"unrwa-nam-znaci-sve-stanovnici-gaze-strahuju-od-nestanka-pomoci","status":"publish","type":"post","link":"https:\/\/odabrano.com\/index.php\/2024\/10\/30\/unrwa-nam-znaci-sve-stanovnici-gaze-strahuju-od-nestanka-pomoci\/","title":{"rendered":"&#8216;Unrwa nam zna\u010di sve&#8217;: Stanovnici Gaze strahuju od nestanka pomo\u0107i"},"content":{"rendered":"\n<p>Ljudi u ratom razorenoj Gazi ve\u0107 se bore s dubokom humanitarnom krizom &#8211; ali sada se boje da \u0107e biti jo\u0161 te\u017ee zbog izraelske zabrane najve\u0107oj UN-ovoj agenciji koja ondje djeluje.<\/p>\n\n\n\n<p>\u201cUnrwa nam zna\u010di sve: to je na\u0161 \u017eivot, na\u0161a hrana, na\u0161e pi\u0107e i na\u0161a medicinska skrb. Kad se zatvori, ne\u0107e biti bra\u0161na. Ako mi se sin razboli, gdje \u0107u i\u0107i?\u201d pita Yasmine el-Ashry u Khan Younisu.<\/p>\n\n\n\n<p>&#8220;Zabrana Unrwe je jo\u0161 jedan rat za palestinski narod&#8221;, rekao je registrirani izbjeglica Saeed Awida.<\/p>\n\n\n\n<p>\u201cOni \u017eele istrijebiti palestinski narod, a ne pru\u017eaju nam humanitarne usluge.\u201d<\/p>\n\n\n\n<p>Unato\u010d me\u0111unarodnom protivljenju, u izraelskom parlamentu postoji \u0161iroka potpora za novi zakon, koji \u0107e sprije\u010diti izraelske du\u017enosnike da budu u kontaktu s Unrwa &#8211; UN-ovom agencijom za pomo\u0107 i rad palestinskim izbjeglicama na Bliskom istoku.<\/p>\n\n\n\n<p>Agencija je optu\u017eena za suu\u010desni\u0161tvo s Hamasom.<\/p>\n\n\n\n<p>&#8220;Teroristi\u010dka organizacija ga je u potpunosti preuzela&#8221;, tvrdi Sharren Haskel iz oporbene Stranke nacionalnog jedinstva &#8211; supredlagatelja prijedloga zakona.<\/p>\n\n\n\n<p>&#8220;Ako Ujedinjeni narodi nisu voljni o\u010distiti ovu organizaciju od terorizma, od aktivista Hamasa, onda moramo poduzeti mjere kako bismo bili sigurni da vi\u0161e nikada ne mogu nauditi na\u0161em narodu.&#8221;<\/p>\n\n\n\n<p>Unrwa inzistira na vlastitoj neutralnosti.<\/p>\n\n\n\n<p>Ka\u017ee da \u0107e, ako se novi izraelski zakoni protiv toga provedu prema planu u roku od tri mjeseca, u\u010dinak biti dubok, osobito na okupiranim palestinskim teritorijima.<\/p>\n\n\n\n<p>&#8220;To bi nam u biti onemogu\u0107ilo rad u Gazi&#8221;,&nbsp;rekao je Sam Rose, zamjenik direktora Unrwa-e za Gazu.<\/p>\n\n\n\n<p>\u201cNe bismo mogli unijeti zalihe jer se to mora odvijati u koordinaciji s izraelskim du\u017enosnicima. Nadalje, ne bismo mogli sigurno upravljati svojim kretanjem ui iz Gaze oko kontrolnih to\u010daka, ve\u0107 samo unutar i oko zona sukoba.\u201d<\/p>\n\n\n\n<p>Isti\u010de da&nbsp;bi za\u0161ti\u0107en status \u0161kola, klinika i drugih zgrada Unrwe u kojima su se sklonile stotine tisu\u0107a prognanika zapravo izgubio.<\/p>\n\n\n\n<p>Izraelski mediji sugeriraju&nbsp;da su diplomati i sigurnosni establi\u0161ment upozoravali na posljedice poduzimanja akcije protiv Unrwe.<\/p>\n\n\n\n<p>Izrael je optu\u017een da je prekr\u0161io povelju UN-a i svoje obveze prema me\u0111unarodnom humanitarnom pravu.<\/p>\n\n\n\n<p>Me\u0111utim, u kona\u010dnici je doma\u0107a politika prevagnula nad tim razmatranjima<\/p>\n\n\n\n<p>Unrwa&nbsp;je osnovana 1949. godine od strane Op\u0107e skup\u0161tine UN-a u jeku prvog arapsko-izraelskog rata koji je uslijedio nakon stvaranja dr\u017eave Izrael.<\/p>\n\n\n\n<p>Pomogla je oko 700.000 Palestinaca koji su pobjegli ili bili prisiljeni napustiti svoje domove.<\/p>\n\n\n\n<p>Sedam desetlje\u0107a kasnije, s registriranim potomcima tih izvornih izbjeglica, broj Palestinaca koje podr\u017eava Unrwa&nbsp;narastao je na \u0161est milijuna diljem Gaze, Zapadne obale (uklju\u010duju\u0107i isto\u010dni Jeruzalem), Libanona, Jordana i Sirije.<\/p>\n\n\n\n<p>Poma\u017ee im u pomo\u0107i, pomo\u0107i, obrazovanju i zdravstvenim uslugama.<\/p>\n\n\n\n<p>Agencija je dugo bila gromobran za izraelsku kritiku, na primjer s optu\u017ebama da ud\u017ebenici koji se koriste u njezinim \u0161kolama promi\u010du mr\u017enju prema Izraelu.<\/p>\n\n\n\n<p>Me\u0111utim, to je dramati\u010dno poraslo od Hamasovog napada 7. listopada pro\u0161le godine.<\/p>\n\n\n\n<p>Pro\u0161li tjedan Unrwa je potvrdila da je zapovjednik Hamasa ubijen u izraelskom napadu bio zaposlenik od 2022.<\/p>\n\n\n\n<p>Navodno je snimljen kako predvodi ubijanje i otmicu Izraelaca iz skloni\u0161ta u blizini kibuca Re&#8217;im.<\/p>\n\n\n\n<p>UN je pokrenuo istragu nakon \u0161to je Izrael optu\u017eio da je 12 pripadnika Unrwe sudjelovalo u napadu pod vodstvom Hamasa na ju\u017eni Izrael; kasnije je iza\u0161lo na vidjelo jo\u0161 sedam slu\u010dajeva.<\/p>\n\n\n\n<p>U kolovozu je Unrwa rekla da je devet \u010dlanova osoblja od tisu\u0107a zaposlenih u Gazi mo\u017eda bilo uklju\u010deno u napade i da su otpu\u0161teni.<\/p>\n\n\n\n<p>\u201cPoduzeli smo hitne, sna\u017ene i izravne mjere protiv svih optu\u017ebi koje smo primili,\u201d tvrdi Sam Rose.<\/p>\n\n\n\n<p>Izrael se dugo \u017ealio da postojanje Unrwa produ\u017eava problem palestinskih izbjeglica \u2013 \u0161to je klju\u010dno pitanje u izraelsko-palestinskom sukobu.<\/p>\n\n\n\n<p>Du\u017enosnici UN-a uzvra\u0107aju da se to mo\u017ee rije\u0161iti samo kao dio pregovara\u010dkog politi\u010dkog rje\u0161enja.<\/p>\n\n\n\n<p>Ali u Gazi, gdje su ve\u0107ina od 2,3 milijuna stanovnika registrirane izbjeglice, nove akcije protiv Unrwe tako\u0111er se vide kao zabrinjavaju\u0107i napad na njihov status.<\/p>\n\n\n\n<p>\u201cKa\u017eem vam da \u0107e rije\u010d \u201cizbjeglica\u201d nestati. Ne \u017eele rije\u010d izbjeglica. Izrael to tra\u017ei\u201d, rekao je Mohammed Salman iz Deir al-Balaha za BBC.<\/p>\n","protected":false},"excerpt":{"rendered":"<p>Ljudi u ratom razorenoj Gazi ve\u0107 se bore s dubokom humanitarnom krizom &#8211; ali sada se boje da \u0107e biti jo\u0161 te\u017ee zbog izraelske zabrane najve\u0107oj UN-ovoj agenciji koja ondje djeluje. \u201cUnrwa nam zna\u010di sve: to je na\u0161 \u017eivot, na\u0161a hrana, na\u0161e pi\u0107e i na\u0161a medicinska skrb. Kad se zatvori, ne\u0107e biti bra\u0161na. Ako mi &hellip;<\/p>\n","protected":false},"author":1,"featured_media":5214,"comment_status":"closed","ping_status":"open","sticky":false,"template":"","format":"standard","meta":{"_monsterinsights_skip_tracking":false,"_monsterinsights_sitenote_active":false,"_monsterinsights_sitenote_note":"","_monsterinsights_sitenote_category":0,"footnotes":""},"categories":[9],"tags":[1089],"class_list":["post-5213","post","type-post","status-publish","format-standard","has-post-thumbnail","","category-svijet","tag-unrwa"],"yoast_head":"<!-- This site is optimized with the Yoast SEO plugin v22.1 - https:\/\/yoast.com\/wordpress\/plugins\/seo\/ -->\n<title>&#039;Unrwa nam zna\u010di sve&#039;: Stanovnici Gaze strahuju od nestanka pomo\u0107i - odabrano<\/title>\n<meta name=\"robots\" content=\"index, follow, max-snippet:-1, max-image-preview:large, max-video-preview:-1\" \/>\n<link rel=\"canonical\" href=\"https:\/\/odabrano.com\/index.php\/2024\/10\/30\/unrwa-nam-znaci-sve-stanovnici-gaze-strahuju-od-nestanka-pomoci\/\" \/>\n<meta property=\"og:locale\" content=\"en_US\" \/>\n<meta property=\"og:type\" content=\"article\" \/>\n<meta property=\"og:title\" content=\"&#039;Unrwa nam zna\u010di sve&#039;: Stanovnici Gaze strahuju od nestanka pomo\u0107i - odabrano\" \/>\n<meta property=\"og:description\" content=\"Ljudi u ratom razorenoj Gazi ve\u0107 se bore s dubokom humanitarnom krizom &#8211; ali sada se boje da \u0107e biti jo\u0161 te\u017ee zbog izraelske zabrane najve\u0107oj UN-ovoj agenciji koja ondje djeluje. \u201cUnrwa nam zna\u010di sve: to je na\u0161 \u017eivot, na\u0161a hrana, na\u0161e pi\u0107e i na\u0161a medicinska skrb. Kad se zatvori, ne\u0107e biti bra\u0161na. Ako mi &hellip;\" \/>\n<meta property=\"og:url\" content=\"https:\/\/odabrano.com\/index.php\/2024\/10\/30\/unrwa-nam-znaci-sve-stanovnici-gaze-strahuju-od-nestanka-pomoci\/\" \/>\n<meta property=\"og:site_name\" content=\"odabrano\" \/>\n<meta property=\"article:published_time\" content=\"2024-10-30T03:57:45+00:00\" \/>\n<meta property=\"article:modified_time\" content=\"2024-10-30T03:57:47+00:00\" \/>\n<meta property=\"og:image\" content=\"http:\/\/odabrano.com\/wp-content\/uploads\/2024\/10\/unrwa.webp\" \/>\n\t<meta property=\"og:image:width\" content=\"800\" \/>\n\t<meta property=\"og:image:height\" content=\"449\" \/>\n\t<meta property=\"og:image:type\" content=\"image\/webp\" \/>\n<meta name=\"author\" content=\"admin\" \/>\n<meta name=\"twitter:card\" content=\"summary_large_image\" \/>\n<meta name=\"twitter:label1\" content=\"Written by\" \/>\n\t<meta name=\"twitter:data1\" content=\"admin\" \/>\n\t<meta name=\"twitter:label2\" content=\"Est. reading time\" \/>\n\t<meta name=\"twitter:data2\" content=\"3 minutes\" \/>\n<script type=\"application\/ld+json\" class=\"yoast-schema-graph\">{\"@context\":\"https:\/\/schema.org\",\"@graph\":[{\"@type\":\"Article\",\"@id\":\"https:\/\/odabrano.com\/index.php\/2024\/10\/30\/unrwa-nam-znaci-sve-stanovnici-gaze-strahuju-od-nestanka-pomoci\/#article\",\"isPartOf\":{\"@id\":\"https:\/\/odabrano.com\/index.php\/2024\/10\/30\/unrwa-nam-znaci-sve-stanovnici-gaze-strahuju-od-nestanka-pomoci\/\"},\"author\":{\"name\":\"admin\",\"@id\":\"https:\/\/odabrano.com\/#\/schema\/person\/460f2b14657879743f23c4f6a7cd3236\"},\"headline\":\"&#8216;Unrwa nam zna\u010di sve&#8217;: Stanovnici Gaze strahuju od nestanka pomo\u0107i\",\"datePublished\":\"2024-10-30T03:57:45+00:00\",\"dateModified\":\"2024-10-30T03:57:47+00:00\",\"mainEntityOfPage\":{\"@id\":\"https:\/\/odabrano.com\/index.php\/2024\/10\/30\/unrwa-nam-znaci-sve-stanovnici-gaze-strahuju-od-nestanka-pomoci\/\"},\"wordCount\":717,\"publisher\":{\"@id\":\"https:\/\/odabrano.com\/#\/schema\/person\/460f2b14657879743f23c4f6a7cd3236\"},\"keywords\":[\"unrwa\"],\"articleSection\":[\"Svijet\"],\"inLanguage\":\"en-US\"},{\"@type\":\"WebPage\",\"@id\":\"https:\/\/odabrano.com\/index.php\/2024\/10\/30\/unrwa-nam-znaci-sve-stanovnici-gaze-strahuju-od-nestanka-pomoci\/\",\"url\":\"https:\/\/odabrano.com\/index.php\/2024\/10\/30\/unrwa-nam-znaci-sve-stanovnici-gaze-strahuju-od-nestanka-pomoci\/\",\"name\":\"'Unrwa nam zna\u010di sve': Stanovnici Gaze strahuju od nestanka pomo\u0107i - odabrano\",\"isPartOf\":{\"@id\":\"https:\/\/odabrano.com\/#website\"},\"datePublished\":\"2024-10-30T03:57:45+00:00\",\"dateModified\":\"2024-10-30T03:57:47+00:00\",\"breadcrumb\":{\"@id\":\"https:\/\/odabrano.com\/index.php\/2024\/10\/30\/unrwa-nam-znaci-sve-stanovnici-gaze-strahuju-od-nestanka-pomoci\/#breadcrumb\"},\"inLanguage\":\"en-US\",\"potentialAction\":[{\"@type\":\"ReadAction\",\"target\":[\"https:\/\/odabrano.com\/index.php\/2024\/10\/30\/unrwa-nam-znaci-sve-stanovnici-gaze-strahuju-od-nestanka-pomoci\/\"]}]},{\"@type\":\"BreadcrumbList\",\"@id\":\"https:\/\/odabrano.com\/index.php\/2024\/10\/30\/unrwa-nam-znaci-sve-stanovnici-gaze-strahuju-od-nestanka-pomoci\/#breadcrumb\",\"itemListElement\":[{\"@type\":\"ListItem\",\"position\":1,\"name\":\"Home\",\"item\":\"https:\/\/odabrano.com\/\"},{\"@type\":\"ListItem\",\"position\":2,\"name\":\"&#8216;Unrwa nam zna\u010di sve&#8217;: Stanovnici Gaze strahuju od nestanka pomo\u0107i\"}]},{\"@type\":\"WebSite\",\"@id\":\"https:\/\/odabrano.com\/#website\",\"url\":\"https:\/\/odabrano.com\/\",\"name\":\"odabrano\",\"description\":\"news portal koji nudi odabrane vijesti i informacije\",\"publisher\":{\"@id\":\"https:\/\/odabrano.com\/#\/schema\/person\/460f2b14657879743f23c4f6a7cd3236\"},\"alternateName\":\"vijesti i informacije iz Hrvatske i svijeta\",\"potentialAction\":[{\"@type\":\"SearchAction\",\"target\":{\"@type\":\"EntryPoint\",\"urlTemplate\":\"https:\/\/odabrano.com\/?s={search_term_string}\"},\"query-input\":\"required name=search_term_string\"}],\"inLanguage\":\"en-US\"},{\"@type\":[\"Person\",\"Organization\"],\"@id\":\"https:\/\/odabrano.com\/#\/schema\/person\/460f2b14657879743f23c4f6a7cd3236\",\"name\":\"admin\",\"image\":{\"@type\":\"ImageObject\",\"inLanguage\":\"en-US\",\"@id\":\"https:\/\/odabrano.com\/#\/schema\/person\/image\/\",\"url\":\"https:\/\/odabrano.com\/wp-content\/uploads\/2024\/04\/dolar.jpg\",\"contentUrl\":\"https:\/\/odabrano.com\/wp-content\/uploads\/2024\/04\/dolar.jpg\",\"width\":1216,\"height\":519,\"caption\":\"admin\"},\"logo\":{\"@id\":\"https:\/\/odabrano.com\/#\/schema\/person\/image\/\"},\"sameAs\":[\"http:\/\/odabrano.com\"],\"url\":\"https:\/\/odabrano.com\/index.php\/author\/sokolneno_u3xb387h\/\"}]}<\/script>\n<!-- \/ Yoast SEO plugin. -->","yoast_head_json":{"title":"'Unrwa nam zna\u010di sve': Stanovnici Gaze strahuju od nestanka pomo\u0107i - odabrano","robots":{"index":"index","follow":"follow","max-snippet":"max-snippet:-1","max-image-preview":"max-image-preview:large","max-video-preview":"max-video-preview:-1"},"canonical":"https:\/\/odabrano.com\/index.php\/2024\/10\/30\/unrwa-nam-znaci-sve-stanovnici-gaze-strahuju-od-nestanka-pomoci\/","og_locale":"en_US","og_type":"article","og_title":"'Unrwa nam zna\u010di sve': Stanovnici Gaze strahuju od nestanka pomo\u0107i - odabrano","og_description":"Ljudi u ratom razorenoj Gazi ve\u0107 se bore s dubokom humanitarnom krizom &#8211; ali sada se boje da \u0107e biti jo\u0161 te\u017ee zbog izraelske zabrane najve\u0107oj UN-ovoj agenciji koja ondje djeluje. \u201cUnrwa nam zna\u010di sve: to je na\u0161 \u017eivot, na\u0161a hrana, na\u0161e pi\u0107e i na\u0161a medicinska skrb. Kad se zatvori, ne\u0107e biti bra\u0161na. Ako mi &hellip;","og_url":"https:\/\/odabrano.com\/index.php\/2024\/10\/30\/unrwa-nam-znaci-sve-stanovnici-gaze-strahuju-od-nestanka-pomoci\/","og_site_name":"odabrano","article_published_time":"2024-10-30T03:57:45+00:00","article_modified_time":"2024-10-30T03:57:47+00:00","og_image":[{"width":800,"height":449,"url":"http:\/\/odabrano.com\/wp-content\/uploads\/2024\/10\/unrwa.webp","type":"image\/webp"}],"author":"admin","twitter_card":"summary_large_image","twitter_misc":{"Written by":"admin","Est. reading time":"3 minutes"},"schema":{"@context":"https:\/\/schema.org","@graph":[{"@type":"Article","@id":"https:\/\/odabrano.com\/index.php\/2024\/10\/30\/unrwa-nam-znaci-sve-stanovnici-gaze-strahuju-od-nestanka-pomoci\/#article","isPartOf":{"@id":"https:\/\/odabrano.com\/index.php\/2024\/10\/30\/unrwa-nam-znaci-sve-stanovnici-gaze-strahuju-od-nestanka-pomoci\/"},"author":{"name":"admin","@id":"https:\/\/odabrano.com\/#\/schema\/person\/460f2b14657879743f23c4f6a7cd3236"},"headline":"&#8216;Unrwa nam zna\u010di sve&#8217;: Stanovnici Gaze strahuju od nestanka pomo\u0107i","datePublished":"2024-10-30T03:57:45+00:00","dateModified":"2024-10-30T03:57:47+00:00","mainEntityOfPage":{"@id":"https:\/\/odabrano.com\/index.php\/2024\/10\/30\/unrwa-nam-znaci-sve-stanovnici-gaze-strahuju-od-nestanka-pomoci\/"},"wordCount":717,"publisher":{"@id":"https:\/\/odabrano.com\/#\/schema\/person\/460f2b14657879743f23c4f6a7cd3236"},"keywords":["unrwa"],"articleSection":["Svijet"],"inLanguage":"en-US"},{"@type":"WebPage","@id":"https:\/\/odabrano.com\/index.php\/2024\/10\/30\/unrwa-nam-znaci-sve-stanovnici-gaze-strahuju-od-nestanka-pomoci\/","url":"https:\/\/odabrano.com\/index.php\/2024\/10\/30\/unrwa-nam-znaci-sve-stanovnici-gaze-strahuju-od-nestanka-pomoci\/","name":"'Unrwa nam zna\u010di sve': Stanovnici Gaze strahuju od nestanka pomo\u0107i - odabrano","isPartOf":{"@id":"https:\/\/odabrano.com\/#website"},"datePublished":"2024-10-30T03:57:45+00:00","dateModified":"2024-10-30T03:57:47+00:00","breadcrumb":{"@id":"https:\/\/odabrano.com\/index.php\/2024\/10\/30\/unrwa-nam-znaci-sve-stanovnici-gaze-strahuju-od-nestanka-pomoci\/#breadcrumb"},"inLanguage":"en-US","potentialAction":[{"@type":"ReadAction","target":["https:\/\/odabrano.com\/index.php\/2024\/10\/30\/unrwa-nam-znaci-sve-stanovnici-gaze-strahuju-od-nestanka-pomoci\/"]}]},{"@type":"BreadcrumbList","@id":"https:\/\/odabrano.com\/index.php\/2024\/10\/30\/unrwa-nam-znaci-sve-stanovnici-gaze-strahuju-od-nestanka-pomoci\/#breadcrumb","itemListElement":[{"@type":"ListItem","position":1,"name":"Home","item":"https:\/\/odabrano.com\/"},{"@type":"ListItem","position":2,"name":"&#8216;Unrwa nam zna\u010di sve&#8217;: Stanovnici Gaze strahuju od nestanka pomo\u0107i"}]},{"@type":"WebSite","@id":"https:\/\/odabrano.com\/#website","url":"https:\/\/odabrano.com\/","name":"odabrano","description":"news portal koji nudi odabrane vijesti i informacije","publisher":{"@id":"https:\/\/odabrano.com\/#\/schema\/person\/460f2b14657879743f23c4f6a7cd3236"},"alternateName":"vijesti i informacije iz Hrvatske i svijeta","potentialAction":[{"@type":"SearchAction","target":{"@type":"EntryPoint","urlTemplate":"https:\/\/odabrano.com\/?s={search_term_string}"},"query-input":"required name=search_term_string"}],"inLanguage":"en-US"},{"@type":["Person","Organization"],"@id":"https:\/\/odabrano.com\/#\/schema\/person\/460f2b14657879743f23c4f6a7cd3236","name":"admin","image":{"@type":"ImageObject","inLanguage":"en-US","@id":"https:\/\/odabrano.com\/#\/schema\/person\/image\/","url":"https:\/\/odabrano.com\/wp-content\/uploads\/2024\/04\/dolar.jpg","contentUrl":"https:\/\/odabrano.com\/wp-content\/uploads\/2024\/04\/dolar.jpg","width":1216,"height":519,"caption":"admin"},"logo":{"@id":"https:\/\/odabrano.com\/#\/schema\/person\/image\/"},"sameAs":["http:\/\/odabrano.com"],"url":"https:\/\/odabrano.com\/index.php\/author\/sokolneno_u3xb387h\/"}]}},"_links":{"self":[{"href":"https:\/\/odabrano.com\/index.php\/wp-json\/wp\/v2\/posts\/5213","targetHints":{"allow":["GET"]}}],"collection":[{"href":"https:\/\/odabrano.com\/index.php\/wp-json\/wp\/v2\/posts"}],"about":[{"href":"https:\/\/odabrano.com\/index.php\/wp-json\/wp\/v2\/types\/post"}],"author":[{"embeddable":true,"href":"https:\/\/odabrano.com\/index.php\/wp-json\/wp\/v2\/users\/1"}],"replies":[{"embeddable":true,"href":"https:\/\/odabrano.com\/index.php\/wp-json\/wp\/v2\/comments?post=5213"}],"version-history":[{"count":1,"href":"https:\/\/odabrano.com\/index.php\/wp-json\/wp\/v2\/posts\/5213\/revisions"}],"predecessor-version":[{"id":5215,"href":"https:\/\/odabrano.com\/index.php\/wp-json\/wp\/v2\/posts\/5213\/revisions\/5215"}],"wp:featuredmedia":[{"embeddable":true,"href":"https:\/\/odabrano.com\/index.php\/wp-json\/wp\/v2\/media\/5214"}],"wp:attachment":[{"href":"https:\/\/odabrano.com\/index.php\/wp-json\/wp\/v2\/media?parent=5213"}],"wp:term":[{"taxonomy":"category","embeddable":true,"href":"https:\/\/odabrano.com\/index.php\/wp-json\/wp\/v2\/categories?post=5213"},{"taxonomy":"post_tag","embeddable":true,"href":"https:\/\/odabrano.com\/index.php\/wp-json\/wp\/v2\/tags?post=5213"}],"curies":[{"name":"wp","href":"https:\/\/api.w.org\/{rel}","templated":true}]}}