{"id":5209,"date":"2024-10-29T21:03:04","date_gmt":"2024-10-29T20:03:04","guid":{"rendered":"https:\/\/odabrano.com\/?p=5209"},"modified":"2024-10-29T21:04:11","modified_gmt":"2024-10-29T20:04:11","slug":"ek-definitvno-odlucila-uvesti-dodatne-carine-na-kineska-elektricna-vozila","status":"publish","type":"post","link":"https:\/\/odabrano.com\/index.php\/2024\/10\/29\/ek-definitvno-odlucila-uvesti-dodatne-carine-na-kineska-elektricna-vozila\/","title":{"rendered":"EK definitvno odlu\u010dila uvesti dodatne carine na kineska elektri\u010dna vozila"},"content":{"rendered":"\n<p>Odluka\u00a0o definitivnom uvo\u0111enju dodatnih carina donesena je\u00a0nakon \u0161to po\u010detkom ovoga mjeseca prijedlog nije dobio potrebnu kvalificiranu ve\u0107inu, odnosno\u00a0glasove najmanje 15 dr\u017eava \u010dlanica u kojima \u017eivi najmanje 65 posto stanovni\u0161tva EU-a.<\/p>\n\n\n\n<p>Europska komisija odlu\u010dila je u utorak definitivno uvesti kompenzacijske\u00a0<strong>carine<\/strong><a href=\"https:\/\/www.vecernji.hr\/tag\/carina-4242\" target=\"_blank\" rel=\"noreferrer noopener\"><strong>\u00a0<\/strong><\/a>na uvoz baterijskih elektri\u010dnih vozila proizvedenih u Kini na razdoblje od pet godina.\u00a0Istraga izvr\u0161nog tijela EU-a je utvrdila da proizvo\u0111a\u010di elektri\u010dnih vozila u Kini imaju nepravednu prednost zbog dr\u017eavnog subvencioniranja, a na \u0161tetu europskih proizvo\u0111a\u010da. Pored\u00a0postoje\u0107e carinske stope od 10 posto od \u010detvrtka se uvode dodatne carine u rasponu od 7,8 posto do 35,3 posto. Na vozila ameri\u010dkog proizvo\u0111a\u010da Tesla\u00a0proizvedena u Kini dodatna carina bit \u0107e 7,8 posto, za kineske proizvo\u0111a\u010de BYD, Geely i SAIC 17, 18,8 i 35,3 posto.<\/p>\n\n\n\n<p>Dodatna carinska stopa od 35,3 vrijedit \u0107e za sve druge proizvo\u0111a\u010de u Kini koja nisu htjela sura\u0111ivati u istrazi, a za tvrtke koje su sudjelovale\u00a020,7 posto. Komisija najavljuje da \u0107e paralelno nastaviti raditi s Kinom na pronala\u017eenju alternativnih rje\u0161enja kompatibilnih s pravilima WTO-a koja bi bila u\u010dinkovita u rje\u0161avanju problema utvr\u0111enih istragom. Tako\u0111er ostaje otvorena za pregovore o cjenovnim obvezama s pojedina\u010dnim izvoznicima, \u0161to je dopu\u0161teno prema pravilima EU-a i WTO-a.<\/p>\n\n\n\n<p>Odluka\u00a0o definitivnom uvo\u0111enju dodatnih carina donesena je\u00a0nakon \u0161to po\u010detkom ovoga mjeseca prijedlog nije dobio potrebnu kvalificiranu ve\u0107inu, odnosno\u00a0glasove najmanje 15 dr\u017eava \u010dlanica u kojima \u017eivi najmanje 65 posto stanovni\u0161tva EU-a. Za komisijin prijedlog bilo je deset\u00a0\u010dlanica, dvanaest\u00a0je bilo suzdr\u017eano me\u0111u njima i Hrvatska, a pet protiv, uklju\u010duju\u0107i Njema\u010dku\u00a0koja se pribojava da bi kineska odmazda mogla ugroziti njezinu automobilsku industriju.<\/p>\n","protected":false},"excerpt":{"rendered":"<p>Odluka\u00a0o definitivnom uvo\u0111enju dodatnih carina donesena je\u00a0nakon \u0161to po\u010detkom ovoga mjeseca prijedlog nije dobio potrebnu kvalificiranu ve\u0107inu, odnosno\u00a0glasove najmanje 15 dr\u017eava \u010dlanica u kojima \u017eivi najmanje 65 posto stanovni\u0161tva EU-a. Europska komisija odlu\u010dila je u utorak definitivno uvesti kompenzacijske\u00a0carine\u00a0na uvoz baterijskih elektri\u010dnih vozila proizvedenih u Kini na razdoblje od pet godina.\u00a0Istraga izvr\u0161nog tijela EU-a je &hellip;<\/p>\n","protected":false},"author":1,"featured_media":5210,"comment_status":"closed","ping_status":"open","sticky":false,"template":"","format":"standard","meta":{"_monsterinsights_skip_tracking":false,"_monsterinsights_sitenote_active":false,"_monsterinsights_sitenote_note":"","_monsterinsights_sitenote_category":0,"footnotes":""},"categories":[9],"tags":[1090],"class_list":["post-5209","post","type-post","status-publish","format-standard","has-post-thumbnail","","category-svijet","tag-auto-carine"],"yoast_head":"<!-- This site is optimized with the Yoast SEO plugin v22.1 - https:\/\/yoast.com\/wordpress\/plugins\/seo\/ -->\n<title>EK definitvno odlu\u010dila uvesti dodatne carine na kineska elektri\u010dna vozila - odabrano<\/title>\n<meta name=\"robots\" content=\"index, follow, max-snippet:-1, max-image-preview:large, max-video-preview:-1\" \/>\n<link rel=\"canonical\" href=\"https:\/\/odabrano.com\/index.php\/2024\/10\/29\/ek-definitvno-odlucila-uvesti-dodatne-carine-na-kineska-elektricna-vozila\/\" \/>\n<meta property=\"og:locale\" content=\"en_US\" \/>\n<meta property=\"og:type\" content=\"article\" \/>\n<meta property=\"og:title\" content=\"EK definitvno odlu\u010dila uvesti dodatne carine na kineska elektri\u010dna vozila - odabrano\" \/>\n<meta property=\"og:description\" content=\"Odluka\u00a0o definitivnom uvo\u0111enju dodatnih carina donesena je\u00a0nakon \u0161to po\u010detkom ovoga mjeseca prijedlog nije dobio potrebnu kvalificiranu ve\u0107inu, odnosno\u00a0glasove najmanje 15 dr\u017eava \u010dlanica u kojima \u017eivi najmanje 65 posto stanovni\u0161tva EU-a. Europska komisija odlu\u010dila je u utorak definitivno uvesti kompenzacijske\u00a0carine\u00a0na uvoz baterijskih elektri\u010dnih vozila proizvedenih u Kini na razdoblje od pet godina.\u00a0Istraga izvr\u0161nog tijela EU-a je &hellip;\" \/>\n<meta property=\"og:url\" content=\"https:\/\/odabrano.com\/index.php\/2024\/10\/29\/ek-definitvno-odlucila-uvesti-dodatne-carine-na-kineska-elektricna-vozila\/\" \/>\n<meta property=\"og:site_name\" content=\"odabrano\" \/>\n<meta property=\"article:published_time\" content=\"2024-10-29T20:03:04+00:00\" \/>\n<meta property=\"article:modified_time\" content=\"2024-10-29T20:04:11+00:00\" \/>\n<meta property=\"og:image\" content=\"http:\/\/odabrano.com\/wp-content\/uploads\/2024\/10\/automobili.jpg\" \/>\n\t<meta property=\"og:image:width\" content=\"800\" \/>\n\t<meta property=\"og:image:height\" content=\"533\" \/>\n\t<meta property=\"og:image:type\" content=\"image\/jpeg\" \/>\n<meta name=\"author\" content=\"admin\" \/>\n<meta name=\"twitter:card\" content=\"summary_large_image\" \/>\n<meta name=\"twitter:label1\" content=\"Written by\" \/>\n\t<meta name=\"twitter:data1\" content=\"admin\" \/>\n\t<meta name=\"twitter:label2\" content=\"Est. reading time\" \/>\n\t<meta name=\"twitter:data2\" content=\"2 minutes\" \/>\n<script type=\"application\/ld+json\" class=\"yoast-schema-graph\">{\"@context\":\"https:\/\/schema.org\",\"@graph\":[{\"@type\":\"Article\",\"@id\":\"https:\/\/odabrano.com\/index.php\/2024\/10\/29\/ek-definitvno-odlucila-uvesti-dodatne-carine-na-kineska-elektricna-vozila\/#article\",\"isPartOf\":{\"@id\":\"https:\/\/odabrano.com\/index.php\/2024\/10\/29\/ek-definitvno-odlucila-uvesti-dodatne-carine-na-kineska-elektricna-vozila\/\"},\"author\":{\"name\":\"admin\",\"@id\":\"https:\/\/odabrano.com\/#\/schema\/person\/460f2b14657879743f23c4f6a7cd3236\"},\"headline\":\"EK definitvno odlu\u010dila uvesti dodatne carine na kineska elektri\u010dna vozila\",\"datePublished\":\"2024-10-29T20:03:04+00:00\",\"dateModified\":\"2024-10-29T20:04:11+00:00\",\"mainEntityOfPage\":{\"@id\":\"https:\/\/odabrano.com\/index.php\/2024\/10\/29\/ek-definitvno-odlucila-uvesti-dodatne-carine-na-kineska-elektricna-vozila\/\"},\"wordCount\":303,\"publisher\":{\"@id\":\"https:\/\/odabrano.com\/#\/schema\/person\/460f2b14657879743f23c4f6a7cd3236\"},\"keywords\":[\"auto carine\"],\"articleSection\":[\"Svijet\"],\"inLanguage\":\"en-US\"},{\"@type\":\"WebPage\",\"@id\":\"https:\/\/odabrano.com\/index.php\/2024\/10\/29\/ek-definitvno-odlucila-uvesti-dodatne-carine-na-kineska-elektricna-vozila\/\",\"url\":\"https:\/\/odabrano.com\/index.php\/2024\/10\/29\/ek-definitvno-odlucila-uvesti-dodatne-carine-na-kineska-elektricna-vozila\/\",\"name\":\"EK definitvno odlu\u010dila uvesti dodatne carine na kineska elektri\u010dna vozila - odabrano\",\"isPartOf\":{\"@id\":\"https:\/\/odabrano.com\/#website\"},\"datePublished\":\"2024-10-29T20:03:04+00:00\",\"dateModified\":\"2024-10-29T20:04:11+00:00\",\"breadcrumb\":{\"@id\":\"https:\/\/odabrano.com\/index.php\/2024\/10\/29\/ek-definitvno-odlucila-uvesti-dodatne-carine-na-kineska-elektricna-vozila\/#breadcrumb\"},\"inLanguage\":\"en-US\",\"potentialAction\":[{\"@type\":\"ReadAction\",\"target\":[\"https:\/\/odabrano.com\/index.php\/2024\/10\/29\/ek-definitvno-odlucila-uvesti-dodatne-carine-na-kineska-elektricna-vozila\/\"]}]},{\"@type\":\"BreadcrumbList\",\"@id\":\"https:\/\/odabrano.com\/index.php\/2024\/10\/29\/ek-definitvno-odlucila-uvesti-dodatne-carine-na-kineska-elektricna-vozila\/#breadcrumb\",\"itemListElement\":[{\"@type\":\"ListItem\",\"position\":1,\"name\":\"Home\",\"item\":\"https:\/\/odabrano.com\/\"},{\"@type\":\"ListItem\",\"position\":2,\"name\":\"EK definitvno odlu\u010dila uvesti dodatne carine na kineska elektri\u010dna vozila\"}]},{\"@type\":\"WebSite\",\"@id\":\"https:\/\/odabrano.com\/#website\",\"url\":\"https:\/\/odabrano.com\/\",\"name\":\"odabrano\",\"description\":\"news portal koji nudi odabrane vijesti i informacije\",\"publisher\":{\"@id\":\"https:\/\/odabrano.com\/#\/schema\/person\/460f2b14657879743f23c4f6a7cd3236\"},\"alternateName\":\"vijesti i informacije iz Hrvatske i svijeta\",\"potentialAction\":[{\"@type\":\"SearchAction\",\"target\":{\"@type\":\"EntryPoint\",\"urlTemplate\":\"https:\/\/odabrano.com\/?s={search_term_string}\"},\"query-input\":\"required name=search_term_string\"}],\"inLanguage\":\"en-US\"},{\"@type\":[\"Person\",\"Organization\"],\"@id\":\"https:\/\/odabrano.com\/#\/schema\/person\/460f2b14657879743f23c4f6a7cd3236\",\"name\":\"admin\",\"image\":{\"@type\":\"ImageObject\",\"inLanguage\":\"en-US\",\"@id\":\"https:\/\/odabrano.com\/#\/schema\/person\/image\/\",\"url\":\"https:\/\/odabrano.com\/wp-content\/uploads\/2024\/04\/dolar.jpg\",\"contentUrl\":\"https:\/\/odabrano.com\/wp-content\/uploads\/2024\/04\/dolar.jpg\",\"width\":1216,\"height\":519,\"caption\":\"admin\"},\"logo\":{\"@id\":\"https:\/\/odabrano.com\/#\/schema\/person\/image\/\"},\"sameAs\":[\"http:\/\/odabrano.com\"],\"url\":\"https:\/\/odabrano.com\/index.php\/author\/sokolneno_u3xb387h\/\"}]}<\/script>\n<!-- \/ Yoast SEO plugin. -->","yoast_head_json":{"title":"EK definitvno odlu\u010dila uvesti dodatne carine na kineska elektri\u010dna vozila - odabrano","robots":{"index":"index","follow":"follow","max-snippet":"max-snippet:-1","max-image-preview":"max-image-preview:large","max-video-preview":"max-video-preview:-1"},"canonical":"https:\/\/odabrano.com\/index.php\/2024\/10\/29\/ek-definitvno-odlucila-uvesti-dodatne-carine-na-kineska-elektricna-vozila\/","og_locale":"en_US","og_type":"article","og_title":"EK definitvno odlu\u010dila uvesti dodatne carine na kineska elektri\u010dna vozila - odabrano","og_description":"Odluka\u00a0o definitivnom uvo\u0111enju dodatnih carina donesena je\u00a0nakon \u0161to po\u010detkom ovoga mjeseca prijedlog nije dobio potrebnu kvalificiranu ve\u0107inu, odnosno\u00a0glasove najmanje 15 dr\u017eava \u010dlanica u kojima \u017eivi najmanje 65 posto stanovni\u0161tva EU-a. Europska komisija odlu\u010dila je u utorak definitivno uvesti kompenzacijske\u00a0carine\u00a0na uvoz baterijskih elektri\u010dnih vozila proizvedenih u Kini na razdoblje od pet godina.\u00a0Istraga izvr\u0161nog tijela EU-a je &hellip;","og_url":"https:\/\/odabrano.com\/index.php\/2024\/10\/29\/ek-definitvno-odlucila-uvesti-dodatne-carine-na-kineska-elektricna-vozila\/","og_site_name":"odabrano","article_published_time":"2024-10-29T20:03:04+00:00","article_modified_time":"2024-10-29T20:04:11+00:00","og_image":[{"width":800,"height":533,"url":"http:\/\/odabrano.com\/wp-content\/uploads\/2024\/10\/automobili.jpg","type":"image\/jpeg"}],"author":"admin","twitter_card":"summary_large_image","twitter_misc":{"Written by":"admin","Est. reading time":"2 minutes"},"schema":{"@context":"https:\/\/schema.org","@graph":[{"@type":"Article","@id":"https:\/\/odabrano.com\/index.php\/2024\/10\/29\/ek-definitvno-odlucila-uvesti-dodatne-carine-na-kineska-elektricna-vozila\/#article","isPartOf":{"@id":"https:\/\/odabrano.com\/index.php\/2024\/10\/29\/ek-definitvno-odlucila-uvesti-dodatne-carine-na-kineska-elektricna-vozila\/"},"author":{"name":"admin","@id":"https:\/\/odabrano.com\/#\/schema\/person\/460f2b14657879743f23c4f6a7cd3236"},"headline":"EK definitvno odlu\u010dila uvesti dodatne carine na kineska elektri\u010dna vozila","datePublished":"2024-10-29T20:03:04+00:00","dateModified":"2024-10-29T20:04:11+00:00","mainEntityOfPage":{"@id":"https:\/\/odabrano.com\/index.php\/2024\/10\/29\/ek-definitvno-odlucila-uvesti-dodatne-carine-na-kineska-elektricna-vozila\/"},"wordCount":303,"publisher":{"@id":"https:\/\/odabrano.com\/#\/schema\/person\/460f2b14657879743f23c4f6a7cd3236"},"keywords":["auto carine"],"articleSection":["Svijet"],"inLanguage":"en-US"},{"@type":"WebPage","@id":"https:\/\/odabrano.com\/index.php\/2024\/10\/29\/ek-definitvno-odlucila-uvesti-dodatne-carine-na-kineska-elektricna-vozila\/","url":"https:\/\/odabrano.com\/index.php\/2024\/10\/29\/ek-definitvno-odlucila-uvesti-dodatne-carine-na-kineska-elektricna-vozila\/","name":"EK definitvno odlu\u010dila uvesti dodatne carine na kineska elektri\u010dna vozila - odabrano","isPartOf":{"@id":"https:\/\/odabrano.com\/#website"},"datePublished":"2024-10-29T20:03:04+00:00","dateModified":"2024-10-29T20:04:11+00:00","breadcrumb":{"@id":"https:\/\/odabrano.com\/index.php\/2024\/10\/29\/ek-definitvno-odlucila-uvesti-dodatne-carine-na-kineska-elektricna-vozila\/#breadcrumb"},"inLanguage":"en-US","potentialAction":[{"@type":"ReadAction","target":["https:\/\/odabrano.com\/index.php\/2024\/10\/29\/ek-definitvno-odlucila-uvesti-dodatne-carine-na-kineska-elektricna-vozila\/"]}]},{"@type":"BreadcrumbList","@id":"https:\/\/odabrano.com\/index.php\/2024\/10\/29\/ek-definitvno-odlucila-uvesti-dodatne-carine-na-kineska-elektricna-vozila\/#breadcrumb","itemListElement":[{"@type":"ListItem","position":1,"name":"Home","item":"https:\/\/odabrano.com\/"},{"@type":"ListItem","position":2,"name":"EK definitvno odlu\u010dila uvesti dodatne carine na kineska elektri\u010dna vozila"}]},{"@type":"WebSite","@id":"https:\/\/odabrano.com\/#website","url":"https:\/\/odabrano.com\/","name":"odabrano","description":"news portal koji nudi odabrane vijesti i informacije","publisher":{"@id":"https:\/\/odabrano.com\/#\/schema\/person\/460f2b14657879743f23c4f6a7cd3236"},"alternateName":"vijesti i informacije iz Hrvatske i svijeta","potentialAction":[{"@type":"SearchAction","target":{"@type":"EntryPoint","urlTemplate":"https:\/\/odabrano.com\/?s={search_term_string}"},"query-input":"required name=search_term_string"}],"inLanguage":"en-US"},{"@type":["Person","Organization"],"@id":"https:\/\/odabrano.com\/#\/schema\/person\/460f2b14657879743f23c4f6a7cd3236","name":"admin","image":{"@type":"ImageObject","inLanguage":"en-US","@id":"https:\/\/odabrano.com\/#\/schema\/person\/image\/","url":"https:\/\/odabrano.com\/wp-content\/uploads\/2024\/04\/dolar.jpg","contentUrl":"https:\/\/odabrano.com\/wp-content\/uploads\/2024\/04\/dolar.jpg","width":1216,"height":519,"caption":"admin"},"logo":{"@id":"https:\/\/odabrano.com\/#\/schema\/person\/image\/"},"sameAs":["http:\/\/odabrano.com"],"url":"https:\/\/odabrano.com\/index.php\/author\/sokolneno_u3xb387h\/"}]}},"_links":{"self":[{"href":"https:\/\/odabrano.com\/index.php\/wp-json\/wp\/v2\/posts\/5209","targetHints":{"allow":["GET"]}}],"collection":[{"href":"https:\/\/odabrano.com\/index.php\/wp-json\/wp\/v2\/posts"}],"about":[{"href":"https:\/\/odabrano.com\/index.php\/wp-json\/wp\/v2\/types\/post"}],"author":[{"embeddable":true,"href":"https:\/\/odabrano.com\/index.php\/wp-json\/wp\/v2\/users\/1"}],"replies":[{"embeddable":true,"href":"https:\/\/odabrano.com\/index.php\/wp-json\/wp\/v2\/comments?post=5209"}],"version-history":[{"count":2,"href":"https:\/\/odabrano.com\/index.php\/wp-json\/wp\/v2\/posts\/5209\/revisions"}],"predecessor-version":[{"id":5212,"href":"https:\/\/odabrano.com\/index.php\/wp-json\/wp\/v2\/posts\/5209\/revisions\/5212"}],"wp:featuredmedia":[{"embeddable":true,"href":"https:\/\/odabrano.com\/index.php\/wp-json\/wp\/v2\/media\/5210"}],"wp:attachment":[{"href":"https:\/\/odabrano.com\/index.php\/wp-json\/wp\/v2\/media?parent=5209"}],"wp:term":[{"taxonomy":"category","embeddable":true,"href":"https:\/\/odabrano.com\/index.php\/wp-json\/wp\/v2\/categories?post=5209"},{"taxonomy":"post_tag","embeddable":true,"href":"https:\/\/odabrano.com\/index.php\/wp-json\/wp\/v2\/tags?post=5209"}],"curies":[{"name":"wp","href":"https:\/\/api.w.org\/{rel}","templated":true}]}}