{"id":5183,"date":"2024-10-25T12:38:58","date_gmt":"2024-10-25T10:38:58","guid":{"rendered":"https:\/\/odabrano.com\/?p=5183"},"modified":"2024-10-25T12:39:30","modified_gmt":"2024-10-25T10:39:30","slug":"napad-na-policiju-u-bih-ocijenjen-kao-terorizam","status":"publish","type":"post","link":"https:\/\/odabrano.com\/index.php\/2024\/10\/25\/napad-na-policiju-u-bih-ocijenjen-kao-terorizam\/","title":{"rendered":"Napad na policiju u BiH ocijenjen kao terorizam"},"content":{"rendered":"\n<p>Napad u kojemu je u sjeverozapadnom dijelu BiH maloljetnik ubio jednoga policajca, a drugog ranio no\u017eem okarakteriziran je kao terorizam.<\/p>\n\n\n\n<p>\u201cTu\u017eiteljstvo je ocijenilo da u tome doga\u0111aju postoje obilje\u017eja terorizma. Istragom \u0107e se utvrditi uzroci i motivi&#8221;, rekao je za lokalne medije u BiH glasnogovornik ministarstva unutarnjih poslova Unsko-sanske \u017eupanije Adnan Beganovi\u0107.<\/p>\n\n\n\n<p>Na ulicama Bosanske Krupe gdje je sino\u0107 maloljetnik u\u0161ao s no\u017eem u policijsku postaju te usmrtio jednoga policajca, a drugoga te\u0161ko ranio, nalaze se policajci s dugim cijevima. <\/p>\n\n\n\n<p>Maloljetnik S. E. (2009.) je odmah nakon toga uhi\u0107en. Nad njim se provodi kriminalisti\u010dka obrada.&nbsp;<\/p>\n\n\n\n<p>Ministar unutarnjih poslova Unsko-sanske \u017eupanije Adnan Habibija izrazio je zaprepa\u0161tenje jer je napad izveo \u010detrnaestogodi\u0161njak.<\/p>\n\n\n\n<p>\u201dIznena\u0111uju\u0107e je to \u0161to se radi o maloljetniku koji ima samo 14 godina, a usudio se napasti policajce u samoj policijskoj postaji\u201d, rekao je Habibija.\u00a0<\/p>\n\n\n\n<p>Ministar unutarnjih poslova Federacije BiH Ramo Isak rekao je kako \u0107e se poduzeti mjere kako bi se sigurnost u cijelome entitetu podigla na vi\u0161u razinu.<\/p>\n\n\n\n<p>\u201cJedino \u0161to mo\u017eemo poru\u010diti gra\u0111anima jest&nbsp;to da \u0107e policija napraviti&nbsp;sve da sigurnost dovede na razinu koja je podno\u0161ljiva\u201d, rekao je Isak.\u00a0<\/p>\n","protected":false},"excerpt":{"rendered":"<p>Napad u kojemu je u sjeverozapadnom dijelu BiH maloljetnik ubio jednoga policajca, a drugog ranio no\u017eem okarakteriziran je kao terorizam. \u201cTu\u017eiteljstvo je ocijenilo da u tome doga\u0111aju postoje obilje\u017eja terorizma. Istragom \u0107e se utvrditi uzroci i motivi&#8221;, rekao je za lokalne medije u BiH glasnogovornik ministarstva unutarnjih poslova Unsko-sanske \u017eupanije Adnan Beganovi\u0107. Na ulicama Bosanske &hellip;<\/p>\n","protected":false},"author":1,"featured_media":5184,"comment_status":"closed","ping_status":"open","sticky":false,"template":"","format":"standard","meta":{"_monsterinsights_skip_tracking":false,"_monsterinsights_sitenote_active":false,"_monsterinsights_sitenote_note":"","_monsterinsights_sitenote_category":0,"footnotes":""},"categories":[6],"tags":[1078,1077,129,829],"class_list":["post-5183","post","type-post","status-publish","format-standard","has-post-thumbnail","","category-istok","tag-bosanska","tag-krupa","tag-napad","tag-terorizam"],"yoast_head":"<!-- This site is optimized with the Yoast SEO plugin v22.1 - https:\/\/yoast.com\/wordpress\/plugins\/seo\/ -->\n<title>Napad na policiju u BiH ocijenjen kao terorizam - odabrano<\/title>\n<meta name=\"robots\" content=\"index, follow, max-snippet:-1, max-image-preview:large, max-video-preview:-1\" \/>\n<link rel=\"canonical\" href=\"https:\/\/odabrano.com\/index.php\/2024\/10\/25\/napad-na-policiju-u-bih-ocijenjen-kao-terorizam\/\" \/>\n<meta property=\"og:locale\" content=\"en_US\" \/>\n<meta property=\"og:type\" content=\"article\" \/>\n<meta property=\"og:title\" content=\"Napad na policiju u BiH ocijenjen kao terorizam - odabrano\" \/>\n<meta property=\"og:description\" content=\"Napad u kojemu je u sjeverozapadnom dijelu BiH maloljetnik ubio jednoga policajca, a drugog ranio no\u017eem okarakteriziran je kao terorizam. \u201cTu\u017eiteljstvo je ocijenilo da u tome doga\u0111aju postoje obilje\u017eja terorizma. Istragom \u0107e se utvrditi uzroci i motivi&#8221;, rekao je za lokalne medije u BiH glasnogovornik ministarstva unutarnjih poslova Unsko-sanske \u017eupanije Adnan Beganovi\u0107. Na ulicama Bosanske &hellip;\" \/>\n<meta property=\"og:url\" content=\"https:\/\/odabrano.com\/index.php\/2024\/10\/25\/napad-na-policiju-u-bih-ocijenjen-kao-terorizam\/\" \/>\n<meta property=\"og:site_name\" content=\"odabrano\" \/>\n<meta property=\"article:published_time\" content=\"2024-10-25T10:38:58+00:00\" \/>\n<meta property=\"article:modified_time\" content=\"2024-10-25T10:39:30+00:00\" \/>\n<meta property=\"og:image\" content=\"http:\/\/odabrano.com\/wp-content\/uploads\/2024\/10\/bhpolicija.webp\" \/>\n\t<meta property=\"og:image:width\" content=\"970\" \/>\n\t<meta property=\"og:image:height\" content=\"558\" \/>\n\t<meta property=\"og:image:type\" content=\"image\/webp\" \/>\n<meta name=\"author\" content=\"admin\" \/>\n<meta name=\"twitter:card\" content=\"summary_large_image\" \/>\n<meta name=\"twitter:label1\" content=\"Written by\" \/>\n\t<meta name=\"twitter:data1\" content=\"admin\" \/>\n\t<meta name=\"twitter:label2\" content=\"Est. reading time\" \/>\n\t<meta name=\"twitter:data2\" content=\"2 minutes\" \/>\n<script type=\"application\/ld+json\" class=\"yoast-schema-graph\">{\"@context\":\"https:\/\/schema.org\",\"@graph\":[{\"@type\":\"Article\",\"@id\":\"https:\/\/odabrano.com\/index.php\/2024\/10\/25\/napad-na-policiju-u-bih-ocijenjen-kao-terorizam\/#article\",\"isPartOf\":{\"@id\":\"https:\/\/odabrano.com\/index.php\/2024\/10\/25\/napad-na-policiju-u-bih-ocijenjen-kao-terorizam\/\"},\"author\":{\"name\":\"admin\",\"@id\":\"https:\/\/odabrano.com\/#\/schema\/person\/460f2b14657879743f23c4f6a7cd3236\"},\"headline\":\"Napad na policiju u BiH ocijenjen kao terorizam\",\"datePublished\":\"2024-10-25T10:38:58+00:00\",\"dateModified\":\"2024-10-25T10:39:30+00:00\",\"mainEntityOfPage\":{\"@id\":\"https:\/\/odabrano.com\/index.php\/2024\/10\/25\/napad-na-policiju-u-bih-ocijenjen-kao-terorizam\/\"},\"wordCount\":210,\"publisher\":{\"@id\":\"https:\/\/odabrano.com\/#\/schema\/person\/460f2b14657879743f23c4f6a7cd3236\"},\"keywords\":[\"bosanska\",\"krupa\",\"napad\",\"terorizam\"],\"articleSection\":[\"Istok\"],\"inLanguage\":\"en-US\"},{\"@type\":\"WebPage\",\"@id\":\"https:\/\/odabrano.com\/index.php\/2024\/10\/25\/napad-na-policiju-u-bih-ocijenjen-kao-terorizam\/\",\"url\":\"https:\/\/odabrano.com\/index.php\/2024\/10\/25\/napad-na-policiju-u-bih-ocijenjen-kao-terorizam\/\",\"name\":\"Napad na policiju u BiH ocijenjen kao terorizam - odabrano\",\"isPartOf\":{\"@id\":\"https:\/\/odabrano.com\/#website\"},\"datePublished\":\"2024-10-25T10:38:58+00:00\",\"dateModified\":\"2024-10-25T10:39:30+00:00\",\"breadcrumb\":{\"@id\":\"https:\/\/odabrano.com\/index.php\/2024\/10\/25\/napad-na-policiju-u-bih-ocijenjen-kao-terorizam\/#breadcrumb\"},\"inLanguage\":\"en-US\",\"potentialAction\":[{\"@type\":\"ReadAction\",\"target\":[\"https:\/\/odabrano.com\/index.php\/2024\/10\/25\/napad-na-policiju-u-bih-ocijenjen-kao-terorizam\/\"]}]},{\"@type\":\"BreadcrumbList\",\"@id\":\"https:\/\/odabrano.com\/index.php\/2024\/10\/25\/napad-na-policiju-u-bih-ocijenjen-kao-terorizam\/#breadcrumb\",\"itemListElement\":[{\"@type\":\"ListItem\",\"position\":1,\"name\":\"Home\",\"item\":\"https:\/\/odabrano.com\/\"},{\"@type\":\"ListItem\",\"position\":2,\"name\":\"Napad na policiju u BiH ocijenjen kao terorizam\"}]},{\"@type\":\"WebSite\",\"@id\":\"https:\/\/odabrano.com\/#website\",\"url\":\"https:\/\/odabrano.com\/\",\"name\":\"odabrano\",\"description\":\"news portal koji nudi odabrane vijesti i informacije\",\"publisher\":{\"@id\":\"https:\/\/odabrano.com\/#\/schema\/person\/460f2b14657879743f23c4f6a7cd3236\"},\"alternateName\":\"vijesti i informacije iz Hrvatske i svijeta\",\"potentialAction\":[{\"@type\":\"SearchAction\",\"target\":{\"@type\":\"EntryPoint\",\"urlTemplate\":\"https:\/\/odabrano.com\/?s={search_term_string}\"},\"query-input\":\"required name=search_term_string\"}],\"inLanguage\":\"en-US\"},{\"@type\":[\"Person\",\"Organization\"],\"@id\":\"https:\/\/odabrano.com\/#\/schema\/person\/460f2b14657879743f23c4f6a7cd3236\",\"name\":\"admin\",\"image\":{\"@type\":\"ImageObject\",\"inLanguage\":\"en-US\",\"@id\":\"https:\/\/odabrano.com\/#\/schema\/person\/image\/\",\"url\":\"https:\/\/odabrano.com\/wp-content\/uploads\/2024\/04\/dolar.jpg\",\"contentUrl\":\"https:\/\/odabrano.com\/wp-content\/uploads\/2024\/04\/dolar.jpg\",\"width\":1216,\"height\":519,\"caption\":\"admin\"},\"logo\":{\"@id\":\"https:\/\/odabrano.com\/#\/schema\/person\/image\/\"},\"sameAs\":[\"http:\/\/odabrano.com\"],\"url\":\"https:\/\/odabrano.com\/index.php\/author\/sokolneno_u3xb387h\/\"}]}<\/script>\n<!-- \/ Yoast SEO plugin. -->","yoast_head_json":{"title":"Napad na policiju u BiH ocijenjen kao terorizam - odabrano","robots":{"index":"index","follow":"follow","max-snippet":"max-snippet:-1","max-image-preview":"max-image-preview:large","max-video-preview":"max-video-preview:-1"},"canonical":"https:\/\/odabrano.com\/index.php\/2024\/10\/25\/napad-na-policiju-u-bih-ocijenjen-kao-terorizam\/","og_locale":"en_US","og_type":"article","og_title":"Napad na policiju u BiH ocijenjen kao terorizam - odabrano","og_description":"Napad u kojemu je u sjeverozapadnom dijelu BiH maloljetnik ubio jednoga policajca, a drugog ranio no\u017eem okarakteriziran je kao terorizam. \u201cTu\u017eiteljstvo je ocijenilo da u tome doga\u0111aju postoje obilje\u017eja terorizma. Istragom \u0107e se utvrditi uzroci i motivi&#8221;, rekao je za lokalne medije u BiH glasnogovornik ministarstva unutarnjih poslova Unsko-sanske \u017eupanije Adnan Beganovi\u0107. Na ulicama Bosanske &hellip;","og_url":"https:\/\/odabrano.com\/index.php\/2024\/10\/25\/napad-na-policiju-u-bih-ocijenjen-kao-terorizam\/","og_site_name":"odabrano","article_published_time":"2024-10-25T10:38:58+00:00","article_modified_time":"2024-10-25T10:39:30+00:00","og_image":[{"width":970,"height":558,"url":"http:\/\/odabrano.com\/wp-content\/uploads\/2024\/10\/bhpolicija.webp","type":"image\/webp"}],"author":"admin","twitter_card":"summary_large_image","twitter_misc":{"Written by":"admin","Est. reading time":"2 minutes"},"schema":{"@context":"https:\/\/schema.org","@graph":[{"@type":"Article","@id":"https:\/\/odabrano.com\/index.php\/2024\/10\/25\/napad-na-policiju-u-bih-ocijenjen-kao-terorizam\/#article","isPartOf":{"@id":"https:\/\/odabrano.com\/index.php\/2024\/10\/25\/napad-na-policiju-u-bih-ocijenjen-kao-terorizam\/"},"author":{"name":"admin","@id":"https:\/\/odabrano.com\/#\/schema\/person\/460f2b14657879743f23c4f6a7cd3236"},"headline":"Napad na policiju u BiH ocijenjen kao terorizam","datePublished":"2024-10-25T10:38:58+00:00","dateModified":"2024-10-25T10:39:30+00:00","mainEntityOfPage":{"@id":"https:\/\/odabrano.com\/index.php\/2024\/10\/25\/napad-na-policiju-u-bih-ocijenjen-kao-terorizam\/"},"wordCount":210,"publisher":{"@id":"https:\/\/odabrano.com\/#\/schema\/person\/460f2b14657879743f23c4f6a7cd3236"},"keywords":["bosanska","krupa","napad","terorizam"],"articleSection":["Istok"],"inLanguage":"en-US"},{"@type":"WebPage","@id":"https:\/\/odabrano.com\/index.php\/2024\/10\/25\/napad-na-policiju-u-bih-ocijenjen-kao-terorizam\/","url":"https:\/\/odabrano.com\/index.php\/2024\/10\/25\/napad-na-policiju-u-bih-ocijenjen-kao-terorizam\/","name":"Napad na policiju u BiH ocijenjen kao terorizam - odabrano","isPartOf":{"@id":"https:\/\/odabrano.com\/#website"},"datePublished":"2024-10-25T10:38:58+00:00","dateModified":"2024-10-25T10:39:30+00:00","breadcrumb":{"@id":"https:\/\/odabrano.com\/index.php\/2024\/10\/25\/napad-na-policiju-u-bih-ocijenjen-kao-terorizam\/#breadcrumb"},"inLanguage":"en-US","potentialAction":[{"@type":"ReadAction","target":["https:\/\/odabrano.com\/index.php\/2024\/10\/25\/napad-na-policiju-u-bih-ocijenjen-kao-terorizam\/"]}]},{"@type":"BreadcrumbList","@id":"https:\/\/odabrano.com\/index.php\/2024\/10\/25\/napad-na-policiju-u-bih-ocijenjen-kao-terorizam\/#breadcrumb","itemListElement":[{"@type":"ListItem","position":1,"name":"Home","item":"https:\/\/odabrano.com\/"},{"@type":"ListItem","position":2,"name":"Napad na policiju u BiH ocijenjen kao terorizam"}]},{"@type":"WebSite","@id":"https:\/\/odabrano.com\/#website","url":"https:\/\/odabrano.com\/","name":"odabrano","description":"news portal koji nudi odabrane vijesti i informacije","publisher":{"@id":"https:\/\/odabrano.com\/#\/schema\/person\/460f2b14657879743f23c4f6a7cd3236"},"alternateName":"vijesti i informacije iz Hrvatske i svijeta","potentialAction":[{"@type":"SearchAction","target":{"@type":"EntryPoint","urlTemplate":"https:\/\/odabrano.com\/?s={search_term_string}"},"query-input":"required name=search_term_string"}],"inLanguage":"en-US"},{"@type":["Person","Organization"],"@id":"https:\/\/odabrano.com\/#\/schema\/person\/460f2b14657879743f23c4f6a7cd3236","name":"admin","image":{"@type":"ImageObject","inLanguage":"en-US","@id":"https:\/\/odabrano.com\/#\/schema\/person\/image\/","url":"https:\/\/odabrano.com\/wp-content\/uploads\/2024\/04\/dolar.jpg","contentUrl":"https:\/\/odabrano.com\/wp-content\/uploads\/2024\/04\/dolar.jpg","width":1216,"height":519,"caption":"admin"},"logo":{"@id":"https:\/\/odabrano.com\/#\/schema\/person\/image\/"},"sameAs":["http:\/\/odabrano.com"],"url":"https:\/\/odabrano.com\/index.php\/author\/sokolneno_u3xb387h\/"}]}},"_links":{"self":[{"href":"https:\/\/odabrano.com\/index.php\/wp-json\/wp\/v2\/posts\/5183","targetHints":{"allow":["GET"]}}],"collection":[{"href":"https:\/\/odabrano.com\/index.php\/wp-json\/wp\/v2\/posts"}],"about":[{"href":"https:\/\/odabrano.com\/index.php\/wp-json\/wp\/v2\/types\/post"}],"author":[{"embeddable":true,"href":"https:\/\/odabrano.com\/index.php\/wp-json\/wp\/v2\/users\/1"}],"replies":[{"embeddable":true,"href":"https:\/\/odabrano.com\/index.php\/wp-json\/wp\/v2\/comments?post=5183"}],"version-history":[{"count":1,"href":"https:\/\/odabrano.com\/index.php\/wp-json\/wp\/v2\/posts\/5183\/revisions"}],"predecessor-version":[{"id":5185,"href":"https:\/\/odabrano.com\/index.php\/wp-json\/wp\/v2\/posts\/5183\/revisions\/5185"}],"wp:featuredmedia":[{"embeddable":true,"href":"https:\/\/odabrano.com\/index.php\/wp-json\/wp\/v2\/media\/5184"}],"wp:attachment":[{"href":"https:\/\/odabrano.com\/index.php\/wp-json\/wp\/v2\/media?parent=5183"}],"wp:term":[{"taxonomy":"category","embeddable":true,"href":"https:\/\/odabrano.com\/index.php\/wp-json\/wp\/v2\/categories?post=5183"},{"taxonomy":"post_tag","embeddable":true,"href":"https:\/\/odabrano.com\/index.php\/wp-json\/wp\/v2\/tags?post=5183"}],"curies":[{"name":"wp","href":"https:\/\/api.w.org\/{rel}","templated":true}]}}